{"id":164646,"date":"2020-12-29T10:24:05","date_gmt":"2020-12-28T23:24:05","guid":{"rendered":"http:\/\/errr-magazine.com\/?p=164646"},"modified":"2022-08-31T00:03:16","modified_gmt":"2022-08-31T05:03:16","slug":"rayito-de-sol","status":"publish","type":"post","link":"https:\/\/errr-magazine.com\/english\/rayito-de-sol\/","title":{"rendered":"rayito de sol"},"content":{"rendered":"<p class=\"p1\"><span class=\"s1\">eres como ese rayito de luz que entra por mi ventana en la ma\u00f1ana,<br \/>\n<\/span><span class=\"s1\">lleno de calorcito,<br \/>\n<\/span><span class=\"s1\">de luz,<br \/>\n<\/span><span class=\"s1\">de paz,<br \/>\n<\/span><span class=\"s1\">ese rayito que te avisa que hoy ser\u00e1 un nuevo d\u00eda. <\/span><\/p>\n<p class=\"p1\"><span class=\"s1\">eres ese rayito de sol que se cuela por las cortinas,<br \/>\n<\/span><span class=\"s1\">as\u00ed te colaste en mi cabeza y al parecer en mi coraz\u00f3n,<br \/>\n<\/span><span class=\"s1\">eres el rayito de esperanza que viene a comunicar que no todo est\u00e1 mal,<br \/>\n<\/span><span class=\"s1\">que siempre volver\u00e1 a salir el sol,<br \/>\n<\/span><span class=\"s1\">que siempre habr\u00e1 un nuevo d\u00eda para hacer las cosas mejor,<br \/>\n<\/span><span class=\"s1\">que siempre vendr\u00e1 alguien mejor.<\/span><\/p>\n<p class=\"p1\"><span class=\"s1\">eres esa luz en la oscuridad que no todos sabemos valorar,<br \/>\n<\/span><span class=\"s1\">la luz de la cual me aferr\u00e9 para salir de toda mi oscuridad,<br \/>\n<\/span><span class=\"s1\">la luz que me mantiene encendida la esperanza por el amor,<br \/>\n<\/span><span class=\"s1\">por el futuro<br \/>\n<\/span><span class=\"s1\">y por el porvenir.<\/span><\/p>\n<p class=\"p1\"><span class=\"s1\">eres ese rayito que todos encontramos en la cotidianidad,<br \/>\n<\/span><span class=\"s1\">al cual nos acostumbramos, <\/span><\/p>\n<p class=\"p1\"><span class=\"s1\">al cual nos aferramos,<br \/>\n<\/span><span class=\"s1\">el cual nos hace falta si un d\u00eda no aparece al despertar.<\/span><\/p>\n<p class=\"p1\"><span class=\"s1\">quiero agradecerte por ser ese rayito de luz que llego a mi vida despu\u00e9s de tantos d\u00edas nublados,<br \/>\n<\/span><span class=\"s1\">por llegar a dar calor en los d\u00edas m\u00e1s helados,<br \/>\n<\/span><span class=\"s1\">por brillar aunque la tempestad se nos venga encima,<br \/>\n<\/span><span class=\"s1\">por ser tan t\u00fa,<br \/>\n<\/span><span class=\"s1\">por llegar a cambiar pensamientos,<br \/>\n<\/span><span class=\"s1\">por revolucionar sentimientos.<\/span><\/p>\n<p class=\"p1\"><span class=\"s1\">no s\u00e9 por cu\u00e1nto tiempo m\u00e1s podr\u00e9 despertar con ese rayito de sol en mi vida,<br \/>\n<\/span><span class=\"s1\">no te niego que me gustar\u00eda despertar sintiendo el coraz\u00f3n calientito todos los d\u00edas,<br \/>\n<\/span><span class=\"s1\">despertar a diario con una sonrisa no es algo que a alguien no le gustar\u00eda pero tambi\u00e9n me toca aceptar que pronto pueden llegar los d\u00edas nublados,<br \/>\n<\/span><span class=\"s1\">los d\u00edas de lluvia y tormenta,<br \/>\n<\/span><span class=\"s1\">los d\u00edas malos,<br \/>\n<\/span><span class=\"s1\">en los cuales no me quedar\u00e1 m\u00e1s que agradecer por los d\u00edas en los que mi rayito de luz se colaba todos los d\u00edas por mi ventana.<\/span><\/p>\n<p>Photography by <a href=\"https:\/\/www.flickr.com\/photos\/trangdoanfoto\/\">Trang Doan<\/a><\/p>","protected":false},"excerpt":{"rendered":"<p>eres como ese rayito de luz que entra por mi ventana en la ma\u00f1ana, lleno de calorcito, de luz, de paz, ese rayito que te avisa que hoy ser\u00e1 un nuevo d\u00eda. eres ese rayito de sol que se cuela por las cortinas, as\u00ed te colaste en mi cabeza y al parecer en mi coraz\u00f3n, [&hellip;]<\/p>\n","protected":false},"author":4359,"featured_media":164688,"comment_status":"closed","ping_status":"closed","sticky":false,"template":"","format":"standard","meta":{"_acf_changed":false,"cybocfi_hide_featured_image":"","_jetpack_memberships_contains_paid_content":false,"footnotes":""},"categories":[7997],"tags":[],"class_list":["post-164646","post","type-post","status-publish","format-standard","has-post-thumbnail","hentry","category-textos"],"acf":[],"mb":[],"yoast_head":"<!-- This site is optimized with the Yoast SEO plugin v27.2 - https:\/\/yoast.com\/product\/yoast-seo-wordpress\/ -->\n<title>rayito de sol - ERRR MAGAZINE<\/title>\n<meta name=\"robots\" content=\"index, follow, max-snippet:-1, max-image-preview:large, max-video-preview:-1\" \/>\n<link rel=\"canonical\" href=\"https:\/\/errr-magazine.com\/english\/rayito-de-sol\/\" \/>\n<meta property=\"og:locale\" content=\"en_US\" \/>\n<meta property=\"og:type\" content=\"article\" \/>\n<meta property=\"og:title\" content=\"rayito de sol - ERRR MAGAZINE\" \/>\n<meta property=\"og:description\" content=\"eres como ese rayito de luz que entra por mi ventana en la ma\u00f1ana, lleno de calorcito, de luz, de paz, ese rayito que te avisa que hoy ser\u00e1 un nuevo d\u00eda. eres ese rayito de sol que se cuela por las cortinas, as\u00ed te colaste en mi cabeza y al parecer en mi coraz\u00f3n, [&hellip;]\" \/>\n<meta property=\"og:url\" content=\"https:\/\/errr-magazine.com\/english\/rayito-de-sol\/\" \/>\n<meta property=\"og:site_name\" content=\"ERRR MAGAZINE\" \/>\n<meta property=\"article:published_time\" content=\"2020-12-28T23:24:05+00:00\" \/>\n<meta property=\"article:modified_time\" content=\"2022-08-31T05:03:16+00:00\" \/>\n<meta property=\"og:image\" content=\"https:\/\/errr-magazine.com\/wp-content\/uploads\/2020\/12\/Captura-de-pantalla-2020-12-28-a-las-17.18.41.png\" \/>\n\t<meta property=\"og:image:width\" content=\"1009\" \/>\n\t<meta property=\"og:image:height\" content=\"681\" \/>\n\t<meta property=\"og:image:type\" content=\"image\/png\" \/>\n<meta name=\"author\" content=\"Grecia Uscanga\" \/>\n<meta name=\"twitter:card\" content=\"summary_large_image\" \/>\n<meta name=\"twitter:label1\" content=\"Written by\" \/>\n\t<meta name=\"twitter:data1\" content=\"Grecia Uscanga\" \/>\n\t<meta name=\"twitter:label2\" content=\"Est. reading time\" \/>\n\t<meta name=\"twitter:data2\" content=\"2 minutes\" \/>\n<script type=\"application\/ld+json\" class=\"yoast-schema-graph\">{\"@context\":\"https:\/\/schema.org\",\"@graph\":[{\"@type\":\"Article\",\"@id\":\"https:\/\/errr-magazine.com\/rayito-de-sol\/#article\",\"isPartOf\":{\"@id\":\"https:\/\/errr-magazine.com\/rayito-de-sol\/\"},\"author\":{\"name\":\"Grecia Uscanga\",\"@id\":\"https:\/\/errr-magazine.com\/#\/schema\/person\/7c7e6be850f0395e7f004add20a5405e\"},\"headline\":\"rayito de sol\",\"datePublished\":\"2020-12-28T23:24:05+00:00\",\"dateModified\":\"2022-08-31T05:03:16+00:00\",\"mainEntityOfPage\":{\"@id\":\"https:\/\/errr-magazine.com\/rayito-de-sol\/\"},\"wordCount\":335,\"image\":{\"@id\":\"https:\/\/errr-magazine.com\/rayito-de-sol\/#primaryimage\"},\"thumbnailUrl\":\"https:\/\/errr-magazine.com\/wp-content\/uploads\/2020\/12\/Captura-de-pantalla-2020-12-28-a-las-17.18.41.png\",\"articleSection\":[\"Textos\"],\"inLanguage\":\"en-US\"},{\"@type\":\"WebPage\",\"@id\":\"https:\/\/errr-magazine.com\/rayito-de-sol\/\",\"url\":\"https:\/\/errr-magazine.com\/rayito-de-sol\/\",\"name\":\"rayito de sol - ERRR MAGAZINE\",\"isPartOf\":{\"@id\":\"https:\/\/errr-magazine.com\/#website\"},\"primaryImageOfPage\":{\"@id\":\"https:\/\/errr-magazine.com\/rayito-de-sol\/#primaryimage\"},\"image\":{\"@id\":\"https:\/\/errr-magazine.com\/rayito-de-sol\/#primaryimage\"},\"thumbnailUrl\":\"https:\/\/errr-magazine.com\/wp-content\/uploads\/2020\/12\/Captura-de-pantalla-2020-12-28-a-las-17.18.41.png\",\"datePublished\":\"2020-12-28T23:24:05+00:00\",\"dateModified\":\"2022-08-31T05:03:16+00:00\",\"author\":{\"@id\":\"https:\/\/errr-magazine.com\/#\/schema\/person\/7c7e6be850f0395e7f004add20a5405e\"},\"breadcrumb\":{\"@id\":\"https:\/\/errr-magazine.com\/rayito-de-sol\/#breadcrumb\"},\"inLanguage\":\"en-US\",\"potentialAction\":[{\"@type\":\"ReadAction\",\"target\":[\"https:\/\/errr-magazine.com\/rayito-de-sol\/\"]}]},{\"@type\":\"ImageObject\",\"inLanguage\":\"en-US\",\"@id\":\"https:\/\/errr-magazine.com\/rayito-de-sol\/#primaryimage\",\"url\":\"https:\/\/errr-magazine.com\/wp-content\/uploads\/2020\/12\/Captura-de-pantalla-2020-12-28-a-las-17.18.41.png\",\"contentUrl\":\"https:\/\/errr-magazine.com\/wp-content\/uploads\/2020\/12\/Captura-de-pantalla-2020-12-28-a-las-17.18.41.png\",\"width\":1009,\"height\":681},{\"@type\":\"BreadcrumbList\",\"@id\":\"https:\/\/errr-magazine.com\/rayito-de-sol\/#breadcrumb\",\"itemListElement\":[{\"@type\":\"ListItem\",\"position\":1,\"name\":\"Portada\",\"item\":\"https:\/\/errr-magazine.com\/\"},{\"@type\":\"ListItem\",\"position\":2,\"name\":\"rayito de sol\"}]},{\"@type\":\"WebSite\",\"@id\":\"https:\/\/errr-magazine.com\/#website\",\"url\":\"https:\/\/errr-magazine.com\/\",\"name\":\"ERRR MAGAZINE\",\"description\":\"\",\"potentialAction\":[{\"@type\":\"SearchAction\",\"target\":{\"@type\":\"EntryPoint\",\"urlTemplate\":\"https:\/\/errr-magazine.com\/?s={search_term_string}\"},\"query-input\":{\"@type\":\"PropertyValueSpecification\",\"valueRequired\":true,\"valueName\":\"search_term_string\"}}],\"inLanguage\":\"en-US\"},{\"@type\":\"Person\",\"@id\":\"https:\/\/errr-magazine.com\/#\/schema\/person\/7c7e6be850f0395e7f004add20a5405e\",\"name\":\"Grecia Uscanga\",\"image\":{\"@type\":\"ImageObject\",\"inLanguage\":\"en-US\",\"@id\":\"https:\/\/secure.gravatar.com\/avatar\/bc4e44cc593eacf99642bbe57b1ded4f620d82ff1087d9a41f457866785d3f2b?s=96&d=identicon&r=g\",\"url\":\"https:\/\/secure.gravatar.com\/avatar\/bc4e44cc593eacf99642bbe57b1ded4f620d82ff1087d9a41f457866785d3f2b?s=96&d=identicon&r=g\",\"contentUrl\":\"https:\/\/secure.gravatar.com\/avatar\/bc4e44cc593eacf99642bbe57b1ded4f620d82ff1087d9a41f457866785d3f2b?s=96&d=identicon&r=g\",\"caption\":\"Grecia Uscanga\"},\"description\":\"Mi palabra favorita es apapachar.\",\"sameAs\":[\"https:\/\/www.instagram.com\/greeul\/\"],\"url\":\"https:\/\/errr-magazine.com\/english\/author\/greeul\/\"}]}<\/script>\n<!-- \/ Yoast SEO plugin. -->","yoast_head_json":{"title":"rayito de sol - ERRR MAGAZINE","robots":{"index":"index","follow":"follow","max-snippet":"max-snippet:-1","max-image-preview":"max-image-preview:large","max-video-preview":"max-video-preview:-1"},"canonical":"https:\/\/errr-magazine.com\/english\/rayito-de-sol\/","og_locale":"en_US","og_type":"article","og_title":"rayito de sol - ERRR MAGAZINE","og_description":"eres como ese rayito de luz que entra por mi ventana en la ma\u00f1ana, lleno de calorcito, de luz, de paz, ese rayito que te avisa que hoy ser\u00e1 un nuevo d\u00eda. eres ese rayito de sol que se cuela por las cortinas, as\u00ed te colaste en mi cabeza y al parecer en mi coraz\u00f3n, [&hellip;]","og_url":"https:\/\/errr-magazine.com\/english\/rayito-de-sol\/","og_site_name":"ERRR MAGAZINE","article_published_time":"2020-12-28T23:24:05+00:00","article_modified_time":"2022-08-31T05:03:16+00:00","og_image":[{"width":1009,"height":681,"url":"https:\/\/errr-magazine.com\/wp-content\/uploads\/2020\/12\/Captura-de-pantalla-2020-12-28-a-las-17.18.41.png","type":"image\/png"}],"author":"Grecia Uscanga","twitter_card":"summary_large_image","twitter_misc":{"Written by":"Grecia Uscanga","Est. reading time":"2 minutes"},"schema":{"@context":"https:\/\/schema.org","@graph":[{"@type":"Article","@id":"https:\/\/errr-magazine.com\/rayito-de-sol\/#article","isPartOf":{"@id":"https:\/\/errr-magazine.com\/rayito-de-sol\/"},"author":{"name":"Grecia Uscanga","@id":"https:\/\/errr-magazine.com\/#\/schema\/person\/7c7e6be850f0395e7f004add20a5405e"},"headline":"rayito de sol","datePublished":"2020-12-28T23:24:05+00:00","dateModified":"2022-08-31T05:03:16+00:00","mainEntityOfPage":{"@id":"https:\/\/errr-magazine.com\/rayito-de-sol\/"},"wordCount":335,"image":{"@id":"https:\/\/errr-magazine.com\/rayito-de-sol\/#primaryimage"},"thumbnailUrl":"https:\/\/errr-magazine.com\/wp-content\/uploads\/2020\/12\/Captura-de-pantalla-2020-12-28-a-las-17.18.41.png","articleSection":["Textos"],"inLanguage":"en-US"},{"@type":"WebPage","@id":"https:\/\/errr-magazine.com\/rayito-de-sol\/","url":"https:\/\/errr-magazine.com\/rayito-de-sol\/","name":"rayito de sol - ERRR MAGAZINE","isPartOf":{"@id":"https:\/\/errr-magazine.com\/#website"},"primaryImageOfPage":{"@id":"https:\/\/errr-magazine.com\/rayito-de-sol\/#primaryimage"},"image":{"@id":"https:\/\/errr-magazine.com\/rayito-de-sol\/#primaryimage"},"thumbnailUrl":"https:\/\/errr-magazine.com\/wp-content\/uploads\/2020\/12\/Captura-de-pantalla-2020-12-28-a-las-17.18.41.png","datePublished":"2020-12-28T23:24:05+00:00","dateModified":"2022-08-31T05:03:16+00:00","author":{"@id":"https:\/\/errr-magazine.com\/#\/schema\/person\/7c7e6be850f0395e7f004add20a5405e"},"breadcrumb":{"@id":"https:\/\/errr-magazine.com\/rayito-de-sol\/#breadcrumb"},"inLanguage":"en-US","potentialAction":[{"@type":"ReadAction","target":["https:\/\/errr-magazine.com\/rayito-de-sol\/"]}]},{"@type":"ImageObject","inLanguage":"en-US","@id":"https:\/\/errr-magazine.com\/rayito-de-sol\/#primaryimage","url":"https:\/\/errr-magazine.com\/wp-content\/uploads\/2020\/12\/Captura-de-pantalla-2020-12-28-a-las-17.18.41.png","contentUrl":"https:\/\/errr-magazine.com\/wp-content\/uploads\/2020\/12\/Captura-de-pantalla-2020-12-28-a-las-17.18.41.png","width":1009,"height":681},{"@type":"BreadcrumbList","@id":"https:\/\/errr-magazine.com\/rayito-de-sol\/#breadcrumb","itemListElement":[{"@type":"ListItem","position":1,"name":"Portada","item":"https:\/\/errr-magazine.com\/"},{"@type":"ListItem","position":2,"name":"rayito de sol"}]},{"@type":"WebSite","@id":"https:\/\/errr-magazine.com\/#website","url":"https:\/\/errr-magazine.com\/","name":"ERRR MAGAZINE","description":"","potentialAction":[{"@type":"SearchAction","target":{"@type":"EntryPoint","urlTemplate":"https:\/\/errr-magazine.com\/?s={search_term_string}"},"query-input":{"@type":"PropertyValueSpecification","valueRequired":true,"valueName":"search_term_string"}}],"inLanguage":"en-US"},{"@type":"Person","@id":"https:\/\/errr-magazine.com\/#\/schema\/person\/7c7e6be850f0395e7f004add20a5405e","name":"Grecia Uscanga","image":{"@type":"ImageObject","inLanguage":"en-US","@id":"https:\/\/secure.gravatar.com\/avatar\/bc4e44cc593eacf99642bbe57b1ded4f620d82ff1087d9a41f457866785d3f2b?s=96&d=identicon&r=g","url":"https:\/\/secure.gravatar.com\/avatar\/bc4e44cc593eacf99642bbe57b1ded4f620d82ff1087d9a41f457866785d3f2b?s=96&d=identicon&r=g","contentUrl":"https:\/\/secure.gravatar.com\/avatar\/bc4e44cc593eacf99642bbe57b1ded4f620d82ff1087d9a41f457866785d3f2b?s=96&d=identicon&r=g","caption":"Grecia Uscanga"},"description":"My favorite word is apapachar.","sameAs":["https:\/\/www.instagram.com\/greeul\/"],"url":"https:\/\/errr-magazine.com\/english\/author\/greeul\/"}]}},"jetpack_featured_media_url":"https:\/\/errr-magazine.com\/wp-content\/uploads\/2020\/12\/Captura-de-pantalla-2020-12-28-a-las-17.18.41.png","jetpack-related-posts":[{"id":190013,"url":"https:\/\/errr-magazine.com\/english\/ese-rayito-de-sol\/","url_meta":{"origin":164646,"position":0},"title":"Ese rayito de sol","author":"Magaly Polv","date":"08\/15\/2025","format":false,"excerpt":"Hay semanas en que la c\u00e1mara no me acompa\u00f1a, y d\u00edas en que no me separo de ella, principalmente siento que los paisajes me inspiran demasiado, las pel\u00edculas nost\u00e1lgicas, e ir a museos o jardines bot\u00e1nicos.","rel":"","context":"In &quot;Artes visuales&quot;","block_context":{"text":"Artes visuales","link":"https:\/\/errr-magazine.com\/english\/category\/interviews\/artes-visuales\/"},"img":{"alt_text":"","src":"https:\/\/i0.wp.com\/errr-magazine.com\/wp-content\/uploads\/2025\/05\/mag1.png?resize=350%2C200&ssl=1","width":350,"height":200,"srcset":"https:\/\/i0.wp.com\/errr-magazine.com\/wp-content\/uploads\/2025\/05\/mag1.png?resize=350%2C200&ssl=1 1x, https:\/\/i0.wp.com\/errr-magazine.com\/wp-content\/uploads\/2025\/05\/mag1.png?resize=525%2C300&ssl=1 1.5x, https:\/\/i0.wp.com\/errr-magazine.com\/wp-content\/uploads\/2025\/05\/mag1.png?resize=700%2C400&ssl=1 2x, https:\/\/i0.wp.com\/errr-magazine.com\/wp-content\/uploads\/2025\/05\/mag1.png?resize=1050%2C600&ssl=1 3x"},"classes":[]},{"id":136530,"url":"https:\/\/errr-magazine.com\/english\/el-peor-momento-para-decidir-tomar-un-trago\/","url_meta":{"origin":164646,"position":1},"title":"El peor momento para decidir tomar un trago","author":"Eduardo Pantoja","date":"07\/15\/2018","format":false,"excerpt":"Suena la alarma que puse hace dos a\u00f1os. \u201cElla te est\u00e1 dejando de querer\u201d. Tras la cortina un claro de luz que proyecta rayitos de motas en polvo de nuestras pieles muriendo me dice que son las\u00a0 quince horas de un d\u00eda cualquiera en \u00a0julio y la \u00faltima vez que\u2026","rel":"","context":"In &quot;Textos&quot;","block_context":{"text":"Textos","link":"https:\/\/errr-magazine.com\/english\/category\/textos\/"},"img":{"alt_text":"","src":"https:\/\/i0.wp.com\/errr-magazine.com\/wp-content\/uploads\/2018\/07\/Captura-de-pantalla-2018-07-15-a-las-16.29.09.png?resize=350%2C200&ssl=1","width":350,"height":200,"srcset":"https:\/\/i0.wp.com\/errr-magazine.com\/wp-content\/uploads\/2018\/07\/Captura-de-pantalla-2018-07-15-a-las-16.29.09.png?resize=350%2C200&ssl=1 1x, https:\/\/i0.wp.com\/errr-magazine.com\/wp-content\/uploads\/2018\/07\/Captura-de-pantalla-2018-07-15-a-las-16.29.09.png?resize=525%2C300&ssl=1 1.5x"},"classes":[]},{"id":141804,"url":"https:\/\/errr-magazine.com\/english\/durante1\/","url_meta":{"origin":164646,"position":2},"title":"durante(1)","author":"Laarfs","date":"03\/13\/2019","format":false,"excerpt":"empec\u00e9 sabiendo cuando te vas, cuando me vas a dejar con todo un desmadre de emociones que probablemente me va a costar solucionar, tu te regresas, yo acabo la uni. para los dos se vienen cosas nuevas, pero eso no quita lo dif\u00edcil que es siempre tener ese peque\u00f1o pensamiento\u2026","rel":"","context":"In &quot;Textos&quot;","block_context":{"text":"Textos","link":"https:\/\/errr-magazine.com\/english\/category\/textos\/"},"img":{"alt_text":"","src":"https:\/\/i0.wp.com\/errr-magazine.com\/wp-content\/uploads\/2019\/03\/2.png?resize=350%2C200&ssl=1","width":350,"height":200,"srcset":"https:\/\/i0.wp.com\/errr-magazine.com\/wp-content\/uploads\/2019\/03\/2.png?resize=350%2C200&ssl=1 1x, https:\/\/i0.wp.com\/errr-magazine.com\/wp-content\/uploads\/2019\/03\/2.png?resize=525%2C300&ssl=1 1.5x, https:\/\/i0.wp.com\/errr-magazine.com\/wp-content\/uploads\/2019\/03\/2.png?resize=700%2C400&ssl=1 2x"},"classes":[]},{"id":141882,"url":"https:\/\/errr-magazine.com\/english\/mueganos\/","url_meta":{"origin":164646,"position":3},"title":"Mueganos","author":"Asztrea","date":"03\/19\/2019","format":false,"excerpt":"Voy sentada en la parte de atr\u00e1s de un cami\u00f3n de una realidad que desconozco, soy ajena a todos los ritos que se balancean con los topes de la avenida, busco un rayito de sol que perfore la persiana de mi ventana y pinte sobre mi pierna las coordenadas de\u2026","rel":"","context":"In &quot;Textos&quot;","block_context":{"text":"Textos","link":"https:\/\/errr-magazine.com\/english\/category\/textos\/"},"img":{"alt_text":"","src":"https:\/\/i0.wp.com\/errr-magazine.com\/wp-content\/uploads\/2019\/03\/4-2.png?resize=350%2C200&ssl=1","width":350,"height":200,"srcset":"https:\/\/i0.wp.com\/errr-magazine.com\/wp-content\/uploads\/2019\/03\/4-2.png?resize=350%2C200&ssl=1 1x, https:\/\/i0.wp.com\/errr-magazine.com\/wp-content\/uploads\/2019\/03\/4-2.png?resize=525%2C300&ssl=1 1.5x, https:\/\/i0.wp.com\/errr-magazine.com\/wp-content\/uploads\/2019\/03\/4-2.png?resize=700%2C400&ssl=1 2x"},"classes":[]},{"id":190779,"url":"https:\/\/errr-magazine.com\/english\/berezada\/","url_meta":{"origin":164646,"position":4},"title":"Berezada","author":"Danae Reynaud","date":"06\/27\/2025","format":false,"excerpt":"Pensaba y re-pensaba los temas de la pel\u00edcula: la esperanza, si la gente es buena o mala, sobre la posibilidad remota de que algo maravilloso suceda, sobre el origen de los actos malvados\u2026","rel":"","context":"In &quot;Interview&quot;","block_context":{"text":"Interview","link":"https:\/\/errr-magazine.com\/english\/category\/interviews\/"},"img":{"alt_text":"","src":"https:\/\/i0.wp.com\/errr-magazine.com\/wp-content\/uploads\/2025\/06\/BRZD_STILL9_00190225.jpg?resize=350%2C200&ssl=1","width":350,"height":200,"srcset":"https:\/\/i0.wp.com\/errr-magazine.com\/wp-content\/uploads\/2025\/06\/BRZD_STILL9_00190225.jpg?resize=350%2C200&ssl=1 1x, https:\/\/i0.wp.com\/errr-magazine.com\/wp-content\/uploads\/2025\/06\/BRZD_STILL9_00190225.jpg?resize=525%2C300&ssl=1 1.5x, https:\/\/i0.wp.com\/errr-magazine.com\/wp-content\/uploads\/2025\/06\/BRZD_STILL9_00190225.jpg?resize=700%2C400&ssl=1 2x, https:\/\/i0.wp.com\/errr-magazine.com\/wp-content\/uploads\/2025\/06\/BRZD_STILL9_00190225.jpg?resize=1050%2C600&ssl=1 3x, https:\/\/i0.wp.com\/errr-magazine.com\/wp-content\/uploads\/2025\/06\/BRZD_STILL9_00190225.jpg?resize=1400%2C800&ssl=1 4x"},"classes":[]},{"id":176704,"url":"https:\/\/errr-magazine.com\/english\/elastica\/","url_meta":{"origin":164646,"position":5},"title":"El\u00e1stica.","author":"Lariza Zepeda","date":"12\/22\/2020","format":false,"excerpt":"\u00a0 Mermelada de palabras y paciencia en un solo texto. Relaciono y reacciono. Reaccion\u00f3 y relacion\u00f3. Que error profundizar y vivir enterrada para siempre entre mis pensamientos, deseo flotar y jugar con ellos. Parece que en estos momentos, la oscuridad y yo tenemos una relaci\u00f3n de varios a\u00f1os, a\u00f1os de\u2026","rel":"","context":"In &quot;Textos&quot;","block_context":{"text":"Textos","link":"https:\/\/errr-magazine.com\/english\/category\/textos\/"},"img":{"alt_text":"","src":"","width":0,"height":0},"classes":[]}],"jetpack_sharing_enabled":true,"mfb_rest_fields":["title","yoast_head","yoast_head_json","jetpack_featured_media_url","jetpack-related-posts","jetpack_sharing_enabled"],"_links":{"self":[{"href":"https:\/\/errr-magazine.com\/english\/wp-json\/wp\/v2\/posts\/164646","targetHints":{"allow":["GET"]}}],"collection":[{"href":"https:\/\/errr-magazine.com\/english\/wp-json\/wp\/v2\/posts"}],"about":[{"href":"https:\/\/errr-magazine.com\/english\/wp-json\/wp\/v2\/types\/post"}],"author":[{"embeddable":true,"href":"https:\/\/errr-magazine.com\/english\/wp-json\/wp\/v2\/users\/4359"}],"replies":[{"embeddable":true,"href":"https:\/\/errr-magazine.com\/english\/wp-json\/wp\/v2\/comments?post=164646"}],"version-history":[{"count":3,"href":"https:\/\/errr-magazine.com\/english\/wp-json\/wp\/v2\/posts\/164646\/revisions"}],"predecessor-version":[{"id":164694,"href":"https:\/\/errr-magazine.com\/english\/wp-json\/wp\/v2\/posts\/164646\/revisions\/164694"}],"wp:featuredmedia":[{"embeddable":true,"href":"https:\/\/errr-magazine.com\/english\/wp-json\/wp\/v2\/media\/164688"}],"wp:attachment":[{"href":"https:\/\/errr-magazine.com\/english\/wp-json\/wp\/v2\/media?parent=164646"}],"wp:term":[{"taxonomy":"category","embeddable":true,"href":"https:\/\/errr-magazine.com\/english\/wp-json\/wp\/v2\/categories?post=164646"},{"taxonomy":"post_tag","embeddable":true,"href":"https:\/\/errr-magazine.com\/english\/wp-json\/wp\/v2\/tags?post=164646"}],"curies":[{"name":"wp","href":"https:\/\/api.w.org\/{rel}","templated":true}]}}