{"id":161972,"date":"2020-05-31T06:40:41","date_gmt":"2020-05-30T20:40:41","guid":{"rendered":"http:\/\/errr-magazine.com\/?p=161972"},"modified":"2022-08-31T00:14:01","modified_gmt":"2022-08-31T05:14:01","slug":"displicencia-del-cielo","status":"publish","type":"post","link":"https:\/\/errr-magazine.com\/english\/displicencia-del-cielo\/","title":{"rendered":"Displicencia del cielo"},"content":{"rendered":"<p>La luna en celo espera la se\u00f1al de la cornisa<br \/>\nIgual es el salto<br \/>\nNo dice luz ni decir que se asoma<br \/>\nBlanca sombra y sus maneras<br \/>\nLas rocas quieren<span class=\"text_exposed_show\"><br \/>\nVolverse algod\u00f3n en tus pupilas\u2026<br \/>\nPasos entre el pabell\u00f3n derretido<br \/>\nY llorar el tiempo de az\u00facar<br \/>\nCon la voz de tu estrella vig\u00eda<br \/>\nFugaz atajo o eclipse valiente<br \/>\nEn la mitad de la noche<br \/>\nUn recuerdo de amor es<br \/>\nCoraz\u00f3n en llamas<br \/>\nNavaja y estertor<br \/>\nLa displicencia del cielo<br \/>\n\u00bfQu\u00e9 es apenas?<br \/>\nFuga de esp\u00edritu sin tocata<\/span><\/p>\n<p>Photography by <a href=\"https:\/\/www.flickr.com\/photos\/cemcelik\/\">cem celik<\/a><\/p>","protected":false},"excerpt":{"rendered":"<p>La luna en celo espera la se\u00f1al de la cornisa Igual es el salto No dice luz ni decir que se asoma Blanca sombra y sus maneras Las rocas quieren Volverse algod\u00f3n en tus pupilas\u2026 Pasos entre el pabell\u00f3n derretido Y llorar el tiempo de az\u00facar Con la voz de tu estrella vig\u00eda Fugaz atajo [&hellip;]<\/p>\n","protected":false},"author":6238,"featured_media":0,"comment_status":"closed","ping_status":"closed","sticky":false,"template":"","format":"standard","meta":{"_acf_changed":false,"cybocfi_hide_featured_image":"","_jetpack_memberships_contains_paid_content":false,"footnotes":""},"categories":[7997],"tags":[16210,17138,678,5163,15955,17137],"class_list":["post-161972","post","type-post","status-publish","format-standard","hentry","category-textos","tag-abstraccion","tag-colaboraciones","tag-luna","tag-oscuridad","tag-poemas-cortos","tag-poemas-en-verso-libre"],"acf":[],"mb":[],"yoast_head":"<!-- This site is optimized with the Yoast SEO plugin v27.2 - https:\/\/yoast.com\/product\/yoast-seo-wordpress\/ -->\n<title>Displicencia del cielo - ERRR MAGAZINE<\/title>\n<meta name=\"robots\" content=\"index, follow, max-snippet:-1, max-image-preview:large, max-video-preview:-1\" \/>\n<link rel=\"canonical\" href=\"https:\/\/errr-magazine.com\/english\/displicencia-del-cielo\/\" \/>\n<meta property=\"og:locale\" content=\"en_US\" \/>\n<meta property=\"og:type\" content=\"article\" \/>\n<meta property=\"og:title\" content=\"Displicencia del cielo - ERRR MAGAZINE\" \/>\n<meta property=\"og:description\" content=\"La luna en celo espera la se\u00f1al de la cornisa Igual es el salto No dice luz ni decir que se asoma Blanca sombra y sus maneras Las rocas quieren Volverse algod\u00f3n en tus pupilas\u2026 Pasos entre el pabell\u00f3n derretido Y llorar el tiempo de az\u00facar Con la voz de tu estrella vig\u00eda Fugaz atajo [&hellip;]\" \/>\n<meta property=\"og:url\" content=\"https:\/\/errr-magazine.com\/english\/displicencia-del-cielo\/\" \/>\n<meta property=\"og:site_name\" content=\"ERRR MAGAZINE\" \/>\n<meta property=\"article:author\" content=\"https:\/\/www.facebook.com\/Garnifex666\" \/>\n<meta property=\"article:published_time\" content=\"2020-05-30T20:40:41+00:00\" \/>\n<meta property=\"article:modified_time\" content=\"2022-08-31T05:14:01+00:00\" \/>\n<meta name=\"author\" content=\"Cristian Felipe Leyva Meneses\" \/>\n<meta name=\"twitter:card\" content=\"summary_large_image\" \/>\n<meta name=\"twitter:creator\" content=\"@https:\/\/twitter.com\/_FelipeLeyva\" \/>\n<meta name=\"twitter:label1\" content=\"Written by\" \/>\n\t<meta name=\"twitter:data1\" content=\"Cristian Felipe Leyva Meneses\" \/>\n<script type=\"application\/ld+json\" class=\"yoast-schema-graph\">{\"@context\":\"https:\/\/schema.org\",\"@graph\":[{\"@type\":\"Article\",\"@id\":\"https:\/\/errr-magazine.com\/displicencia-del-cielo\/#article\",\"isPartOf\":{\"@id\":\"https:\/\/errr-magazine.com\/displicencia-del-cielo\/\"},\"author\":{\"name\":\"Cristian Felipe Leyva Meneses\",\"@id\":\"https:\/\/errr-magazine.com\/#\/schema\/person\/c3f8b1d9ff3ef3328ba80dfe6464a567\"},\"headline\":\"Displicencia del cielo\",\"datePublished\":\"2020-05-30T20:40:41+00:00\",\"dateModified\":\"2022-08-31T05:14:01+00:00\",\"mainEntityOfPage\":{\"@id\":\"https:\/\/errr-magazine.com\/displicencia-del-cielo\/\"},\"wordCount\":102,\"keywords\":[\"abstracci\u00f3n\",\"colaboraciones\",\"Luna\",\"oscuridad\",\"poemas cortos\",\"poemas en verso libre\"],\"articleSection\":[\"Textos\"],\"inLanguage\":\"en-US\"},{\"@type\":\"WebPage\",\"@id\":\"https:\/\/errr-magazine.com\/displicencia-del-cielo\/\",\"url\":\"https:\/\/errr-magazine.com\/displicencia-del-cielo\/\",\"name\":\"Displicencia del cielo - ERRR MAGAZINE\",\"isPartOf\":{\"@id\":\"https:\/\/errr-magazine.com\/#website\"},\"datePublished\":\"2020-05-30T20:40:41+00:00\",\"dateModified\":\"2022-08-31T05:14:01+00:00\",\"author\":{\"@id\":\"https:\/\/errr-magazine.com\/#\/schema\/person\/c3f8b1d9ff3ef3328ba80dfe6464a567\"},\"breadcrumb\":{\"@id\":\"https:\/\/errr-magazine.com\/displicencia-del-cielo\/#breadcrumb\"},\"inLanguage\":\"en-US\",\"potentialAction\":[{\"@type\":\"ReadAction\",\"target\":[\"https:\/\/errr-magazine.com\/displicencia-del-cielo\/\"]}]},{\"@type\":\"BreadcrumbList\",\"@id\":\"https:\/\/errr-magazine.com\/displicencia-del-cielo\/#breadcrumb\",\"itemListElement\":[{\"@type\":\"ListItem\",\"position\":1,\"name\":\"Portada\",\"item\":\"https:\/\/errr-magazine.com\/\"},{\"@type\":\"ListItem\",\"position\":2,\"name\":\"Displicencia del cielo\"}]},{\"@type\":\"WebSite\",\"@id\":\"https:\/\/errr-magazine.com\/#website\",\"url\":\"https:\/\/errr-magazine.com\/\",\"name\":\"ERRR MAGAZINE\",\"description\":\"\",\"potentialAction\":[{\"@type\":\"SearchAction\",\"target\":{\"@type\":\"EntryPoint\",\"urlTemplate\":\"https:\/\/errr-magazine.com\/?s={search_term_string}\"},\"query-input\":{\"@type\":\"PropertyValueSpecification\",\"valueRequired\":true,\"valueName\":\"search_term_string\"}}],\"inLanguage\":\"en-US\"},{\"@type\":\"Person\",\"@id\":\"https:\/\/errr-magazine.com\/#\/schema\/person\/c3f8b1d9ff3ef3328ba80dfe6464a567\",\"name\":\"Cristian Felipe Leyva Meneses\",\"image\":{\"@type\":\"ImageObject\",\"inLanguage\":\"en-US\",\"@id\":\"https:\/\/secure.gravatar.com\/avatar\/c46e7a587c40275b4e217d3c7368cd67dd2a918a82a339887ea8c5e1c7196dee?s=96&d=identicon&r=g\",\"url\":\"https:\/\/secure.gravatar.com\/avatar\/c46e7a587c40275b4e217d3c7368cd67dd2a918a82a339887ea8c5e1c7196dee?s=96&d=identicon&r=g\",\"contentUrl\":\"https:\/\/secure.gravatar.com\/avatar\/c46e7a587c40275b4e217d3c7368cd67dd2a918a82a339887ea8c5e1c7196dee?s=96&d=identicon&r=g\",\"caption\":\"Cristian Felipe Leyva Meneses\"},\"description\":\"Cristian Felipe Leyva Meneses (Armenia, Quind\u00edo, Colombia,1997\u2026 ? ) Aprendi\u00f3 a tocar la guitarra y a escribir poemas m\u00e1s all\u00e1 de sus probabilidades. Algunas revistas estuvieron dispuestas a seguir su juego: ERRR Magazine, Seattle escribe, Himen, Palabrer\u00edas y otras. Ocup\u00f3 el segundo lugar en el V concurso departamental de cuento Humberto Jaramillo \u00c1ngel; fue invitado al XI Festival internacional de poes\u00eda de Manizales y al XXXVI Encuentro nacional de palabra, ha participado en varias antolog\u00edas de microrrelato, cuento y poes\u00eda. Actualmente cursa una licenciatura en Literatura y Lengua castellana, adem\u00e1s de organizar conciertos y recitales po\u00e9ticos\",\"sameAs\":[\"https:\/\/corpusfelipegarnifex.wordpress.com\/\",\"https:\/\/www.facebook.com\/Garnifex666\",\"https:\/\/www.instagram.com\/_leyvafelipe_\",\"https:\/\/x.com\/https:\/\/twitter.com\/_FelipeLeyva\"],\"url\":\"https:\/\/errr-magazine.com\/english\/author\/cristian_felipe_l\/\"}]}<\/script>\n<!-- \/ Yoast SEO plugin. -->","yoast_head_json":{"title":"Displicencia del cielo - ERRR MAGAZINE","robots":{"index":"index","follow":"follow","max-snippet":"max-snippet:-1","max-image-preview":"max-image-preview:large","max-video-preview":"max-video-preview:-1"},"canonical":"https:\/\/errr-magazine.com\/english\/displicencia-del-cielo\/","og_locale":"en_US","og_type":"article","og_title":"Displicencia del cielo - ERRR MAGAZINE","og_description":"La luna en celo espera la se\u00f1al de la cornisa Igual es el salto No dice luz ni decir que se asoma Blanca sombra y sus maneras Las rocas quieren Volverse algod\u00f3n en tus pupilas\u2026 Pasos entre el pabell\u00f3n derretido Y llorar el tiempo de az\u00facar Con la voz de tu estrella vig\u00eda Fugaz atajo [&hellip;]","og_url":"https:\/\/errr-magazine.com\/english\/displicencia-del-cielo\/","og_site_name":"ERRR MAGAZINE","article_author":"https:\/\/www.facebook.com\/Garnifex666","article_published_time":"2020-05-30T20:40:41+00:00","article_modified_time":"2022-08-31T05:14:01+00:00","author":"Cristian Felipe Leyva Meneses","twitter_card":"summary_large_image","twitter_creator":"@https:\/\/twitter.com\/_FelipeLeyva","twitter_misc":{"Written by":"Cristian Felipe Leyva Meneses"},"schema":{"@context":"https:\/\/schema.org","@graph":[{"@type":"Article","@id":"https:\/\/errr-magazine.com\/displicencia-del-cielo\/#article","isPartOf":{"@id":"https:\/\/errr-magazine.com\/displicencia-del-cielo\/"},"author":{"name":"Cristian Felipe Leyva Meneses","@id":"https:\/\/errr-magazine.com\/#\/schema\/person\/c3f8b1d9ff3ef3328ba80dfe6464a567"},"headline":"Displicencia del cielo","datePublished":"2020-05-30T20:40:41+00:00","dateModified":"2022-08-31T05:14:01+00:00","mainEntityOfPage":{"@id":"https:\/\/errr-magazine.com\/displicencia-del-cielo\/"},"wordCount":102,"keywords":["abstracci\u00f3n","colaboraciones","Luna","oscuridad","poemas cortos","poemas en verso libre"],"articleSection":["Textos"],"inLanguage":"en-US"},{"@type":"WebPage","@id":"https:\/\/errr-magazine.com\/displicencia-del-cielo\/","url":"https:\/\/errr-magazine.com\/displicencia-del-cielo\/","name":"Displicencia del cielo - ERRR MAGAZINE","isPartOf":{"@id":"https:\/\/errr-magazine.com\/#website"},"datePublished":"2020-05-30T20:40:41+00:00","dateModified":"2022-08-31T05:14:01+00:00","author":{"@id":"https:\/\/errr-magazine.com\/#\/schema\/person\/c3f8b1d9ff3ef3328ba80dfe6464a567"},"breadcrumb":{"@id":"https:\/\/errr-magazine.com\/displicencia-del-cielo\/#breadcrumb"},"inLanguage":"en-US","potentialAction":[{"@type":"ReadAction","target":["https:\/\/errr-magazine.com\/displicencia-del-cielo\/"]}]},{"@type":"BreadcrumbList","@id":"https:\/\/errr-magazine.com\/displicencia-del-cielo\/#breadcrumb","itemListElement":[{"@type":"ListItem","position":1,"name":"Portada","item":"https:\/\/errr-magazine.com\/"},{"@type":"ListItem","position":2,"name":"Displicencia del cielo"}]},{"@type":"WebSite","@id":"https:\/\/errr-magazine.com\/#website","url":"https:\/\/errr-magazine.com\/","name":"ERRR MAGAZINE","description":"","potentialAction":[{"@type":"SearchAction","target":{"@type":"EntryPoint","urlTemplate":"https:\/\/errr-magazine.com\/?s={search_term_string}"},"query-input":{"@type":"PropertyValueSpecification","valueRequired":true,"valueName":"search_term_string"}}],"inLanguage":"en-US"},{"@type":"Person","@id":"https:\/\/errr-magazine.com\/#\/schema\/person\/c3f8b1d9ff3ef3328ba80dfe6464a567","name":"Cristian Felipe Leyva Meneses","image":{"@type":"ImageObject","inLanguage":"en-US","@id":"https:\/\/secure.gravatar.com\/avatar\/c46e7a587c40275b4e217d3c7368cd67dd2a918a82a339887ea8c5e1c7196dee?s=96&d=identicon&r=g","url":"https:\/\/secure.gravatar.com\/avatar\/c46e7a587c40275b4e217d3c7368cd67dd2a918a82a339887ea8c5e1c7196dee?s=96&d=identicon&r=g","contentUrl":"https:\/\/secure.gravatar.com\/avatar\/c46e7a587c40275b4e217d3c7368cd67dd2a918a82a339887ea8c5e1c7196dee?s=96&d=identicon&r=g","caption":"Cristian Felipe Leyva Meneses"},"description":"Cristian Felipe Leyva Meneses (Armenia, Quind\u00edo, Colombia,1997... ? ) He learned to play the guitar and to write poems beyond his odds. Some magazines were willing to follow his game: ERRR Magazine, Seattle escribe, Himen, Palabrer\u00edas and others. He took second place in the V departmental short story contest Humberto Jaramillo Angel, was invited to the XI International Poetry Festival of Manizales and the XXXVI National Meeting of word, has participated in several anthologies of short stories, short stories and poetry. He is currently pursuing a degree in Literature and Spanish Language, in addition to organizing concerts and poetry recitals.","sameAs":["https:\/\/corpusfelipegarnifex.wordpress.com\/","https:\/\/www.facebook.com\/Garnifex666","https:\/\/www.instagram.com\/_leyvafelipe_","https:\/\/x.com\/https:\/\/twitter.com\/_FelipeLeyva"],"url":"https:\/\/errr-magazine.com\/english\/author\/cristian_felipe_l\/"}]}},"jetpack_featured_media_url":"","jetpack-related-posts":[{"id":154125,"url":"https:\/\/errr-magazine.com\/english\/el-irritado\/","url_meta":{"origin":161972,"position":0},"title":"El irritado","author":"Cristian Felipe Leyva Meneses","date":"01\/23\/2019","format":false,"excerpt":"Me dice que el mejor psic\u00f3logo se llama Jesucristo, me regala dos tarjetas y se despide con su mirada displicente; a la cuadra prendo un pucho, la esquina huele a mutantes sudorosos y enojados, similares a m\u00ed. -Flaco, \u00bfTiene un cuero que me regale? -No, pero con esto se hace\u2026","rel":"","context":"In &quot;Textos&quot;","block_context":{"text":"Textos","link":"https:\/\/errr-magazine.com\/english\/category\/textos\/"},"img":{"alt_text":"","src":"","width":0,"height":0},"classes":[]},{"id":137141,"url":"https:\/\/errr-magazine.com\/english\/inventario-2\/","url_meta":{"origin":161972,"position":1},"title":"Inventory","author":"Lune Am\u00e9thyste","date":"08\/05\/2018","format":false,"excerpt":"Los amaneceres y atardeceres, viento en la cara, abrazos por la espalda, el cielo estrellado, caricias, bailar bajo la lluvia, sonrisas sinceras, mares acaudalados, la luna en cada una de sus fases, caf\u00e9 en las ma\u00f1anas, hombros para llorar, bosques y desiertos, poemas, sue\u00f1os, mensajes cursis, arboles cubiertos de flores,\u2026","rel":"","context":"In &quot;Textos&quot;","block_context":{"text":"Textos","link":"https:\/\/errr-magazine.com\/english\/category\/textos\/"},"img":{"alt_text":"","src":"https:\/\/i0.wp.com\/errr-magazine.com\/wp-content\/uploads\/2018\/07\/40930432435_1dfd99aa64_k.jpg?resize=350%2C200&ssl=1","width":350,"height":200,"srcset":"https:\/\/i0.wp.com\/errr-magazine.com\/wp-content\/uploads\/2018\/07\/40930432435_1dfd99aa64_k.jpg?resize=350%2C200&ssl=1 1x, https:\/\/i0.wp.com\/errr-magazine.com\/wp-content\/uploads\/2018\/07\/40930432435_1dfd99aa64_k.jpg?resize=525%2C300&ssl=1 1.5x, https:\/\/i0.wp.com\/errr-magazine.com\/wp-content\/uploads\/2018\/07\/40930432435_1dfd99aa64_k.jpg?resize=700%2C400&ssl=1 2x, https:\/\/i0.wp.com\/errr-magazine.com\/wp-content\/uploads\/2018\/07\/40930432435_1dfd99aa64_k.jpg?resize=1050%2C600&ssl=1 3x, https:\/\/i0.wp.com\/errr-magazine.com\/wp-content\/uploads\/2018\/07\/40930432435_1dfd99aa64_k.jpg?resize=1400%2C800&ssl=1 4x"},"classes":[]},{"id":141073,"url":"https:\/\/errr-magazine.com\/english\/amour-de-ma-vie\/","url_meta":{"origin":161972,"position":2},"title":"Amour de ma vie","author":"Lune Am\u00e9thyste","date":"02\/11\/2019","format":false,"excerpt":"Y ya que me he desaf\u00edado a no guardarme nada...aqu\u00ed te dejo un peque\u00f1o resumen del porque s\u00e9 que eres t\u00fa: Cuando cre\u00eda que morir\u00eda de fr\u00edo apareciste tu para abrigarme y convertirte en lo \u00faltimo que pienso antes de dormir. Cuando cre\u00ed que no val\u00eda nada me hiciste sentir\u2026","rel":"","context":"In &quot;Textos&quot;","block_context":{"text":"Textos","link":"https:\/\/errr-magazine.com\/english\/category\/textos\/"},"img":{"alt_text":"","src":"https:\/\/i0.wp.com\/errr-magazine.com\/wp-content\/uploads\/2019\/02\/5-3.png?resize=350%2C200&ssl=1","width":350,"height":200,"srcset":"https:\/\/i0.wp.com\/errr-magazine.com\/wp-content\/uploads\/2019\/02\/5-3.png?resize=350%2C200&ssl=1 1x, https:\/\/i0.wp.com\/errr-magazine.com\/wp-content\/uploads\/2019\/02\/5-3.png?resize=525%2C300&ssl=1 1.5x"},"classes":[]},{"id":161942,"url":"https:\/\/errr-magazine.com\/english\/una-vez-alguien-me-pregunto-si-me-habia-enamorado-y-recorde-este-momento\/","url_meta":{"origin":161972,"position":3},"title":"Una vez alguien me pregunt\u00f3 si me hab\u00eda enamorado y record\u00e9 este momento","author":"Luna Bleu","date":"08\/07\/2020","format":false,"excerpt":"Cogidos de la mano \u00edbamos tarareando una canci\u00f3n de Sonic Youth: Incinerate. Nos derret\u00edamos del calor ese d\u00eda, parec\u00eda que todo se quemaba a nuestro alrededor. Caminamos hasta encontrar un puesto donde vend\u00edan salpic\u00f3n, nos miramos con una sonrisa de satisfacci\u00f3n. A\u00fan puedo recordar ese brillo estelar de sus ojos.\u2026","rel":"","context":"In &quot;Textos&quot;","block_context":{"text":"Textos","link":"https:\/\/errr-magazine.com\/english\/category\/textos\/"},"img":{"alt_text":"","src":"https:\/\/i0.wp.com\/errr-magazine.com\/wp-content\/uploads\/2020\/08\/dclassic-2025-04-20-145611.974-scaled.jpg?resize=350%2C200&ssl=1","width":350,"height":200,"srcset":"https:\/\/i0.wp.com\/errr-magazine.com\/wp-content\/uploads\/2020\/08\/dclassic-2025-04-20-145611.974-scaled.jpg?resize=350%2C200&ssl=1 1x, https:\/\/i0.wp.com\/errr-magazine.com\/wp-content\/uploads\/2020\/08\/dclassic-2025-04-20-145611.974-scaled.jpg?resize=525%2C300&ssl=1 1.5x, https:\/\/i0.wp.com\/errr-magazine.com\/wp-content\/uploads\/2020\/08\/dclassic-2025-04-20-145611.974-scaled.jpg?resize=700%2C400&ssl=1 2x, https:\/\/i0.wp.com\/errr-magazine.com\/wp-content\/uploads\/2020\/08\/dclassic-2025-04-20-145611.974-scaled.jpg?resize=1050%2C600&ssl=1 3x, https:\/\/i0.wp.com\/errr-magazine.com\/wp-content\/uploads\/2020\/08\/dclassic-2025-04-20-145611.974-scaled.jpg?resize=1400%2C800&ssl=1 4x"},"classes":[]},{"id":174751,"url":"https:\/\/errr-magazine.com\/english\/poema-1\/","url_meta":{"origin":161972,"position":4},"title":"Poema 1","author":"Lorena Contreras S\u00e1nchez","date":"09\/04\/2021","format":false,"excerpt":"No extra\u00f1a el que se va sino el que se queda. El tiempo est\u00e1 varado. El viento se lleva el polvo del ambiente, pero el de los recuerdos permanece. El cielo despliega un color melancol\u00eda, pero todos aseguran que est\u00e1 resplandeciente. Hay un calor que abate. Estamos en pleno invierno.\u2026","rel":"","context":"In &quot;Textos&quot;","block_context":{"text":"Textos","link":"https:\/\/errr-magazine.com\/english\/category\/textos\/"},"img":{"alt_text":"","src":"","width":0,"height":0},"classes":[]},{"id":134617,"url":"https:\/\/errr-magazine.com\/english\/tres-poemas-contra-las-buenas-intenciones\/","url_meta":{"origin":161972,"position":5},"title":"Tres poemas contra las buenas intenciones","author":"Polet Andrade","date":"05\/30\/2018","format":false,"excerpt":"Hermanas \u00a0 A mi mam\u00e1 le dijeron que nunca nos llamar\u00edamos hermanas. \u00a0 Que nadie deb\u00eda llorar, porque afuera siempre hay ra\u00edces m\u00e1s fuertes que esta. \u00a0 Afuera, existen posibilidades que se precipitan y terminan embarradas como carro\u00f1a, sin que nadie les deje flores. \u00a0 Que nadie mata por amor\u2026","rel":"","context":"In &quot;Textos&quot;","block_context":{"text":"Textos","link":"https:\/\/errr-magazine.com\/english\/category\/textos\/"},"img":{"alt_text":"","src":"https:\/\/i0.wp.com\/errr-magazine.com\/wp-content\/uploads\/2018\/05\/DSC_0515anna.jpg?resize=350%2C200&ssl=1","width":350,"height":200,"srcset":"https:\/\/i0.wp.com\/errr-magazine.com\/wp-content\/uploads\/2018\/05\/DSC_0515anna.jpg?resize=350%2C200&ssl=1 1x, https:\/\/i0.wp.com\/errr-magazine.com\/wp-content\/uploads\/2018\/05\/DSC_0515anna.jpg?resize=525%2C300&ssl=1 1.5x, https:\/\/i0.wp.com\/errr-magazine.com\/wp-content\/uploads\/2018\/05\/DSC_0515anna.jpg?resize=700%2C400&ssl=1 2x, https:\/\/i0.wp.com\/errr-magazine.com\/wp-content\/uploads\/2018\/05\/DSC_0515anna.jpg?resize=1050%2C600&ssl=1 3x, https:\/\/i0.wp.com\/errr-magazine.com\/wp-content\/uploads\/2018\/05\/DSC_0515anna.jpg?resize=1400%2C800&ssl=1 4x"},"classes":[]}],"jetpack_sharing_enabled":true,"mfb_rest_fields":["title","yoast_head","yoast_head_json","jetpack_featured_media_url","jetpack-related-posts","jetpack_sharing_enabled"],"_links":{"self":[{"href":"https:\/\/errr-magazine.com\/english\/wp-json\/wp\/v2\/posts\/161972","targetHints":{"allow":["GET"]}}],"collection":[{"href":"https:\/\/errr-magazine.com\/english\/wp-json\/wp\/v2\/posts"}],"about":[{"href":"https:\/\/errr-magazine.com\/english\/wp-json\/wp\/v2\/types\/post"}],"author":[{"embeddable":true,"href":"https:\/\/errr-magazine.com\/english\/wp-json\/wp\/v2\/users\/6238"}],"replies":[{"embeddable":true,"href":"https:\/\/errr-magazine.com\/english\/wp-json\/wp\/v2\/comments?post=161972"}],"version-history":[{"count":3,"href":"https:\/\/errr-magazine.com\/english\/wp-json\/wp\/v2\/posts\/161972\/revisions"}],"predecessor-version":[{"id":162037,"href":"https:\/\/errr-magazine.com\/english\/wp-json\/wp\/v2\/posts\/161972\/revisions\/162037"}],"wp:attachment":[{"href":"https:\/\/errr-magazine.com\/english\/wp-json\/wp\/v2\/media?parent=161972"}],"wp:term":[{"taxonomy":"category","embeddable":true,"href":"https:\/\/errr-magazine.com\/english\/wp-json\/wp\/v2\/categories?post=161972"},{"taxonomy":"post_tag","embeddable":true,"href":"https:\/\/errr-magazine.com\/english\/wp-json\/wp\/v2\/tags?post=161972"}],"curies":[{"name":"wp","href":"https:\/\/api.w.org\/{rel}","templated":true}]}}