{"id":161176,"date":"2020-05-23T05:39:50","date_gmt":"2020-05-22T19:39:50","guid":{"rendered":"http:\/\/errr-magazine.com\/?p=161176"},"modified":"2022-08-31T00:14:28","modified_gmt":"2022-08-31T05:14:28","slug":"sin-odio","status":"publish","type":"post","link":"https:\/\/errr-magazine.com\/english\/sin-odio\/","title":{"rendered":"Sin Odio"},"content":{"rendered":"<p>Parece ir\u00f3nico que a pesar del tiempo, sigo esperando por un mensaje tuyo, no quiero, no puedo, no intento olvidarte, no lo s\u00e9.<\/p>\n<p>El hecho es que no te saco de mi cabeza, te recuerdo con alegr\u00eda, en tardes lluviosas como esta, en la canci\u00f3n de Mon Laferte o incluso en el nuevo disco de Kany Garcia.<\/p>\n<p>Puede parecer pat\u00e9tico el hecho de seguir escribiendo sobre ti, y tal vez pienses que no te supero, al contrario.<\/p>\n<p>D\u00eda a d\u00eda lo logro cada vez mejor, el hecho de escuchar mi canci\u00f3n favorita y que no me duela al hacerlo, el hecho de que, me pregunten de vez en cuando por ti y responder con un: est\u00e1 bien, ya no hablo con ella, pero deseo que sea feliz y le vaya bien<\/p>\n<p>Extra\u00f1a forma la m\u00eda de \u201csuperarte\u201d, olvidarte nunca, tu lo dijiste, jam\u00e1s nos olvidaremos, bueno al menos de mi parte no. Y hablemos o no. Mi promesa fue estar ah\u00ed para ti. Y as\u00ed ser\u00e1 si lo necesitas. No te guardo rencor, eh tratado de comprender y entender y todos tenemos nuestras razones.<\/p>\n<p>Solo te deseo que seas muy feliz, yo lo estoy siendo a mi manera pero voy paso a paso<\/p>\n<p>De todo coraz\u00f3n espero que todo te este yendo bien, porque la verdad, esto para mi es una mierda.<\/p>\n<p>Tal vez el tiempo lo cura todo, pero s\u00e9 muy bien que tu nunca vas a salir de mis pensamientos y mucho menos de mis recuerdos, se que fue corto el tiempo que estuvimos juntas, pero para m\u00ed fue lo m\u00e1s hermoso de mi vida.<\/p>\n<p>Tal vez para ti tambi\u00e9n, eso no lo se, a decir verdad\u2026 no te odio, nunca lo eh logrado hacer. Si de algo te sirve, te perdone, y s\u00e9 que tal vez te encuentres mejor.<\/p>\n<p>Y eso me alegra de verdad, siempre fuiste y ser\u00e1s una gran chingona.<\/p>\n<p>Te amo, te amar\u00e9 por siempre.<\/p>\n<p>Photography by <a href=\"https:\/\/www.flickr.com\/photos\/diadainconsupertrafra\/\">DIADA<\/a><\/p>","protected":false},"excerpt":{"rendered":"<p>Parece ir\u00f3nico que a pesar del tiempo, sigo esperando por un mensaje tuyo, no quiero, no puedo, no intento olvidarte, no lo s\u00e9. El hecho es que no te saco de mi cabeza, te recuerdo con alegr\u00eda, en tardes lluviosas como esta, en la canci\u00f3n de Mon Laferte o incluso en el nuevo disco de [&hellip;]<\/p>\n","protected":false},"author":6267,"featured_media":0,"comment_status":"closed","ping_status":"closed","sticky":false,"template":"","format":"standard","meta":{"_acf_changed":false,"cybocfi_hide_featured_image":"","_jetpack_memberships_contains_paid_content":false,"footnotes":""},"categories":[7997],"tags":[],"class_list":["post-161176","post","type-post","status-publish","format-standard","hentry","category-textos"],"acf":[],"mb":[],"yoast_head":"<!-- This site is optimized with the Yoast SEO plugin v27.2 - https:\/\/yoast.com\/product\/yoast-seo-wordpress\/ -->\n<title>Sin Odio - ERRR MAGAZINE<\/title>\n<meta name=\"robots\" content=\"index, follow, max-snippet:-1, max-image-preview:large, max-video-preview:-1\" \/>\n<link rel=\"canonical\" href=\"https:\/\/errr-magazine.com\/english\/sin-odio\/\" \/>\n<meta property=\"og:locale\" content=\"en_US\" \/>\n<meta property=\"og:type\" content=\"article\" \/>\n<meta property=\"og:title\" content=\"Sin Odio - ERRR MAGAZINE\" \/>\n<meta property=\"og:description\" content=\"Parece ir\u00f3nico que a pesar del tiempo, sigo esperando por un mensaje tuyo, no quiero, no puedo, no intento olvidarte, no lo s\u00e9. El hecho es que no te saco de mi cabeza, te recuerdo con alegr\u00eda, en tardes lluviosas como esta, en la canci\u00f3n de Mon Laferte o incluso en el nuevo disco de [&hellip;]\" \/>\n<meta property=\"og:url\" content=\"https:\/\/errr-magazine.com\/english\/sin-odio\/\" \/>\n<meta property=\"og:site_name\" content=\"ERRR MAGAZINE\" \/>\n<meta property=\"article:author\" content=\"https:\/\/m.facebook.com\/?_rdr\" \/>\n<meta property=\"article:published_time\" content=\"2020-05-22T19:39:50+00:00\" \/>\n<meta property=\"article:modified_time\" content=\"2022-08-31T05:14:28+00:00\" \/>\n<meta name=\"author\" content=\"Sierra Contreras\" \/>\n<meta name=\"twitter:card\" content=\"summary_large_image\" \/>\n<meta name=\"twitter:creator\" content=\"@Ferucha12sierra\" \/>\n<meta name=\"twitter:label1\" content=\"Written by\" \/>\n\t<meta name=\"twitter:data1\" content=\"Sierra Contreras\" \/>\n\t<meta name=\"twitter:label2\" content=\"Est. reading time\" \/>\n\t<meta name=\"twitter:data2\" content=\"2 minutes\" \/>\n<script type=\"application\/ld+json\" class=\"yoast-schema-graph\">{\"@context\":\"https:\/\/schema.org\",\"@graph\":[{\"@type\":\"Article\",\"@id\":\"https:\/\/errr-magazine.com\/sin-odio\/#article\",\"isPartOf\":{\"@id\":\"https:\/\/errr-magazine.com\/sin-odio\/\"},\"author\":{\"name\":\"Sierra Contreras\",\"@id\":\"https:\/\/errr-magazine.com\/#\/schema\/person\/88a26c02c86582677ab066c0777348b2\"},\"headline\":\"Sin Odio\",\"datePublished\":\"2020-05-22T19:39:50+00:00\",\"dateModified\":\"2022-08-31T05:14:28+00:00\",\"mainEntityOfPage\":{\"@id\":\"https:\/\/errr-magazine.com\/sin-odio\/\"},\"wordCount\":341,\"articleSection\":[\"Textos\"],\"inLanguage\":\"en-US\"},{\"@type\":\"WebPage\",\"@id\":\"https:\/\/errr-magazine.com\/sin-odio\/\",\"url\":\"https:\/\/errr-magazine.com\/sin-odio\/\",\"name\":\"Sin Odio - ERRR MAGAZINE\",\"isPartOf\":{\"@id\":\"https:\/\/errr-magazine.com\/#website\"},\"datePublished\":\"2020-05-22T19:39:50+00:00\",\"dateModified\":\"2022-08-31T05:14:28+00:00\",\"author\":{\"@id\":\"https:\/\/errr-magazine.com\/#\/schema\/person\/88a26c02c86582677ab066c0777348b2\"},\"breadcrumb\":{\"@id\":\"https:\/\/errr-magazine.com\/sin-odio\/#breadcrumb\"},\"inLanguage\":\"en-US\",\"potentialAction\":[{\"@type\":\"ReadAction\",\"target\":[\"https:\/\/errr-magazine.com\/sin-odio\/\"]}]},{\"@type\":\"BreadcrumbList\",\"@id\":\"https:\/\/errr-magazine.com\/sin-odio\/#breadcrumb\",\"itemListElement\":[{\"@type\":\"ListItem\",\"position\":1,\"name\":\"Portada\",\"item\":\"https:\/\/errr-magazine.com\/\"},{\"@type\":\"ListItem\",\"position\":2,\"name\":\"Sin Odio\"}]},{\"@type\":\"WebSite\",\"@id\":\"https:\/\/errr-magazine.com\/#website\",\"url\":\"https:\/\/errr-magazine.com\/\",\"name\":\"ERRR MAGAZINE\",\"description\":\"\",\"potentialAction\":[{\"@type\":\"SearchAction\",\"target\":{\"@type\":\"EntryPoint\",\"urlTemplate\":\"https:\/\/errr-magazine.com\/?s={search_term_string}\"},\"query-input\":{\"@type\":\"PropertyValueSpecification\",\"valueRequired\":true,\"valueName\":\"search_term_string\"}}],\"inLanguage\":\"en-US\"},{\"@type\":\"Person\",\"@id\":\"https:\/\/errr-magazine.com\/#\/schema\/person\/88a26c02c86582677ab066c0777348b2\",\"name\":\"Sierra Contreras\",\"image\":{\"@type\":\"ImageObject\",\"inLanguage\":\"en-US\",\"@id\":\"https:\/\/secure.gravatar.com\/avatar\/41da39262393010d274c18ca6264822908dcaac486c2a82cdec29e264a9de41c?s=96&d=identicon&r=g\",\"url\":\"https:\/\/secure.gravatar.com\/avatar\/41da39262393010d274c18ca6264822908dcaac486c2a82cdec29e264a9de41c?s=96&d=identicon&r=g\",\"contentUrl\":\"https:\/\/secure.gravatar.com\/avatar\/41da39262393010d274c18ca6264822908dcaac486c2a82cdec29e264a9de41c?s=96&d=identicon&r=g\",\"caption\":\"Sierra Contreras\"},\"description\":\"El raro de la clase, fiel creyente del amor bonito.\",\"sameAs\":[\"https:\/\/www.instagram.com\/mafferrubik\/\",\"https:\/\/m.facebook.com\/?_rdr\",\"https:\/\/www.instagram.com\/?hl=es-la\",\"https:\/\/x.com\/Ferucha12sierra\"],\"url\":\"https:\/\/errr-magazine.com\/english\/author\/ferucha12\/\"}]}<\/script>\n<!-- \/ Yoast SEO plugin. -->","yoast_head_json":{"title":"Sin Odio - ERRR MAGAZINE","robots":{"index":"index","follow":"follow","max-snippet":"max-snippet:-1","max-image-preview":"max-image-preview:large","max-video-preview":"max-video-preview:-1"},"canonical":"https:\/\/errr-magazine.com\/english\/sin-odio\/","og_locale":"en_US","og_type":"article","og_title":"Sin Odio - ERRR MAGAZINE","og_description":"Parece ir\u00f3nico que a pesar del tiempo, sigo esperando por un mensaje tuyo, no quiero, no puedo, no intento olvidarte, no lo s\u00e9. El hecho es que no te saco de mi cabeza, te recuerdo con alegr\u00eda, en tardes lluviosas como esta, en la canci\u00f3n de Mon Laferte o incluso en el nuevo disco de [&hellip;]","og_url":"https:\/\/errr-magazine.com\/english\/sin-odio\/","og_site_name":"ERRR MAGAZINE","article_author":"https:\/\/m.facebook.com\/?_rdr","article_published_time":"2020-05-22T19:39:50+00:00","article_modified_time":"2022-08-31T05:14:28+00:00","author":"Sierra Contreras","twitter_card":"summary_large_image","twitter_creator":"@Ferucha12sierra","twitter_misc":{"Written by":"Sierra Contreras","Est. reading time":"2 minutes"},"schema":{"@context":"https:\/\/schema.org","@graph":[{"@type":"Article","@id":"https:\/\/errr-magazine.com\/sin-odio\/#article","isPartOf":{"@id":"https:\/\/errr-magazine.com\/sin-odio\/"},"author":{"name":"Sierra Contreras","@id":"https:\/\/errr-magazine.com\/#\/schema\/person\/88a26c02c86582677ab066c0777348b2"},"headline":"Sin Odio","datePublished":"2020-05-22T19:39:50+00:00","dateModified":"2022-08-31T05:14:28+00:00","mainEntityOfPage":{"@id":"https:\/\/errr-magazine.com\/sin-odio\/"},"wordCount":341,"articleSection":["Textos"],"inLanguage":"en-US"},{"@type":"WebPage","@id":"https:\/\/errr-magazine.com\/sin-odio\/","url":"https:\/\/errr-magazine.com\/sin-odio\/","name":"Sin Odio - ERRR MAGAZINE","isPartOf":{"@id":"https:\/\/errr-magazine.com\/#website"},"datePublished":"2020-05-22T19:39:50+00:00","dateModified":"2022-08-31T05:14:28+00:00","author":{"@id":"https:\/\/errr-magazine.com\/#\/schema\/person\/88a26c02c86582677ab066c0777348b2"},"breadcrumb":{"@id":"https:\/\/errr-magazine.com\/sin-odio\/#breadcrumb"},"inLanguage":"en-US","potentialAction":[{"@type":"ReadAction","target":["https:\/\/errr-magazine.com\/sin-odio\/"]}]},{"@type":"BreadcrumbList","@id":"https:\/\/errr-magazine.com\/sin-odio\/#breadcrumb","itemListElement":[{"@type":"ListItem","position":1,"name":"Portada","item":"https:\/\/errr-magazine.com\/"},{"@type":"ListItem","position":2,"name":"Sin Odio"}]},{"@type":"WebSite","@id":"https:\/\/errr-magazine.com\/#website","url":"https:\/\/errr-magazine.com\/","name":"ERRR MAGAZINE","description":"","potentialAction":[{"@type":"SearchAction","target":{"@type":"EntryPoint","urlTemplate":"https:\/\/errr-magazine.com\/?s={search_term_string}"},"query-input":{"@type":"PropertyValueSpecification","valueRequired":true,"valueName":"search_term_string"}}],"inLanguage":"en-US"},{"@type":"Person","@id":"https:\/\/errr-magazine.com\/#\/schema\/person\/88a26c02c86582677ab066c0777348b2","name":"Sierra Contreras","image":{"@type":"ImageObject","inLanguage":"en-US","@id":"https:\/\/secure.gravatar.com\/avatar\/41da39262393010d274c18ca6264822908dcaac486c2a82cdec29e264a9de41c?s=96&d=identicon&r=g","url":"https:\/\/secure.gravatar.com\/avatar\/41da39262393010d274c18ca6264822908dcaac486c2a82cdec29e264a9de41c?s=96&d=identicon&r=g","contentUrl":"https:\/\/secure.gravatar.com\/avatar\/41da39262393010d274c18ca6264822908dcaac486c2a82cdec29e264a9de41c?s=96&d=identicon&r=g","caption":"Sierra Contreras"},"description":"The odd one out of the class, faithful believer of beautiful love.","sameAs":["https:\/\/www.instagram.com\/mafferrubik\/","https:\/\/m.facebook.com\/?_rdr","https:\/\/www.instagram.com\/?hl=es-la","https:\/\/x.com\/Ferucha12sierra"],"url":"https:\/\/errr-magazine.com\/english\/author\/ferucha12\/"}]}},"jetpack_featured_media_url":"","jetpack-related-posts":[{"id":154224,"url":"https:\/\/errr-magazine.com\/english\/patrones\/","url_meta":{"origin":161176,"position":0},"title":"Patrones","author":"Sierra Contreras","date":"01\/28\/2019","format":false,"excerpt":"Malditos Patrones. Sin darme cuenta, sigo buscando o estoy siguiendo una l\u00ednea que me lleva a recordarte. Me \"enamor\u00e9\" de alguien \"parecido\" a ti. Usa lentes, tiene braquets, sus pap\u00e1s no saben su orientaci\u00f3n, tiene un sin fin de compromisos escolares, se tarda en responder mis mensajes (lo cu\u00e1l nunca\u2026","rel":"","context":"In &quot;Textos&quot;","block_context":{"text":"Textos","link":"https:\/\/errr-magazine.com\/english\/category\/textos\/"},"img":{"alt_text":"","src":"","width":0,"height":0},"classes":[]},{"id":173224,"url":"https:\/\/errr-magazine.com\/english\/quiero-olvidar-te\/","url_meta":{"origin":161176,"position":1},"title":"I want to forget you","author":"Sierra Contreras","date":"07\/11\/2021","format":false,"excerpt":"Quiero olvidarte. Quiero olvidarte como se me olvidan las llaves Quiero olvidarte como cuando escondes algo para guardarlo y al final olvidas d\u00f3nde lo guardaste. Quiero olvidarte como lo hace un enfermo de Alzheimer olvidando su vida . Quiero olvidarte como olvid\u00f3 enviar un mensaje importante Quiero olvidarte como olvid\u00f3\u2026","rel":"","context":"In &quot;Textos&quot;","block_context":{"text":"Textos","link":"https:\/\/errr-magazine.com\/english\/category\/textos\/"},"img":{"alt_text":"","src":"","width":0,"height":0},"classes":[]},{"id":159613,"url":"https:\/\/errr-magazine.com\/english\/me-cuesta-tanto-olvidarte\/","url_meta":{"origin":161176,"position":2},"title":"Me cuesta tanto olvidarte","author":"Mirindie","date":"05\/24\/2020","format":false,"excerpt":"Hace un a\u00f1o, mis ojos vieron por \u00faltima vez tu rostro; a\u00fan recuerdo tu outfit, tan elegante y punk al mismo tiempo; tu voz tan inconfundible y tu loci\u00f3n tan imborrable; aqu\u00e9l recinto donde justamente nos conocimos por primera vez fue testigo de nuestro \u00faltimo encuentro, \u00a1qu\u00e9 iron\u00eda!, pero fue\u2026","rel":"","context":"In &quot;Textos&quot;","block_context":{"text":"Textos","link":"https:\/\/errr-magazine.com\/english\/category\/textos\/"},"img":{"alt_text":"","src":"","width":0,"height":0},"classes":[]},{"id":157846,"url":"https:\/\/errr-magazine.com\/english\/entre-otras-cosas\/","url_meta":{"origin":161176,"position":3},"title":"Entre otras cosas","author":"Ana Paola Gonz\u00e1lez","date":"04\/21\/2020","format":false,"excerpt":"Unos pocky's. Eso fue lo primero que te regal\u00e9. \u00bfO fue el pizarroncito con peque\u00f1os post-it de colores llenos de gis que se despegaban y manchaban tu ropa? Ya no lo recuerdo. Nos regalamos tanto o tan poco, que empiezan a desvanecerse esos recuerdos; supongo que es normal. T\u00fa tambi\u00e9n\u2026","rel":"","context":"In &quot;Textos&quot;","block_context":{"text":"Textos","link":"https:\/\/errr-magazine.com\/english\/category\/textos\/"},"img":{"alt_text":"","src":"","width":0,"height":0},"classes":[]},{"id":136148,"url":"https:\/\/errr-magazine.com\/english\/la-historia-de-tu-adios\/","url_meta":{"origin":161176,"position":4},"title":"La historia de tu adi\u00f3s","author":"RetoGr","date":"07\/07\/2018","format":false,"excerpt":"Me recuerdo bien el d\u00eda, de la hora no me acuerdo. S\u00e9 que no somos los mismos, que tal vez ya no te siento. Ahora, olvidarte es m\u00e1s sencillo. Es mejor decir adi\u00f3s que permanecer juntos por siempre, nos puede el habla, nos tienta el viento. \u00bfEs correcto decir adi\u00f3s\u2026","rel":"","context":"In &quot;Textos&quot;","block_context":{"text":"Textos","link":"https:\/\/errr-magazine.com\/english\/category\/textos\/"},"img":{"alt_text":"","src":"https:\/\/i0.wp.com\/errr-magazine.com\/wp-content\/uploads\/2018\/07\/tumblr_p8xiqpPjUr1qa2k9co1_1280.jpg?resize=350%2C200&ssl=1","width":350,"height":200,"srcset":"https:\/\/i0.wp.com\/errr-magazine.com\/wp-content\/uploads\/2018\/07\/tumblr_p8xiqpPjUr1qa2k9co1_1280.jpg?resize=350%2C200&ssl=1 1x, https:\/\/i0.wp.com\/errr-magazine.com\/wp-content\/uploads\/2018\/07\/tumblr_p8xiqpPjUr1qa2k9co1_1280.jpg?resize=525%2C300&ssl=1 1.5x, https:\/\/i0.wp.com\/errr-magazine.com\/wp-content\/uploads\/2018\/07\/tumblr_p8xiqpPjUr1qa2k9co1_1280.jpg?resize=700%2C400&ssl=1 2x, https:\/\/i0.wp.com\/errr-magazine.com\/wp-content\/uploads\/2018\/07\/tumblr_p8xiqpPjUr1qa2k9co1_1280.jpg?resize=1050%2C600&ssl=1 3x"},"classes":[]},{"id":139034,"url":"https:\/\/errr-magazine.com\/english\/como-iba-a-saber-que-seria-la-ultima-vez\/","url_meta":{"origin":161176,"position":5},"title":"\u00bfC\u00f3mo iba a saber que ser\u00eda la \u00faltima vez?","author":"Ale Flores","date":"11\/05\/2018","format":false,"excerpt":"Son muy tristes las despedidas, sobre todo cuando la persona no ha muerto; es un duelo distinto pero no menos doloroso. Marie Curie, por ejemplo nunca se imagin\u00f3 que ver\u00eda a su Pierre por \u00faltima vez aquella ma\u00f1ana y que despu\u00e9s estar\u00eda frente a su cuerpo ensangrentando, llorando sin piedad.\u00a0\u2026","rel":"","context":"In &quot;Textos&quot;","block_context":{"text":"Textos","link":"https:\/\/errr-magazine.com\/english\/category\/textos\/"},"img":{"alt_text":"","src":"","width":0,"height":0},"classes":[]}],"jetpack_sharing_enabled":true,"mfb_rest_fields":["title","yoast_head","yoast_head_json","jetpack_featured_media_url","jetpack-related-posts","jetpack_sharing_enabled"],"_links":{"self":[{"href":"https:\/\/errr-magazine.com\/english\/wp-json\/wp\/v2\/posts\/161176","targetHints":{"allow":["GET"]}}],"collection":[{"href":"https:\/\/errr-magazine.com\/english\/wp-json\/wp\/v2\/posts"}],"about":[{"href":"https:\/\/errr-magazine.com\/english\/wp-json\/wp\/v2\/types\/post"}],"author":[{"embeddable":true,"href":"https:\/\/errr-magazine.com\/english\/wp-json\/wp\/v2\/users\/6267"}],"replies":[{"embeddable":true,"href":"https:\/\/errr-magazine.com\/english\/wp-json\/wp\/v2\/comments?post=161176"}],"version-history":[{"count":2,"href":"https:\/\/errr-magazine.com\/english\/wp-json\/wp\/v2\/posts\/161176\/revisions"}],"predecessor-version":[{"id":161687,"href":"https:\/\/errr-magazine.com\/english\/wp-json\/wp\/v2\/posts\/161176\/revisions\/161687"}],"wp:attachment":[{"href":"https:\/\/errr-magazine.com\/english\/wp-json\/wp\/v2\/media?parent=161176"}],"wp:term":[{"taxonomy":"category","embeddable":true,"href":"https:\/\/errr-magazine.com\/english\/wp-json\/wp\/v2\/categories?post=161176"},{"taxonomy":"post_tag","embeddable":true,"href":"https:\/\/errr-magazine.com\/english\/wp-json\/wp\/v2\/tags?post=161176"}],"curies":[{"name":"wp","href":"https:\/\/api.w.org\/{rel}","templated":true}]}}