{"id":159985,"date":"2020-06-06T09:00:13","date_gmt":"2020-06-05T23:00:13","guid":{"rendered":"http:\/\/errr-magazine.com\/?p=159985"},"modified":"2026-06-10T11:13:31","modified_gmt":"2026-06-10T17:13:31","slug":"la-lamentabilidad-de-las-cosas","status":"publish","type":"post","link":"https:\/\/errr-magazine.com\/english\/la-lamentabilidad-de-las-cosas\/","title":{"rendered":"La lamentabilidad de las cosas"},"content":{"rendered":"<p>Al parecer tengo problemas para concentrarme. Desde hace mucho tiempo sab\u00eda que era algo normal, pero, parece ser que cada vez me cuesta m\u00e1s y m\u00e1s. Ya no recuerdo cu\u00e1ndo fue la \u00faltima vez que tuve un solo pensamiento en la cabeza. Es dif\u00edcil.<\/p>\n<p>Justo ahora estoy escuchando una canci\u00f3n que me hace pensar en ella y en lo que vimos juntas, escucho algo que cruje en silencio, pero, sigo sin saber que sea. A veces pienso que es mi coraz\u00f3n y todas las convicciones e ideales que traigo cargando en \u00e9l. Es trist\u00edsimo y me pongo a pensar en todo lo que me ha pasado.<\/p>\n<p>La tristeza no es m\u00e1s que otra debilidad que acosa el alma, es una manera de derrotarme a veces. Triste nunca pienso claro, pero, al parecer es muy genial ser triste. Y como en todo: maldici\u00f3n y bendici\u00f3n.<\/p>\n<p>Divago mucho porque estoy segura que deben haber personas iguales a m\u00ed que tal vez s\u00ed lleguen al final del escrito. Quiero que alguien llegue al final del escrito. Ya no s\u00e9 muy bien que hago y la cuarentena me ha proporcionado material infinito para mi actuar y pensar. S\u00e9 que debe de ser dif\u00edcil lo que digo si nunca te has puesto en los zapatos del otro.<\/p>\n<p>Casi nunca hablo de c\u00f3mo me siento y de alguna manera, es perjudicial. Amo escribir, pero, tambi\u00e9n amo mis experiencias, el problema es que nunca salen. Cuando escribo siento que suena cada vez peor y es frustrante. Quiero hablarlo todo.<\/p>\n<p>No conecto muy bien con los dem\u00e1s y es en parte porque el tipo de persona que soy: triste, solitaria, arrogante y de enormes sentimientos. La parte m\u00e1s dif\u00edcil es sentir c\u00f3mo los dem\u00e1s no pueden sentir y al mismo tiempo es la parte m\u00e1s bonita, me gusta sentir de manera diferente. He ah\u00ed el problema de ser artista.<\/p>\n<p>Al igual que como en la pel\u00edcula que vi hace dos noches, la lamentabilidad de las cosas es siempre que el tiempo nunca se detiene y entre m\u00e1s triste soy, menos tiempo me queda porque ya no s\u00e9 que es exactamente el vivir.<\/p>\n<p>Es mejor arder que apagarse.<\/p>\n<p>Photography by <a href=\"https:\/\/www.flickr.com\/photos\/auspices\/\">Richard P J Lambert<\/a><\/p>","protected":false},"excerpt":{"rendered":"<p>Al parecer tengo problemas para concentrarme. Desde hace mucho tiempo sab\u00eda que era algo normal, pero, parece ser que cada vez me cuesta m\u00e1s y m\u00e1s. Ya no recuerdo cu\u00e1ndo fue la \u00faltima vez que tuve un solo pensamiento en la cabeza. Es dif\u00edcil. Justo ahora estoy escuchando una canci\u00f3n que me hace pensar en [&hellip;]<\/p>\n","protected":false},"author":6571,"featured_media":0,"comment_status":"closed","ping_status":"closed","sticky":false,"template":"","format":"standard","meta":{"_acf_changed":false,"cybocfi_hide_featured_image":"","_jetpack_feature_clip_id":0,"_jetpack_memberships_contains_paid_content":false,"footnotes":""},"categories":[17385],"tags":[],"class_list":["post-159985","post","type-post","status-publish","format-standard","hentry","category-writing"],"acf":[],"mb":[],"yoast_head":"<!-- This site is optimized with the Yoast SEO plugin v28.4 - https:\/\/yoast.com\/product\/yoast-seo-wordpress\/ -->\n<title>La lamentabilidad de las cosas - ERRR MAGAZINE<\/title>\n<meta name=\"robots\" content=\"index, follow, max-snippet:-1, max-image-preview:large, max-video-preview:-1\" \/>\n<link rel=\"canonical\" href=\"https:\/\/errr-magazine.com\/english\/la-lamentabilidad-de-las-cosas\/\" \/>\n<meta property=\"og:locale\" content=\"en_US\" \/>\n<meta property=\"og:type\" content=\"article\" \/>\n<meta property=\"og:title\" content=\"La lamentabilidad de las cosas - ERRR MAGAZINE\" \/>\n<meta property=\"og:description\" content=\"Al parecer tengo problemas para concentrarme. Desde hace mucho tiempo sab\u00eda que era algo normal, pero, parece ser que cada vez me cuesta m\u00e1s y m\u00e1s. Ya no recuerdo cu\u00e1ndo fue la \u00faltima vez que tuve un solo pensamiento en la cabeza. Es dif\u00edcil. Justo ahora estoy escuchando una canci\u00f3n que me hace pensar en [&hellip;]\" \/>\n<meta property=\"og:url\" content=\"https:\/\/errr-magazine.com\/english\/la-lamentabilidad-de-las-cosas\/\" \/>\n<meta property=\"og:site_name\" content=\"ERRR MAGAZINE\" \/>\n<meta property=\"article:published_time\" content=\"2020-06-05T23:00:13+00:00\" \/>\n<meta property=\"article:modified_time\" content=\"2026-06-10T17:13:31+00:00\" \/>\n<meta name=\"author\" content=\"jyakkura\" \/>\n<meta name=\"twitter:card\" content=\"summary_large_image\" \/>\n<meta name=\"twitter:label1\" content=\"Written by\" \/>\n\t<meta name=\"twitter:data1\" content=\"jyakkura\" \/>\n\t<meta name=\"twitter:label2\" content=\"Est. reading time\" \/>\n\t<meta name=\"twitter:data2\" content=\"2 minutes\" \/>\n<script type=\"application\/ld+json\" class=\"yoast-schema-graph\">{\"@context\":\"https:\\\/\\\/schema.org\",\"@graph\":[{\"@type\":\"Article\",\"@id\":\"https:\\\/\\\/errr-magazine.com\\\/la-lamentabilidad-de-las-cosas\\\/#article\",\"isPartOf\":{\"@id\":\"https:\\\/\\\/errr-magazine.com\\\/la-lamentabilidad-de-las-cosas\\\/\"},\"author\":{\"name\":\"jyakkura\",\"@id\":\"https:\\\/\\\/errr-magazine.com\\\/#\\\/schema\\\/person\\\/2c16033182fd6ff01ec0543627915668\"},\"headline\":\"La lamentabilidad de las cosas\",\"datePublished\":\"2020-06-05T23:00:13+00:00\",\"dateModified\":\"2026-06-10T17:13:31+00:00\",\"mainEntityOfPage\":{\"@id\":\"https:\\\/\\\/errr-magazine.com\\\/la-lamentabilidad-de-las-cosas\\\/\"},\"wordCount\":393,\"articleSection\":[\"Writing\"],\"inLanguage\":\"en-US\"},{\"@type\":\"WebPage\",\"@id\":\"https:\\\/\\\/errr-magazine.com\\\/la-lamentabilidad-de-las-cosas\\\/\",\"url\":\"https:\\\/\\\/errr-magazine.com\\\/la-lamentabilidad-de-las-cosas\\\/\",\"name\":\"La lamentabilidad de las cosas - ERRR MAGAZINE\",\"isPartOf\":{\"@id\":\"https:\\\/\\\/errr-magazine.com\\\/#website\"},\"datePublished\":\"2020-06-05T23:00:13+00:00\",\"dateModified\":\"2026-06-10T17:13:31+00:00\",\"author\":{\"@id\":\"https:\\\/\\\/errr-magazine.com\\\/#\\\/schema\\\/person\\\/2c16033182fd6ff01ec0543627915668\"},\"breadcrumb\":{\"@id\":\"https:\\\/\\\/errr-magazine.com\\\/la-lamentabilidad-de-las-cosas\\\/#breadcrumb\"},\"inLanguage\":\"en-US\",\"potentialAction\":[{\"@type\":\"ReadAction\",\"target\":[\"https:\\\/\\\/errr-magazine.com\\\/la-lamentabilidad-de-las-cosas\\\/\"]}]},{\"@type\":\"BreadcrumbList\",\"@id\":\"https:\\\/\\\/errr-magazine.com\\\/la-lamentabilidad-de-las-cosas\\\/#breadcrumb\",\"itemListElement\":[{\"@type\":\"ListItem\",\"position\":1,\"name\":\"Portada\",\"item\":\"https:\\\/\\\/errr-magazine.com\\\/\"},{\"@type\":\"ListItem\",\"position\":2,\"name\":\"La lamentabilidad de las cosas\"}]},{\"@type\":\"WebSite\",\"@id\":\"https:\\\/\\\/errr-magazine.com\\\/#website\",\"url\":\"https:\\\/\\\/errr-magazine.com\\\/\",\"name\":\"ERRR MAGAZINE\",\"description\":\"\",\"potentialAction\":[{\"@type\":\"SearchAction\",\"target\":{\"@type\":\"EntryPoint\",\"urlTemplate\":\"https:\\\/\\\/errr-magazine.com\\\/?s={search_term_string}\"},\"query-input\":{\"@type\":\"PropertyValueSpecification\",\"valueRequired\":true,\"valueName\":\"search_term_string\"}}],\"inLanguage\":\"en-US\"},{\"@type\":\"Person\",\"@id\":\"https:\\\/\\\/errr-magazine.com\\\/#\\\/schema\\\/person\\\/2c16033182fd6ff01ec0543627915668\",\"name\":\"jyakkura\",\"image\":{\"@type\":\"ImageObject\",\"inLanguage\":\"en-US\",\"@id\":\"https:\\\/\\\/secure.gravatar.com\\\/avatar\\\/471567b281b9bc7a598e796ca99208918338a881896619ac297d61deda58b402?s=96&d=identicon&r=g\",\"url\":\"https:\\\/\\\/secure.gravatar.com\\\/avatar\\\/471567b281b9bc7a598e796ca99208918338a881896619ac297d61deda58b402?s=96&d=identicon&r=g\",\"contentUrl\":\"https:\\\/\\\/secure.gravatar.com\\\/avatar\\\/471567b281b9bc7a598e796ca99208918338a881896619ac297d61deda58b402?s=96&d=identicon&r=g\",\"caption\":\"jyakkura\"},\"description\":\"Buena conversadora. Escritora de piernas largas.\",\"sameAs\":[\"https:\\\/\\\/www.facebook.com\\\/jyakkura\"],\"url\":\"https:\\\/\\\/errr-magazine.com\\\/english\\\/author\\\/jyakkura\\\/\"}]}<\/script>\n<!-- \/ Yoast SEO plugin. -->","yoast_head_json":{"title":"La lamentabilidad de las cosas - ERRR MAGAZINE","robots":{"index":"index","follow":"follow","max-snippet":"max-snippet:-1","max-image-preview":"max-image-preview:large","max-video-preview":"max-video-preview:-1"},"canonical":"https:\/\/errr-magazine.com\/english\/la-lamentabilidad-de-las-cosas\/","og_locale":"en_US","og_type":"article","og_title":"La lamentabilidad de las cosas - ERRR MAGAZINE","og_description":"Al parecer tengo problemas para concentrarme. Desde hace mucho tiempo sab\u00eda que era algo normal, pero, parece ser que cada vez me cuesta m\u00e1s y m\u00e1s. Ya no recuerdo cu\u00e1ndo fue la \u00faltima vez que tuve un solo pensamiento en la cabeza. Es dif\u00edcil. Justo ahora estoy escuchando una canci\u00f3n que me hace pensar en [&hellip;]","og_url":"https:\/\/errr-magazine.com\/english\/la-lamentabilidad-de-las-cosas\/","og_site_name":"ERRR MAGAZINE","article_published_time":"2020-06-05T23:00:13+00:00","article_modified_time":"2026-06-10T17:13:31+00:00","author":"jyakkura","twitter_card":"summary_large_image","twitter_misc":{"Written by":"jyakkura","Est. reading time":"2 minutes"},"schema":{"@context":"https:\/\/schema.org","@graph":[{"@type":"Article","@id":"https:\/\/errr-magazine.com\/la-lamentabilidad-de-las-cosas\/#article","isPartOf":{"@id":"https:\/\/errr-magazine.com\/la-lamentabilidad-de-las-cosas\/"},"author":{"name":"jyakkura","@id":"https:\/\/errr-magazine.com\/#\/schema\/person\/2c16033182fd6ff01ec0543627915668"},"headline":"La lamentabilidad de las cosas","datePublished":"2020-06-05T23:00:13+00:00","dateModified":"2026-06-10T17:13:31+00:00","mainEntityOfPage":{"@id":"https:\/\/errr-magazine.com\/la-lamentabilidad-de-las-cosas\/"},"wordCount":393,"articleSection":["Writing"],"inLanguage":"en-US"},{"@type":"WebPage","@id":"https:\/\/errr-magazine.com\/la-lamentabilidad-de-las-cosas\/","url":"https:\/\/errr-magazine.com\/la-lamentabilidad-de-las-cosas\/","name":"La lamentabilidad de las cosas - ERRR MAGAZINE","isPartOf":{"@id":"https:\/\/errr-magazine.com\/#website"},"datePublished":"2020-06-05T23:00:13+00:00","dateModified":"2026-06-10T17:13:31+00:00","author":{"@id":"https:\/\/errr-magazine.com\/#\/schema\/person\/2c16033182fd6ff01ec0543627915668"},"breadcrumb":{"@id":"https:\/\/errr-magazine.com\/la-lamentabilidad-de-las-cosas\/#breadcrumb"},"inLanguage":"en-US","potentialAction":[{"@type":"ReadAction","target":["https:\/\/errr-magazine.com\/la-lamentabilidad-de-las-cosas\/"]}]},{"@type":"BreadcrumbList","@id":"https:\/\/errr-magazine.com\/la-lamentabilidad-de-las-cosas\/#breadcrumb","itemListElement":[{"@type":"ListItem","position":1,"name":"Portada","item":"https:\/\/errr-magazine.com\/"},{"@type":"ListItem","position":2,"name":"La lamentabilidad de las cosas"}]},{"@type":"WebSite","@id":"https:\/\/errr-magazine.com\/#website","url":"https:\/\/errr-magazine.com\/","name":"ERRR MAGAZINE","description":"","potentialAction":[{"@type":"SearchAction","target":{"@type":"EntryPoint","urlTemplate":"https:\/\/errr-magazine.com\/?s={search_term_string}"},"query-input":{"@type":"PropertyValueSpecification","valueRequired":true,"valueName":"search_term_string"}}],"inLanguage":"en-US"},{"@type":"Person","@id":"https:\/\/errr-magazine.com\/#\/schema\/person\/2c16033182fd6ff01ec0543627915668","name":"jyakkura","image":{"@type":"ImageObject","inLanguage":"en-US","@id":"https:\/\/secure.gravatar.com\/avatar\/471567b281b9bc7a598e796ca99208918338a881896619ac297d61deda58b402?s=96&d=identicon&r=g","url":"https:\/\/secure.gravatar.com\/avatar\/471567b281b9bc7a598e796ca99208918338a881896619ac297d61deda58b402?s=96&d=identicon&r=g","contentUrl":"https:\/\/secure.gravatar.com\/avatar\/471567b281b9bc7a598e796ca99208918338a881896619ac297d61deda58b402?s=96&d=identicon&r=g","caption":"jyakkura"},"description":"Good conversationalist. Long-legged writer.","sameAs":["https:\/\/www.facebook.com\/jyakkura"],"url":"https:\/\/errr-magazine.com\/english\/author\/jyakkura\/"}]}},"jetpack_sharing_enabled":true,"jetpack_featured_media_url":"","mfb_rest_fields":["title","yoast_head","yoast_head_json","jetpack_sharing_enabled","jetpack_featured_media_url"],"_links":{"self":[{"href":"https:\/\/errr-magazine.com\/english\/wp-json\/wp\/v2\/posts\/159985","targetHints":{"allow":["GET"]}}],"collection":[{"href":"https:\/\/errr-magazine.com\/english\/wp-json\/wp\/v2\/posts"}],"about":[{"href":"https:\/\/errr-magazine.com\/english\/wp-json\/wp\/v2\/types\/post"}],"author":[{"embeddable":true,"href":"https:\/\/errr-magazine.com\/english\/wp-json\/wp\/v2\/users\/6571"}],"replies":[{"embeddable":true,"href":"https:\/\/errr-magazine.com\/english\/wp-json\/wp\/v2\/comments?post=159985"}],"version-history":[{"count":3,"href":"https:\/\/errr-magazine.com\/english\/wp-json\/wp\/v2\/posts\/159985\/revisions"}],"predecessor-version":[{"id":160201,"href":"https:\/\/errr-magazine.com\/english\/wp-json\/wp\/v2\/posts\/159985\/revisions\/160201"}],"wp:attachment":[{"href":"https:\/\/errr-magazine.com\/english\/wp-json\/wp\/v2\/media?parent=159985"}],"wp:term":[{"taxonomy":"category","embeddable":true,"href":"https:\/\/errr-magazine.com\/english\/wp-json\/wp\/v2\/categories?post=159985"},{"taxonomy":"post_tag","embeddable":true,"href":"https:\/\/errr-magazine.com\/english\/wp-json\/wp\/v2\/tags?post=159985"}],"curies":[{"name":"wp","href":"https:\/\/api.w.org\/{rel}","templated":true}]}}