{"id":159853,"date":"2020-06-06T08:26:55","date_gmt":"2020-06-05T22:26:55","guid":{"rendered":"http:\/\/errr-magazine.com\/?p=159853"},"modified":"2022-08-31T00:13:33","modified_gmt":"2022-08-31T05:13:33","slug":"cuarentena","status":"publish","type":"post","link":"https:\/\/errr-magazine.com\/english\/cuarentena\/","title":{"rendered":"Cuarentena"},"content":{"rendered":"<p>Preso entre paredes, preso del tiempo, preso de la inercia, me da por pensar; pienso en todas las veces que no hice lo suficiente, en todos los momentos que dej\u00e9 pasar, en todos los te amo que no termin\u00e9 de demostrar.<\/p>\n<p>Viendo pasar el mundo, pienso en c\u00f3mo \u00e9ste puede terminar de un momento a otro sin dejar huella; y por absurdo que pueda parecer, lo \u00fanico que ocupa mi cabeza en todo momento es ella.<\/p>\n<p>Estaba seguro de que toda una vida no ser\u00eda suficiente para poder retribuir todo el amor que de ella recib\u00ed; estaba seguro de que mi vida ahora se resum\u00eda a los momentos que junto a ella viv\u00ed.<\/p>\n<p>Mientras avanza el tiempo y se estanca la vida, recuerdo los d\u00edas y las risas que me ha regalado; mientras me hago viejo entre estas paredes he llegado a la conclusi\u00f3n de que el final de mis d\u00edas quiero vivirlo a su lado.<\/p>\n<p>A\u00fan queda mucho por ver, mucho por demostrar y querer, mucho amor que dar y absolutamente nada qu\u00e9 perder.<\/p>\n<p>Photography by <a href=\"https:\/\/www.flickr.com\/photos\/asketoner\/\">asketoner<\/a><\/p>","protected":false},"excerpt":{"rendered":"<p>Preso entre paredes, preso del tiempo, preso de la inercia, me da por pensar; pienso en todas las veces que no hice lo suficiente, en todos los momentos que dej\u00e9 pasar, en todos los te amo que no termin\u00e9 de demostrar. Viendo pasar el mundo, pienso en c\u00f3mo \u00e9ste puede terminar de un momento a [&hellip;]<\/p>\n","protected":false},"author":7158,"featured_media":0,"comment_status":"closed","ping_status":"closed","sticky":false,"template":"","format":"standard","meta":{"_acf_changed":false,"cybocfi_hide_featured_image":"","_jetpack_memberships_contains_paid_content":false,"footnotes":""},"categories":[7997],"tags":[6003],"class_list":["post-159853","post","type-post","status-publish","format-standard","hentry","category-textos","tag-dias"],"acf":[],"mb":[],"yoast_head":"<!-- This site is optimized with the Yoast SEO plugin v27.2 - https:\/\/yoast.com\/product\/yoast-seo-wordpress\/ -->\n<title>Cuarentena - ERRR MAGAZINE<\/title>\n<meta name=\"robots\" content=\"index, follow, max-snippet:-1, max-image-preview:large, max-video-preview:-1\" \/>\n<link rel=\"canonical\" href=\"https:\/\/errr-magazine.com\/english\/cuarentena\/\" \/>\n<meta property=\"og:locale\" content=\"en_US\" \/>\n<meta property=\"og:type\" content=\"article\" \/>\n<meta property=\"og:title\" content=\"Cuarentena - ERRR MAGAZINE\" \/>\n<meta property=\"og:description\" content=\"Preso entre paredes, preso del tiempo, preso de la inercia, me da por pensar; pienso en todas las veces que no hice lo suficiente, en todos los momentos que dej\u00e9 pasar, en todos los te amo que no termin\u00e9 de demostrar. Viendo pasar el mundo, pienso en c\u00f3mo \u00e9ste puede terminar de un momento a [&hellip;]\" \/>\n<meta property=\"og:url\" content=\"https:\/\/errr-magazine.com\/english\/cuarentena\/\" \/>\n<meta property=\"og:site_name\" content=\"ERRR MAGAZINE\" \/>\n<meta property=\"article:published_time\" content=\"2020-06-05T22:26:55+00:00\" \/>\n<meta property=\"article:modified_time\" content=\"2022-08-31T05:13:33+00:00\" \/>\n<meta name=\"author\" content=\"Aldo Serna Ram\u00edrez\" \/>\n<meta name=\"twitter:card\" content=\"summary_large_image\" \/>\n<meta name=\"twitter:label1\" content=\"Written by\" \/>\n\t<meta name=\"twitter:data1\" content=\"Aldo Serna Ram\u00edrez\" \/>\n\t<meta name=\"twitter:label2\" content=\"Est. reading time\" \/>\n\t<meta name=\"twitter:data2\" content=\"1 minute\" \/>\n<script type=\"application\/ld+json\" class=\"yoast-schema-graph\">{\"@context\":\"https:\/\/schema.org\",\"@graph\":[{\"@type\":\"Article\",\"@id\":\"https:\/\/errr-magazine.com\/cuarentena\/#article\",\"isPartOf\":{\"@id\":\"https:\/\/errr-magazine.com\/cuarentena\/\"},\"author\":{\"name\":\"Aldo Serna Ram\u00edrez\",\"@id\":\"https:\/\/errr-magazine.com\/#\/schema\/person\/9243c8e9e00106a5876bee57174484ce\"},\"headline\":\"Cuarentena\",\"datePublished\":\"2020-06-05T22:26:55+00:00\",\"dateModified\":\"2022-08-31T05:13:33+00:00\",\"mainEntityOfPage\":{\"@id\":\"https:\/\/errr-magazine.com\/cuarentena\/\"},\"wordCount\":187,\"keywords\":[\"dias\"],\"articleSection\":[\"Textos\"],\"inLanguage\":\"en-US\"},{\"@type\":\"WebPage\",\"@id\":\"https:\/\/errr-magazine.com\/cuarentena\/\",\"url\":\"https:\/\/errr-magazine.com\/cuarentena\/\",\"name\":\"Cuarentena - ERRR MAGAZINE\",\"isPartOf\":{\"@id\":\"https:\/\/errr-magazine.com\/#website\"},\"datePublished\":\"2020-06-05T22:26:55+00:00\",\"dateModified\":\"2022-08-31T05:13:33+00:00\",\"author\":{\"@id\":\"https:\/\/errr-magazine.com\/#\/schema\/person\/9243c8e9e00106a5876bee57174484ce\"},\"breadcrumb\":{\"@id\":\"https:\/\/errr-magazine.com\/cuarentena\/#breadcrumb\"},\"inLanguage\":\"en-US\",\"potentialAction\":[{\"@type\":\"ReadAction\",\"target\":[\"https:\/\/errr-magazine.com\/cuarentena\/\"]}]},{\"@type\":\"BreadcrumbList\",\"@id\":\"https:\/\/errr-magazine.com\/cuarentena\/#breadcrumb\",\"itemListElement\":[{\"@type\":\"ListItem\",\"position\":1,\"name\":\"Portada\",\"item\":\"https:\/\/errr-magazine.com\/\"},{\"@type\":\"ListItem\",\"position\":2,\"name\":\"Cuarentena\"}]},{\"@type\":\"WebSite\",\"@id\":\"https:\/\/errr-magazine.com\/#website\",\"url\":\"https:\/\/errr-magazine.com\/\",\"name\":\"ERRR MAGAZINE\",\"description\":\"\",\"potentialAction\":[{\"@type\":\"SearchAction\",\"target\":{\"@type\":\"EntryPoint\",\"urlTemplate\":\"https:\/\/errr-magazine.com\/?s={search_term_string}\"},\"query-input\":{\"@type\":\"PropertyValueSpecification\",\"valueRequired\":true,\"valueName\":\"search_term_string\"}}],\"inLanguage\":\"en-US\"},{\"@type\":\"Person\",\"@id\":\"https:\/\/errr-magazine.com\/#\/schema\/person\/9243c8e9e00106a5876bee57174484ce\",\"name\":\"Aldo Serna Ram\u00edrez\",\"image\":{\"@type\":\"ImageObject\",\"inLanguage\":\"en-US\",\"@id\":\"https:\/\/secure.gravatar.com\/avatar\/4565f11a92d5657f72a345a9acc90aef117f70d52eb7a224973db36f14dfd344?s=96&d=identicon&r=g\",\"url\":\"https:\/\/secure.gravatar.com\/avatar\/4565f11a92d5657f72a345a9acc90aef117f70d52eb7a224973db36f14dfd344?s=96&d=identicon&r=g\",\"contentUrl\":\"https:\/\/secure.gravatar.com\/avatar\/4565f11a92d5657f72a345a9acc90aef117f70d52eb7a224973db36f14dfd344?s=96&d=identicon&r=g\",\"caption\":\"Aldo Serna Ram\u00edrez\"},\"description\":\"Viendo pasar los d\u00edas y a la vida quedar en pausa.\",\"sameAs\":[\"https:\/\/www.instagram.com\/aldointentandoescribir\/\"],\"url\":\"https:\/\/errr-magazine.com\/english\/author\/a-serna-rmz\/\"}]}<\/script>\n<!-- \/ Yoast SEO plugin. -->","yoast_head_json":{"title":"Cuarentena - ERRR MAGAZINE","robots":{"index":"index","follow":"follow","max-snippet":"max-snippet:-1","max-image-preview":"max-image-preview:large","max-video-preview":"max-video-preview:-1"},"canonical":"https:\/\/errr-magazine.com\/english\/cuarentena\/","og_locale":"en_US","og_type":"article","og_title":"Cuarentena - ERRR MAGAZINE","og_description":"Preso entre paredes, preso del tiempo, preso de la inercia, me da por pensar; pienso en todas las veces que no hice lo suficiente, en todos los momentos que dej\u00e9 pasar, en todos los te amo que no termin\u00e9 de demostrar. Viendo pasar el mundo, pienso en c\u00f3mo \u00e9ste puede terminar de un momento a [&hellip;]","og_url":"https:\/\/errr-magazine.com\/english\/cuarentena\/","og_site_name":"ERRR MAGAZINE","article_published_time":"2020-06-05T22:26:55+00:00","article_modified_time":"2022-08-31T05:13:33+00:00","author":"Aldo Serna Ram\u00edrez","twitter_card":"summary_large_image","twitter_misc":{"Written by":"Aldo Serna Ram\u00edrez","Est. reading time":"1 minute"},"schema":{"@context":"https:\/\/schema.org","@graph":[{"@type":"Article","@id":"https:\/\/errr-magazine.com\/cuarentena\/#article","isPartOf":{"@id":"https:\/\/errr-magazine.com\/cuarentena\/"},"author":{"name":"Aldo Serna Ram\u00edrez","@id":"https:\/\/errr-magazine.com\/#\/schema\/person\/9243c8e9e00106a5876bee57174484ce"},"headline":"Cuarentena","datePublished":"2020-06-05T22:26:55+00:00","dateModified":"2022-08-31T05:13:33+00:00","mainEntityOfPage":{"@id":"https:\/\/errr-magazine.com\/cuarentena\/"},"wordCount":187,"keywords":["dias"],"articleSection":["Textos"],"inLanguage":"en-US"},{"@type":"WebPage","@id":"https:\/\/errr-magazine.com\/cuarentena\/","url":"https:\/\/errr-magazine.com\/cuarentena\/","name":"Cuarentena - ERRR MAGAZINE","isPartOf":{"@id":"https:\/\/errr-magazine.com\/#website"},"datePublished":"2020-06-05T22:26:55+00:00","dateModified":"2022-08-31T05:13:33+00:00","author":{"@id":"https:\/\/errr-magazine.com\/#\/schema\/person\/9243c8e9e00106a5876bee57174484ce"},"breadcrumb":{"@id":"https:\/\/errr-magazine.com\/cuarentena\/#breadcrumb"},"inLanguage":"en-US","potentialAction":[{"@type":"ReadAction","target":["https:\/\/errr-magazine.com\/cuarentena\/"]}]},{"@type":"BreadcrumbList","@id":"https:\/\/errr-magazine.com\/cuarentena\/#breadcrumb","itemListElement":[{"@type":"ListItem","position":1,"name":"Portada","item":"https:\/\/errr-magazine.com\/"},{"@type":"ListItem","position":2,"name":"Cuarentena"}]},{"@type":"WebSite","@id":"https:\/\/errr-magazine.com\/#website","url":"https:\/\/errr-magazine.com\/","name":"ERRR MAGAZINE","description":"","potentialAction":[{"@type":"SearchAction","target":{"@type":"EntryPoint","urlTemplate":"https:\/\/errr-magazine.com\/?s={search_term_string}"},"query-input":{"@type":"PropertyValueSpecification","valueRequired":true,"valueName":"search_term_string"}}],"inLanguage":"en-US"},{"@type":"Person","@id":"https:\/\/errr-magazine.com\/#\/schema\/person\/9243c8e9e00106a5876bee57174484ce","name":"Aldo Serna Ramirez","image":{"@type":"ImageObject","inLanguage":"en-US","@id":"https:\/\/secure.gravatar.com\/avatar\/4565f11a92d5657f72a345a9acc90aef117f70d52eb7a224973db36f14dfd344?s=96&d=identicon&r=g","url":"https:\/\/secure.gravatar.com\/avatar\/4565f11a92d5657f72a345a9acc90aef117f70d52eb7a224973db36f14dfd344?s=96&d=identicon&r=g","contentUrl":"https:\/\/secure.gravatar.com\/avatar\/4565f11a92d5657f72a345a9acc90aef117f70d52eb7a224973db36f14dfd344?s=96&d=identicon&r=g","caption":"Aldo Serna Ram\u00edrez"},"description":"Watching the days go by and life come to a pause.","sameAs":["https:\/\/www.instagram.com\/aldointentandoescribir\/"],"url":"https:\/\/errr-magazine.com\/english\/author\/a-serna-rmz\/"}]}},"jetpack_featured_media_url":"","jetpack-related-posts":[{"id":141314,"url":"https:\/\/errr-magazine.com\/english\/adios-a-nuestra-historia\/","url_meta":{"origin":159853,"position":0},"title":"Farewell to our history.","author":"Juan P Medina M","date":"03\/05\/2019","format":false,"excerpt":"Todo aquello que necesit\u00e1bamos era un adi\u00f3s. El ultimo abrazo, el ultimo beso, la ultima sonrisa que pude sacarte mientras sujetaba tu mano y te dec\u00eda lo hermosas que se ve\u00edan juntas. Todo aquello que se fue acabando era el peque\u00f1o camino para darnos el adi\u00f3s que no necesitabamos en\u2026","rel":"","context":"In &quot;Textos&quot;","block_context":{"text":"Textos","link":"https:\/\/errr-magazine.com\/english\/category\/textos\/"},"img":{"alt_text":"","src":"https:\/\/i0.wp.com\/errr-magazine.com\/wp-content\/uploads\/2019\/02\/22006826239_0e1055ffd8_o.jpg?resize=350%2C200&ssl=1","width":350,"height":200,"srcset":"https:\/\/i0.wp.com\/errr-magazine.com\/wp-content\/uploads\/2019\/02\/22006826239_0e1055ffd8_o.jpg?resize=350%2C200&ssl=1 1x, https:\/\/i0.wp.com\/errr-magazine.com\/wp-content\/uploads\/2019\/02\/22006826239_0e1055ffd8_o.jpg?resize=525%2C300&ssl=1 1.5x, https:\/\/i0.wp.com\/errr-magazine.com\/wp-content\/uploads\/2019\/02\/22006826239_0e1055ffd8_o.jpg?resize=700%2C400&ssl=1 2x"},"classes":[]},{"id":129520,"url":"https:\/\/errr-magazine.com\/english\/ayer\/","url_meta":{"origin":159853,"position":1},"title":"Ayer&#8230;","author":"Charlie","date":"03\/14\/2018","format":false,"excerpt":"Ayer, me dijo que terminar\u00eda con su vida. Se desped\u00eda de mi, pero entre lagrimas me dec\u00eda que no quer\u00eda dejarme, que yo era lo \u00fanico que la hacia quedarse en este mundo, que para ella era ya una mierda. Desde ayer odio la palabra tiempo, cada vez que la\u2026","rel":"","context":"In &quot;Textos&quot;","block_context":{"text":"Textos","link":"https:\/\/errr-magazine.com\/english\/category\/textos\/"},"img":{"alt_text":"","src":"","width":0,"height":0},"classes":[]},{"id":127629,"url":"https:\/\/errr-magazine.com\/english\/algunas-noches-en-mi-cama\/","url_meta":{"origin":159853,"position":2},"title":"Algunas noches en mi cama","author":"Alejandro Liscano","date":"01\/19\/2018","format":false,"excerpt":"Vi\u00e9ndola con sus pies levantados, apoyados al marco de la ventana le digo que esta hermosa. Ella sonr\u00ede, mueve los delicados dedos de sus pies como si jugara con ellos y me regala una sonrisa coqueta. Sus dedos, sensualmente pintados de un rojo carmes\u00ed que resalta su piel morena generan\u2026","rel":"","context":"In &quot;Textos&quot;","block_context":{"text":"Textos","link":"https:\/\/errr-magazine.com\/english\/category\/textos\/"},"img":{"alt_text":"","src":"","width":0,"height":0},"classes":[]},{"id":166452,"url":"https:\/\/errr-magazine.com\/english\/la-logica-de-las-moscas\/","url_meta":{"origin":159853,"position":3},"title":"La l\u00f3gica de las moscas","author":"Mariano A.","date":"02\/08\/2021","format":false,"excerpt":"Todas las palabras est\u00e1n escritas, ya se han utilizado, no hay algo que se pueda agregar. No armes un esc\u00e1ndalo pero quiero verte, quiero estar cerca de ti, aunque ambos sabemos que s\u00f3lo queremos usar nuestros cuerpos y no nuestras almas. Todas las se\u00f1ales son con doble sentido para que\u2026","rel":"","context":"In &quot;Textos&quot;","block_context":{"text":"Textos","link":"https:\/\/errr-magazine.com\/english\/category\/textos\/"},"img":{"alt_text":"","src":"https:\/\/i0.wp.com\/errr-magazine.com\/wp-content\/uploads\/2021\/02\/15013550663_7a7d2ba5cf_o.jpg?resize=350%2C200&ssl=1","width":350,"height":200,"srcset":"https:\/\/i0.wp.com\/errr-magazine.com\/wp-content\/uploads\/2021\/02\/15013550663_7a7d2ba5cf_o.jpg?resize=350%2C200&ssl=1 1x, https:\/\/i0.wp.com\/errr-magazine.com\/wp-content\/uploads\/2021\/02\/15013550663_7a7d2ba5cf_o.jpg?resize=525%2C300&ssl=1 1.5x, https:\/\/i0.wp.com\/errr-magazine.com\/wp-content\/uploads\/2021\/02\/15013550663_7a7d2ba5cf_o.jpg?resize=700%2C400&ssl=1 2x, https:\/\/i0.wp.com\/errr-magazine.com\/wp-content\/uploads\/2021\/02\/15013550663_7a7d2ba5cf_o.jpg?resize=1050%2C600&ssl=1 3x, https:\/\/i0.wp.com\/errr-magazine.com\/wp-content\/uploads\/2021\/02\/15013550663_7a7d2ba5cf_o.jpg?resize=1400%2C800&ssl=1 4x"},"classes":[]},{"id":152011,"url":"https:\/\/errr-magazine.com\/english\/me-falto-darte-mas-de-mi\/","url_meta":{"origin":159853,"position":4},"title":"Me falt\u00f3 darte m\u00e1s de m\u00ed","author":"Emmanuel Le\u00f3n","date":"02\/06\/2020","format":false,"excerpt":"Hoy 18 de marzo de 2019 a una semana de no hablar contigo y no saber nada de tu vida, me pongo a reflexionar sobre lo que pas\u00f3, en los hubiera y tantas posibilidades, pero esta realidad nos toc\u00f3 vivir, no puedo dormir y como de costumbre checo redes sociales\u2026","rel":"","context":"In &quot;Textos&quot;","block_context":{"text":"Textos","link":"https:\/\/errr-magazine.com\/english\/category\/textos\/"},"img":{"alt_text":"","src":"","width":0,"height":0},"classes":[]},{"id":140022,"url":"https:\/\/errr-magazine.com\/english\/sombras-que-iluminan\/","url_meta":{"origin":159853,"position":5},"title":"Sombras que iluminan","author":"Celeste Garza","date":"12\/13\/2018","format":false,"excerpt":"El titulo no tiene ning\u00fan sentido tampoco los anteriores d\u00edas lo han tenido, quiz\u00e1s a causa de mis vagos recuerdos. Ha sido como un viaje en drogas, aunque dios sabe que estoy limpio; Sin embargo mi memoria no da para m\u00e1s. Dejando de lado explicaciones iniciare con los hechos. Caminaba\u2026","rel":"","context":"In &quot;Textos&quot;","block_context":{"text":"Textos","link":"https:\/\/errr-magazine.com\/english\/category\/textos\/"},"img":{"alt_text":"","src":"","width":0,"height":0},"classes":[]}],"jetpack_sharing_enabled":true,"mfb_rest_fields":["title","yoast_head","yoast_head_json","jetpack_featured_media_url","jetpack-related-posts","jetpack_sharing_enabled"],"_links":{"self":[{"href":"https:\/\/errr-magazine.com\/english\/wp-json\/wp\/v2\/posts\/159853","targetHints":{"allow":["GET"]}}],"collection":[{"href":"https:\/\/errr-magazine.com\/english\/wp-json\/wp\/v2\/posts"}],"about":[{"href":"https:\/\/errr-magazine.com\/english\/wp-json\/wp\/v2\/types\/post"}],"author":[{"embeddable":true,"href":"https:\/\/errr-magazine.com\/english\/wp-json\/wp\/v2\/users\/7158"}],"replies":[{"embeddable":true,"href":"https:\/\/errr-magazine.com\/english\/wp-json\/wp\/v2\/comments?post=159853"}],"version-history":[{"count":3,"href":"https:\/\/errr-magazine.com\/english\/wp-json\/wp\/v2\/posts\/159853\/revisions"}],"predecessor-version":[{"id":160118,"href":"https:\/\/errr-magazine.com\/english\/wp-json\/wp\/v2\/posts\/159853\/revisions\/160118"}],"wp:attachment":[{"href":"https:\/\/errr-magazine.com\/english\/wp-json\/wp\/v2\/media?parent=159853"}],"wp:term":[{"taxonomy":"category","embeddable":true,"href":"https:\/\/errr-magazine.com\/english\/wp-json\/wp\/v2\/categories?post=159853"},{"taxonomy":"post_tag","embeddable":true,"href":"https:\/\/errr-magazine.com\/english\/wp-json\/wp\/v2\/tags?post=159853"}],"curies":[{"name":"wp","href":"https:\/\/api.w.org\/{rel}","templated":true}]}}