{"id":156820,"date":"2020-03-24T05:59:09","date_gmt":"2020-03-23T18:59:09","guid":{"rendered":"http:\/\/errr-magazine.com\/?p=156820"},"modified":"2026-06-10T11:16:06","modified_gmt":"2026-06-10T17:16:06","slug":"los-restos-del-punk-50-anos-de-gloria","status":"publish","type":"post","link":"https:\/\/errr-magazine.com\/english\/los-restos-del-punk-50-anos-de-gloria\/","title":{"rendered":"Los restos del punk: 50 a\u00f1os de gloria"},"content":{"rendered":"<p>La historia musical ha tenido una evoluci\u00f3n que nunca se pens\u00f3 posible hace 50 a\u00f1os y hoy existen tantos g\u00e9neros y artistas que es casi imposible descifrar de donde vino, sin embargo, el punk es uno de los g\u00e9neros con m\u00e1s historia y prop\u00f3sito que cualquier otro. A mediados de la d\u00e9cada de los 70 en Estados Unidos y Reino Unido surgi\u00f3 un g\u00e9nero musical denominado <i>punk <\/i>en la industria musical, caracterizado por su actitud independiente y contracultural. Hoy, 50 a\u00f1os despu\u00e9s de su nacimiento, se presentar\u00e1n sus sobrevivientes, algunos movimientos que siguen presentes y sobre todo, como este movimiento se vivi\u00f3 en M\u00e9xico y algunas partes de Latinoam\u00e9rica.<\/p>\n<p>Mi padre disfrutaba de la m\u00fasica m\u00e1s que de otra cosa en el mundo, adem\u00e1s de que su gusto musical era excepcional siempre hubo m\u00fasica en casa. Mi padre no solo escuchaba m\u00fasica sino que hac\u00eda todo lo posible para conseguirla. Los discos de <i>punk <\/i>eran muy costosos porque deb\u00edan encargarse por pedido a Reino Unido o Estados Unidos por lo que dificultaba su llegada al pa\u00eds, en especial porque no hab\u00eda seguidores ni oyentes del punk. El primer contacto con el punk<span class=\"Apple-converted-space\">\u00a0 <\/span>que se suele tener hoy d\u00eda son <i>The Ramones<\/i>, yo inici\u00e9 as\u00ed y jam\u00e1s olvidar\u00eda ese estilo tan descuidado, las letras crudas: un g\u00e9nero tan sencillo que no necesitaba de arreglos y mucho menos introducci\u00f3n, pero s\u00ed de guitarras y de mucha distorsi\u00f3n.<span class=\"Apple-converted-space\">\u00a0<\/span><\/p>\n<p>Era obvio que exist\u00edan muchas m\u00e1s bandas, tales como <i>Sex Pistols <\/i>and<i> The Clash<\/i>, que eran las bandas brit\u00e1nicas que lograron ser m\u00e1s mucho m\u00e1s grandes que otras, las americanas corrieron con m\u00e1s suerte porque pretend\u00edan ser un poco m\u00e1s \u201cligeras\u201d, es decir, no causaban destrozos ni invitaban a la anarqu\u00eda (del todo), <i>The Ramones <\/i>and <i>The Misfits<\/i> fueron los m\u00e1s destacados en Am\u00e9rica. En M\u00e9xico no se ten\u00eda registro de ninguna banda <i>punk <\/i>hasta ese momento.<span class=\"Apple-converted-space\">\u00a0<\/span><\/p>\n<p>Mientras yo apenas era una ni\u00f1a el punk se hab\u00eda vuelto una cultura subterr\u00e1nea, algo que pocos tendr\u00edan el placer de poder seguir y conocer, aunque durante la \u00e9poca de los 90 el punk tuvo un peque\u00f1o realce, tuvo la fusi\u00f3n de muchos estilos y el surgimiento de algunas bandas pero ninguna en especial que lograra destacar de la misma manera en que pas\u00f3 en los 70 y 80; gran parte de esto se debe al hecho de que se abri\u00f3 paso a las nuevas generaciones y con esta el punk desaparec\u00eda del mapa ante estilos como el <i>grunge<\/i>, el <i>post-rock <\/i>and <i>rock alternativo<\/i>.<\/p>\n<p>Estar en el punk involucraba (e involucra hasta el d\u00eda de hoy) el ser se\u00f1alado, sin embargo, antes era mucho m\u00e1s fuerte que ahora, pese a ello estos estigmas siguen presentes debido a la apariencia que presentan estos individuos: <i>desatados, <\/i>rezagados, inclusive drogadictos, algunos de ellos sin raz\u00f3n, gracias a la m\u00fasica a reventar en su o\u00eddo cuando a\u00fan exist\u00edan los <i>walkman<\/i>, y el exceso de drogas que inger\u00edan. Sin embargo, no todo es c\u00f3mo no los pintan en pel\u00edculas y series: todos y cada uno de estos individuos eran \u00fanicos dentro de los diferentes movimientos que yac\u00edan en el punk.<span class=\"Apple-converted-space\">\u00a0<\/span><\/p>\n<p>Por definici\u00f3n propia del movimiento, <i>el punk es la lucha constante contra el miedo de las repercusiones sociales<\/i>, y b\u00e1sicamente en la d\u00e9cada de los 80 en Estados Unidos esta contracultura en sus letras hablaba principalmente de contenidos pol\u00edticos, m\u00e1s que nada progresistas, oponi\u00e9ndose al gobierno conservador de aquella \u00e9poca, los grandes exponentes de este hecho son <i>Dead Kennedys <\/i>and <i>Bad Religion. <\/i>Sin embargo, el punk mexicano es muy distinto y a la vez muy parecido a lo que hemos escuchado en el punk estadounidense y brit\u00e1nico.<\/p>\n<p>A M\u00e9xico llega a finales de los 70, entre 1977 y 1978, y aunque se tiene la creencia que los individuos dentro del punk son de recursos socioecon\u00f3micos medio-bajos, el punk fue tra\u00eddo a M\u00e9xico por los chicos de clase alta de la zona metropolitana del D.F (hoy Ciudad de M\u00e9xico); ellos ten\u00edan dinero, pod\u00edan viajar por Europa y Estados Unidos lo que les dio la oportunidad de observar la escena y como se mov\u00eda. En este punto surgen bandas como <i>Dangerous Rythm <\/i>or <i>Size: <\/i><b>los primeros momentos del punk en el pa\u00eds. <\/b>Como tal, era s\u00f3lo m\u00fasica, no hab\u00eda escena ni movimiento.<\/p>\n<p>Para nuestra mala suerte, <i>Dangerous Rythm<\/i> se convirti\u00f3 en <i>Ritmo Peligroso, <\/i>que terminaron usando sonidos latinos y se olvidaron totalmente del punk, sin embargo, su inicio fue esencial para la escena, mas que ideolog\u00eda, era m\u00fasica.<\/p>\n<p>Por otro lado, <i>Size <\/i>sonaba total y completamente como una banda brit\u00e1nica, pero, cabe mencionar que gracias a ellos la m\u00fasica fue escuchada por personas de barrios marginados en la capital del pa\u00eds; mientras que en Tijuana fue evidente la influencia de grupos estadounidenses, como: <i>Soluci\u00f3n mortal, Los Negavitos y Black Market.<\/i><\/p>\n<p>El punk logr\u00f3 consolidarse en M\u00e9xico y no s\u00f3lo en la capital del pa\u00eds, se expandi\u00f3 por toda la rep\u00fablica gracias a toda clase de artes y fanzines que precisamente hac\u00edan los artistas y dise\u00f1adores. Se crearon revistas independientes (que parec\u00edan folletos) aunque otras veces era una simple hoja en la que recomendaban bandas.<span class=\"Apple-converted-space\">\u00a0<\/span><\/p>\n<p>Sin pensarlo tanto, lograban circular de mano en mano, rondaban de boca en boca; los grupos comenzaron a llamar la atenci\u00f3n, comenzaron a tener reconocimiento, aunque no todos corren con la suerte de decir esto, el punk mexicano fue caracterizado por <i>Atoxxxic, Histeria, Massacre 68 <\/i>(este involucrado en lo ocurrido en Tlatelolco, exigiendo justicia en sus letras), <i>Rebel\u2019DPunk, Caos Subteraraneo, MELI, SS20, Antigobierno, Las Ultr\u00e1sonicas, V\u00f3mito Nuclear, Esp\u00e9cimen <\/i>y de m\u00e1s bandas que son incontables pero que no lograron el \u00e9xito deseado ni alcanzaron grabaciones discogr\u00e1ficas.<\/p>\n<p>La historia que yo decido contar es la de los <i>rezagados,<\/i> los que no tienen voz y de los que viven escondidos, tratando de adaptarse a la sociedad que cada vez es m\u00e1s <i>moralista <\/i>y ellos tratan de sobrevivir a esto \u00faltimo preservando lo que esta contracultura les logr\u00f3 ofrecer en sus mejores d\u00edas.<span class=\"Apple-converted-space\">\u00a0<\/span><\/p>\n<p><b>Punk en ciudades vecinas: Xalapa<\/b><\/p>\n<p>En 1989, no hab\u00eda nada de rock en Xalapa, no hab\u00eda espacios para presentarse y mucho menos grupos de rock, por ende, tampoco punk; <i>Espectros,<\/i> una de las primeras bandas en llegar a Xalapa y tocar <i>funk punk, <\/i>su influencia m\u00e1s grande eran <i>Red Hot Chili Peppers. <\/i>El punk era un g\u00e9nero que no estaba tan bien definido, ahora si lo est\u00e1 pero antes era m\u00e1s que nada una fusi\u00f3n de distintos tipos de rock, ni siquiera exist\u00eda la moda punk.<\/p>\n<p>Uno de los espacios que m\u00e1s ten\u00edan de difusi\u00f3n era el puente Xallitic, donde vend\u00edan casetes piratas, principalmente de rock y metal, aunque a mediados de los 90 (entre 1992 y 1994) comenzaron a destacar casetes de punk.<span class=\"Apple-converted-space\">\u00a0<\/span><\/p>\n<p>La primera tocada punk que tuvo lugar en Xalapa fue en 1996 por parte de una banda de Orizaba, llamada <i>La nunca muerta rebeli\u00f3n<\/i>, en el patio Mu\u00f1oz. Tiempo despu\u00e9s, entre 1998 y 1999, nacieron las primeras bandas en Xalapa como <i>M\u00e1s mostaza<\/i>, que tocaban <i>hard punk<\/i>. <i>El bulbo raqu\u00eddeo<\/i>, que tocaban un <i>punk surf <\/i>and <i>Mascatuercas <\/i>que ten\u00edan muchas mezclas dentro de su g\u00e9nero.<span class=\"Apple-converted-space\">\u00a0<\/span><\/p>\n<p>Una banda que tambi\u00e9n surge un poco a destiempo es <i>Garrapunk<\/i>, de la cual fue integrante Marco Queponds (duante los casi 3 a\u00f1os que tuvo de vida), hasta que cada qui\u00e9n decidi\u00f3 tomar su camino.<\/p>\n<p>\u2014<i>\u00bfQu\u00e9 es el punk para ti?<\/i><\/p>\n<p><i> \u2014El punk era tomar el instrumento y decir cuanta chingadera se te ocurriera y a partir de eso poder hacer una maqueta. Algo tan sencillo como eso.<span class=\"Apple-converted-space\">\u00a0<\/span><\/i><\/p>\n<p>En s\u00ed, la escena punk, nunca ha logrado tener un dominio como tal, si lo comparamos con otras escenas como el rock, el heavy metal, el ska y reggae, el punk continuaba siendo subterr\u00e1neo, y segu\u00eda siendo motivo de <i>mentarle su madre <\/i>al gobierno. Cada estado y movimiento ha tomado el punk a su estilo, ya sea social como las marchas en protesta por lo ocurrido el 2 de octubre de 1968, aunque muchas veces se tomaba la bandera del punk para hacer <i>desmadre <\/i>y destrozar lugares lejos de representar un movimiento de consciencia social.<\/p>\n<p>El m\u00fasico menciona que la presencia de los grupos quedaba reducida a presentarse en el escenario musical sin m\u00e1s, era descargarse y disfrutar.<\/p>\n<p>Dentro de todo este repertorio de \u00e9xitos y fracasos, una nueva historia surge, como en todo: <i>los peque\u00f1os movimientos se mantienen vivos a\u00fan<\/i>.<span class=\"Apple-converted-space\">\u00a0<\/span><\/p>\n<p>Arpa es un joven que desde los 16 a\u00f1os conoce el punk, la m\u00fasica de cierta manera sonaba atractiva para sus o\u00eddos, las letras terminaron de hacer el trabajo: <i>lo contestatario. <\/i>\u00c9l mencionaba que ning\u00fan estereotipo es del todo cierto, es decir, cada quien toma sus propias decisiones que en su mayor\u00eda resultan ser negativas para el movimiento y las personas fuera de este, que no provoca sino el rechazo por parte de la sociedad.<span class=\"Apple-converted-space\">\u00a0<\/span><\/p>\n<p><i> Si hubo un gran impacto en M\u00e9xico, pero, no a nivel comercial. Durante la d\u00e9cada de los 80 hubo mucho punk en M\u00e9xico, inclusive a\u00fan lo hay. Donde se da mas es en zonas industrializadas. Nunca fue una moda, era algo que s\u00f3lo se daba entre pandillas.<\/i><\/p>\n<p>El ser objeto de burla tambi\u00e9n le pas\u00f3 a Arpa como a muchas otras personas que ingresaban en el movimiento, sin embargo, a su familia nunca le import\u00f3 lo que \u00e9l fuese a ser, le dieron su apoyo incondicional. Su pasi\u00f3n la lleva en la piel, no necesita <i>pararse los pelos <\/i>o traer botas repletas de picos, es algo que va m\u00e1s all\u00e1 de una est\u00e9tica. Los problemas que tuvo realmente fue cuando naci\u00f3 su banda de rock. La adversidad que tuvo fue enfrentarse al <i>postmodernismo<\/i> del movimiento, pues, vio caer al punk, realzarse y volver al suelo.<span class=\"Apple-converted-space\">\u00a0<\/span><\/p>\n<p>La banda fue un origen misterioso, siempre tuvo un gusto por la m\u00fasica bastante peculiar, ya hab\u00eda pertenecido a otras dos bandas pero definitivamente <i>Patanez<\/i> es su proyecto y siente que es m\u00e1s su banda que la de alguien m\u00e1s. Ser parte del punk es ser <i>parte de una raza superior <\/i>as\u00ed lo describe despu\u00e9s de todo este tiempo y siente que as\u00ed forma parte de la expresi\u00f3n m\u00e1s honesta del rock n\u2019 roll.<span class=\"Apple-converted-space\">\u00a0<\/span><\/p>\n<p>A trav\u00e9s de los a\u00f1os ha ido cambiando, se percibe en cada estrofa y letra con la que se dise\u00f1an las canciones, eso permite su existencia hasta estos d\u00edas y su persistencia, sin embargo, el movimiento tambi\u00e9n se ha ido deteriorando, ser <i>punk<\/i> ya no involucra ir en contra del sistema porque existen prioridades y necesidades, ahora est\u00e1n en oficinas o como en el caso de Arpa: s\u00f3lo es un entretenimiento y es una vida que mantiene oculta para poder subsistir en esta sociedad.<\/p>\n<p><b>Oaxaca<\/b><\/p>\n<p>A diferencia de Xalapa, en Oaxaca la situaci\u00f3n es mucho m\u00e1s distinta (hablando socialmente), tratan de estar activos y no son nada como los pinta la sociedad; por lo general se manifiestan en movimientos sociales, como la solidaridad con pueblos ind\u00edgenas, denunciar la tortura animal, organizan eventos autogestivos donde muestran fanzines (que ellos mismos escriben), talleres de siembra y otras actividades. A diferencia de Xalapa que s\u00f3lo ha existido una escena musical.<\/p>\n<p>Luis Soza es uno de los j\u00f3venes a los que m\u00e1s le ha impactado el punk, ni siquiera se atreve a clasificarlo como una contracultura, sino m\u00e1s bien como una escena, una expresi\u00f3n social, musical y activa socialmente, sin embargo, recalca lo mismo que Marco Queponds: <i>muchos s\u00f3lo usan el punk para desmadre, eso lo hace incluso moda en estos d\u00edas.<\/i><\/p>\n<p>\u00c9l logr\u00f3 conocer una faceta del punk que no es muy vista y que lo atrap\u00f3. Conoci\u00f3 el punk activo en el 2006 en el movimiento de la Asamblea Popular de los Pueblos de Oaxaca, los chicos estaban muy bien organizados en las marchas, repart\u00edan fanzines, en los enfrentamientos prefer\u00edan organizar tocadas antes que involucrarse y centrarse en el <i>anarquismo<\/i>. \u00c9l antes de pertenecer a este movimiento, era m\u00e1s de una onda <i>chola<\/i> y tambi\u00e9n contaba con familiares rockeros pero afirma que no les interesaba otra cosa que no fuese el <i>desmadre<\/i>.<span class=\"Apple-converted-space\">\u00a0<\/span><\/p>\n<p>\u2014<i>\u00bfQu\u00e9 edad ten\u00edas cu\u00e1ndo fue tu primer encuentro con el punk?<\/i><\/p>\n<p><i> \u2014Ten\u00eda 17 a\u00f1os cuando conoc\u00ed el punk libertario, desde entonces siempre he tratado ser eso, de ser yo, de llevar a cabo cierta diferencia social, el mundo est\u00e1 lleno de gente est\u00fapida y de nosotros depende cambiarlas un poco empezando con nosotros mismos.<\/i><\/p>\n<p>El punk sigue presente la vida de Luis, trata de hacer la diferencia en la sociedad, el mutualismo es primordial, \u00e9l sigue logrando cosas tanto a nivel personal como colectivo.<\/p>\n<p>C\u00f3mo tal, una revoluci\u00f3n nunca ha existido en M\u00e9xico como existi\u00f3 en Inglaterra con j\u00f3venes (muchos de ellos de bajos recursos), hartos de vivir una vida \u201cnormal\u201d, haciendo caso a una monarqu\u00eda disfrazada de <i>monarqu\u00eda constitucional o democr\u00e1tica, <\/i>comenzaron a realizar cortes en su ropa, a pintarse el cabello, lo cual tuvo cierto impacto en la sociedad, pues, imaginen en el primer mundo donde todav\u00eda hay reyes, ver a los j\u00f3venes con pelos <i>parados<\/i>, playeras rotas y haciendo ruido, manifest\u00e1ndose por sus ideales. Jam\u00e1s se pens\u00f3 que esa peque\u00f1a diferencia fuese a tener el semejante impacto que tuvo en la sociedad un poco m\u00e1s tarde y que muchos de estos movimientos se inclinar\u00edan a la ideolog\u00eda anarquista. Aunque no es novedad saber que muchos a\u00fan lo utilizan para drogarse y <i>loquear<\/i>. Lejos de lo que se realiza en Oaxaca, algunos \u201cpunks\u201d s\u00f3lo se dedican a autodestruirse y alejan a las personas de la escena.<\/p>\n<p>Este movimiento tiene un significado mucho m\u00e1s profundo, en este caso, para Soza el punk es esto:<\/p>\n<p>\u201c<i>El punk transmite rebeld\u00eda y libertad, te permite ser tu mismo, las personas que lo estigmatizan, le temen. Es mucho m\u00e1s normal ver j\u00f3venes hipsters influenciados por artistas basura y que se dejen llevar por todo lo que ven en la televisi\u00f3n, mientras que a otros les da igual. Ahora es bastante com\u00fan ver punks por todas partes (aunque no abunden c\u00f3mo otras subculturas) y ver que ya no es como antes, que escuch\u00e1bamos como las dem\u00e1s personas los insultaban e inclusive el tolerar como a algunos los discriminaban.\u201d<\/i><\/p>\n<p><b>El punk en Latinoam\u00e9rica<\/b><\/p>\n<p>El movimiento no s\u00f3lo se traslad\u00f3 desde Europa hasta Am\u00e9rica del norte, sino tambi\u00e9n a Latinoam\u00e9rica. Alejandro Cares es un m\u00fasico y compositor argentino. \u00c9l al igual que muchos otros vivi\u00f3 y percibi\u00f3 de muchas maneras el movimiento.<\/p>\n<p>El estilo que mas predomin\u00f3 fue el<i> hardcore punk <\/i>en pa\u00edses como Brasil, Costa Rica y Cuba.<span class=\"Apple-converted-space\">\u00a0<\/span><\/p>\n<p><i> \u201cEl punk conserva algunas estructuras un poco m\u00e1s s\u00f3lidas que el rock. El rock es mucho m\u00e1s libre y por ende tiene muchas m\u00e1s variantes. En cuanto a letras el punk es m\u00e1s orientado a las cr\u00edticas sociales, anarquismo y b\u00e1sicamente contra el estado. El rock aborda demasiadas tem\u00e1ticas.\u201d<\/i><\/p>\n<p>Alejandro Cares logra transportarnos a un mundo desconocido al escucharlo, puesto que cuando compone siempre procura <i>feel<\/i> para poder abordar distintos g\u00e9neros musicales y que las letras logren fluir. Hacer temas es una consecuencia de lo que uno vive.<span class=\"Apple-converted-space\">\u00a0<\/span><\/p>\n<p><i> \u201cTengo un gusto por el rock psicod\u00e9lico, pero, en la l\u00edrica no tengo l\u00edmites. La vida es la que me hace componer temas.\u201d<\/i><\/p>\n<p>Durante los a\u00f1os 90 la escena punk era bastante variada, muchas de sus amistades estaban involucradas en este movimiento pero \u00e9l creci\u00f3 alrededor del rock n\u2019 roll. Recuerda ciertos pedacitos de personalidades como Ricky Espinosa y Flema, pero, las bandas eran demasiadas que ni siquiera pod\u00eda contarlas. Actualmente hay una banda llamada <i>Punk Criollo <\/i>que nos recomienda altamente. <i>El punk ha logrado mantenerse en la contracultura porque propone cosas que son leg\u00edtimas, aut\u00e9nticas y m\u00e1s reales que lo comercial,<\/i> afirma el m\u00fasico. De igual manera comenta que de ninguna manera el hecho de que el punk siga encasillado en una contracultura significa que sea un fracaso o sea algo malo.<span class=\"Apple-converted-space\">\u00a0<\/span><\/p>\n<p>Hubieron movimientos contraculturales como la <i>generaci\u00f3n beat<\/i> o los <i>hippies<\/i> que lograron ser masivos. <i>El punk est\u00e1 de 10<\/i>, afirma.<\/p>\n<p>En su casa siempre hubo m\u00fasica, si bien no hubo m\u00fasicos, la m\u00fasica era lo que m\u00e1s abundaba, esta le permiti\u00f3 as\u00ed mismo aprender a dirigirse y nunca hubo un l\u00edmite. La banda que \u00e9l m\u00e1s admiraba era <i>Pink Floyd<\/i>, y una de sus mayores inspiraciones es <i>The Beatles, <\/i>puesto que a partir de ellos se pudo hacer todo lo que hoy d\u00eda conocemos.<\/p>\n<p>En su disco <i>el mundo imaginario<\/i> las diferencias son totales, pues \u00e9l afirma que no conserva una din\u00e1mica de letras como a las que est\u00e1 orientada el punk: es algo m\u00e1s po\u00e9tico, real, de fallo y acierto. Existen algunas similitudes como la <i>b\u00fasqueda de su libertad<\/i>.<span class=\"Apple-converted-space\">\u00a0<\/span><\/p>\n<p><i>\u201cAl momento de hacer m\u00fasica eso lo comparto. No s\u00e9 que m\u00fasica hago en verdad, me gusta mucho el rock psicod\u00e9lico pero no por eso me encasillo en algo. Intento no ponerle adjetivos a la m\u00fasica.<\/i><\/p>\n<p><i> No me siento parte de ning\u00fan movimiento, pero, estoy en una paradoja. Me encanta escribir pero tambi\u00e9n las palabras encasillan al arte, entonces tener esa controversia existencial me hace ser contracultural.\u201d<\/i><\/p>\n<p><span class=\"Apple-converted-space\">\u00a0<\/span><\/p>\n<p>En Argentina al contrario de lo que ocurre en M\u00e9xico, si pueden presentarse en lugares como en los que se presenta Alejandro, tales como centros culturales y eventos. Es muy f\u00e1cil combinar las bandas y crear una autogesti\u00f3n para el beneficio de todos puesto que ambos buscan su libertad y expresarse.<span class=\"Apple-converted-space\">\u00a0<\/span><\/p>\n<p>Su primer disco es una serie de arreglos musicales sencillos, todo fue hecho con instrumentos y hasta donde me permit\u00ed escuchar: una sensacional obra de arte m\u00edstica que explora los sentimientos y la poes\u00eda de las maneras menos pensadas. El disco te permite sentir y entender, cosa que no cualquiera logra hacer. En un par de meses lanzar\u00e1 otro disco en donde podremos escuchar la mezcla de diferentes sonidos de la ciudad, del campo, pero, tambi\u00e9n habr\u00e1 bastantes sonidos extra musicales que interactuar\u00e1n con los instrumentos.<\/p>\n<p>Las historias que nos cuenta el disco pista a pista no es como tal una historia, el compositor afirma que son experiencias que \u00e9l mismo interpreta y le gusta crear. Se est\u00e1 enfocando mucho actualmente en las letras que te permiten buscarte y encontrarte para cambiar el mundo. Ese es su objetivo. Y al igual que con el punk, \u00e9l busca expresarse y ser \u00e9l mismo, sin adjetivos ni prejuicios.<\/p>\n<p><b>Problem\u00e1ticas alrededor del movimiento<\/b><\/p>\n<p>Una de las primeras complicaciones que hallamos dentro de la escena es el hecho de que laboralmente te discriminan por ir tatuado o<i> crestudo<\/i>, se debe ser bastante estrat\u00e9gico y h\u00e1bil para no s\u00f3lo evadirla sino para procurar que no vuelva a suceder. Muchos punkeros consideran que lo que jode a la sociedad es el capitalismo, el consumismo b\u00e1sicamente, afirman pues, a pesar de que en su mayor\u00eda sean de clase socioecon\u00f3mica media-baja, no tiene nada que ver con los ideales que desde un principio el movimiento plante\u00f3.<span class=\"Apple-converted-space\">\u00a0<\/span><\/p>\n<p>Otra de las problem\u00e1ticas es la vestimenta que es demasiado llamativa, corrompe todos los estereotipos que conocemos en la sociedad, asombra y es claro que impacta puesto que las personas clasifican y encasillan en un solo t\u00e9rmino: satanistas o anarquistas, adem\u00e1s de que cabe mencionar que los problemas de actitud que tienen muchos j\u00f3venes al entrar el movimiento son demasiado agresivos porque ellos sienten pues que este es un lugar seguro, donde hacer destrozos y probar drogas para alejarse de sus \u201cproblemas\u201d, que no es m\u00e1s que una actitud de inmadurez y conflictos para afrontar sus problemas que termina da\u00f1ando la imagen de toda una subcultura a la que le ha costado eliminar esta clase de estigmas.<\/p>\n<p>La problem\u00e1tica que sigue son los espacios, en Xalapa por ejemplo, no hay tantos espacios para tocar punk debido a los destrozos que se hacen mientras la banda toca e inclusive que ellos mismos inician en la mayor\u00eda de los casos, sin embargo, en Oaxaca y otros estados de la rep\u00fablica, las bandas se presentan donde las inviten: alguna casa, un terreno y si son un poco m\u00e1s reconocidos logran presentarse en salones o en espacios abiertos ya con escenarios preparados.<\/p>\n<p>La final ser\u00eda que estos temas ante las personas adultas o adultos mayores son delicados, la mayor\u00eda de las personas no quiere expandir sus ideas, sobre todo cuando de expresiones juveniles se trata, nunca poni\u00e9ndose en los zapatos de los dem\u00e1s o simplemente nunca queriendo expandir sus ideas.<\/p>\n<p><b>El levantamiento de un gigante ca\u00eddo<\/b><\/p>\n<p>Si bien el movimiento se ha ido deformando con el paso de los a\u00f1os, no ha muerto. Hoy d\u00eda hay bandas que merecen el respeto y se han ganado el representar al movimiento como <i>13 fantasmas <\/i>and <i>Las Hijas de Cuca<\/i>. La incorporaci\u00f3n y solidarizaci\u00f3n con otros movimientos ha permitido el reconocimiento pero, tambi\u00e9n ha tenido un impacto positivo en la sociedad, el claro ejemplo es el descrito por Soza durante este reportaje, que ayuda y beneficia a personas ind\u00edgenas y de bajos recursos, aunque hay uno que destaca entre todos por la violencia que existe en el pa\u00eds: <i>feminismo. <\/i>Si bien el punk no est\u00e1 unido como tal a este movimiento, muchas de las mujeres pertenecientes al movimiento primero fueron anarquistas o <i>punketas<\/i>, por lo que para el feminismo tiene un gran significado el <i>punk.<span class=\"Apple-converted-space\">\u00a0<\/span><\/i><\/p>\n<p>El luchar por los ideales es lo que representa a estos dos movimientos y la <i>libertad <\/i>es la b\u00fasqueda que los une.<\/p>\n<p>Photography by <strong><a href=\"https:\/\/instagram.com\/jocelyncatterson\">Jocelyn Catterson<\/a><\/strong><\/p>","protected":false},"excerpt":{"rendered":"<p>La historia musical ha tenido una evoluci\u00f3n que nunca se pens\u00f3 posible hace 50 a\u00f1os y hoy existen tantos g\u00e9neros y artistas que es casi imposible descifrar de donde vino, sin embargo, el punk es uno de los g\u00e9neros con m\u00e1s historia y prop\u00f3sito que cualquier otro. A mediados de la d\u00e9cada de los 70 [&hellip;]<\/p>\n","protected":false},"author":6571,"featured_media":0,"comment_status":"closed","ping_status":"closed","sticky":false,"template":"","format":"standard","meta":{"_acf_changed":false,"cybocfi_hide_featured_image":"","_jetpack_feature_clip_id":0,"_jetpack_memberships_contains_paid_content":false,"footnotes":""},"categories":[17385],"tags":[],"class_list":["post-156820","post","type-post","status-publish","format-standard","hentry","category-writing"],"acf":[],"mb":[],"yoast_head":"<!-- This site is optimized with the Yoast SEO plugin v28.4 - https:\/\/yoast.com\/product\/yoast-seo-wordpress\/ -->\n<title>Los restos del punk: 50 a\u00f1os de gloria - ERRR MAGAZINE<\/title>\n<meta name=\"robots\" content=\"index, follow, max-snippet:-1, max-image-preview:large, max-video-preview:-1\" \/>\n<link rel=\"canonical\" href=\"https:\/\/errr-magazine.com\/english\/los-restos-del-punk-50-anos-de-gloria\/\" \/>\n<meta property=\"og:locale\" content=\"en_US\" \/>\n<meta property=\"og:type\" content=\"article\" \/>\n<meta property=\"og:title\" content=\"Los restos del punk: 50 a\u00f1os de gloria - ERRR MAGAZINE\" \/>\n<meta property=\"og:description\" content=\"La historia musical ha tenido una evoluci\u00f3n que nunca se pens\u00f3 posible hace 50 a\u00f1os y hoy existen tantos g\u00e9neros y artistas que es casi imposible descifrar de donde vino, sin embargo, el punk es uno de los g\u00e9neros con m\u00e1s historia y prop\u00f3sito que cualquier otro. A mediados de la d\u00e9cada de los 70 [&hellip;]\" \/>\n<meta property=\"og:url\" content=\"https:\/\/errr-magazine.com\/english\/los-restos-del-punk-50-anos-de-gloria\/\" \/>\n<meta property=\"og:site_name\" content=\"ERRR MAGAZINE\" \/>\n<meta property=\"article:published_time\" content=\"2020-03-23T18:59:09+00:00\" \/>\n<meta property=\"article:modified_time\" content=\"2026-06-10T17:16:06+00:00\" \/>\n<meta name=\"author\" content=\"jyakkura\" \/>\n<meta name=\"twitter:card\" content=\"summary_large_image\" \/>\n<meta name=\"twitter:label1\" content=\"Written by\" \/>\n\t<meta name=\"twitter:data1\" content=\"jyakkura\" \/>\n\t<meta name=\"twitter:label2\" content=\"Est. reading time\" \/>\n\t<meta name=\"twitter:data2\" content=\"19 minutes\" \/>\n<script type=\"application\/ld+json\" class=\"yoast-schema-graph\">{\"@context\":\"https:\\\/\\\/schema.org\",\"@graph\":[{\"@type\":\"Article\",\"@id\":\"https:\\\/\\\/errr-magazine.com\\\/los-restos-del-punk-50-anos-de-gloria\\\/#article\",\"isPartOf\":{\"@id\":\"https:\\\/\\\/errr-magazine.com\\\/los-restos-del-punk-50-anos-de-gloria\\\/\"},\"author\":{\"name\":\"jyakkura\",\"@id\":\"https:\\\/\\\/errr-magazine.com\\\/#\\\/schema\\\/person\\\/2c16033182fd6ff01ec0543627915668\"},\"headline\":\"Los restos del punk: 50 a\u00f1os de gloria\",\"datePublished\":\"2020-03-23T18:59:09+00:00\",\"dateModified\":\"2026-06-10T17:16:06+00:00\",\"mainEntityOfPage\":{\"@id\":\"https:\\\/\\\/errr-magazine.com\\\/los-restos-del-punk-50-anos-de-gloria\\\/\"},\"wordCount\":3788,\"articleSection\":[\"Writing\"],\"inLanguage\":\"en-US\"},{\"@type\":\"WebPage\",\"@id\":\"https:\\\/\\\/errr-magazine.com\\\/los-restos-del-punk-50-anos-de-gloria\\\/\",\"url\":\"https:\\\/\\\/errr-magazine.com\\\/los-restos-del-punk-50-anos-de-gloria\\\/\",\"name\":\"Los restos del punk: 50 a\u00f1os de gloria - ERRR MAGAZINE\",\"isPartOf\":{\"@id\":\"https:\\\/\\\/errr-magazine.com\\\/#website\"},\"datePublished\":\"2020-03-23T18:59:09+00:00\",\"dateModified\":\"2026-06-10T17:16:06+00:00\",\"author\":{\"@id\":\"https:\\\/\\\/errr-magazine.com\\\/#\\\/schema\\\/person\\\/2c16033182fd6ff01ec0543627915668\"},\"breadcrumb\":{\"@id\":\"https:\\\/\\\/errr-magazine.com\\\/los-restos-del-punk-50-anos-de-gloria\\\/#breadcrumb\"},\"inLanguage\":\"en-US\",\"potentialAction\":[{\"@type\":\"ReadAction\",\"target\":[\"https:\\\/\\\/errr-magazine.com\\\/los-restos-del-punk-50-anos-de-gloria\\\/\"]}]},{\"@type\":\"BreadcrumbList\",\"@id\":\"https:\\\/\\\/errr-magazine.com\\\/los-restos-del-punk-50-anos-de-gloria\\\/#breadcrumb\",\"itemListElement\":[{\"@type\":\"ListItem\",\"position\":1,\"name\":\"Portada\",\"item\":\"https:\\\/\\\/errr-magazine.com\\\/\"},{\"@type\":\"ListItem\",\"position\":2,\"name\":\"Los restos del punk: 50 a\u00f1os de gloria\"}]},{\"@type\":\"WebSite\",\"@id\":\"https:\\\/\\\/errr-magazine.com\\\/#website\",\"url\":\"https:\\\/\\\/errr-magazine.com\\\/\",\"name\":\"ERRR MAGAZINE\",\"description\":\"\",\"potentialAction\":[{\"@type\":\"SearchAction\",\"target\":{\"@type\":\"EntryPoint\",\"urlTemplate\":\"https:\\\/\\\/errr-magazine.com\\\/?s={search_term_string}\"},\"query-input\":{\"@type\":\"PropertyValueSpecification\",\"valueRequired\":true,\"valueName\":\"search_term_string\"}}],\"inLanguage\":\"en-US\"},{\"@type\":\"Person\",\"@id\":\"https:\\\/\\\/errr-magazine.com\\\/#\\\/schema\\\/person\\\/2c16033182fd6ff01ec0543627915668\",\"name\":\"jyakkura\",\"image\":{\"@type\":\"ImageObject\",\"inLanguage\":\"en-US\",\"@id\":\"https:\\\/\\\/secure.gravatar.com\\\/avatar\\\/471567b281b9bc7a598e796ca99208918338a881896619ac297d61deda58b402?s=96&d=identicon&r=g\",\"url\":\"https:\\\/\\\/secure.gravatar.com\\\/avatar\\\/471567b281b9bc7a598e796ca99208918338a881896619ac297d61deda58b402?s=96&d=identicon&r=g\",\"contentUrl\":\"https:\\\/\\\/secure.gravatar.com\\\/avatar\\\/471567b281b9bc7a598e796ca99208918338a881896619ac297d61deda58b402?s=96&d=identicon&r=g\",\"caption\":\"jyakkura\"},\"description\":\"Buena conversadora. Escritora de piernas largas.\",\"sameAs\":[\"https:\\\/\\\/www.facebook.com\\\/jyakkura\"],\"url\":\"https:\\\/\\\/errr-magazine.com\\\/english\\\/author\\\/jyakkura\\\/\"}]}<\/script>\n<!-- \/ Yoast SEO plugin. -->","yoast_head_json":{"title":"Los restos del punk: 50 a\u00f1os de gloria - ERRR MAGAZINE","robots":{"index":"index","follow":"follow","max-snippet":"max-snippet:-1","max-image-preview":"max-image-preview:large","max-video-preview":"max-video-preview:-1"},"canonical":"https:\/\/errr-magazine.com\/english\/los-restos-del-punk-50-anos-de-gloria\/","og_locale":"en_US","og_type":"article","og_title":"Los restos del punk: 50 a\u00f1os de gloria - ERRR MAGAZINE","og_description":"La historia musical ha tenido una evoluci\u00f3n que nunca se pens\u00f3 posible hace 50 a\u00f1os y hoy existen tantos g\u00e9neros y artistas que es casi imposible descifrar de donde vino, sin embargo, el punk es uno de los g\u00e9neros con m\u00e1s historia y prop\u00f3sito que cualquier otro. A mediados de la d\u00e9cada de los 70 [&hellip;]","og_url":"https:\/\/errr-magazine.com\/english\/los-restos-del-punk-50-anos-de-gloria\/","og_site_name":"ERRR MAGAZINE","article_published_time":"2020-03-23T18:59:09+00:00","article_modified_time":"2026-06-10T17:16:06+00:00","author":"jyakkura","twitter_card":"summary_large_image","twitter_misc":{"Written by":"jyakkura","Est. reading time":"19 minutes"},"schema":{"@context":"https:\/\/schema.org","@graph":[{"@type":"Article","@id":"https:\/\/errr-magazine.com\/los-restos-del-punk-50-anos-de-gloria\/#article","isPartOf":{"@id":"https:\/\/errr-magazine.com\/los-restos-del-punk-50-anos-de-gloria\/"},"author":{"name":"jyakkura","@id":"https:\/\/errr-magazine.com\/#\/schema\/person\/2c16033182fd6ff01ec0543627915668"},"headline":"Los restos del punk: 50 a\u00f1os de gloria","datePublished":"2020-03-23T18:59:09+00:00","dateModified":"2026-06-10T17:16:06+00:00","mainEntityOfPage":{"@id":"https:\/\/errr-magazine.com\/los-restos-del-punk-50-anos-de-gloria\/"},"wordCount":3788,"articleSection":["Writing"],"inLanguage":"en-US"},{"@type":"WebPage","@id":"https:\/\/errr-magazine.com\/los-restos-del-punk-50-anos-de-gloria\/","url":"https:\/\/errr-magazine.com\/los-restos-del-punk-50-anos-de-gloria\/","name":"Los restos del punk: 50 a\u00f1os de gloria - ERRR MAGAZINE","isPartOf":{"@id":"https:\/\/errr-magazine.com\/#website"},"datePublished":"2020-03-23T18:59:09+00:00","dateModified":"2026-06-10T17:16:06+00:00","author":{"@id":"https:\/\/errr-magazine.com\/#\/schema\/person\/2c16033182fd6ff01ec0543627915668"},"breadcrumb":{"@id":"https:\/\/errr-magazine.com\/los-restos-del-punk-50-anos-de-gloria\/#breadcrumb"},"inLanguage":"en-US","potentialAction":[{"@type":"ReadAction","target":["https:\/\/errr-magazine.com\/los-restos-del-punk-50-anos-de-gloria\/"]}]},{"@type":"BreadcrumbList","@id":"https:\/\/errr-magazine.com\/los-restos-del-punk-50-anos-de-gloria\/#breadcrumb","itemListElement":[{"@type":"ListItem","position":1,"name":"Portada","item":"https:\/\/errr-magazine.com\/"},{"@type":"ListItem","position":2,"name":"Los restos del punk: 50 a\u00f1os de gloria"}]},{"@type":"WebSite","@id":"https:\/\/errr-magazine.com\/#website","url":"https:\/\/errr-magazine.com\/","name":"ERRR MAGAZINE","description":"","potentialAction":[{"@type":"SearchAction","target":{"@type":"EntryPoint","urlTemplate":"https:\/\/errr-magazine.com\/?s={search_term_string}"},"query-input":{"@type":"PropertyValueSpecification","valueRequired":true,"valueName":"search_term_string"}}],"inLanguage":"en-US"},{"@type":"Person","@id":"https:\/\/errr-magazine.com\/#\/schema\/person\/2c16033182fd6ff01ec0543627915668","name":"jyakkura","image":{"@type":"ImageObject","inLanguage":"en-US","@id":"https:\/\/secure.gravatar.com\/avatar\/471567b281b9bc7a598e796ca99208918338a881896619ac297d61deda58b402?s=96&d=identicon&r=g","url":"https:\/\/secure.gravatar.com\/avatar\/471567b281b9bc7a598e796ca99208918338a881896619ac297d61deda58b402?s=96&d=identicon&r=g","contentUrl":"https:\/\/secure.gravatar.com\/avatar\/471567b281b9bc7a598e796ca99208918338a881896619ac297d61deda58b402?s=96&d=identicon&r=g","caption":"jyakkura"},"description":"Good conversationalist. Long-legged writer.","sameAs":["https:\/\/www.facebook.com\/jyakkura"],"url":"https:\/\/errr-magazine.com\/english\/author\/jyakkura\/"}]}},"jetpack_sharing_enabled":true,"jetpack_featured_media_url":"","mfb_rest_fields":["title","yoast_head","yoast_head_json","jetpack_sharing_enabled","jetpack_featured_media_url"],"_links":{"self":[{"href":"https:\/\/errr-magazine.com\/english\/wp-json\/wp\/v2\/posts\/156820","targetHints":{"allow":["GET"]}}],"collection":[{"href":"https:\/\/errr-magazine.com\/english\/wp-json\/wp\/v2\/posts"}],"about":[{"href":"https:\/\/errr-magazine.com\/english\/wp-json\/wp\/v2\/types\/post"}],"author":[{"embeddable":true,"href":"https:\/\/errr-magazine.com\/english\/wp-json\/wp\/v2\/users\/6571"}],"replies":[{"embeddable":true,"href":"https:\/\/errr-magazine.com\/english\/wp-json\/wp\/v2\/comments?post=156820"}],"version-history":[{"count":3,"href":"https:\/\/errr-magazine.com\/english\/wp-json\/wp\/v2\/posts\/156820\/revisions"}],"predecessor-version":[{"id":156836,"href":"https:\/\/errr-magazine.com\/english\/wp-json\/wp\/v2\/posts\/156820\/revisions\/156836"}],"wp:attachment":[{"href":"https:\/\/errr-magazine.com\/english\/wp-json\/wp\/v2\/media?parent=156820"}],"wp:term":[{"taxonomy":"category","embeddable":true,"href":"https:\/\/errr-magazine.com\/english\/wp-json\/wp\/v2\/categories?post=156820"},{"taxonomy":"post_tag","embeddable":true,"href":"https:\/\/errr-magazine.com\/english\/wp-json\/wp\/v2\/tags?post=156820"}],"curies":[{"name":"wp","href":"https:\/\/api.w.org\/{rel}","templated":true}]}}