{"id":156438,"date":"2020-03-22T11:29:51","date_gmt":"2020-03-22T00:29:51","guid":{"rendered":"http:\/\/errr-magazine.com\/?p=156438"},"modified":"2022-08-31T01:09:50","modified_gmt":"2022-08-31T06:09:50","slug":"de-vidrios-rotos-y-otras-diatribas","status":"publish","type":"post","link":"https:\/\/errr-magazine.com\/english\/de-vidrios-rotos-y-otras-diatribas\/","title":{"rendered":"De vidrios rotos y otras diatribas"},"content":{"rendered":"<p>Puedo decir con certeza que fui una adolescente y una jovencita algo enrevesada. Mis padres recuerdan esa \u00e9poca como el momento en el que pensaron que no iba a hacer mucho de mi vida, al menos no bajo los par\u00e1metros del padre y madre <em>babyboomer<\/em>: licenciatura, ingl\u00e9s y computaci\u00f3n = \u00e9xito mil.<\/p>\n<p>Abandon\u00e9 el \u00faltimo a\u00f1o de preparatoria, que justo coincidi\u00f3 con la huelga m\u00e1s larga de la Universidad Nacional Aut\u00f3noma de M\u00e9xico. El gobierno del Distrito Federal (antes regencia) se hab\u00eda tornado de izquierda. El Z\u00f3calo capitalino se hab\u00eda vuelto escenario cultural de esa juventud sedienta de espacios que la delincuencia organizada nos hab\u00eda quitado. Se inauguraron los FAROS. El caciquismo del espacio p\u00fablico empezaba a ser un recuerdo de la era del Negro Durazo. Manu Chao llenaba la plancha del Z\u00f3calo al ritmo de \u201cWelcome to Tijuana\u201d. El \u00e1lbum <em>Clandestino<\/em> se hab\u00eda vuelto una especie de himno para mi generaci\u00f3n. La Ciudad de M\u00e9xico empezaba a dejar de ser el Mordor del pa\u00eds para convertirse en una especie de Tierra Media. Un par de a\u00f1os despu\u00e9s nac\u00edan los Caracoles Zapatistas como ejemplo de c\u00e9lulas aut\u00f3nomas. La juventud renac\u00eda y con ella mis deseos de descubrir un mundo que no estaba en las aulas de la Escuela Nacional Preparatoria No. 6, o al menos eso cre\u00eda. Era el fin de siglo.<\/p>\n<p>Las fiestas, amigos, sustancias, viajes y lucha social eran la gran delicia que nutr\u00eda mi reci\u00e9n descubierta soberana adolescencia. Sent\u00eda que todo a mi alrededor era una gran falacia y que eso que hac\u00edamos mis amigos y yo era una especie de reivindicaci\u00f3n con el esp\u00edritu, una suerte de <em>New Age<\/em> tropicalizado. Ten\u00eda 17 a\u00f1os y mi fiesta personal se extendi\u00f3 por algunos a\u00f1os m\u00e1s.<\/p>\n<p>Nadie me quit\u00f3 nada. Viv\u00ed mi temprana juventud como un gran delirio de viajero errante. A\u00f1os m\u00e1s tarde, ya como adulta, descubr\u00ed que el sistema es m\u00e1s cruel de lo que pensaba en aquella \u00e9poca y que por lo tanto no es tan f\u00e1cil escapar del todo de ah\u00ed, pero eso no importa, lo importante es que tuve vida para transitar en mis diferentes etapas de juventud, tuve hasta cierto punto el privilegio de vivir sin miedo o al menos de no darme cuenta de muchas cosas y es que hoy a muchas mujeres les han quitado todo, todito: los sue\u00f1os, los deseos, el delirio, los errores\u2026LA VIDA<\/p>\n<p>En ese entonces, recuerdo que mi seguridad siempre fue importante, recuerdo saber cuidarme y haber estado siempre con gente que me amaba para experimentar todas esas cosas. Recuerdo tambi\u00e9n haber hecho muchas cosas est\u00fapidas como haber ido con dealers a zonas muy chacales, haber caminado con mis amigas a altas horas de la noche en tacones por el centro o haberme metido a bosques, playas y desiertos sola con mis amigas. Recuerdo haber pedido aventones a traileros cientos de veces (eso s\u00ed, nunca sola).<\/p>\n<p>Ahora que lo pienso no fueron cosas est\u00fapidas, fueron experiencias muy divertidas. Lo que lo hac\u00eda est\u00fapido era mi vulnerabilidad ante un entorno de posibles hombres violentos, muchos de ellos condicionados a que pueden tener sexo forzando y sometiendo. \u00a1Que injusto! no era yo la est\u00fapida, eran ellos y esa construcci\u00f3n social de que valemos menos que un deseo sexual no autorizado. Dios mediante todos son ahora bonitos recuerdos.<\/p>\n<p>S\u00ed, s\u00ed era consciente de que las mujeres somos m\u00e1s susceptibles a una agresi\u00f3n que un hombre en medio de la noche o en lugares aislados. S\u00ed, pero ni por un segundo pens\u00e9 en perderme todo lo que estaba viviendo a causa del miedo: el miedo de no regresar viva a casa, el miedo de que mis padres no me volvieran a ver. De hecho y sinceramente creo que no lo pensaba mucho. No estaba dispuesta a perderme este boom de juventud de fin de siglo. S\u00f3lo me repet\u00eda: \u201ccu\u00eddate, cu\u00eddate mucho\u201d cada vez que cerraba la chapa de mi casa para emprender la aventura nocturna o el viaje. Puedo decir que mucho de lo que soy ahora son esas experiencias de mi adolescencia y juventud temprana. No cambiar\u00eda por nada todo lo que viv\u00ed, todos los beats a los que les ced\u00ed mi cuerpo, los amaneceres, la sensaci\u00f3n de complicidad con mis amigas y amigos. Lo \u00fanico que me pesa un poco son esas angustias que padecieron mis papasitos santos.<\/p>\n<p>Que injusto hubiera sido que el miedo me hubiera arrebatado eso que la vida y libre albedr\u00edo me regalaban: las decisiones sobre lo que quer\u00eda vivir y experimentar.<\/p>\n<p>Ahora tengo 37 a\u00f1os y soy madre de una hermosa nena de dos a\u00f1os. Mi peque\u00f1a Lila, adem\u00e1s de mi amor propio, es la raz\u00f3n por la que me levanto d\u00eda a d\u00eda. Mi hija me hace feliz a niveles que no puedo describir con palabras, no quiero sonar exagerada, ni que la maternidad es lo mejor que le puede pasar a una mujer, m\u00e1s bien es una experiencia con ciertas particularidades que no se parece a ninguna otra.<\/p>\n<p>En este rush actual de violencia extrema hacia las mujeres no puedo evitar ver a mi hijita y preguntarme: \u00bfElla tendr\u00e1 las mismas oportunidades de experimentar el mundo como lo hice yo? Por supuesto no es que le desee a mi hija una etapa de drogas y fiestas. Solo pienso en el d\u00eda en que quiera hacer un viaje sola o con sus amigas. Luego un pensamiento horrible viene a mi cabeza al recordar a Marina Menegazzo y Mar\u00eda Jos\u00e9 Coni de 21 y 22 a\u00f1os respectivamente, dos j\u00f3venes argentinas que se estaban recorriendo Ecuador y que encontraron su muerte a manos de dos sujetos que las drogaron y violaron previamente. Despu\u00e9s, como una avalancha de mal viaje, recuerdo a Mar\u00eda Matus, la joven mexicana que de igual forma fue asesinada en Costa Rica a manos de un tipo que antes hab\u00eda abusado sexualmente de ella. D\u00edas antes de este ominoso hecho, Mar\u00eda hab\u00eda subido una foto a su cuenta personal de Instagram con una foto que dec\u00eda: \u201cDespu\u00e9s de mucho tiempo de haber deseado irme por el planeta a viajar sola\u201d. Ten\u00eda 25 a\u00f1os.<\/p>\n<p>Veo las fotos de estas chicas en las que fueran sus cuentas de Instagram y pienso: \u201c\u00a1Dude! Eran grande viajes personales, eran chicas experimentando su libertad, era una forma de enriquecer su mente y de crear historias que las iban a hacer m\u00e1s sabias\u201d y as\u00ed nada m\u00e1s les quitaron todo, todito.<\/p>\n<p>En este vagar de pensamientos esquizofr\u00e9nicos (o sea re malviajosos) recuerdo todas las veces que sent\u00ed fr\u00edo o sue\u00f1o en una fiesta y decid\u00ed irme a mi casa. S\u00ed, a veces alg\u00fan amigo me llevaba a mi cant\u00f3n, otras simplemente decid\u00eda tomar un taxi sola. En esa misma avalancha de pensamientos catastr\u00f3ficos de la que ya no me puedo bajar futurizo y pienso en mi hija decidida a tomar un Uber o lo que sea para irse a descansar, ya no digamos de una fiesta, pero de alg\u00fan lugar donde ha estado trabajando o haciendo tarea hasta tarde o simplemente porque se le peg\u00f3 la gana.<\/p>\n<p>Ese pensamiento se vuelve insoportable cuando recuerdo a Mara Castilla tomando un servicio de transporte Cabify para regresar a casa despu\u00e9s de una salida de antro con sus amigos. Abord\u00f3 el autom\u00f3vil y nadie volvi\u00f3 a saber de ella. Era estudiante de ciencia pol\u00edtica, ten\u00eda 19 a\u00f1os.<\/p>\n<p>Sin en el menor pre\u00e1mbulo a mi incesante chaqueta metal y ya en la friques total me cuestiono: Si le dijera a mi hija que no puede hacer ciertas cosas le estar\u00eda soslayando su libertad de ser y hacer, pero tambi\u00e9n pienso que a lo mejor en muchas circunstancias le estar\u00eda salvando la vida. \u00a1\u00bfSALVANDOLE LA VIDA?!, okey repito de nuevo S-A-L-V-A-N-D-O-L-E L-A V-I-D-A \u00a1\u00bfPor ejercer su libre albedr\u00edo?! \u00a1No tiene sentido para nada! No, no soy una madre aprehensiva, quien me conoce sabe que es verdad. \u00a1Pero dude que puto miedo! Un miedo que termina de reafirmarse cuando en una sobremesa le pregunto a mi pap\u00e1: &#8211; \u00bfRecuerdas alguna \u00e9poca en que los feminicidios hayan estado tan desbordados como ahora?, \u00bfSiempre ha sido as\u00ed?; a lo que responde: -No hija, no recuerdo una etapa tan violenta como esta hacia las mujeres. Terminamos deliberando sobre que a lo mejor siempre ha sido as\u00ed pero que con los medios de comunicaci\u00f3n actuales todo es m\u00e1s visible y la informaci\u00f3n se propaga m\u00e1s r\u00e1pido. Como sea tocar\u00eda revisar datos duros a trav\u00e9s de a\u00f1os pasados para saber si vivimos una etapa de violencia de g\u00e9nero m\u00e1s cr\u00edtica que en otros. Pero por lo pronto esto es hoy, y que yo tambi\u00e9n recuerde, una epidemia.<\/p>\n<p>En alg\u00fan otro momento de reflexi\u00f3n sobre este tema me quedo pensando que yo puedo hacer todo lo posible para que mi hija aprenda a tomar medidas de seguridad, puedo instarla a que no importa la hora que sea, ella podr\u00e1 llamarme para ir a recogerla hasta el fin del mundo si fuese necesario. Puedo ense\u00f1arle sobre relaciones sanas (o al menos tratar), puedo ense\u00f1arle sobre el amor rom\u00e1ntico, puedo buscar que viva muchas experiencias procurando que sean seguras, puedo proveerle una educaci\u00f3n de respeto y amor a s\u00ed misma y a otras formas de vida. S\u00ed, puedo hacer todo esto y m\u00e1s para intentar garantizarle una vida feliz. Pero y ustedes madres y padres de varones, \u00bfya est\u00e1n ense\u00f1ando a sus hijos a no violar?, a que NO es NO. \u00bfYa est\u00e1n ense\u00f1ando a sus hijos sobre procesamiento emocional, sobre contenci\u00f3n? \u00bfYa les explicaron que sentirse fr\u00e1gil y vulnerable es v\u00e1lido? Porque la fuerza no se mide sobre la que tienes sobre otros, si no la que tienes sobre ti mismo. \u00a1GOBI\u00c9RNENSE! POR DIOS \u00a1GOBI\u00c9RNENSE!&#8230;<\/p>\n<p>No hay nada que me irrite m\u00e1s que se condicione LA VIDA a formas tan b\u00e1sicas y comunes de comportamiento. Es decir, por supuesto que nuestras acciones son determinantes en la calidad de vida que deseamos. Pero usar una minifalda, caminar por la noche, salir de viaje con tus amigas, salir a divertirte, salir tarde de trabajar, abordar un taxi, quedarte dormida en un autob\u00fas, intentar llegar a tu casa, confiar en un amigo, bailar en un antro, pasarte de copas, etc\u00e9tera \u00bfSon acciones de riesgo? S\u00cd, s\u00ed lo son. Pero m\u00e1s bien la pregunta es: \u00bfDeber\u00edan ser acciones de riesgo? NO, porque nadie tiene derecho sobre el cuerpo y voluntad de un ser vivo sobre otro. Ahora lo pienso y si me hubiera pasado algo en mis a\u00f1os mozos los medios y la gente me hubieran revictimizado: \u201cSe lo busc\u00f3 por dejar la escuela, se lo busc\u00f3 por andar en fiestas, se lo busc\u00f3 por vaga, por puta\u201d.<\/p>\n<p>Esta masacre actual no s\u00f3lo le est\u00e1 robando la vida a 10 mujeres todos los d\u00edas. No s\u00f3lo les roba la dignidad a las v\u00edctimas de violaci\u00f3n. Les est\u00e1 robando a todas las ni\u00f1as, ni\u00f1os y mujeres la libertad de construir experiencias, de edificar su vida trav\u00e9s de lo que viven, de aprender, crecer y madurar. El miedo nos est\u00e1 quitando los sue\u00f1os de libertad. Y NO, la violencia no es una forma de crecimiento personal, no mamen.<\/p>\n<p>Se\u00f1ores y se\u00f1oras no se trata hoy de jalar parejo y de repetir como merolico esa ret\u00f3rica de igualitarismo, se trata de detener esta masacre cueste lo que cueste, pese a quien le pese. Me queda claro que solo trabajando en colectividad podremos salir adelante, que trabajar mano a mano es el mejor m\u00e9todo de resistencia, s\u00ed, entre hombres y mujeres. Pero ahora toca salvarle la vida y los sue\u00f1os a nuestras morritas y morritos y en este sentido las mujeres ya nos estamos organizando sin los vatos, sin el estado y muchas veces sin nuestras familias. No se trata de excluir nadie se trata de no seguir perdiendo el tiempo por que ma\u00f1ana ser\u00e1n otras 10 mujeres.<\/p>\n<p>A ustedes amigos varones les toca deconstruirse, les toca formar grupos entre sus amigos, colegas, familia, les toca cuestionar sus privilegios. Los aliados varones en esta lucha les toca trabajar en s\u00ed mismos. Les toca reinventar su masculinidad. Luego nos encontraremos en el camino siendo mejores, m\u00e1s sabios, m\u00e1s fuertes y entonces ya no podr\u00e1n con nosotros, seremos invencibles y solo habr\u00e1 amor. Pero por ahora no nos toquen que andamos chidas\u2026<\/p>\n<p>Y si no regreso destr\u00fayelo amiga, destr\u00fayelo todo hasta que la dignidad se haga costumbre, por que las paredes se limpian, pero las morras no regresan.<\/p>\n<p>Photography by <a href=\"https:\/\/www.instagram.com\/jocelyncatterson\/\">Jocelyn Catterson<\/a><\/p>","protected":false},"excerpt":{"rendered":"<p>Puedo decir con certeza que fui una adolescente y una jovencita algo enrevesada. Mis padres recuerdan esa \u00e9poca como el momento en el que pensaron que no iba a hacer mucho de mi vida, al menos no bajo los par\u00e1metros del padre y madre babyboomer: licenciatura, ingl\u00e9s y computaci\u00f3n = \u00e9xito mil. Abandon\u00e9 el \u00faltimo [&hellip;]<\/p>\n","protected":false},"author":6400,"featured_media":0,"comment_status":"closed","ping_status":"closed","sticky":false,"template":"","format":"standard","meta":{"_acf_changed":false,"cybocfi_hide_featured_image":"","_jetpack_memberships_contains_paid_content":false,"footnotes":""},"categories":[7997],"tags":[],"class_list":["post-156438","post","type-post","status-publish","format-standard","hentry","category-textos"],"acf":[],"mb":[],"yoast_head":"<!-- This site is optimized with the Yoast SEO plugin v27.2 - https:\/\/yoast.com\/product\/yoast-seo-wordpress\/ -->\n<title>De vidrios rotos y otras diatribas - ERRR MAGAZINE<\/title>\n<meta name=\"robots\" content=\"index, follow, max-snippet:-1, max-image-preview:large, max-video-preview:-1\" \/>\n<link rel=\"canonical\" href=\"https:\/\/errr-magazine.com\/english\/de-vidrios-rotos-y-otras-diatribas\/\" \/>\n<meta property=\"og:locale\" content=\"en_US\" \/>\n<meta property=\"og:type\" content=\"article\" \/>\n<meta property=\"og:title\" content=\"De vidrios rotos y otras diatribas - ERRR MAGAZINE\" \/>\n<meta property=\"og:description\" content=\"Puedo decir con certeza que fui una adolescente y una jovencita algo enrevesada. Mis padres recuerdan esa \u00e9poca como el momento en el que pensaron que no iba a hacer mucho de mi vida, al menos no bajo los par\u00e1metros del padre y madre babyboomer: licenciatura, ingl\u00e9s y computaci\u00f3n = \u00e9xito mil. Abandon\u00e9 el \u00faltimo [&hellip;]\" \/>\n<meta property=\"og:url\" content=\"https:\/\/errr-magazine.com\/english\/de-vidrios-rotos-y-otras-diatribas\/\" \/>\n<meta property=\"og:site_name\" content=\"ERRR MAGAZINE\" \/>\n<meta property=\"article:published_time\" content=\"2020-03-22T00:29:51+00:00\" \/>\n<meta property=\"article:modified_time\" content=\"2022-08-31T06:09:50+00:00\" \/>\n<meta name=\"author\" content=\"Itz Morales\" \/>\n<meta name=\"twitter:card\" content=\"summary_large_image\" \/>\n<meta name=\"twitter:label1\" content=\"Written by\" \/>\n\t<meta name=\"twitter:data1\" content=\"Itz Morales\" \/>\n\t<meta name=\"twitter:label2\" content=\"Est. reading time\" \/>\n\t<meta name=\"twitter:data2\" content=\"11 minutes\" \/>\n<script type=\"application\/ld+json\" class=\"yoast-schema-graph\">{\"@context\":\"https:\/\/schema.org\",\"@graph\":[{\"@type\":\"Article\",\"@id\":\"https:\/\/errr-magazine.com\/de-vidrios-rotos-y-otras-diatribas\/#article\",\"isPartOf\":{\"@id\":\"https:\/\/errr-magazine.com\/de-vidrios-rotos-y-otras-diatribas\/\"},\"author\":{\"name\":\"Itz Morales\",\"@id\":\"https:\/\/errr-magazine.com\/#\/schema\/person\/579ee41ac82a9c794f3ec2a1a3c22355\"},\"headline\":\"De vidrios rotos y otras diatribas\",\"datePublished\":\"2020-03-22T00:29:51+00:00\",\"dateModified\":\"2022-08-31T06:09:50+00:00\",\"mainEntityOfPage\":{\"@id\":\"https:\/\/errr-magazine.com\/de-vidrios-rotos-y-otras-diatribas\/\"},\"wordCount\":2213,\"articleSection\":[\"Textos\"],\"inLanguage\":\"en-US\"},{\"@type\":\"WebPage\",\"@id\":\"https:\/\/errr-magazine.com\/de-vidrios-rotos-y-otras-diatribas\/\",\"url\":\"https:\/\/errr-magazine.com\/de-vidrios-rotos-y-otras-diatribas\/\",\"name\":\"De vidrios rotos y otras diatribas - ERRR MAGAZINE\",\"isPartOf\":{\"@id\":\"https:\/\/errr-magazine.com\/#website\"},\"datePublished\":\"2020-03-22T00:29:51+00:00\",\"dateModified\":\"2022-08-31T06:09:50+00:00\",\"author\":{\"@id\":\"https:\/\/errr-magazine.com\/#\/schema\/person\/579ee41ac82a9c794f3ec2a1a3c22355\"},\"breadcrumb\":{\"@id\":\"https:\/\/errr-magazine.com\/de-vidrios-rotos-y-otras-diatribas\/#breadcrumb\"},\"inLanguage\":\"en-US\",\"potentialAction\":[{\"@type\":\"ReadAction\",\"target\":[\"https:\/\/errr-magazine.com\/de-vidrios-rotos-y-otras-diatribas\/\"]}]},{\"@type\":\"BreadcrumbList\",\"@id\":\"https:\/\/errr-magazine.com\/de-vidrios-rotos-y-otras-diatribas\/#breadcrumb\",\"itemListElement\":[{\"@type\":\"ListItem\",\"position\":1,\"name\":\"Portada\",\"item\":\"https:\/\/errr-magazine.com\/\"},{\"@type\":\"ListItem\",\"position\":2,\"name\":\"De vidrios rotos y otras diatribas\"}]},{\"@type\":\"WebSite\",\"@id\":\"https:\/\/errr-magazine.com\/#website\",\"url\":\"https:\/\/errr-magazine.com\/\",\"name\":\"ERRR MAGAZINE\",\"description\":\"\",\"potentialAction\":[{\"@type\":\"SearchAction\",\"target\":{\"@type\":\"EntryPoint\",\"urlTemplate\":\"https:\/\/errr-magazine.com\/?s={search_term_string}\"},\"query-input\":{\"@type\":\"PropertyValueSpecification\",\"valueRequired\":true,\"valueName\":\"search_term_string\"}}],\"inLanguage\":\"en-US\"},{\"@type\":\"Person\",\"@id\":\"https:\/\/errr-magazine.com\/#\/schema\/person\/579ee41ac82a9c794f3ec2a1a3c22355\",\"name\":\"Itz Morales\",\"image\":{\"@type\":\"ImageObject\",\"inLanguage\":\"en-US\",\"@id\":\"https:\/\/secure.gravatar.com\/avatar\/f0437c25ee1576b0a8e823c99835f2c78d1ccb50e3e7fbf2c676e9c74de52a27?s=96&d=identicon&r=g\",\"url\":\"https:\/\/secure.gravatar.com\/avatar\/f0437c25ee1576b0a8e823c99835f2c78d1ccb50e3e7fbf2c676e9c74de52a27?s=96&d=identicon&r=g\",\"contentUrl\":\"https:\/\/secure.gravatar.com\/avatar\/f0437c25ee1576b0a8e823c99835f2c78d1ccb50e3e7fbf2c676e9c74de52a27?s=96&d=identicon&r=g\",\"caption\":\"Itz Morales\"},\"description\":\"Soy Dise\u00f1adora Industrial, pero desde hace 9 a\u00f1os me dedico a la museograf\u00eda principalmente de exhibiciones de ciencia o historia, as\u00ed que hoy por hoy me hago llamar museogr\u00e1fa. Tambi\u00e9n imparto clases de Dise\u00f1o en la UAM-Cuajimalpa. Tengo diversos intentos de proyectos de difusi\u00f3n del dise\u00f1o como herramienta de cambio, as\u00ed que pues seguimos trabajando. Soy mam\u00e1 de una ni\u00f1a de 2 a\u00f1os y bueno esa es una labor muy grande, creo que lo bonito de mi maternidad es que no lo veo como una obligaci\u00f3n (claramente es mucha resposabilidad) sino como un lugar de encuentro que funciona en distintas dimensiones para m\u00ed esp\u00edritu.\",\"sameAs\":[\"https:\/\/www.instagram.com\/itz_museum\"],\"url\":\"https:\/\/errr-magazine.com\/english\/author\/itzia-guzman\/\"}]}<\/script>\n<!-- \/ Yoast SEO plugin. -->","yoast_head_json":{"title":"De vidrios rotos y otras diatribas - ERRR MAGAZINE","robots":{"index":"index","follow":"follow","max-snippet":"max-snippet:-1","max-image-preview":"max-image-preview:large","max-video-preview":"max-video-preview:-1"},"canonical":"https:\/\/errr-magazine.com\/english\/de-vidrios-rotos-y-otras-diatribas\/","og_locale":"en_US","og_type":"article","og_title":"De vidrios rotos y otras diatribas - ERRR MAGAZINE","og_description":"Puedo decir con certeza que fui una adolescente y una jovencita algo enrevesada. Mis padres recuerdan esa \u00e9poca como el momento en el que pensaron que no iba a hacer mucho de mi vida, al menos no bajo los par\u00e1metros del padre y madre babyboomer: licenciatura, ingl\u00e9s y computaci\u00f3n = \u00e9xito mil. Abandon\u00e9 el \u00faltimo [&hellip;]","og_url":"https:\/\/errr-magazine.com\/english\/de-vidrios-rotos-y-otras-diatribas\/","og_site_name":"ERRR MAGAZINE","article_published_time":"2020-03-22T00:29:51+00:00","article_modified_time":"2022-08-31T06:09:50+00:00","author":"Itz Morales","twitter_card":"summary_large_image","twitter_misc":{"Written by":"Itz Morales","Est. reading time":"11 minutes"},"schema":{"@context":"https:\/\/schema.org","@graph":[{"@type":"Article","@id":"https:\/\/errr-magazine.com\/de-vidrios-rotos-y-otras-diatribas\/#article","isPartOf":{"@id":"https:\/\/errr-magazine.com\/de-vidrios-rotos-y-otras-diatribas\/"},"author":{"name":"Itz Morales","@id":"https:\/\/errr-magazine.com\/#\/schema\/person\/579ee41ac82a9c794f3ec2a1a3c22355"},"headline":"De vidrios rotos y otras diatribas","datePublished":"2020-03-22T00:29:51+00:00","dateModified":"2022-08-31T06:09:50+00:00","mainEntityOfPage":{"@id":"https:\/\/errr-magazine.com\/de-vidrios-rotos-y-otras-diatribas\/"},"wordCount":2213,"articleSection":["Textos"],"inLanguage":"en-US"},{"@type":"WebPage","@id":"https:\/\/errr-magazine.com\/de-vidrios-rotos-y-otras-diatribas\/","url":"https:\/\/errr-magazine.com\/de-vidrios-rotos-y-otras-diatribas\/","name":"De vidrios rotos y otras diatribas - ERRR MAGAZINE","isPartOf":{"@id":"https:\/\/errr-magazine.com\/#website"},"datePublished":"2020-03-22T00:29:51+00:00","dateModified":"2022-08-31T06:09:50+00:00","author":{"@id":"https:\/\/errr-magazine.com\/#\/schema\/person\/579ee41ac82a9c794f3ec2a1a3c22355"},"breadcrumb":{"@id":"https:\/\/errr-magazine.com\/de-vidrios-rotos-y-otras-diatribas\/#breadcrumb"},"inLanguage":"en-US","potentialAction":[{"@type":"ReadAction","target":["https:\/\/errr-magazine.com\/de-vidrios-rotos-y-otras-diatribas\/"]}]},{"@type":"BreadcrumbList","@id":"https:\/\/errr-magazine.com\/de-vidrios-rotos-y-otras-diatribas\/#breadcrumb","itemListElement":[{"@type":"ListItem","position":1,"name":"Portada","item":"https:\/\/errr-magazine.com\/"},{"@type":"ListItem","position":2,"name":"De vidrios rotos y otras diatribas"}]},{"@type":"WebSite","@id":"https:\/\/errr-magazine.com\/#website","url":"https:\/\/errr-magazine.com\/","name":"ERRR MAGAZINE","description":"","potentialAction":[{"@type":"SearchAction","target":{"@type":"EntryPoint","urlTemplate":"https:\/\/errr-magazine.com\/?s={search_term_string}"},"query-input":{"@type":"PropertyValueSpecification","valueRequired":true,"valueName":"search_term_string"}}],"inLanguage":"en-US"},{"@type":"Person","@id":"https:\/\/errr-magazine.com\/#\/schema\/person\/579ee41ac82a9c794f3ec2a1a3c22355","name":"Itz Morales","image":{"@type":"ImageObject","inLanguage":"en-US","@id":"https:\/\/secure.gravatar.com\/avatar\/f0437c25ee1576b0a8e823c99835f2c78d1ccb50e3e7fbf2c676e9c74de52a27?s=96&d=identicon&r=g","url":"https:\/\/secure.gravatar.com\/avatar\/f0437c25ee1576b0a8e823c99835f2c78d1ccb50e3e7fbf2c676e9c74de52a27?s=96&d=identicon&r=g","contentUrl":"https:\/\/secure.gravatar.com\/avatar\/f0437c25ee1576b0a8e823c99835f2c78d1ccb50e3e7fbf2c676e9c74de52a27?s=96&d=identicon&r=g","caption":"Itz Morales"},"description":"Soy Dise\u00f1adora Industrial, pero desde hace 9 a\u00f1os me dedico a la museograf\u00eda principalmente de exhibiciones de ciencia o historia, as\u00ed que hoy por hoy me hago llamar museogr\u00e1fa. Tambi\u00e9n imparto clases de Dise\u00f1o en la UAM-Cuajimalpa. Tengo diversos intentos de proyectos de difusi\u00f3n del dise\u00f1o como herramienta de cambio, as\u00ed que pues seguimos trabajando. Soy mam\u00e1 de una ni\u00f1a de 2 a\u00f1os y bueno esa es una labor muy grande, creo que lo bonito de mi maternidad es que no lo veo como una obligaci\u00f3n (claramente es mucha resposabilidad) sino como un lugar de encuentro que funciona en distintas dimensiones para m\u00ed esp\u00edritu.","sameAs":["https:\/\/www.instagram.com\/itz_museum"],"url":"https:\/\/errr-magazine.com\/english\/author\/itzia-guzman\/"}]}},"jetpack_featured_media_url":"","jetpack-related-posts":[{"id":127191,"url":"https:\/\/errr-magazine.com\/english\/maria-llena-eres-de-gracia\/","url_meta":{"origin":156438,"position":0},"title":"Mar\u00eda llena eres de gracia","author":"Valeria Tamayo Gaviria","date":"01\/19\/2018","format":false,"excerpt":"Orlando iniciaba su tercer round de masturbaciones matutinas al ritmo de Neoplatonics, mientras pensaba en la completa desnudez de Mar\u00eda. Esto, era una secuencia espacio \u2013 temporal, imaginaria, que le permit\u00eda siempre el mayor de los \u00e9xtasis; no sin antes emprender su onanismo con primer y segundo tiempo los cuales\u2026","rel":"","context":"In &quot;Textos&quot;","block_context":{"text":"Textos","link":"https:\/\/errr-magazine.com\/english\/category\/textos\/"},"img":{"alt_text":"","src":"https:\/\/i0.wp.com\/errr-magazine.com\/wp-content\/uploads\/2018\/01\/51305291859_f9e9305301_k.jpg?resize=350%2C200&ssl=1","width":350,"height":200,"srcset":"https:\/\/i0.wp.com\/errr-magazine.com\/wp-content\/uploads\/2018\/01\/51305291859_f9e9305301_k.jpg?resize=350%2C200&ssl=1 1x, https:\/\/i0.wp.com\/errr-magazine.com\/wp-content\/uploads\/2018\/01\/51305291859_f9e9305301_k.jpg?resize=525%2C300&ssl=1 1.5x, https:\/\/i0.wp.com\/errr-magazine.com\/wp-content\/uploads\/2018\/01\/51305291859_f9e9305301_k.jpg?resize=700%2C400&ssl=1 2x, https:\/\/i0.wp.com\/errr-magazine.com\/wp-content\/uploads\/2018\/01\/51305291859_f9e9305301_k.jpg?resize=1050%2C600&ssl=1 3x, https:\/\/i0.wp.com\/errr-magazine.com\/wp-content\/uploads\/2018\/01\/51305291859_f9e9305301_k.jpg?resize=1400%2C800&ssl=1 4x"},"classes":[]},{"id":184088,"url":"https:\/\/errr-magazine.com\/english\/fluir\/","url_meta":{"origin":156438,"position":1},"title":"Fluir","author":"Reez Ruiz","date":"05\/17\/2023","format":false,"excerpt":"Tom\u00e9 a Rius como referencia porque de ni\u00f1o recuerdo que un t\u00edo m\u00edo me prest\u00f3 alguno de sus muchos libros que sac\u00f3 y vi ilustraciones que me volvieron loco y empezaba a copiar todos sus textos...","rel":"","context":"In &quot;Interview&quot;","block_context":{"text":"Interview","link":"https:\/\/errr-magazine.com\/english\/category\/interviews\/"},"img":{"alt_text":"","src":"https:\/\/i0.wp.com\/errr-magazine.com\/wp-content\/uploads\/2023\/05\/Foto-32.jpg?resize=350%2C200&ssl=1","width":350,"height":200,"srcset":"https:\/\/i0.wp.com\/errr-magazine.com\/wp-content\/uploads\/2023\/05\/Foto-32.jpg?resize=350%2C200&ssl=1 1x, https:\/\/i0.wp.com\/errr-magazine.com\/wp-content\/uploads\/2023\/05\/Foto-32.jpg?resize=525%2C300&ssl=1 1.5x, https:\/\/i0.wp.com\/errr-magazine.com\/wp-content\/uploads\/2023\/05\/Foto-32.jpg?resize=700%2C400&ssl=1 2x, https:\/\/i0.wp.com\/errr-magazine.com\/wp-content\/uploads\/2023\/05\/Foto-32.jpg?resize=1050%2C600&ssl=1 3x, https:\/\/i0.wp.com\/errr-magazine.com\/wp-content\/uploads\/2023\/05\/Foto-32.jpg?resize=1400%2C800&ssl=1 4x"},"classes":[]},{"id":158465,"url":"https:\/\/errr-magazine.com\/english\/errr-magazine-com\/","url_meta":{"origin":156438,"position":2},"title":"ERRR-MAGAZINE.COM","author":"Jesus Rey Castillo Hernandez","date":"04\/25\/2020","format":false,"excerpt":"El sitio est\u00e1 lleno de excelentes escritores. Me gusta revisar mis trabajos, ver que alguien dejo un nuevo comentario o revisar el n\u00famero de personas que han compartido mis escritos a trav\u00e9s de las redes sociales, eso me motiva a escribir cada vez mejor. Recuerdo la vez que escrib\u00ed mi\u2026","rel":"","context":"In &quot;Textos&quot;","block_context":{"text":"Textos","link":"https:\/\/errr-magazine.com\/english\/category\/textos\/"},"img":{"alt_text":"","src":"","width":0,"height":0},"classes":[]},{"id":153244,"url":"https:\/\/errr-magazine.com\/english\/navidad\/","url_meta":{"origin":156438,"position":3},"title":"Navidad","author":"Emanuel Pablo Ernesto Vivas","date":"12\/12\/2019","format":false,"excerpt":"24 en total, he tenido 24 navidades en total, no recuerdo las primeras 4. Obvio. Recuerdo la de 2001, la luz se habia cortado justo a las 12 de la noche as\u00ed que mientras brindabamos a oscuras cont\u00e1bamos an\u00e9cdotas familiares (de esas que solo importan \u00fanica y exclusivamente en el\u2026","rel":"","context":"In &quot;Textos&quot;","block_context":{"text":"Textos","link":"https:\/\/errr-magazine.com\/english\/category\/textos\/"},"img":{"alt_text":"","src":"","width":0,"height":0},"classes":[]},{"id":178926,"url":"https:\/\/errr-magazine.com\/english\/the-supersonics\/","url_meta":{"origin":156438,"position":4},"title":"The Supersonics","author":"Miriam V\u00e1squez Garc\u00eda","date":"06\/20\/2022","format":false,"excerpt":"En ese entonces apenas estaba descubriendo el tomar fotos en film y me enfocaba principalmente en explorar este estilo, as\u00ed que tomaba fotos de cualquier cosa...","rel":"","context":"In &quot;Interview&quot;","block_context":{"text":"Interview","link":"https:\/\/errr-magazine.com\/english\/category\/interviews\/"},"img":{"alt_text":"","src":"https:\/\/i0.wp.com\/errr-magazine.com\/wp-content\/uploads\/2022\/06\/IMG_7834-miriam-vasquez-scaled.jpg?resize=350%2C200&ssl=1","width":350,"height":200,"srcset":"https:\/\/i0.wp.com\/errr-magazine.com\/wp-content\/uploads\/2022\/06\/IMG_7834-miriam-vasquez-scaled.jpg?resize=350%2C200&ssl=1 1x, https:\/\/i0.wp.com\/errr-magazine.com\/wp-content\/uploads\/2022\/06\/IMG_7834-miriam-vasquez-scaled.jpg?resize=525%2C300&ssl=1 1.5x, https:\/\/i0.wp.com\/errr-magazine.com\/wp-content\/uploads\/2022\/06\/IMG_7834-miriam-vasquez-scaled.jpg?resize=700%2C400&ssl=1 2x, https:\/\/i0.wp.com\/errr-magazine.com\/wp-content\/uploads\/2022\/06\/IMG_7834-miriam-vasquez-scaled.jpg?resize=1050%2C600&ssl=1 3x, https:\/\/i0.wp.com\/errr-magazine.com\/wp-content\/uploads\/2022\/06\/IMG_7834-miriam-vasquez-scaled.jpg?resize=1400%2C800&ssl=1 4x"},"classes":[]},{"id":155870,"url":"https:\/\/errr-magazine.com\/english\/encuentros-cercanos-con-la-muerte\/","url_meta":{"origin":156438,"position":5},"title":"Encuentros cercanos con la muerte","author":"jyakkura","date":"03\/03\/2020","format":false,"excerpt":"\u00bfDe qu\u00e9 te sirve el conocimiento cuando no eres responsable de compartirlo? Aprend\u00ed que, de nada, muy a la mala. He dedicado mi vida entera a aprender cosas que a nadie le interesan y de las que nadie quiere hablar porque siempre hay mejores cosas de las cuales hablar y\u2026","rel":"","context":"In &quot;Textos&quot;","block_context":{"text":"Textos","link":"https:\/\/errr-magazine.com\/english\/category\/textos\/"},"img":{"alt_text":"","src":"","width":0,"height":0},"classes":[]}],"jetpack_sharing_enabled":true,"mfb_rest_fields":["title","yoast_head","yoast_head_json","jetpack_featured_media_url","jetpack-related-posts","jetpack_sharing_enabled"],"_links":{"self":[{"href":"https:\/\/errr-magazine.com\/english\/wp-json\/wp\/v2\/posts\/156438","targetHints":{"allow":["GET"]}}],"collection":[{"href":"https:\/\/errr-magazine.com\/english\/wp-json\/wp\/v2\/posts"}],"about":[{"href":"https:\/\/errr-magazine.com\/english\/wp-json\/wp\/v2\/types\/post"}],"author":[{"embeddable":true,"href":"https:\/\/errr-magazine.com\/english\/wp-json\/wp\/v2\/users\/6400"}],"replies":[{"embeddable":true,"href":"https:\/\/errr-magazine.com\/english\/wp-json\/wp\/v2\/comments?post=156438"}],"version-history":[{"count":4,"href":"https:\/\/errr-magazine.com\/english\/wp-json\/wp\/v2\/posts\/156438\/revisions"}],"predecessor-version":[{"id":168350,"href":"https:\/\/errr-magazine.com\/english\/wp-json\/wp\/v2\/posts\/156438\/revisions\/168350"}],"wp:attachment":[{"href":"https:\/\/errr-magazine.com\/english\/wp-json\/wp\/v2\/media?parent=156438"}],"wp:term":[{"taxonomy":"category","embeddable":true,"href":"https:\/\/errr-magazine.com\/english\/wp-json\/wp\/v2\/categories?post=156438"},{"taxonomy":"post_tag","embeddable":true,"href":"https:\/\/errr-magazine.com\/english\/wp-json\/wp\/v2\/tags?post=156438"}],"curies":[{"name":"wp","href":"https:\/\/api.w.org\/{rel}","templated":true}]}}