{"id":156362,"date":"2020-03-07T12:37:36","date_gmt":"2020-03-07T01:37:36","guid":{"rendered":"http:\/\/errr-magazine.com\/?p=156362"},"modified":"2022-08-31T01:09:57","modified_gmt":"2022-08-31T06:09:57","slug":"tu-te-vas","status":"publish","type":"post","link":"https:\/\/errr-magazine.com\/english\/tu-te-vas\/","title":{"rendered":"Tu te vas\u2026"},"content":{"rendered":"<p><span style=\"font-weight: 400;\">T\u00fa te vas, pero yo me quedo.\u00a0<\/span><\/p>\n<p><span style=\"font-weight: 400;\">Me quedo con aquel recuerdo de tu rostro celeste blanquecino como la arena de los mares celestes.\u00a0<\/span><\/p>\n<p><span style=\"font-weight: 400;\">Me quedo con el recuerdo de aquel sol \u00edgneo pos\u00e1ndose sobre tus mejillas, como si los rayos fueran la brisa, gotas de sol,de aquella tarde de un ocaso rojo que torneaba tus mejillas.\u00a0<\/span><\/p>\n<p><span style=\"font-weight: 400;\">\u00a0Me quedo con esa imagen de la silueta de tus labios de cerezos, de alel\u00ed de \u00f3leos carmines y perfumes a s\u00e1ndalo, colina de arenas de suspiros, nimiedades, palabras secas besos a medias y l\u00e1grimas decantadas, con la humedad de tu boca y sus hieles hilvanadas de deleite inconsistente para la sequedad de los m\u00edos manantial de mieles, su sabor aterciopelado tan inasequible, que conduce al pasillo moment\u00e1neo de un \u00e9xtasis corto pero inolvidable.\u00a0<\/span><\/p>\n<p><span style=\"font-weight: 400;\">Me quedo con ese modo suyo, tan propio y nimio para los extra\u00f1os, de este lenguaje propio de besar con la mirada de tus luceros tibios, crisoles \u00e1mbar.\u00a0<\/span><\/p>\n<p><span style=\"font-weight: 400;\">Me quedo con ese silencio tan sagrado con el que me dices te quiero, con mi ausencia que te grita este amor me aterra, de lo insoportable que soy prolongadamente sin el mirar de tus ojos, que yo sola en una tarde te he contado todas las pesta\u00f1as rayos de obsidiana, ramas de los \u00e1rboles que lloran, gritan y hacen sucumbir sin tocarte.\u00a0<\/span><\/p>\n<p><span style=\"font-weight: 400;\">Me\u00a0 quedo con el perderme en la brasa de tus pupilas que enciende mis contrariadas pasiones.<\/span><\/p>\n<p><span style=\"font-weight: 400;\">Me quedo con tu modo de abrazarme, con el recuerdo de tu pelo,que me guarda en el furtivo invierno, a pesar del nen\u00fafar tu pecho frio, con aquellas ondas, olas casta\u00f1as de estupor rebuscado que se mecen al par del viento.\u00a0<\/span><\/p>\n<p><span style=\"font-weight: 400;\">Me me quedo con esa sonrisa tuya que me seduce a besarte, sonrisa inconquistable que a mis labios roz\u00f3 con mordidas febriles, como si trataras de fundirnos de golpe en una pira con el nombre abstracto de pasi\u00f3n.\u00a0<\/span><\/p>\n<p><span style=\"font-weight: 400;\">Me me quedo con tus manos arcos sutiles de textura de algod\u00f3n, nube de cielo l\u00edvida en un puente que entrelaza tu piel con la m\u00eda, estrella fugaz que a su paso arrebata a naufragar en el delirio del placer, lunares de mapas celestes inexplorados, intocables huellas c\u00f3digos y anagramas para descifrar la estela de tus h\u00e1bitos y man\u00edas, cuerpo esculpido en m\u00e1rmol, admirada por los hombres.\u00a0<\/span><\/p>\n<p><span style=\"font-weight: 400;\">Me me quedo al recordarte en los cuadros de Botticelli y Cabanel, al escucharte en los acordes de Bach y aquellas noches con m\u00fasica de Chopin que me hac\u00eda pensar\u00a0 ti, con Ella FitzGerald cant\u00e1ndole una oda a lo nuestro.\u00a0<\/span><\/p>\n<p><span style=\"font-weight: 400;\">Me quedo con nuestros libros compartidos, tu nombre de rima de agon\u00eda detr\u00e1s del ocaso, nos esconde en un costado de tu desvencijada memoria en un caj\u00f3n arrumbado con el nombre de recuerdo prohibido, como la luna inalcanzable, t\u00fa te vas , te marchas en el tren de los adioses, no volver\u00e1s, ni ser\u00e1s la ola que me traer\u00e1 el destino, el recuerdo en pira se encender\u00e1, en polvo y cenizas se volver\u00e1, el deseo de lo et\u00e9reo de un pasaje inadvertido, la prolongaci\u00f3n infinita de un instante, t\u00fa te ir\u00e1s y no volver\u00e1s yo pegare la media vuelta con la memoria marchita, los labios secos y el hast\u00edo de tu insoportable recuerdo.<\/span><\/p>\n<p>Photography by <a href=\"https:\/\/www.instagram.com\/jocelyncatterson\/\">Jocelyn Catterson<\/a><\/p>","protected":false},"excerpt":{"rendered":"<p>T\u00fa te vas, pero yo me quedo.\u00a0 Me quedo con aquel recuerdo de tu rostro celeste blanquecino como la arena de los mares celestes.\u00a0 Me quedo con el recuerdo de aquel sol \u00edgneo pos\u00e1ndose sobre tus mejillas, como si los rayos fueran la brisa, gotas de sol,de aquella tarde de un ocaso rojo que torneaba [&hellip;]<\/p>\n","protected":false},"author":6221,"featured_media":0,"comment_status":"closed","ping_status":"closed","sticky":false,"template":"","format":"standard","meta":{"_acf_changed":false,"cybocfi_hide_featured_image":"","_jetpack_memberships_contains_paid_content":false,"footnotes":""},"categories":[7997],"tags":[15808,5829],"class_list":["post-156362","post","type-post","status-publish","format-standard","hentry","category-textos","tag-amor-desamor-expareja-carta-dolor-recuerdos-perdon-recuerdos","tag-extranar"],"acf":[],"mb":[],"yoast_head":"<!-- This site is optimized with the Yoast SEO plugin v27.2 - https:\/\/yoast.com\/product\/yoast-seo-wordpress\/ -->\n<title>Tu te vas\u2026 - ERRR MAGAZINE<\/title>\n<meta name=\"robots\" content=\"index, follow, max-snippet:-1, max-image-preview:large, max-video-preview:-1\" \/>\n<link rel=\"canonical\" href=\"https:\/\/errr-magazine.com\/english\/tu-te-vas\/\" \/>\n<meta property=\"og:locale\" content=\"en_US\" \/>\n<meta property=\"og:type\" content=\"article\" \/>\n<meta property=\"og:title\" content=\"Tu te vas\u2026 - ERRR MAGAZINE\" \/>\n<meta property=\"og:description\" content=\"T\u00fa te vas, pero yo me quedo.\u00a0 Me quedo con aquel recuerdo de tu rostro celeste blanquecino como la arena de los mares celestes.\u00a0 Me quedo con el recuerdo de aquel sol \u00edgneo pos\u00e1ndose sobre tus mejillas, como si los rayos fueran la brisa, gotas de sol,de aquella tarde de un ocaso rojo que torneaba [&hellip;]\" \/>\n<meta property=\"og:url\" content=\"https:\/\/errr-magazine.com\/english\/tu-te-vas\/\" \/>\n<meta property=\"og:site_name\" content=\"ERRR MAGAZINE\" \/>\n<meta property=\"article:published_time\" content=\"2020-03-07T01:37:36+00:00\" \/>\n<meta property=\"article:modified_time\" content=\"2022-08-31T06:09:57+00:00\" \/>\n<meta name=\"author\" content=\"Montserrat Ruiz Ibarra\" \/>\n<meta name=\"twitter:card\" content=\"summary_large_image\" \/>\n<meta name=\"twitter:label1\" content=\"Written by\" \/>\n\t<meta name=\"twitter:data1\" content=\"Montserrat Ruiz Ibarra\" \/>\n\t<meta name=\"twitter:label2\" content=\"Est. reading time\" \/>\n\t<meta name=\"twitter:data2\" content=\"3 minutes\" \/>\n<script type=\"application\/ld+json\" class=\"yoast-schema-graph\">{\"@context\":\"https:\/\/schema.org\",\"@graph\":[{\"@type\":\"Article\",\"@id\":\"https:\/\/errr-magazine.com\/tu-te-vas\/#article\",\"isPartOf\":{\"@id\":\"https:\/\/errr-magazine.com\/tu-te-vas\/\"},\"author\":{\"name\":\"Montserrat Ruiz Ibarra\",\"@id\":\"https:\/\/errr-magazine.com\/#\/schema\/person\/4a53744ea9f129f20399cdff28f46e26\"},\"headline\":\"Tu te vas\u2026\",\"datePublished\":\"2020-03-07T01:37:36+00:00\",\"dateModified\":\"2022-08-31T06:09:57+00:00\",\"mainEntityOfPage\":{\"@id\":\"https:\/\/errr-magazine.com\/tu-te-vas\/\"},\"wordCount\":576,\"keywords\":[\"#amor #desamor #expareja #carta #dolor #recuerdos #perd\u00f3n #recuerdos\",\"extra\u00f1ar\"],\"articleSection\":[\"Textos\"],\"inLanguage\":\"en-US\"},{\"@type\":\"WebPage\",\"@id\":\"https:\/\/errr-magazine.com\/tu-te-vas\/\",\"url\":\"https:\/\/errr-magazine.com\/tu-te-vas\/\",\"name\":\"Tu te vas\u2026 - ERRR MAGAZINE\",\"isPartOf\":{\"@id\":\"https:\/\/errr-magazine.com\/#website\"},\"datePublished\":\"2020-03-07T01:37:36+00:00\",\"dateModified\":\"2022-08-31T06:09:57+00:00\",\"author\":{\"@id\":\"https:\/\/errr-magazine.com\/#\/schema\/person\/4a53744ea9f129f20399cdff28f46e26\"},\"breadcrumb\":{\"@id\":\"https:\/\/errr-magazine.com\/tu-te-vas\/#breadcrumb\"},\"inLanguage\":\"en-US\",\"potentialAction\":[{\"@type\":\"ReadAction\",\"target\":[\"https:\/\/errr-magazine.com\/tu-te-vas\/\"]}]},{\"@type\":\"BreadcrumbList\",\"@id\":\"https:\/\/errr-magazine.com\/tu-te-vas\/#breadcrumb\",\"itemListElement\":[{\"@type\":\"ListItem\",\"position\":1,\"name\":\"Portada\",\"item\":\"https:\/\/errr-magazine.com\/\"},{\"@type\":\"ListItem\",\"position\":2,\"name\":\"Tu te vas\u2026\"}]},{\"@type\":\"WebSite\",\"@id\":\"https:\/\/errr-magazine.com\/#website\",\"url\":\"https:\/\/errr-magazine.com\/\",\"name\":\"ERRR MAGAZINE\",\"description\":\"\",\"potentialAction\":[{\"@type\":\"SearchAction\",\"target\":{\"@type\":\"EntryPoint\",\"urlTemplate\":\"https:\/\/errr-magazine.com\/?s={search_term_string}\"},\"query-input\":{\"@type\":\"PropertyValueSpecification\",\"valueRequired\":true,\"valueName\":\"search_term_string\"}}],\"inLanguage\":\"en-US\"},{\"@type\":\"Person\",\"@id\":\"https:\/\/errr-magazine.com\/#\/schema\/person\/4a53744ea9f129f20399cdff28f46e26\",\"name\":\"Montserrat Ruiz Ibarra\",\"image\":{\"@type\":\"ImageObject\",\"inLanguage\":\"en-US\",\"@id\":\"https:\/\/secure.gravatar.com\/avatar\/c0ae8ce9de92bb4543d8c6c65b6822254deaa5b7fb4bdb9a35285c6a899fb221?s=96&d=identicon&r=g\",\"url\":\"https:\/\/secure.gravatar.com\/avatar\/c0ae8ce9de92bb4543d8c6c65b6822254deaa5b7fb4bdb9a35285c6a899fb221?s=96&d=identicon&r=g\",\"contentUrl\":\"https:\/\/secure.gravatar.com\/avatar\/c0ae8ce9de92bb4543d8c6c65b6822254deaa5b7fb4bdb9a35285c6a899fb221?s=96&d=identicon&r=g\",\"caption\":\"Montserrat Ruiz Ibarra\"},\"description\":\"Me gusta sentir las palabras, bohemia y nost\u00e1lgica hasta los huesos, empedernida, mel\u00f3mana, con adicci\u00f3n a los libros, me gusta viajar, el cine y la fotograf\u00eda, curiosa por naturaleza.\",\"sameAs\":[\"https:\/\/www.instagram.com\/montsvibes\/\"],\"url\":\"https:\/\/errr-magazine.com\/english\/author\/montserratruiz4\/\"}]}<\/script>\n<!-- \/ Yoast SEO plugin. -->","yoast_head_json":{"title":"Tu te vas\u2026 - ERRR MAGAZINE","robots":{"index":"index","follow":"follow","max-snippet":"max-snippet:-1","max-image-preview":"max-image-preview:large","max-video-preview":"max-video-preview:-1"},"canonical":"https:\/\/errr-magazine.com\/english\/tu-te-vas\/","og_locale":"en_US","og_type":"article","og_title":"Tu te vas\u2026 - ERRR MAGAZINE","og_description":"T\u00fa te vas, pero yo me quedo.\u00a0 Me quedo con aquel recuerdo de tu rostro celeste blanquecino como la arena de los mares celestes.\u00a0 Me quedo con el recuerdo de aquel sol \u00edgneo pos\u00e1ndose sobre tus mejillas, como si los rayos fueran la brisa, gotas de sol,de aquella tarde de un ocaso rojo que torneaba [&hellip;]","og_url":"https:\/\/errr-magazine.com\/english\/tu-te-vas\/","og_site_name":"ERRR MAGAZINE","article_published_time":"2020-03-07T01:37:36+00:00","article_modified_time":"2022-08-31T06:09:57+00:00","author":"Montserrat Ruiz Ibarra","twitter_card":"summary_large_image","twitter_misc":{"Written by":"Montserrat Ruiz Ibarra","Est. reading time":"3 minutes"},"schema":{"@context":"https:\/\/schema.org","@graph":[{"@type":"Article","@id":"https:\/\/errr-magazine.com\/tu-te-vas\/#article","isPartOf":{"@id":"https:\/\/errr-magazine.com\/tu-te-vas\/"},"author":{"name":"Montserrat Ruiz Ibarra","@id":"https:\/\/errr-magazine.com\/#\/schema\/person\/4a53744ea9f129f20399cdff28f46e26"},"headline":"Tu te vas\u2026","datePublished":"2020-03-07T01:37:36+00:00","dateModified":"2022-08-31T06:09:57+00:00","mainEntityOfPage":{"@id":"https:\/\/errr-magazine.com\/tu-te-vas\/"},"wordCount":576,"keywords":["#amor #desamor #expareja #carta #dolor #recuerdos #perd\u00f3n #recuerdos","extra\u00f1ar"],"articleSection":["Textos"],"inLanguage":"en-US"},{"@type":"WebPage","@id":"https:\/\/errr-magazine.com\/tu-te-vas\/","url":"https:\/\/errr-magazine.com\/tu-te-vas\/","name":"Tu te vas\u2026 - ERRR MAGAZINE","isPartOf":{"@id":"https:\/\/errr-magazine.com\/#website"},"datePublished":"2020-03-07T01:37:36+00:00","dateModified":"2022-08-31T06:09:57+00:00","author":{"@id":"https:\/\/errr-magazine.com\/#\/schema\/person\/4a53744ea9f129f20399cdff28f46e26"},"breadcrumb":{"@id":"https:\/\/errr-magazine.com\/tu-te-vas\/#breadcrumb"},"inLanguage":"en-US","potentialAction":[{"@type":"ReadAction","target":["https:\/\/errr-magazine.com\/tu-te-vas\/"]}]},{"@type":"BreadcrumbList","@id":"https:\/\/errr-magazine.com\/tu-te-vas\/#breadcrumb","itemListElement":[{"@type":"ListItem","position":1,"name":"Portada","item":"https:\/\/errr-magazine.com\/"},{"@type":"ListItem","position":2,"name":"Tu te vas\u2026"}]},{"@type":"WebSite","@id":"https:\/\/errr-magazine.com\/#website","url":"https:\/\/errr-magazine.com\/","name":"ERRR MAGAZINE","description":"","potentialAction":[{"@type":"SearchAction","target":{"@type":"EntryPoint","urlTemplate":"https:\/\/errr-magazine.com\/?s={search_term_string}"},"query-input":{"@type":"PropertyValueSpecification","valueRequired":true,"valueName":"search_term_string"}}],"inLanguage":"en-US"},{"@type":"Person","@id":"https:\/\/errr-magazine.com\/#\/schema\/person\/4a53744ea9f129f20399cdff28f46e26","name":"Montserrat Ruiz Ibarra","image":{"@type":"ImageObject","inLanguage":"en-US","@id":"https:\/\/secure.gravatar.com\/avatar\/c0ae8ce9de92bb4543d8c6c65b6822254deaa5b7fb4bdb9a35285c6a899fb221?s=96&d=identicon&r=g","url":"https:\/\/secure.gravatar.com\/avatar\/c0ae8ce9de92bb4543d8c6c65b6822254deaa5b7fb4bdb9a35285c6a899fb221?s=96&d=identicon&r=g","contentUrl":"https:\/\/secure.gravatar.com\/avatar\/c0ae8ce9de92bb4543d8c6c65b6822254deaa5b7fb4bdb9a35285c6a899fb221?s=96&d=identicon&r=g","caption":"Montserrat Ruiz Ibarra"},"description":"Me gusta sentir las palabras, bohemia y nost\u00e1lgica hasta los huesos, empedernida, mel\u00f3mana, con adicci\u00f3n a los libros, me gusta viajar, el cine y la fotograf\u00eda, curiosa por naturaleza.","sameAs":["https:\/\/www.instagram.com\/montsvibes\/"],"url":"https:\/\/errr-magazine.com\/english\/author\/montserratruiz4\/"}]}},"jetpack_featured_media_url":"","jetpack-related-posts":[{"id":142342,"url":"https:\/\/errr-magazine.com\/english\/nirvana\/","url_meta":{"origin":156362,"position":0},"title":"Nirvana","author":"Miriam Carre\u00f3n Zoeller","date":"03\/29\/2019","format":false,"excerpt":"Cuando cesa la lluvia todo resulta fresco y brillante por la luz del sol reflejada en finas gotas de agua por toda superficie, aves de color amarillo y naranja, cantan quedamente; se puede escuchar: -Nero, nero, liu\u2026 Nero, nero, liu\u2026 Que se abra una monta\u00f1a, salga una purpura catarina, y\u2026","rel":"","context":"In &quot;Textos&quot;","block_context":{"text":"Textos","link":"https:\/\/errr-magazine.com\/english\/category\/textos\/"},"img":{"alt_text":"","src":"https:\/\/i0.wp.com\/errr-magazine.com\/wp-content\/uploads\/2019\/03\/1-2.png?resize=350%2C200&ssl=1","width":350,"height":200,"srcset":"https:\/\/i0.wp.com\/errr-magazine.com\/wp-content\/uploads\/2019\/03\/1-2.png?resize=350%2C200&ssl=1 1x, https:\/\/i0.wp.com\/errr-magazine.com\/wp-content\/uploads\/2019\/03\/1-2.png?resize=525%2C300&ssl=1 1.5x, https:\/\/i0.wp.com\/errr-magazine.com\/wp-content\/uploads\/2019\/03\/1-2.png?resize=700%2C400&ssl=1 2x"},"classes":[]},{"id":200993,"url":"https:\/\/errr-magazine.com\/english\/abrazaste-mi-desnudez\/","url_meta":{"origin":156362,"position":1},"title":"You Embraced My Nakedness","author":"Lucero I. Pati\u00f1o Salgado","date":"02\/28\/2026","format":false,"excerpt":"Lo \u00fanico que recuerdo de aquella escena es un abrazo que te hizo quedarte y que yo no huyera de aquel momento, ese abrazo nos hizo quedarnos\u2026\u00a0","rel":"","context":"In &quot;Narrativa&quot;","block_context":{"text":"Narrativa","link":"https:\/\/errr-magazine.com\/english\/category\/writing\/narrativa\/"},"img":{"alt_text":"","src":"https:\/\/i0.wp.com\/errr-magazine.com\/wp-content\/uploads\/2026\/02\/Copia-de-ERRR_CR-01-1.jpg?resize=350%2C200&ssl=1","width":350,"height":200,"srcset":"https:\/\/i0.wp.com\/errr-magazine.com\/wp-content\/uploads\/2026\/02\/Copia-de-ERRR_CR-01-1.jpg?resize=350%2C200&ssl=1 1x, https:\/\/i0.wp.com\/errr-magazine.com\/wp-content\/uploads\/2026\/02\/Copia-de-ERRR_CR-01-1.jpg?resize=525%2C300&ssl=1 1.5x, https:\/\/i0.wp.com\/errr-magazine.com\/wp-content\/uploads\/2026\/02\/Copia-de-ERRR_CR-01-1.jpg?resize=700%2C400&ssl=1 2x, https:\/\/i0.wp.com\/errr-magazine.com\/wp-content\/uploads\/2026\/02\/Copia-de-ERRR_CR-01-1.jpg?resize=1050%2C600&ssl=1 3x"},"classes":[]},{"id":136957,"url":"https:\/\/errr-magazine.com\/english\/alli-te-quedaste\/","url_meta":{"origin":156362,"position":2},"title":"All\u00ed te quedaste","author":"Ana Luc\u00eda","date":"07\/28\/2018","format":false,"excerpt":"All\u00ed te quedaste en lo m\u00e1s profundo del oc\u00e9ano. Tu risa se mezcla entre las olas. Tus caricias recorren la arena. All\u00ed te quedaste en aquel rinc\u00f3n nuestro donde sol\u00edamos ver la inmensidad azul. Tus labios se convierten en brisa marina. Tus abrazos aterciopelados se las lleva el alba. All\u00ed\u2026","rel":"","context":"In &quot;Textos&quot;","block_context":{"text":"Textos","link":"https:\/\/errr-magazine.com\/english\/category\/textos\/"},"img":{"alt_text":"","src":"https:\/\/i0.wp.com\/errr-magazine.com\/wp-content\/uploads\/2018\/07\/Captura-de-pantalla-2018-07-28-a-las-13.46.42.png?resize=350%2C200&ssl=1","width":350,"height":200,"srcset":"https:\/\/i0.wp.com\/errr-magazine.com\/wp-content\/uploads\/2018\/07\/Captura-de-pantalla-2018-07-28-a-las-13.46.42.png?resize=350%2C200&ssl=1 1x, https:\/\/i0.wp.com\/errr-magazine.com\/wp-content\/uploads\/2018\/07\/Captura-de-pantalla-2018-07-28-a-las-13.46.42.png?resize=525%2C300&ssl=1 1.5x"},"classes":[]},{"id":200214,"url":"https:\/\/errr-magazine.com\/english\/las-fotos-que-elegimos\/","url_meta":{"origin":156362,"position":3},"title":"The Photos We Chose","author":"Diego Jiram","date":"02\/24\/2026","format":false,"excerpt":"When you develop film, you have the negative of everything you shot, but the photograph is consummated only once you have the positive, whether in black and white or color. Therefore, the negative is like an abstraction: a guide toward the final image.","rel":"","context":"In &quot;Ensayo&quot;","block_context":{"text":"Ensayo","link":"https:\/\/errr-magazine.com\/english\/category\/writing\/ensayo\/"},"img":{"alt_text":"","src":"https:\/\/i0.wp.com\/errr-magazine.com\/wp-content\/uploads\/2026\/02\/Copia-de-_ADS8626-positive-1-scaled.jpg?resize=350%2C200&ssl=1","width":350,"height":200,"srcset":"https:\/\/i0.wp.com\/errr-magazine.com\/wp-content\/uploads\/2026\/02\/Copia-de-_ADS8626-positive-1-scaled.jpg?resize=350%2C200&ssl=1 1x, https:\/\/i0.wp.com\/errr-magazine.com\/wp-content\/uploads\/2026\/02\/Copia-de-_ADS8626-positive-1-scaled.jpg?resize=525%2C300&ssl=1 1.5x, https:\/\/i0.wp.com\/errr-magazine.com\/wp-content\/uploads\/2026\/02\/Copia-de-_ADS8626-positive-1-scaled.jpg?resize=700%2C400&ssl=1 2x, https:\/\/i0.wp.com\/errr-magazine.com\/wp-content\/uploads\/2026\/02\/Copia-de-_ADS8626-positive-1-scaled.jpg?resize=1050%2C600&ssl=1 3x, https:\/\/i0.wp.com\/errr-magazine.com\/wp-content\/uploads\/2026\/02\/Copia-de-_ADS8626-positive-1-scaled.jpg?resize=1400%2C800&ssl=1 4x"},"classes":[]},{"id":161824,"url":"https:\/\/errr-magazine.com\/english\/todo-saldra-bien\/","url_meta":{"origin":156362,"position":4},"title":"Todo saldr\u00e1 bien","author":"Paolette","date":"05\/31\/2020","format":false,"excerpt":"En estos momentos de caos, los recuerdos se convierten en mi refugio y el amor en mi amuleto protector. Creo que, repasar los instantes que vives al lado de alguien tiene un poder m\u00edstico, no permite que el lazo se destruya, mantiene algo vivo y palpitante en un multiverso no\u2026","rel":"","context":"In &quot;Textos&quot;","block_context":{"text":"Textos","link":"https:\/\/errr-magazine.com\/english\/category\/textos\/"},"img":{"alt_text":"","src":"","width":0,"height":0},"classes":[]},{"id":157628,"url":"https:\/\/errr-magazine.com\/english\/nada-mas\/","url_meta":{"origin":156362,"position":5},"title":"Nada m\u00e1s","author":"Montserrat Ruiz Ibarra","date":"04\/14\/2020","format":false,"excerpt":"En mi cuerpo recae el silencio, solo el silencio y nada m\u00e1s por mis mejillas caen dos l\u00e1grimas, dos lagrimas y nada m\u00e1s ya no siento el llorar me fundo en mi dolor, dolor y nada m\u00e1s y tu nombre se incrust\u00f3 en mi cuerpo y cada s\u00edlaba es como\u2026","rel":"","context":"In &quot;Textos&quot;","block_context":{"text":"Textos","link":"https:\/\/errr-magazine.com\/english\/category\/textos\/"},"img":{"alt_text":"","src":"","width":0,"height":0},"classes":[]}],"jetpack_sharing_enabled":true,"mfb_rest_fields":["title","yoast_head","yoast_head_json","jetpack_featured_media_url","jetpack-related-posts","jetpack_sharing_enabled"],"_links":{"self":[{"href":"https:\/\/errr-magazine.com\/english\/wp-json\/wp\/v2\/posts\/156362","targetHints":{"allow":["GET"]}}],"collection":[{"href":"https:\/\/errr-magazine.com\/english\/wp-json\/wp\/v2\/posts"}],"about":[{"href":"https:\/\/errr-magazine.com\/english\/wp-json\/wp\/v2\/types\/post"}],"author":[{"embeddable":true,"href":"https:\/\/errr-magazine.com\/english\/wp-json\/wp\/v2\/users\/6221"}],"replies":[{"embeddable":true,"href":"https:\/\/errr-magazine.com\/english\/wp-json\/wp\/v2\/comments?post=156362"}],"version-history":[{"count":3,"href":"https:\/\/errr-magazine.com\/english\/wp-json\/wp\/v2\/posts\/156362\/revisions"}],"predecessor-version":[{"id":156612,"href":"https:\/\/errr-magazine.com\/english\/wp-json\/wp\/v2\/posts\/156362\/revisions\/156612"}],"wp:attachment":[{"href":"https:\/\/errr-magazine.com\/english\/wp-json\/wp\/v2\/media?parent=156362"}],"wp:term":[{"taxonomy":"category","embeddable":true,"href":"https:\/\/errr-magazine.com\/english\/wp-json\/wp\/v2\/categories?post=156362"},{"taxonomy":"post_tag","embeddable":true,"href":"https:\/\/errr-magazine.com\/english\/wp-json\/wp\/v2\/tags?post=156362"}],"curies":[{"name":"wp","href":"https:\/\/api.w.org\/{rel}","templated":true}]}}