{"id":154459,"date":"2019-02-06T08:54:08","date_gmt":"2019-02-05T21:54:08","guid":{"rendered":"http:\/\/errr-magazine.com\/?p=154459"},"modified":"2022-08-31T01:39:25","modified_gmt":"2022-08-31T06:39:25","slug":"el-mago-sin-varita","status":"publish","type":"post","link":"https:\/\/errr-magazine.com\/english\/el-mago-sin-varita\/","title":{"rendered":"El mago sin varita"},"content":{"rendered":"<p>Cuando era muy peque\u00f1o, mi mam\u00e1 me contaba historias fant\u00e1sticas de amor e ilusi\u00f3n, de guerreros y dragones, que avivaban la inmensa imaginaci\u00f3n de un peque\u00f1o.\u00a0 Pero las historias\u00a0 que mas me llenaban la inocencia eran las que contaban hechos m\u00e1gicos inexplicables, magia pura en el universo. Grandes reyes que con solo mover los dedos cambiaban la historia de un pueblo, doncellas que convert\u00edan tristeza en felicidad, adas que con rimas y cantos creaban deseos al sacudir sus alas, hasta genios que te conced\u00edan hasta el mas oscuro secreto de tu coraz\u00f3n.<\/p>\n<p>Todas esas historias de magia creaban fantas\u00eda pura en mi mente y coraz\u00f3n, deseaba con todas mis fuerzas crear magia y cambiar cualquier cosa que no me gustar\u00e1, incluidos las comidas de mi mam\u00e1 con muchos vegetales.<\/p>\n<p>Todas las noches antes de dormir, ped\u00eda al universo dormir y despertar teniendo magia en todo mi cuerpo. Mi madre me hablaba de como la magia convert\u00eda muchas cosas pero nunca me dijo que tambi\u00e9n podr\u00eda destruir. \u00bfC\u00f3mo algo tan maravilloso podr\u00eda destruir?. Era algo que no pod\u00eda comprender, por mi edad o por la fantas\u00eda que me gustaba crear. Entonces me pregunt\u00e9 si podr\u00eda existir algo que destruyera la parte oscura de la magia. No estaba seguro si exist\u00eda, pero, estaba seguro que lo descubrir\u00eda.<\/p>\n<p>El tiempo pas\u00f3 y las historias me fueron faltando, la imaginaci\u00f3n y la fantas\u00eda ya no eran suficientes, pero a\u00fan cre\u00eda en la magia. Entonces me decid\u00ed a descubrir lo que la magia era.<\/p>\n<p>Descubr\u00ed, para mi fortuna, que la magia si existe, pero que no solo se manifiesta en reyes, doncellas, adas ni mucho menos en genios, si no en todo aquel que crea en ella. Entend\u00ed que la magia siempre existi\u00f3 en mi y que todo ser vivo la posee. Cada persona decide como transformar su magia y a quien otorg\u00e1rsela.<\/p>\n<p>Hoy s\u00e9 que el mayor truco de magia se hace con las palabras, puesto que aunque creamos que las palabras siempre son palabras, no es as\u00ed. Cuando los sentimientos se combinan con la voz y pasan el filtro de la sinceridad se convierten en el conjuro m\u00e1s fuerte. Tu decides como usarlo, si para transformar o para destruir.<\/p>\n<p>As\u00ed que siempre ser\u00e9 un mago desempleado, que hace trucos y conjuros que transforman la vida de quien toquen mis palabras. El significado de la magia va m\u00e1s all\u00e1 de lo ficticio y se resumen en amor.<\/p>\n<p>Todos deber\u00edamos ser magos y crear el conjuro mas fuerte jamas hecho. As\u00ed que cuando veas a alguien triste, en duelo, nunca dudes en hacer un poco de magia.<\/p>\n<p>Me gusta ser un mago sin varita.<\/p>\n<p>Photography by <a href=\"https:\/\/www.flickr.com\/photos\/pestrich\/\">Nastya Pestrikova<\/a><\/p>","protected":false},"excerpt":{"rendered":"<p>Cuando era muy peque\u00f1o, mi mam\u00e1 me contaba historias fant\u00e1sticas de amor e ilusi\u00f3n, de guerreros y dragones, que avivaban la inmensa imaginaci\u00f3n de un peque\u00f1o.\u00a0 Pero las historias\u00a0 que mas me llenaban la inocencia eran las que contaban hechos m\u00e1gicos inexplicables, magia pura en el universo. Grandes reyes que con solo mover los dedos [&hellip;]<\/p>\n","protected":false},"author":6938,"featured_media":0,"comment_status":"closed","ping_status":"closed","sticky":false,"template":"","format":"standard","meta":{"_acf_changed":false,"cybocfi_hide_featured_image":"","_jetpack_memberships_contains_paid_content":false,"footnotes":""},"categories":[7997],"tags":[16967,5346,6381,6394,1061],"class_list":["post-154459","post","type-post","status-publish","format-standard","hentry","category-textos","tag-magos","tag-bondad","tag-fortaleza","tag-inocencia","tag-libertad"],"acf":[],"mb":[],"yoast_head":"<!-- This site is optimized with the Yoast SEO plugin v27.2 - https:\/\/yoast.com\/product\/yoast-seo-wordpress\/ -->\n<title>El mago sin varita - ERRR MAGAZINE<\/title>\n<meta name=\"robots\" content=\"index, follow, max-snippet:-1, max-image-preview:large, max-video-preview:-1\" \/>\n<link rel=\"canonical\" href=\"https:\/\/errr-magazine.com\/english\/el-mago-sin-varita\/\" \/>\n<meta property=\"og:locale\" content=\"en_US\" \/>\n<meta property=\"og:type\" content=\"article\" \/>\n<meta property=\"og:title\" content=\"El mago sin varita - ERRR MAGAZINE\" \/>\n<meta property=\"og:description\" content=\"Cuando era muy peque\u00f1o, mi mam\u00e1 me contaba historias fant\u00e1sticas de amor e ilusi\u00f3n, de guerreros y dragones, que avivaban la inmensa imaginaci\u00f3n de un peque\u00f1o.\u00a0 Pero las historias\u00a0 que mas me llenaban la inocencia eran las que contaban hechos m\u00e1gicos inexplicables, magia pura en el universo. Grandes reyes que con solo mover los dedos [&hellip;]\" \/>\n<meta property=\"og:url\" content=\"https:\/\/errr-magazine.com\/english\/el-mago-sin-varita\/\" \/>\n<meta property=\"og:site_name\" content=\"ERRR MAGAZINE\" \/>\n<meta property=\"article:published_time\" content=\"2019-02-05T21:54:08+00:00\" \/>\n<meta property=\"article:modified_time\" content=\"2022-08-31T06:39:25+00:00\" \/>\n<meta name=\"author\" content=\"Urdiana\" \/>\n<meta name=\"twitter:card\" content=\"summary_large_image\" \/>\n<meta name=\"twitter:label1\" content=\"Written by\" \/>\n\t<meta name=\"twitter:data1\" content=\"Urdiana\" \/>\n\t<meta name=\"twitter:label2\" content=\"Est. reading time\" \/>\n\t<meta name=\"twitter:data2\" content=\"2 minutes\" \/>\n<script type=\"application\/ld+json\" class=\"yoast-schema-graph\">{\"@context\":\"https:\/\/schema.org\",\"@graph\":[{\"@type\":\"Article\",\"@id\":\"https:\/\/errr-magazine.com\/el-mago-sin-varita\/#article\",\"isPartOf\":{\"@id\":\"https:\/\/errr-magazine.com\/el-mago-sin-varita\/\"},\"author\":{\"name\":\"Urdiana\",\"@id\":\"https:\/\/errr-magazine.com\/#\/schema\/person\/9a198ac9436de1150132051cfef11b48\"},\"headline\":\"El mago sin varita\",\"datePublished\":\"2019-02-05T21:54:08+00:00\",\"dateModified\":\"2022-08-31T06:39:25+00:00\",\"mainEntityOfPage\":{\"@id\":\"https:\/\/errr-magazine.com\/el-mago-sin-varita\/\"},\"wordCount\":478,\"keywords\":[\"#magos\",\"bondad\",\"fortaleza\",\"inocencia\",\"Libertad\"],\"articleSection\":[\"Textos\"],\"inLanguage\":\"en-US\"},{\"@type\":\"WebPage\",\"@id\":\"https:\/\/errr-magazine.com\/el-mago-sin-varita\/\",\"url\":\"https:\/\/errr-magazine.com\/el-mago-sin-varita\/\",\"name\":\"El mago sin varita - ERRR MAGAZINE\",\"isPartOf\":{\"@id\":\"https:\/\/errr-magazine.com\/#website\"},\"datePublished\":\"2019-02-05T21:54:08+00:00\",\"dateModified\":\"2022-08-31T06:39:25+00:00\",\"author\":{\"@id\":\"https:\/\/errr-magazine.com\/#\/schema\/person\/9a198ac9436de1150132051cfef11b48\"},\"breadcrumb\":{\"@id\":\"https:\/\/errr-magazine.com\/el-mago-sin-varita\/#breadcrumb\"},\"inLanguage\":\"en-US\",\"potentialAction\":[{\"@type\":\"ReadAction\",\"target\":[\"https:\/\/errr-magazine.com\/el-mago-sin-varita\/\"]}]},{\"@type\":\"BreadcrumbList\",\"@id\":\"https:\/\/errr-magazine.com\/el-mago-sin-varita\/#breadcrumb\",\"itemListElement\":[{\"@type\":\"ListItem\",\"position\":1,\"name\":\"Portada\",\"item\":\"https:\/\/errr-magazine.com\/\"},{\"@type\":\"ListItem\",\"position\":2,\"name\":\"El mago sin varita\"}]},{\"@type\":\"WebSite\",\"@id\":\"https:\/\/errr-magazine.com\/#website\",\"url\":\"https:\/\/errr-magazine.com\/\",\"name\":\"ERRR MAGAZINE\",\"description\":\"\",\"potentialAction\":[{\"@type\":\"SearchAction\",\"target\":{\"@type\":\"EntryPoint\",\"urlTemplate\":\"https:\/\/errr-magazine.com\/?s={search_term_string}\"},\"query-input\":{\"@type\":\"PropertyValueSpecification\",\"valueRequired\":true,\"valueName\":\"search_term_string\"}}],\"inLanguage\":\"en-US\"},{\"@type\":\"Person\",\"@id\":\"https:\/\/errr-magazine.com\/#\/schema\/person\/9a198ac9436de1150132051cfef11b48\",\"name\":\"Urdiana\",\"image\":{\"@type\":\"ImageObject\",\"inLanguage\":\"en-US\",\"@id\":\"https:\/\/secure.gravatar.com\/avatar\/c04dff068e9ac941ecebad0ec4c057518ff2e2ea65c5ef3f519f32107e648ff8?s=96&d=identicon&r=g\",\"url\":\"https:\/\/secure.gravatar.com\/avatar\/c04dff068e9ac941ecebad0ec4c057518ff2e2ea65c5ef3f519f32107e648ff8?s=96&d=identicon&r=g\",\"contentUrl\":\"https:\/\/secure.gravatar.com\/avatar\/c04dff068e9ac941ecebad0ec4c057518ff2e2ea65c5ef3f519f32107e648ff8?s=96&d=identicon&r=g\",\"caption\":\"Urdiana\"},\"description\":\"Hey, soy Fer Urdiana. Escribo porque me hace bien, porque me libera y porque lo disfruto muchisimo. Celebro la vida con amor. Soy no binarie y activista LGBT.\",\"url\":\"https:\/\/errr-magazine.com\/english\/author\/fernando-urdiana\/\"}]}<\/script>\n<!-- \/ Yoast SEO plugin. -->","yoast_head_json":{"title":"El mago sin varita - ERRR MAGAZINE","robots":{"index":"index","follow":"follow","max-snippet":"max-snippet:-1","max-image-preview":"max-image-preview:large","max-video-preview":"max-video-preview:-1"},"canonical":"https:\/\/errr-magazine.com\/english\/el-mago-sin-varita\/","og_locale":"en_US","og_type":"article","og_title":"El mago sin varita - ERRR MAGAZINE","og_description":"Cuando era muy peque\u00f1o, mi mam\u00e1 me contaba historias fant\u00e1sticas de amor e ilusi\u00f3n, de guerreros y dragones, que avivaban la inmensa imaginaci\u00f3n de un peque\u00f1o.\u00a0 Pero las historias\u00a0 que mas me llenaban la inocencia eran las que contaban hechos m\u00e1gicos inexplicables, magia pura en el universo. Grandes reyes que con solo mover los dedos [&hellip;]","og_url":"https:\/\/errr-magazine.com\/english\/el-mago-sin-varita\/","og_site_name":"ERRR MAGAZINE","article_published_time":"2019-02-05T21:54:08+00:00","article_modified_time":"2022-08-31T06:39:25+00:00","author":"Urdiana","twitter_card":"summary_large_image","twitter_misc":{"Written by":"Urdiana","Est. reading time":"2 minutes"},"schema":{"@context":"https:\/\/schema.org","@graph":[{"@type":"Article","@id":"https:\/\/errr-magazine.com\/el-mago-sin-varita\/#article","isPartOf":{"@id":"https:\/\/errr-magazine.com\/el-mago-sin-varita\/"},"author":{"name":"Urdiana","@id":"https:\/\/errr-magazine.com\/#\/schema\/person\/9a198ac9436de1150132051cfef11b48"},"headline":"El mago sin varita","datePublished":"2019-02-05T21:54:08+00:00","dateModified":"2022-08-31T06:39:25+00:00","mainEntityOfPage":{"@id":"https:\/\/errr-magazine.com\/el-mago-sin-varita\/"},"wordCount":478,"keywords":["#magos","bondad","fortaleza","inocencia","Libertad"],"articleSection":["Textos"],"inLanguage":"en-US"},{"@type":"WebPage","@id":"https:\/\/errr-magazine.com\/el-mago-sin-varita\/","url":"https:\/\/errr-magazine.com\/el-mago-sin-varita\/","name":"El mago sin varita - ERRR MAGAZINE","isPartOf":{"@id":"https:\/\/errr-magazine.com\/#website"},"datePublished":"2019-02-05T21:54:08+00:00","dateModified":"2022-08-31T06:39:25+00:00","author":{"@id":"https:\/\/errr-magazine.com\/#\/schema\/person\/9a198ac9436de1150132051cfef11b48"},"breadcrumb":{"@id":"https:\/\/errr-magazine.com\/el-mago-sin-varita\/#breadcrumb"},"inLanguage":"en-US","potentialAction":[{"@type":"ReadAction","target":["https:\/\/errr-magazine.com\/el-mago-sin-varita\/"]}]},{"@type":"BreadcrumbList","@id":"https:\/\/errr-magazine.com\/el-mago-sin-varita\/#breadcrumb","itemListElement":[{"@type":"ListItem","position":1,"name":"Portada","item":"https:\/\/errr-magazine.com\/"},{"@type":"ListItem","position":2,"name":"El mago sin varita"}]},{"@type":"WebSite","@id":"https:\/\/errr-magazine.com\/#website","url":"https:\/\/errr-magazine.com\/","name":"ERRR MAGAZINE","description":"","potentialAction":[{"@type":"SearchAction","target":{"@type":"EntryPoint","urlTemplate":"https:\/\/errr-magazine.com\/?s={search_term_string}"},"query-input":{"@type":"PropertyValueSpecification","valueRequired":true,"valueName":"search_term_string"}}],"inLanguage":"en-US"},{"@type":"Person","@id":"https:\/\/errr-magazine.com\/#\/schema\/person\/9a198ac9436de1150132051cfef11b48","name":"Urdiana","image":{"@type":"ImageObject","inLanguage":"en-US","@id":"https:\/\/secure.gravatar.com\/avatar\/c04dff068e9ac941ecebad0ec4c057518ff2e2ea65c5ef3f519f32107e648ff8?s=96&d=identicon&r=g","url":"https:\/\/secure.gravatar.com\/avatar\/c04dff068e9ac941ecebad0ec4c057518ff2e2ea65c5ef3f519f32107e648ff8?s=96&d=identicon&r=g","contentUrl":"https:\/\/secure.gravatar.com\/avatar\/c04dff068e9ac941ecebad0ec4c057518ff2e2ea65c5ef3f519f32107e648ff8?s=96&d=identicon&r=g","caption":"Urdiana"},"description":"Hey, soy Fer Urdiana. Escribo porque me hace bien, porque me libera y porque lo disfruto muchisimo. Celebro la vida con amor. Soy no binarie y activista LGBT.","url":"https:\/\/errr-magazine.com\/english\/author\/fernando-urdiana\/"}]}},"jetpack_featured_media_url":"","jetpack-related-posts":[{"id":201653,"url":"https:\/\/errr-magazine.com\/english\/entre-mesas\/","url_meta":{"origin":154459,"position":0},"title":"Entre Mesas","author":"Entre Mesas","date":"03\/05\/2026","format":false,"excerpt":"We are two siblings passionate about coffee and matcha who enjoy making everything we offer from scratch, maintaining very high standards of quality and providing fresh pastries.","rel":"","context":"In &quot;Cafeterias y panader\u00edas&quot;","block_context":{"text":"Cafeterias y panader\u00edas","link":"https:\/\/errr-magazine.com\/english\/category\/places\/cafeterias-y-panaderias\/"},"img":{"alt_text":"","src":"https:\/\/i0.wp.com\/errr-magazine.com\/wp-content\/uploads\/2026\/03\/1-1-scaled.jpg?resize=350%2C200&ssl=1","width":350,"height":200,"srcset":"https:\/\/i0.wp.com\/errr-magazine.com\/wp-content\/uploads\/2026\/03\/1-1-scaled.jpg?resize=350%2C200&ssl=1 1x, https:\/\/i0.wp.com\/errr-magazine.com\/wp-content\/uploads\/2026\/03\/1-1-scaled.jpg?resize=525%2C300&ssl=1 1.5x, https:\/\/i0.wp.com\/errr-magazine.com\/wp-content\/uploads\/2026\/03\/1-1-scaled.jpg?resize=700%2C400&ssl=1 2x, https:\/\/i0.wp.com\/errr-magazine.com\/wp-content\/uploads\/2026\/03\/1-1-scaled.jpg?resize=1050%2C600&ssl=1 3x, https:\/\/i0.wp.com\/errr-magazine.com\/wp-content\/uploads\/2026\/03\/1-1-scaled.jpg?resize=1400%2C800&ssl=1 4x"},"classes":[]},{"id":193731,"url":"https:\/\/errr-magazine.com\/english\/mandrake-cafe\/","url_meta":{"origin":154459,"position":1},"title":"Mandrake Caf\u00e9","author":"Mandrake Caf\u00e9","date":"09\/30\/2025","format":false,"excerpt":"Interestingly, in Mexico, doctors adopted the name as a verb: \"mandreakear,\" which means to disappear for a moment to take a break. For us, Mandrake represents that small, everyday magic: creating moments of pause and surprise that make every cup of coffee special.","rel":"","context":"In &quot;Cafeterias y panader\u00edas&quot;","block_context":{"text":"Cafeterias y panader\u00edas","link":"https:\/\/errr-magazine.com\/english\/category\/places\/cafeterias-y-panaderias\/"},"img":{"alt_text":"","src":"https:\/\/i0.wp.com\/errr-magazine.com\/wp-content\/uploads\/2025\/09\/DSC_1434-scaled.jpeg?resize=350%2C200&ssl=1","width":350,"height":200,"srcset":"https:\/\/i0.wp.com\/errr-magazine.com\/wp-content\/uploads\/2025\/09\/DSC_1434-scaled.jpeg?resize=350%2C200&ssl=1 1x, https:\/\/i0.wp.com\/errr-magazine.com\/wp-content\/uploads\/2025\/09\/DSC_1434-scaled.jpeg?resize=525%2C300&ssl=1 1.5x, https:\/\/i0.wp.com\/errr-magazine.com\/wp-content\/uploads\/2025\/09\/DSC_1434-scaled.jpeg?resize=700%2C400&ssl=1 2x, https:\/\/i0.wp.com\/errr-magazine.com\/wp-content\/uploads\/2025\/09\/DSC_1434-scaled.jpeg?resize=1050%2C600&ssl=1 3x, https:\/\/i0.wp.com\/errr-magazine.com\/wp-content\/uploads\/2025\/09\/DSC_1434-scaled.jpeg?resize=1400%2C800&ssl=1 4x"},"classes":[]},{"id":201110,"url":"https:\/\/errr-magazine.com\/english\/galerie-coffee\/","url_meta":{"origin":154459,"position":2},"title":"Galerie Coffee","author":"Galerie Coffee","date":"02\/25\/2026","format":false,"excerpt":"We began integrating art as an experience: canvases in different sizes, tote bags, cotton bags, mirrors, and various pieces to customize. Our mission has always been to support and give visibility to local artists and businesses.","rel":"","context":"In &quot;Cafeterias y panader\u00edas&quot;","block_context":{"text":"Cafeterias y panader\u00edas","link":"https:\/\/errr-magazine.com\/english\/category\/places\/cafeterias-y-panaderias\/"},"img":{"alt_text":"","src":"https:\/\/i0.wp.com\/errr-magazine.com\/wp-content\/uploads\/2026\/02\/2-8.jpg?resize=350%2C200&ssl=1","width":350,"height":200,"srcset":"https:\/\/i0.wp.com\/errr-magazine.com\/wp-content\/uploads\/2026\/02\/2-8.jpg?resize=350%2C200&ssl=1 1x, https:\/\/i0.wp.com\/errr-magazine.com\/wp-content\/uploads\/2026\/02\/2-8.jpg?resize=525%2C300&ssl=1 1.5x, https:\/\/i0.wp.com\/errr-magazine.com\/wp-content\/uploads\/2026\/02\/2-8.jpg?resize=700%2C400&ssl=1 2x"},"classes":[]},{"id":203240,"url":"https:\/\/errr-magazine.com\/english\/aqui-dice-letras\/","url_meta":{"origin":154459,"position":3},"title":"It Says: Letters","author":"Gabriela Ram\u00edrez","date":"03\/27\/2026","format":false,"excerpt":"I\u2019ve written you many others with touches of madness, mixed with sweetness\u2014born from my fascination with Benedetti\u2014paradoxes because of Borges, or pieces that lack a bit of sense in the spirit of Sabines.","rel":"","context":"In &quot;Narrativa&quot;","block_context":{"text":"Narrativa","link":"https:\/\/errr-magazine.com\/english\/category\/writing\/narrativa\/"},"img":{"alt_text":"","src":"https:\/\/i0.wp.com\/errr-magazine.com\/wp-content\/uploads\/2026\/03\/Copia-de-2-scaled.jpg?resize=350%2C200&ssl=1","width":350,"height":200,"srcset":"https:\/\/i0.wp.com\/errr-magazine.com\/wp-content\/uploads\/2026\/03\/Copia-de-2-scaled.jpg?resize=350%2C200&ssl=1 1x, https:\/\/i0.wp.com\/errr-magazine.com\/wp-content\/uploads\/2026\/03\/Copia-de-2-scaled.jpg?resize=525%2C300&ssl=1 1.5x, https:\/\/i0.wp.com\/errr-magazine.com\/wp-content\/uploads\/2026\/03\/Copia-de-2-scaled.jpg?resize=700%2C400&ssl=1 2x, https:\/\/i0.wp.com\/errr-magazine.com\/wp-content\/uploads\/2026\/03\/Copia-de-2-scaled.jpg?resize=1050%2C600&ssl=1 3x, https:\/\/i0.wp.com\/errr-magazine.com\/wp-content\/uploads\/2026\/03\/Copia-de-2-scaled.jpg?resize=1400%2C800&ssl=1 4x"},"classes":[]},{"id":204380,"url":"https:\/\/errr-magazine.com\/english\/kati-horna-y-sus-amigos\/","url_meta":{"origin":154459,"position":4},"title":"Kati Horna and her friends","author":"Kati Horna","date":"04\/17\/2026","format":false,"excerpt":"Some artists seem to have been seen before they were experienced. In the case of Kati Horna, her granddaughter Kati Polgovsky Horna remembers her through the everyday: her home, her presence, her way of being. The exhibition \u201cKati Horna and Her Friends\u201d at the Georgina Pounds Gallery offers a shifted interpretation of life in images.","rel":"","context":"In &quot;Artes visuales&quot;","block_context":{"text":"Artes visuales","link":"https:\/\/errr-magazine.com\/english\/category\/interviews\/artes-visuales\/"},"img":{"alt_text":"","src":"https:\/\/i0.wp.com\/errr-magazine.com\/wp-content\/uploads\/2026\/04\/6-scaled.jpeg?resize=350%2C200&ssl=1","width":350,"height":200,"srcset":"https:\/\/i0.wp.com\/errr-magazine.com\/wp-content\/uploads\/2026\/04\/6-scaled.jpeg?resize=350%2C200&ssl=1 1x, https:\/\/i0.wp.com\/errr-magazine.com\/wp-content\/uploads\/2026\/04\/6-scaled.jpeg?resize=525%2C300&ssl=1 1.5x, https:\/\/i0.wp.com\/errr-magazine.com\/wp-content\/uploads\/2026\/04\/6-scaled.jpeg?resize=700%2C400&ssl=1 2x, https:\/\/i0.wp.com\/errr-magazine.com\/wp-content\/uploads\/2026\/04\/6-scaled.jpeg?resize=1050%2C600&ssl=1 3x, https:\/\/i0.wp.com\/errr-magazine.com\/wp-content\/uploads\/2026\/04\/6-scaled.jpeg?resize=1400%2C800&ssl=1 4x"},"classes":[]},{"id":161824,"url":"https:\/\/errr-magazine.com\/english\/todo-saldra-bien\/","url_meta":{"origin":154459,"position":5},"title":"Todo saldr\u00e1 bien","author":"Paolette","date":"05\/31\/2020","format":false,"excerpt":"En estos momentos de caos, los recuerdos se convierten en mi refugio y el amor en mi amuleto protector. Creo que, repasar los instantes que vives al lado de alguien tiene un poder m\u00edstico, no permite que el lazo se destruya, mantiene algo vivo y palpitante en un multiverso no\u2026","rel":"","context":"In &quot;Textos&quot;","block_context":{"text":"Textos","link":"https:\/\/errr-magazine.com\/english\/category\/textos\/"},"img":{"alt_text":"","src":"","width":0,"height":0},"classes":[]}],"jetpack_sharing_enabled":true,"mfb_rest_fields":["title","yoast_head","yoast_head_json","jetpack_featured_media_url","jetpack-related-posts","jetpack_sharing_enabled"],"_links":{"self":[{"href":"https:\/\/errr-magazine.com\/english\/wp-json\/wp\/v2\/posts\/154459","targetHints":{"allow":["GET"]}}],"collection":[{"href":"https:\/\/errr-magazine.com\/english\/wp-json\/wp\/v2\/posts"}],"about":[{"href":"https:\/\/errr-magazine.com\/english\/wp-json\/wp\/v2\/types\/post"}],"author":[{"embeddable":true,"href":"https:\/\/errr-magazine.com\/english\/wp-json\/wp\/v2\/users\/6938"}],"replies":[{"embeddable":true,"href":"https:\/\/errr-magazine.com\/english\/wp-json\/wp\/v2\/comments?post=154459"}],"version-history":[{"count":3,"href":"https:\/\/errr-magazine.com\/english\/wp-json\/wp\/v2\/posts\/154459\/revisions"}],"predecessor-version":[{"id":154489,"href":"https:\/\/errr-magazine.com\/english\/wp-json\/wp\/v2\/posts\/154459\/revisions\/154489"}],"wp:attachment":[{"href":"https:\/\/errr-magazine.com\/english\/wp-json\/wp\/v2\/media?parent=154459"}],"wp:term":[{"taxonomy":"category","embeddable":true,"href":"https:\/\/errr-magazine.com\/english\/wp-json\/wp\/v2\/categories?post=154459"},{"taxonomy":"post_tag","embeddable":true,"href":"https:\/\/errr-magazine.com\/english\/wp-json\/wp\/v2\/tags?post=154459"}],"curies":[{"name":"wp","href":"https:\/\/api.w.org\/{rel}","templated":true}]}}