{"id":153771,"date":"2020-01-06T08:45:59","date_gmt":"2020-01-05T21:45:59","guid":{"rendered":"http:\/\/errr-magazine.com\/?p=153771"},"modified":"2025-08-18T13:49:13","modified_gmt":"2025-08-18T19:49:13","slug":"de-repente-sane","status":"publish","type":"post","link":"https:\/\/errr-magazine.com\/english\/de-repente-sane\/","title":{"rendered":"De repente san\u00e9"},"content":{"rendered":"<p class=\"acss9ebb7\">Todo el tiempo mi mente como taladro, cansada y enojada conmigo por truncar mi propio camino, cansada de autosabotearme por vivir con miedos. Lleg\u00f3 el d\u00eda en que tuve que dejar de creer que estaba convaleciente, dejar de creer que viv\u00eda enferma y comenc\u00e9 a sanar, dej\u00e9 a un lado los pensamientos mediocres que no merec\u00eda tener cosas buenas en mi vida, que todo me sal\u00eda mal y como no quer\u00eda, la vida misma me abraz\u00f3.<\/p>\n\n\n\n<p class=\"acss9ebb7\">Dej\u00e9 de ser desagradecida y comenc\u00e9 a creermela que merec\u00eda todo el amor del mundo y me am\u00e9 tanto que no necesit\u00e9 m\u00e1s abrazos pobres sin sentir, dej\u00e9 de darle poder a todo aquello que me lastimaba y me hac\u00eda sentir inc\u00f3moda y ese d\u00eda sent\u00ed y conoc\u00ed la libertad. Fue cuando por fin entend\u00ed que todo lo que mi mente cree, es lo que atraigo en mi realidad y se convierte.<\/p>\n\n\n\n<p class=\"acss9ebb7\">Darme cuenta que todo siempre estuvo dentro de m\u00ed, en mi manera de pensar, hablar, actuar, sentir y que todo lo exterior es el claro reflejo de lo que llevo adentro.<\/p>\n\n\n\n<p class=\"acss9ebb7\">Dej\u00e9 de obligarme a estar con gente que no me hac\u00eda sentir bien ni feliz, hacerle caso a los dem\u00e1s y empec\u00e9 a hacerme caso y a escuchar mis entra\u00f1as, mi coraz\u00f3n.<\/p>\n\n\n\n<p class=\"acss9ebb7\">Llegu\u00e9 a entender y comprender que soy la \u00fanica que puedo cambiar mi vida, que puedo vivir agradecida y muy feliz y que hay d\u00edas en donde me permito llorar, entristecerme, re\u00edr, enojarme, bailar, dormir, comer una golosina, odiar, gritar, perdonarme\u2026 Siempre fui yo.<\/p>\n\n\n\n<p class=\"acss9ebb7\">Quiero seguir viendo como mi vida se convierte en un maravilloso milagro. Una vida llena de aceptaci\u00f3n y felicidad.<\/p>\n\n\n\n<p class=\"acss9ebb7\">Vivimos en un mundo en el que hacemos lo que queremos y creemos, y para hacer algo diferente, debemos creer en algo diferente, tomar todas las alternativas que existan y deshacernos de creencias obsoletas que no hacen m\u00e1s que volcarnos en la infelicidad.<\/p>\n\n\n\n<p class=\"acss9ebb7\">Sigo evolucionando y creyendo en m\u00ed, aceptando mi luz y oscuridad, aceptando que no soy perfecta y que todo lo que me presiono por hacer, es perdida de tiempo. Solo quiero vivir en paz, respirar profundo y sonre\u00edr, saber que todo lo que venga ser\u00e1 bueno para m\u00ed crecimiento personal.<\/p>\n\n\n\n<p><a href=\"https:\/\/www.flickr.com\/photos\/160200956@N03\/\">Fotograf\u00eda por Geon Woong Bae<\/a><\/p>","protected":false},"excerpt":{"rendered":"<p>Todo el tiempo mi mente como taladro, cansada y enojada conmigo por truncar mi propio camino, cansada de autosabotearme por vivir con miedos. Lleg\u00f3 el d\u00eda en que tuve que dejar de creer que estaba convaleciente, dejar de creer que viv\u00eda enferma y comenc\u00e9 a sanar, dej\u00e9 a un lado los pensamientos mediocres que no [&hellip;]<\/p>\n","protected":false},"author":6127,"featured_media":191867,"comment_status":"closed","ping_status":"closed","sticky":false,"template":"","format":"standard","meta":{"_acf_changed":false,"cybocfi_hide_featured_image":"","_jetpack_memberships_contains_paid_content":false,"footnotes":""},"categories":[7997],"tags":[],"class_list":["post-153771","post","type-post","status-publish","format-standard","has-post-thumbnail","hentry","category-textos"],"acf":[],"mb":[],"yoast_head":"<!-- This site is optimized with the Yoast SEO plugin v27.2 - https:\/\/yoast.com\/product\/yoast-seo-wordpress\/ -->\n<title>De repente san\u00e9 - ERRR MAGAZINE<\/title>\n<meta name=\"robots\" content=\"index, follow, max-snippet:-1, max-image-preview:large, max-video-preview:-1\" \/>\n<link rel=\"canonical\" href=\"https:\/\/errr-magazine.com\/english\/de-repente-sane\/\" \/>\n<meta property=\"og:locale\" content=\"en_US\" \/>\n<meta property=\"og:type\" content=\"article\" \/>\n<meta property=\"og:title\" content=\"De repente san\u00e9 - ERRR MAGAZINE\" \/>\n<meta property=\"og:description\" content=\"Todo el tiempo mi mente como taladro, cansada y enojada conmigo por truncar mi propio camino, cansada de autosabotearme por vivir con miedos. Lleg\u00f3 el d\u00eda en que tuve que dejar de creer que estaba convaleciente, dejar de creer que viv\u00eda enferma y comenc\u00e9 a sanar, dej\u00e9 a un lado los pensamientos mediocres que no [&hellip;]\" \/>\n<meta property=\"og:url\" content=\"https:\/\/errr-magazine.com\/english\/de-repente-sane\/\" \/>\n<meta property=\"og:site_name\" content=\"ERRR MAGAZINE\" \/>\n<meta property=\"article:published_time\" content=\"2020-01-05T21:45:59+00:00\" \/>\n<meta property=\"article:modified_time\" content=\"2025-08-18T19:49:13+00:00\" \/>\n<meta property=\"og:image\" content=\"https:\/\/errr-magazine.com\/wp-content\/uploads\/2020\/01\/45613077212_998f6f6d6c_o.jpg\" \/>\n\t<meta property=\"og:image:width\" content=\"1037\" \/>\n\t<meta property=\"og:image:height\" content=\"1565\" \/>\n\t<meta property=\"og:image:type\" content=\"image\/jpeg\" \/>\n<meta name=\"author\" content=\"Adriana Balderas\" \/>\n<meta name=\"twitter:card\" content=\"summary_large_image\" \/>\n<meta name=\"twitter:label1\" content=\"Written by\" \/>\n\t<meta name=\"twitter:data1\" content=\"Adriana Balderas\" \/>\n\t<meta name=\"twitter:label2\" content=\"Est. reading time\" \/>\n\t<meta name=\"twitter:data2\" content=\"2 minutes\" \/>\n<script type=\"application\/ld+json\" class=\"yoast-schema-graph\">{\"@context\":\"https:\/\/schema.org\",\"@graph\":[{\"@type\":\"Article\",\"@id\":\"https:\/\/errr-magazine.com\/de-repente-sane\/#article\",\"isPartOf\":{\"@id\":\"https:\/\/errr-magazine.com\/de-repente-sane\/\"},\"author\":{\"name\":\"Adriana Balderas\",\"@id\":\"https:\/\/errr-magazine.com\/#\/schema\/person\/9a277a4245739cf2c86850ce2bba81f4\"},\"headline\":\"De repente san\u00e9\",\"datePublished\":\"2020-01-05T21:45:59+00:00\",\"dateModified\":\"2025-08-18T19:49:13+00:00\",\"mainEntityOfPage\":{\"@id\":\"https:\/\/errr-magazine.com\/de-repente-sane\/\"},\"wordCount\":395,\"image\":{\"@id\":\"https:\/\/errr-magazine.com\/de-repente-sane\/#primaryimage\"},\"thumbnailUrl\":\"https:\/\/errr-magazine.com\/wp-content\/uploads\/2020\/01\/45613077212_998f6f6d6c_o.jpg\",\"articleSection\":[\"Textos\"],\"inLanguage\":\"en-US\"},{\"@type\":\"WebPage\",\"@id\":\"https:\/\/errr-magazine.com\/de-repente-sane\/\",\"url\":\"https:\/\/errr-magazine.com\/de-repente-sane\/\",\"name\":\"De repente san\u00e9 - ERRR MAGAZINE\",\"isPartOf\":{\"@id\":\"https:\/\/errr-magazine.com\/#website\"},\"primaryImageOfPage\":{\"@id\":\"https:\/\/errr-magazine.com\/de-repente-sane\/#primaryimage\"},\"image\":{\"@id\":\"https:\/\/errr-magazine.com\/de-repente-sane\/#primaryimage\"},\"thumbnailUrl\":\"https:\/\/errr-magazine.com\/wp-content\/uploads\/2020\/01\/45613077212_998f6f6d6c_o.jpg\",\"datePublished\":\"2020-01-05T21:45:59+00:00\",\"dateModified\":\"2025-08-18T19:49:13+00:00\",\"author\":{\"@id\":\"https:\/\/errr-magazine.com\/#\/schema\/person\/9a277a4245739cf2c86850ce2bba81f4\"},\"breadcrumb\":{\"@id\":\"https:\/\/errr-magazine.com\/de-repente-sane\/#breadcrumb\"},\"inLanguage\":\"en-US\",\"potentialAction\":[{\"@type\":\"ReadAction\",\"target\":[\"https:\/\/errr-magazine.com\/de-repente-sane\/\"]}]},{\"@type\":\"ImageObject\",\"inLanguage\":\"en-US\",\"@id\":\"https:\/\/errr-magazine.com\/de-repente-sane\/#primaryimage\",\"url\":\"https:\/\/errr-magazine.com\/wp-content\/uploads\/2020\/01\/45613077212_998f6f6d6c_o.jpg\",\"contentUrl\":\"https:\/\/errr-magazine.com\/wp-content\/uploads\/2020\/01\/45613077212_998f6f6d6c_o.jpg\",\"width\":1037,\"height\":1565},{\"@type\":\"BreadcrumbList\",\"@id\":\"https:\/\/errr-magazine.com\/de-repente-sane\/#breadcrumb\",\"itemListElement\":[{\"@type\":\"ListItem\",\"position\":1,\"name\":\"Portada\",\"item\":\"https:\/\/errr-magazine.com\/\"},{\"@type\":\"ListItem\",\"position\":2,\"name\":\"De repente san\u00e9\"}]},{\"@type\":\"WebSite\",\"@id\":\"https:\/\/errr-magazine.com\/#website\",\"url\":\"https:\/\/errr-magazine.com\/\",\"name\":\"ERRR MAGAZINE\",\"description\":\"\",\"potentialAction\":[{\"@type\":\"SearchAction\",\"target\":{\"@type\":\"EntryPoint\",\"urlTemplate\":\"https:\/\/errr-magazine.com\/?s={search_term_string}\"},\"query-input\":{\"@type\":\"PropertyValueSpecification\",\"valueRequired\":true,\"valueName\":\"search_term_string\"}}],\"inLanguage\":\"en-US\"},{\"@type\":\"Person\",\"@id\":\"https:\/\/errr-magazine.com\/#\/schema\/person\/9a277a4245739cf2c86850ce2bba81f4\",\"name\":\"Adriana Balderas\",\"image\":{\"@type\":\"ImageObject\",\"inLanguage\":\"en-US\",\"@id\":\"https:\/\/secure.gravatar.com\/avatar\/beebe3c035cc33165b0d4012a7cc35a469e395ca2823dad43d8e99c255e9426b?s=96&d=identicon&r=g\",\"url\":\"https:\/\/secure.gravatar.com\/avatar\/beebe3c035cc33165b0d4012a7cc35a469e395ca2823dad43d8e99c255e9426b?s=96&d=identicon&r=g\",\"contentUrl\":\"https:\/\/secure.gravatar.com\/avatar\/beebe3c035cc33165b0d4012a7cc35a469e395ca2823dad43d8e99c255e9426b?s=96&d=identicon&r=g\",\"caption\":\"Adriana Balderas\"},\"description\":\"Soy artista interdisciplinaria experimental \/\/ Animaci\u00f3n, collage, programaci\u00f3n creativa, loops, backgrounds, loop-sample musical y arte promocional.\",\"sameAs\":[\"http:\/\/linktr.ee\/yosoyadrianaba\",\"https:\/\/www.instagram.com\/yosoyadrianaba\",\"@yosoyadrianaba\",\"https:\/\/m.soundcloud.com\/yosoyadrianaba\"],\"url\":\"https:\/\/errr-magazine.com\/english\/author\/adriaminabal\/\"}]}<\/script>\n<!-- \/ Yoast SEO plugin. -->","yoast_head_json":{"title":"De repente san\u00e9 - ERRR MAGAZINE","robots":{"index":"index","follow":"follow","max-snippet":"max-snippet:-1","max-image-preview":"max-image-preview:large","max-video-preview":"max-video-preview:-1"},"canonical":"https:\/\/errr-magazine.com\/english\/de-repente-sane\/","og_locale":"en_US","og_type":"article","og_title":"De repente san\u00e9 - ERRR MAGAZINE","og_description":"Todo el tiempo mi mente como taladro, cansada y enojada conmigo por truncar mi propio camino, cansada de autosabotearme por vivir con miedos. Lleg\u00f3 el d\u00eda en que tuve que dejar de creer que estaba convaleciente, dejar de creer que viv\u00eda enferma y comenc\u00e9 a sanar, dej\u00e9 a un lado los pensamientos mediocres que no [&hellip;]","og_url":"https:\/\/errr-magazine.com\/english\/de-repente-sane\/","og_site_name":"ERRR MAGAZINE","article_published_time":"2020-01-05T21:45:59+00:00","article_modified_time":"2025-08-18T19:49:13+00:00","og_image":[{"width":1037,"height":1565,"url":"https:\/\/errr-magazine.com\/wp-content\/uploads\/2020\/01\/45613077212_998f6f6d6c_o.jpg","type":"image\/jpeg"}],"author":"Adriana Balderas","twitter_card":"summary_large_image","twitter_misc":{"Written by":"Adriana Balderas","Est. reading time":"2 minutes"},"schema":{"@context":"https:\/\/schema.org","@graph":[{"@type":"Article","@id":"https:\/\/errr-magazine.com\/de-repente-sane\/#article","isPartOf":{"@id":"https:\/\/errr-magazine.com\/de-repente-sane\/"},"author":{"name":"Adriana Balderas","@id":"https:\/\/errr-magazine.com\/#\/schema\/person\/9a277a4245739cf2c86850ce2bba81f4"},"headline":"De repente san\u00e9","datePublished":"2020-01-05T21:45:59+00:00","dateModified":"2025-08-18T19:49:13+00:00","mainEntityOfPage":{"@id":"https:\/\/errr-magazine.com\/de-repente-sane\/"},"wordCount":395,"image":{"@id":"https:\/\/errr-magazine.com\/de-repente-sane\/#primaryimage"},"thumbnailUrl":"https:\/\/errr-magazine.com\/wp-content\/uploads\/2020\/01\/45613077212_998f6f6d6c_o.jpg","articleSection":["Textos"],"inLanguage":"en-US"},{"@type":"WebPage","@id":"https:\/\/errr-magazine.com\/de-repente-sane\/","url":"https:\/\/errr-magazine.com\/de-repente-sane\/","name":"De repente san\u00e9 - ERRR MAGAZINE","isPartOf":{"@id":"https:\/\/errr-magazine.com\/#website"},"primaryImageOfPage":{"@id":"https:\/\/errr-magazine.com\/de-repente-sane\/#primaryimage"},"image":{"@id":"https:\/\/errr-magazine.com\/de-repente-sane\/#primaryimage"},"thumbnailUrl":"https:\/\/errr-magazine.com\/wp-content\/uploads\/2020\/01\/45613077212_998f6f6d6c_o.jpg","datePublished":"2020-01-05T21:45:59+00:00","dateModified":"2025-08-18T19:49:13+00:00","author":{"@id":"https:\/\/errr-magazine.com\/#\/schema\/person\/9a277a4245739cf2c86850ce2bba81f4"},"breadcrumb":{"@id":"https:\/\/errr-magazine.com\/de-repente-sane\/#breadcrumb"},"inLanguage":"en-US","potentialAction":[{"@type":"ReadAction","target":["https:\/\/errr-magazine.com\/de-repente-sane\/"]}]},{"@type":"ImageObject","inLanguage":"en-US","@id":"https:\/\/errr-magazine.com\/de-repente-sane\/#primaryimage","url":"https:\/\/errr-magazine.com\/wp-content\/uploads\/2020\/01\/45613077212_998f6f6d6c_o.jpg","contentUrl":"https:\/\/errr-magazine.com\/wp-content\/uploads\/2020\/01\/45613077212_998f6f6d6c_o.jpg","width":1037,"height":1565},{"@type":"BreadcrumbList","@id":"https:\/\/errr-magazine.com\/de-repente-sane\/#breadcrumb","itemListElement":[{"@type":"ListItem","position":1,"name":"Portada","item":"https:\/\/errr-magazine.com\/"},{"@type":"ListItem","position":2,"name":"De repente san\u00e9"}]},{"@type":"WebSite","@id":"https:\/\/errr-magazine.com\/#website","url":"https:\/\/errr-magazine.com\/","name":"ERRR MAGAZINE","description":"","potentialAction":[{"@type":"SearchAction","target":{"@type":"EntryPoint","urlTemplate":"https:\/\/errr-magazine.com\/?s={search_term_string}"},"query-input":{"@type":"PropertyValueSpecification","valueRequired":true,"valueName":"search_term_string"}}],"inLanguage":"en-US"},{"@type":"Person","@id":"https:\/\/errr-magazine.com\/#\/schema\/person\/9a277a4245739cf2c86850ce2bba81f4","name":"Adriana Balderas","image":{"@type":"ImageObject","inLanguage":"en-US","@id":"https:\/\/secure.gravatar.com\/avatar\/beebe3c035cc33165b0d4012a7cc35a469e395ca2823dad43d8e99c255e9426b?s=96&d=identicon&r=g","url":"https:\/\/secure.gravatar.com\/avatar\/beebe3c035cc33165b0d4012a7cc35a469e395ca2823dad43d8e99c255e9426b?s=96&d=identicon&r=g","contentUrl":"https:\/\/secure.gravatar.com\/avatar\/beebe3c035cc33165b0d4012a7cc35a469e395ca2823dad43d8e99c255e9426b?s=96&d=identicon&r=g","caption":"Adriana Balderas"},"description":"I'm an experimental interdisciplinary artist \/\/ Animation, collage, creative programming, loops, backgrounds, musical loop-sample and promotional art.","sameAs":["http:\/\/linktr.ee\/yosoyadrianaba","https:\/\/www.instagram.com\/yosoyadrianaba","@yosoyadrianaba","https:\/\/m.soundcloud.com\/yosoyadrianaba"],"url":"https:\/\/errr-magazine.com\/english\/author\/adriaminabal\/"}]}},"jetpack_featured_media_url":"https:\/\/errr-magazine.com\/wp-content\/uploads\/2020\/01\/45613077212_998f6f6d6c_o.jpg","jetpack-related-posts":[{"id":170542,"url":"https:\/\/errr-magazine.com\/english\/texto-170542-2-y-sigo-viviendo\/","url_meta":{"origin":153771,"position":0},"title":"Texto #170542-2  y sigo viviendo","author":"Adriana Balderas","date":"05\/14\/2021","format":false,"excerpt":"Ya he perdonado algo que quiz\u00e1 fuera imperdonable. Ya me desenamor\u00e9 de la misma persona mil veces. Ya escrib\u00ed cartas que nunca envi\u00e9. Ya viaj\u00e9. Ya me decepcion\u00e9.","rel":"","context":"In &quot;Textos&quot;","block_context":{"text":"Textos","link":"https:\/\/errr-magazine.com\/english\/category\/textos\/"},"img":{"alt_text":"","src":"https:\/\/i0.wp.com\/errr-magazine.com\/wp-content\/uploads\/2021\/05\/Captura-de-Pantalla-2021-05-05-a-las-7.11.50-p.m..png?resize=350%2C200&ssl=1","width":350,"height":200,"srcset":"https:\/\/i0.wp.com\/errr-magazine.com\/wp-content\/uploads\/2021\/05\/Captura-de-Pantalla-2021-05-05-a-las-7.11.50-p.m..png?resize=350%2C200&ssl=1 1x, https:\/\/i0.wp.com\/errr-magazine.com\/wp-content\/uploads\/2021\/05\/Captura-de-Pantalla-2021-05-05-a-las-7.11.50-p.m..png?resize=525%2C300&ssl=1 1.5x, https:\/\/i0.wp.com\/errr-magazine.com\/wp-content\/uploads\/2021\/05\/Captura-de-Pantalla-2021-05-05-a-las-7.11.50-p.m..png?resize=700%2C400&ssl=1 2x, https:\/\/i0.wp.com\/errr-magazine.com\/wp-content\/uploads\/2021\/05\/Captura-de-Pantalla-2021-05-05-a-las-7.11.50-p.m..png?resize=1050%2C600&ssl=1 3x"},"classes":[]},{"id":163814,"url":"https:\/\/errr-magazine.com\/english\/fantasmas\/","url_meta":{"origin":153771,"position":1},"title":"Fantasmas","author":"Elena Candelario","date":"11\/25\/2020","format":false,"excerpt":"Cuando comenc\u00e9 a escribir sobre las ausencias jam\u00e1s imagin\u00e9 que la tuya seria parte de la colecci\u00f3n, ha pasado un mes y algunas cosas han cambiado, otras se han quedado igual pero el vac\u00edo que dejaste al marcharte es una constante en estas cartas y es que dejaste fantasmas por\u2026","rel":"","context":"In &quot;Textos&quot;","block_context":{"text":"Textos","link":"https:\/\/errr-magazine.com\/english\/category\/textos\/"},"img":{"alt_text":"","src":"https:\/\/i0.wp.com\/errr-magazine.com\/wp-content\/uploads\/2020\/11\/Captura-de-pantalla-2020-11-24-a-las-10.23.37.png?resize=350%2C200&ssl=1","width":350,"height":200,"srcset":"https:\/\/i0.wp.com\/errr-magazine.com\/wp-content\/uploads\/2020\/11\/Captura-de-pantalla-2020-11-24-a-las-10.23.37.png?resize=350%2C200&ssl=1 1x, https:\/\/i0.wp.com\/errr-magazine.com\/wp-content\/uploads\/2020\/11\/Captura-de-pantalla-2020-11-24-a-las-10.23.37.png?resize=525%2C300&ssl=1 1.5x, https:\/\/i0.wp.com\/errr-magazine.com\/wp-content\/uploads\/2020\/11\/Captura-de-pantalla-2020-11-24-a-las-10.23.37.png?resize=700%2C400&ssl=1 2x"},"classes":[]},{"id":201531,"url":"https:\/\/errr-magazine.com\/english\/las-cenizas-vuelan\/","url_meta":{"origin":153771,"position":2},"title":"The Ashes Fly","author":"Karla Villag\u00f3mez","date":"03\/07\/2026","format":false,"excerpt":"Once I began working with analog photography, I gave my work a sense of pursuit. Everything I photographed became a constant questioning of belonging, identity, and the simple act of existing and \u201cbeing.\u201d","rel":"","context":"In &quot;Artes visuales&quot;","block_context":{"text":"Artes visuales","link":"https:\/\/errr-magazine.com\/english\/category\/interviews\/artes-visuales\/"},"img":{"alt_text":"","src":"https:\/\/i0.wp.com\/errr-magazine.com\/wp-content\/uploads\/2026\/03\/Foto-29-01-26-10-31-30-pm-1.jpg?resize=350%2C200&ssl=1","width":350,"height":200,"srcset":"https:\/\/i0.wp.com\/errr-magazine.com\/wp-content\/uploads\/2026\/03\/Foto-29-01-26-10-31-30-pm-1.jpg?resize=350%2C200&ssl=1 1x, https:\/\/i0.wp.com\/errr-magazine.com\/wp-content\/uploads\/2026\/03\/Foto-29-01-26-10-31-30-pm-1.jpg?resize=525%2C300&ssl=1 1.5x, https:\/\/i0.wp.com\/errr-magazine.com\/wp-content\/uploads\/2026\/03\/Foto-29-01-26-10-31-30-pm-1.jpg?resize=700%2C400&ssl=1 2x, https:\/\/i0.wp.com\/errr-magazine.com\/wp-content\/uploads\/2026\/03\/Foto-29-01-26-10-31-30-pm-1.jpg?resize=1050%2C600&ssl=1 3x, https:\/\/i0.wp.com\/errr-magazine.com\/wp-content\/uploads\/2026\/03\/Foto-29-01-26-10-31-30-pm-1.jpg?resize=1400%2C800&ssl=1 4x"},"classes":[]},{"id":130652,"url":"https:\/\/errr-magazine.com\/english\/todo-me-recuerda-a-tom-hanks\/","url_meta":{"origin":153771,"position":3},"title":"Todo me recuerda a Tom Hanks","author":"David Rubio Esquivel","date":"04\/07\/2018","format":false,"excerpt":"Luego de que cancelaran mi vuelo debido al mal clima, me sent\u00e9 en una de las grandes salas de espera del aeropuerto de Shangai. No llevaba prisa, aqu\u00e9l viaje lo hab\u00eda hecho por motivos de placer, no de trabajo. De hecho, unas pocas semanas atr\u00e1s, fui despedido de mi \u00faltimo\u2026","rel":"","context":"In &quot;Textos&quot;","block_context":{"text":"Textos","link":"https:\/\/errr-magazine.com\/english\/category\/textos\/"},"img":{"alt_text":"","src":"","width":0,"height":0},"classes":[]},{"id":173435,"url":"https:\/\/errr-magazine.com\/english\/resistencia-sentimental\/","url_meta":{"origin":153771,"position":4},"title":"Resistencia sentimental","author":"Sha Lugo","date":"08\/11\/2021","format":false,"excerpt":"Siempre he sido de pensamientos fuertes, feroces, contrastantes y conflictivos.\u00a0La mayor\u00eda de mi vida he apagado pensamientos y creencias propias para no salirme de esa caja tibia en donde la mayor\u00eda encuentra sentido. \"No seas intensa\", \"que exagerada\", \"no pasa nada\", \"no podemos hacer nada\", \"nadie espera nada\", \"solo a\u2026","rel":"","context":"In &quot;Textos&quot;","block_context":{"text":"Textos","link":"https:\/\/errr-magazine.com\/english\/category\/textos\/"},"img":{"alt_text":"","src":"https:\/\/i0.wp.com\/errr-magazine.com\/wp-content\/uploads\/2021\/08\/51323250765_7cc7a5e9c2_c.jpg?resize=350%2C200&ssl=1","width":350,"height":200,"srcset":"https:\/\/i0.wp.com\/errr-magazine.com\/wp-content\/uploads\/2021\/08\/51323250765_7cc7a5e9c2_c.jpg?resize=350%2C200&ssl=1 1x, https:\/\/i0.wp.com\/errr-magazine.com\/wp-content\/uploads\/2021\/08\/51323250765_7cc7a5e9c2_c.jpg?resize=525%2C300&ssl=1 1.5x, https:\/\/i0.wp.com\/errr-magazine.com\/wp-content\/uploads\/2021\/08\/51323250765_7cc7a5e9c2_c.jpg?resize=700%2C400&ssl=1 2x"},"classes":[]},{"id":204891,"url":"https:\/\/errr-magazine.com\/english\/in-between-lands\/","url_meta":{"origin":153771,"position":5},"title":"In between lands","author":"Jorgelina Zabert","date":"04\/21\/2026","format":false,"excerpt":"Constant social media use ends up being very dangerous and counterproductive for artists. On the one hand, we are overstimulated by images, by things that the algorithm knows can seduce us, and on the other hand, there is constant comparison with what everyone else is doing.","rel":"","context":"In &quot;Artes visuales&quot;","block_context":{"text":"Artes visuales","link":"https:\/\/errr-magazine.com\/english\/category\/interviews\/artes-visuales\/"},"img":{"alt_text":"","src":"https:\/\/i0.wp.com\/errr-magazine.com\/wp-content\/uploads\/2026\/04\/Proyecto-x-CALLMECUCA_1-scaled.jpg?resize=350%2C200&ssl=1","width":350,"height":200,"srcset":"https:\/\/i0.wp.com\/errr-magazine.com\/wp-content\/uploads\/2026\/04\/Proyecto-x-CALLMECUCA_1-scaled.jpg?resize=350%2C200&ssl=1 1x, https:\/\/i0.wp.com\/errr-magazine.com\/wp-content\/uploads\/2026\/04\/Proyecto-x-CALLMECUCA_1-scaled.jpg?resize=525%2C300&ssl=1 1.5x, https:\/\/i0.wp.com\/errr-magazine.com\/wp-content\/uploads\/2026\/04\/Proyecto-x-CALLMECUCA_1-scaled.jpg?resize=700%2C400&ssl=1 2x, https:\/\/i0.wp.com\/errr-magazine.com\/wp-content\/uploads\/2026\/04\/Proyecto-x-CALLMECUCA_1-scaled.jpg?resize=1050%2C600&ssl=1 3x, https:\/\/i0.wp.com\/errr-magazine.com\/wp-content\/uploads\/2026\/04\/Proyecto-x-CALLMECUCA_1-scaled.jpg?resize=1400%2C800&ssl=1 4x"},"classes":[]}],"jetpack_sharing_enabled":true,"mfb_rest_fields":["title","yoast_head","yoast_head_json","jetpack_featured_media_url","jetpack-related-posts","jetpack_sharing_enabled"],"_links":{"self":[{"href":"https:\/\/errr-magazine.com\/english\/wp-json\/wp\/v2\/posts\/153771","targetHints":{"allow":["GET"]}}],"collection":[{"href":"https:\/\/errr-magazine.com\/english\/wp-json\/wp\/v2\/posts"}],"about":[{"href":"https:\/\/errr-magazine.com\/english\/wp-json\/wp\/v2\/types\/post"}],"author":[{"embeddable":true,"href":"https:\/\/errr-magazine.com\/english\/wp-json\/wp\/v2\/users\/6127"}],"replies":[{"embeddable":true,"href":"https:\/\/errr-magazine.com\/english\/wp-json\/wp\/v2\/comments?post=153771"}],"version-history":[{"count":3,"href":"https:\/\/errr-magazine.com\/english\/wp-json\/wp\/v2\/posts\/153771\/revisions"}],"predecessor-version":[{"id":191875,"href":"https:\/\/errr-magazine.com\/english\/wp-json\/wp\/v2\/posts\/153771\/revisions\/191875"}],"wp:featuredmedia":[{"embeddable":true,"href":"https:\/\/errr-magazine.com\/english\/wp-json\/wp\/v2\/media\/191867"}],"wp:attachment":[{"href":"https:\/\/errr-magazine.com\/english\/wp-json\/wp\/v2\/media?parent=153771"}],"wp:term":[{"taxonomy":"category","embeddable":true,"href":"https:\/\/errr-magazine.com\/english\/wp-json\/wp\/v2\/categories?post=153771"},{"taxonomy":"post_tag","embeddable":true,"href":"https:\/\/errr-magazine.com\/english\/wp-json\/wp\/v2\/tags?post=153771"}],"curies":[{"name":"wp","href":"https:\/\/api.w.org\/{rel}","templated":true}]}}