{"id":153708,"date":"2019-01-03T12:11:43","date_gmt":"2019-01-03T01:11:43","guid":{"rendered":"http:\/\/errr-magazine.com\/?p=153708"},"modified":"2022-08-31T01:44:44","modified_gmt":"2022-08-31T06:44:44","slug":"fui-feliz","status":"publish","type":"post","link":"https:\/\/errr-magazine.com\/english\/fui-feliz\/","title":{"rendered":"Fui feliz"},"content":{"rendered":"<p>Deja de golpearme el coraz\u00f3n,<\/p>\n<p>Deja de ser tan rudo conmigo,<\/p>\n<p>Me he dedicado a ense\u00f1arte mi universo,<\/p>\n<p>Deja de destruirlo.<\/p>\n<p>Me he sentado en el sof\u00e1,<\/p>\n<p>A preguntarme que hice mal,<\/p>\n<p>Quiz\u00e1 no fui suficiente para ti,<\/p>\n<p>Quiz\u00e1 no ten\u00edamos la misma manera de ver el mundo.<\/p>\n<p>Pero fui feliz. Si lo fui.<\/p>\n<p>Photography by <a href=\"https:\/\/www.flickr.com\/photos\/patricia_ruiz_del_portal\/\">Patricia Ruiz del Portal<\/a><\/p>","protected":false},"excerpt":{"rendered":"<p>Deja de golpearme el coraz\u00f3n, Deja de ser tan rudo conmigo, Me he dedicado a ense\u00f1arte mi universo, Deja de destruirlo. Me he sentado en el sof\u00e1, A preguntarme que hice mal, Quiz\u00e1 no fui suficiente para ti, Quiz\u00e1 no ten\u00edamos la misma manera de ver el mundo. Pero fui feliz. Si lo fui. Fotograf\u00eda [&hellip;]<\/p>\n","protected":false},"author":2978,"featured_media":0,"comment_status":"closed","ping_status":"closed","sticky":false,"template":"","format":"standard","meta":{"_acf_changed":false,"cybocfi_hide_featured_image":"","_jetpack_memberships_contains_paid_content":false,"footnotes":""},"categories":[7997],"tags":[],"class_list":["post-153708","post","type-post","status-publish","format-standard","hentry","category-textos"],"acf":[],"mb":[],"yoast_head":"<!-- This site is optimized with the Yoast SEO plugin v27.2 - https:\/\/yoast.com\/product\/yoast-seo-wordpress\/ -->\n<title>Fui feliz - ERRR MAGAZINE<\/title>\n<meta name=\"robots\" content=\"index, follow, max-snippet:-1, max-image-preview:large, max-video-preview:-1\" \/>\n<link rel=\"canonical\" href=\"https:\/\/errr-magazine.com\/english\/fui-feliz\/\" \/>\n<meta property=\"og:locale\" content=\"en_US\" \/>\n<meta property=\"og:type\" content=\"article\" \/>\n<meta property=\"og:title\" content=\"Fui feliz - ERRR MAGAZINE\" \/>\n<meta property=\"og:description\" content=\"Deja de golpearme el coraz\u00f3n, Deja de ser tan rudo conmigo, Me he dedicado a ense\u00f1arte mi universo, Deja de destruirlo. Me he sentado en el sof\u00e1, A preguntarme que hice mal, Quiz\u00e1 no fui suficiente para ti, Quiz\u00e1 no ten\u00edamos la misma manera de ver el mundo. Pero fui feliz. Si lo fui. Fotograf\u00eda [&hellip;]\" \/>\n<meta property=\"og:url\" content=\"https:\/\/errr-magazine.com\/english\/fui-feliz\/\" \/>\n<meta property=\"og:site_name\" content=\"ERRR MAGAZINE\" \/>\n<meta property=\"article:published_time\" content=\"2019-01-03T01:11:43+00:00\" \/>\n<meta property=\"article:modified_time\" content=\"2022-08-31T06:44:44+00:00\" \/>\n<meta name=\"author\" content=\"Ana cela Contreras\" \/>\n<meta name=\"twitter:card\" content=\"summary_large_image\" \/>\n<meta name=\"twitter:label1\" content=\"Written by\" \/>\n\t<meta name=\"twitter:data1\" content=\"Ana cela Contreras\" \/>\n<script type=\"application\/ld+json\" class=\"yoast-schema-graph\">{\"@context\":\"https:\/\/schema.org\",\"@graph\":[{\"@type\":\"Article\",\"@id\":\"https:\/\/errr-magazine.com\/fui-feliz\/#article\",\"isPartOf\":{\"@id\":\"https:\/\/errr-magazine.com\/fui-feliz\/\"},\"author\":{\"name\":\"Ana cela Contreras\",\"@id\":\"https:\/\/errr-magazine.com\/#\/schema\/person\/6a92b53dc7659c5e4778096471a8e29d\"},\"headline\":\"Fui feliz\",\"datePublished\":\"2019-01-03T01:11:43+00:00\",\"dateModified\":\"2022-08-31T06:44:44+00:00\",\"mainEntityOfPage\":{\"@id\":\"https:\/\/errr-magazine.com\/fui-feliz\/\"},\"wordCount\":66,\"articleSection\":[\"Textos\"],\"inLanguage\":\"en-US\"},{\"@type\":\"WebPage\",\"@id\":\"https:\/\/errr-magazine.com\/fui-feliz\/\",\"url\":\"https:\/\/errr-magazine.com\/fui-feliz\/\",\"name\":\"Fui feliz - ERRR MAGAZINE\",\"isPartOf\":{\"@id\":\"https:\/\/errr-magazine.com\/#website\"},\"datePublished\":\"2019-01-03T01:11:43+00:00\",\"dateModified\":\"2022-08-31T06:44:44+00:00\",\"author\":{\"@id\":\"https:\/\/errr-magazine.com\/#\/schema\/person\/6a92b53dc7659c5e4778096471a8e29d\"},\"breadcrumb\":{\"@id\":\"https:\/\/errr-magazine.com\/fui-feliz\/#breadcrumb\"},\"inLanguage\":\"en-US\",\"potentialAction\":[{\"@type\":\"ReadAction\",\"target\":[\"https:\/\/errr-magazine.com\/fui-feliz\/\"]}]},{\"@type\":\"BreadcrumbList\",\"@id\":\"https:\/\/errr-magazine.com\/fui-feliz\/#breadcrumb\",\"itemListElement\":[{\"@type\":\"ListItem\",\"position\":1,\"name\":\"Portada\",\"item\":\"https:\/\/errr-magazine.com\/\"},{\"@type\":\"ListItem\",\"position\":2,\"name\":\"Fui feliz\"}]},{\"@type\":\"WebSite\",\"@id\":\"https:\/\/errr-magazine.com\/#website\",\"url\":\"https:\/\/errr-magazine.com\/\",\"name\":\"ERRR MAGAZINE\",\"description\":\"\",\"potentialAction\":[{\"@type\":\"SearchAction\",\"target\":{\"@type\":\"EntryPoint\",\"urlTemplate\":\"https:\/\/errr-magazine.com\/?s={search_term_string}\"},\"query-input\":{\"@type\":\"PropertyValueSpecification\",\"valueRequired\":true,\"valueName\":\"search_term_string\"}}],\"inLanguage\":\"en-US\"},{\"@type\":\"Person\",\"@id\":\"https:\/\/errr-magazine.com\/#\/schema\/person\/6a92b53dc7659c5e4778096471a8e29d\",\"name\":\"Ana cela Contreras\",\"image\":{\"@type\":\"ImageObject\",\"inLanguage\":\"en-US\",\"@id\":\"https:\/\/secure.gravatar.com\/avatar\/decabd4f61e33f8855b6c328054cf2310fdafcd7d5641d71317175ea5dfddd86?s=96&d=identicon&r=g\",\"url\":\"https:\/\/secure.gravatar.com\/avatar\/decabd4f61e33f8855b6c328054cf2310fdafcd7d5641d71317175ea5dfddd86?s=96&d=identicon&r=g\",\"contentUrl\":\"https:\/\/secure.gravatar.com\/avatar\/decabd4f61e33f8855b6c328054cf2310fdafcd7d5641d71317175ea5dfddd86?s=96&d=identicon&r=g\",\"caption\":\"Ana cela Contreras\"},\"description\":\"Soy millenial de tiempo completo, tratando de descifrar la vida.\",\"sameAs\":[\"https:\/\/www.instagram.com\/_anacela\/\"],\"url\":\"https:\/\/errr-magazine.com\/english\/author\/anacela-contreras\/\"}]}<\/script>\n<!-- \/ Yoast SEO plugin. -->","yoast_head_json":{"title":"Fui feliz - ERRR MAGAZINE","robots":{"index":"index","follow":"follow","max-snippet":"max-snippet:-1","max-image-preview":"max-image-preview:large","max-video-preview":"max-video-preview:-1"},"canonical":"https:\/\/errr-magazine.com\/english\/fui-feliz\/","og_locale":"en_US","og_type":"article","og_title":"Fui feliz - ERRR MAGAZINE","og_description":"Deja de golpearme el coraz\u00f3n, Deja de ser tan rudo conmigo, Me he dedicado a ense\u00f1arte mi universo, Deja de destruirlo. Me he sentado en el sof\u00e1, A preguntarme que hice mal, Quiz\u00e1 no fui suficiente para ti, Quiz\u00e1 no ten\u00edamos la misma manera de ver el mundo. Pero fui feliz. Si lo fui. Fotograf\u00eda [&hellip;]","og_url":"https:\/\/errr-magazine.com\/english\/fui-feliz\/","og_site_name":"ERRR MAGAZINE","article_published_time":"2019-01-03T01:11:43+00:00","article_modified_time":"2022-08-31T06:44:44+00:00","author":"Ana cela Contreras","twitter_card":"summary_large_image","twitter_misc":{"Written by":"Ana cela Contreras"},"schema":{"@context":"https:\/\/schema.org","@graph":[{"@type":"Article","@id":"https:\/\/errr-magazine.com\/fui-feliz\/#article","isPartOf":{"@id":"https:\/\/errr-magazine.com\/fui-feliz\/"},"author":{"name":"Ana cela Contreras","@id":"https:\/\/errr-magazine.com\/#\/schema\/person\/6a92b53dc7659c5e4778096471a8e29d"},"headline":"Fui feliz","datePublished":"2019-01-03T01:11:43+00:00","dateModified":"2022-08-31T06:44:44+00:00","mainEntityOfPage":{"@id":"https:\/\/errr-magazine.com\/fui-feliz\/"},"wordCount":66,"articleSection":["Textos"],"inLanguage":"en-US"},{"@type":"WebPage","@id":"https:\/\/errr-magazine.com\/fui-feliz\/","url":"https:\/\/errr-magazine.com\/fui-feliz\/","name":"Fui feliz - ERRR MAGAZINE","isPartOf":{"@id":"https:\/\/errr-magazine.com\/#website"},"datePublished":"2019-01-03T01:11:43+00:00","dateModified":"2022-08-31T06:44:44+00:00","author":{"@id":"https:\/\/errr-magazine.com\/#\/schema\/person\/6a92b53dc7659c5e4778096471a8e29d"},"breadcrumb":{"@id":"https:\/\/errr-magazine.com\/fui-feliz\/#breadcrumb"},"inLanguage":"en-US","potentialAction":[{"@type":"ReadAction","target":["https:\/\/errr-magazine.com\/fui-feliz\/"]}]},{"@type":"BreadcrumbList","@id":"https:\/\/errr-magazine.com\/fui-feliz\/#breadcrumb","itemListElement":[{"@type":"ListItem","position":1,"name":"Portada","item":"https:\/\/errr-magazine.com\/"},{"@type":"ListItem","position":2,"name":"Fui feliz"}]},{"@type":"WebSite","@id":"https:\/\/errr-magazine.com\/#website","url":"https:\/\/errr-magazine.com\/","name":"ERRR MAGAZINE","description":"","potentialAction":[{"@type":"SearchAction","target":{"@type":"EntryPoint","urlTemplate":"https:\/\/errr-magazine.com\/?s={search_term_string}"},"query-input":{"@type":"PropertyValueSpecification","valueRequired":true,"valueName":"search_term_string"}}],"inLanguage":"en-US"},{"@type":"Person","@id":"https:\/\/errr-magazine.com\/#\/schema\/person\/6a92b53dc7659c5e4778096471a8e29d","name":"Ana cela Contreras","image":{"@type":"ImageObject","inLanguage":"en-US","@id":"https:\/\/secure.gravatar.com\/avatar\/decabd4f61e33f8855b6c328054cf2310fdafcd7d5641d71317175ea5dfddd86?s=96&d=identicon&r=g","url":"https:\/\/secure.gravatar.com\/avatar\/decabd4f61e33f8855b6c328054cf2310fdafcd7d5641d71317175ea5dfddd86?s=96&d=identicon&r=g","contentUrl":"https:\/\/secure.gravatar.com\/avatar\/decabd4f61e33f8855b6c328054cf2310fdafcd7d5641d71317175ea5dfddd86?s=96&d=identicon&r=g","caption":"Ana cela Contreras"},"description":"Soy millenial de tiempo completo, tratando de descifrar la vida.","sameAs":["https:\/\/www.instagram.com\/_anacela\/"],"url":"https:\/\/errr-magazine.com\/english\/author\/anacela-contreras\/"}]}},"jetpack_featured_media_url":"","jetpack-related-posts":[{"id":128909,"url":"https:\/\/errr-magazine.com\/english\/teoria-de-los-viajes-en-el-tiempo\/","url_meta":{"origin":153708,"position":0},"title":"Teor\u00eda de los Viajes en el Tiempo","author":"Aram Castillo","date":"01\/29\/2018","format":false,"excerpt":"Un d\u00eda est\u00e1s caminando por la calle pensando en lo que tienes que hacer, sin duda quedas sumergido en tus pensamientos in\u00fatiles, tratas de buscarle el sentido para no sentirte m\u00e1s triste y por un segundo piensas que nada vale la pena. Al d\u00eda siguiente no puedes dejar de pensar\u2026","rel":"","context":"In &quot;Textos&quot;","block_context":{"text":"Textos","link":"https:\/\/errr-magazine.com\/english\/category\/textos\/"},"img":{"alt_text":"","src":"","width":0,"height":0},"classes":[]},{"id":194900,"url":"https:\/\/errr-magazine.com\/english\/si-sirve-de-algo\/","url_meta":{"origin":153708,"position":1},"title":"If it's any use","author":"Azul Mv\u00e1","date":"10\/28\/2025","format":false,"excerpt":"And it's not that I need you every day or all the time, it's sometimes: when it's cold, when I'm alone, when I'm sad, when I have to go to faraway places and when I'm making plans for the future.","rel":"","context":"In &quot;Writing&quot;","block_context":{"text":"Writing","link":"https:\/\/errr-magazine.com\/english\/category\/writing\/"},"img":{"alt_text":"","src":"https:\/\/i0.wp.com\/errr-magazine.com\/wp-content\/uploads\/2025\/10\/SESION2908-209.jpg?resize=350%2C200&ssl=1","width":350,"height":200,"srcset":"https:\/\/i0.wp.com\/errr-magazine.com\/wp-content\/uploads\/2025\/10\/SESION2908-209.jpg?resize=350%2C200&ssl=1 1x, https:\/\/i0.wp.com\/errr-magazine.com\/wp-content\/uploads\/2025\/10\/SESION2908-209.jpg?resize=525%2C300&ssl=1 1.5x, https:\/\/i0.wp.com\/errr-magazine.com\/wp-content\/uploads\/2025\/10\/SESION2908-209.jpg?resize=700%2C400&ssl=1 2x, https:\/\/i0.wp.com\/errr-magazine.com\/wp-content\/uploads\/2025\/10\/SESION2908-209.jpg?resize=1050%2C600&ssl=1 3x, https:\/\/i0.wp.com\/errr-magazine.com\/wp-content\/uploads\/2025\/10\/SESION2908-209.jpg?resize=1400%2C800&ssl=1 4x"},"classes":[]},{"id":203167,"url":"https:\/\/errr-magazine.com\/english\/modulor-nostalgico\/","url_meta":{"origin":153708,"position":2},"title":"Nostalgic Modulor","author":"Juan Cano L\u00f3pez","date":"03\/27\/2026","format":false,"excerpt":"My recent work has been somewhat introspective. I want to represent how humanity dissolves into spaces, what traces it leaves behind; that process between interacting with a space and no longer being in it has occupied much of my thinking, and now I direct my eye toward that.","rel":"","context":"In &quot;Artes visuales&quot;","block_context":{"text":"Artes visuales","link":"https:\/\/errr-magazine.com\/english\/category\/interviews\/artes-visuales\/"},"img":{"alt_text":"","src":"https:\/\/i0.wp.com\/errr-magazine.com\/wp-content\/uploads\/2026\/03\/3-7.jpg?resize=350%2C200&ssl=1","width":350,"height":200,"srcset":"https:\/\/i0.wp.com\/errr-magazine.com\/wp-content\/uploads\/2026\/03\/3-7.jpg?resize=350%2C200&ssl=1 1x, https:\/\/i0.wp.com\/errr-magazine.com\/wp-content\/uploads\/2026\/03\/3-7.jpg?resize=525%2C300&ssl=1 1.5x, https:\/\/i0.wp.com\/errr-magazine.com\/wp-content\/uploads\/2026\/03\/3-7.jpg?resize=700%2C400&ssl=1 2x, https:\/\/i0.wp.com\/errr-magazine.com\/wp-content\/uploads\/2026\/03\/3-7.jpg?resize=1050%2C600&ssl=1 3x, https:\/\/i0.wp.com\/errr-magazine.com\/wp-content\/uploads\/2026\/03\/3-7.jpg?resize=1400%2C800&ssl=1 4x"},"classes":[]},{"id":141314,"url":"https:\/\/errr-magazine.com\/english\/adios-a-nuestra-historia\/","url_meta":{"origin":153708,"position":3},"title":"Farewell to our history.","author":"Juan P Medina M","date":"03\/05\/2019","format":false,"excerpt":"Todo aquello que necesit\u00e1bamos era un adi\u00f3s. El ultimo abrazo, el ultimo beso, la ultima sonrisa que pude sacarte mientras sujetaba tu mano y te dec\u00eda lo hermosas que se ve\u00edan juntas. Todo aquello que se fue acabando era el peque\u00f1o camino para darnos el adi\u00f3s que no necesitabamos en\u2026","rel":"","context":"In &quot;Textos&quot;","block_context":{"text":"Textos","link":"https:\/\/errr-magazine.com\/english\/category\/textos\/"},"img":{"alt_text":"","src":"https:\/\/i0.wp.com\/errr-magazine.com\/wp-content\/uploads\/2019\/02\/22006826239_0e1055ffd8_o.jpg?resize=350%2C200&ssl=1","width":350,"height":200,"srcset":"https:\/\/i0.wp.com\/errr-magazine.com\/wp-content\/uploads\/2019\/02\/22006826239_0e1055ffd8_o.jpg?resize=350%2C200&ssl=1 1x, https:\/\/i0.wp.com\/errr-magazine.com\/wp-content\/uploads\/2019\/02\/22006826239_0e1055ffd8_o.jpg?resize=525%2C300&ssl=1 1.5x, https:\/\/i0.wp.com\/errr-magazine.com\/wp-content\/uploads\/2019\/02\/22006826239_0e1055ffd8_o.jpg?resize=700%2C400&ssl=1 2x"},"classes":[]},{"id":165715,"url":"https:\/\/errr-magazine.com\/english\/miedos\/","url_meta":{"origin":153708,"position":4},"title":"Miedos","author":"Antonio P\u00e9rez","date":"02\/08\/2021","format":false,"excerpt":"Tengo miedo,\u00a0 Miedo a que me gustes,\u00a0 Miedo de qu\u00e9 siempre. converses de forma elocuente y acertada.\u00a0 Miedo de que conozcas mis debilidades y que seas una de ellas.\u00a0 Miedo de que todo tenga que complicarse y sobre pensarse, Miedo de que parezca f\u00e1cil olvidar mi pasado cuando est\u00e1s cerca,\u00a0\u2026","rel":"","context":"In &quot;Textos&quot;","block_context":{"text":"Textos","link":"https:\/\/errr-magazine.com\/english\/category\/textos\/"},"img":{"alt_text":"","src":"https:\/\/i0.wp.com\/errr-magazine.com\/wp-content\/uploads\/2021\/01\/9218328874_98c1592319_o.jpg?resize=350%2C200&ssl=1","width":350,"height":200,"srcset":"https:\/\/i0.wp.com\/errr-magazine.com\/wp-content\/uploads\/2021\/01\/9218328874_98c1592319_o.jpg?resize=350%2C200&ssl=1 1x, https:\/\/i0.wp.com\/errr-magazine.com\/wp-content\/uploads\/2021\/01\/9218328874_98c1592319_o.jpg?resize=525%2C300&ssl=1 1.5x, https:\/\/i0.wp.com\/errr-magazine.com\/wp-content\/uploads\/2021\/01\/9218328874_98c1592319_o.jpg?resize=700%2C400&ssl=1 2x, https:\/\/i0.wp.com\/errr-magazine.com\/wp-content\/uploads\/2021\/01\/9218328874_98c1592319_o.jpg?resize=1050%2C600&ssl=1 3x, https:\/\/i0.wp.com\/errr-magazine.com\/wp-content\/uploads\/2021\/01\/9218328874_98c1592319_o.jpg?resize=1400%2C800&ssl=1 4x"},"classes":[]},{"id":153501,"url":"https:\/\/errr-magazine.com\/english\/tu-mirada\/","url_meta":{"origin":153708,"position":5},"title":"Tu mirada","author":"AriRey","date":"12\/23\/2019","format":false,"excerpt":"Esa manera tan tuya de mirar. Multifac\u00e9tica, inexplicable e inconsciente...o traicionera a ti. Tu mirada me ha hecho sentir por momentos querida, cuando a lo lejos sonr\u00edes en complicidad conmigo; deseada, cuando t\u00fa cuerpo se encuentra sobre el m\u00edo, feliz, cuando es acompa\u00f1ada de todos esos dientes que pocas veces\u2026","rel":"","context":"In &quot;Textos&quot;","block_context":{"text":"Textos","link":"https:\/\/errr-magazine.com\/english\/category\/textos\/"},"img":{"alt_text":"","src":"","width":0,"height":0},"classes":[]}],"jetpack_sharing_enabled":true,"mfb_rest_fields":["title","yoast_head","yoast_head_json","jetpack_featured_media_url","jetpack-related-posts","jetpack_sharing_enabled"],"_links":{"self":[{"href":"https:\/\/errr-magazine.com\/english\/wp-json\/wp\/v2\/posts\/153708","targetHints":{"allow":["GET"]}}],"collection":[{"href":"https:\/\/errr-magazine.com\/english\/wp-json\/wp\/v2\/posts"}],"about":[{"href":"https:\/\/errr-magazine.com\/english\/wp-json\/wp\/v2\/types\/post"}],"author":[{"embeddable":true,"href":"https:\/\/errr-magazine.com\/english\/wp-json\/wp\/v2\/users\/2978"}],"replies":[{"embeddable":true,"href":"https:\/\/errr-magazine.com\/english\/wp-json\/wp\/v2\/comments?post=153708"}],"version-history":[{"count":3,"href":"https:\/\/errr-magazine.com\/english\/wp-json\/wp\/v2\/posts\/153708\/revisions"}],"predecessor-version":[{"id":153767,"href":"https:\/\/errr-magazine.com\/english\/wp-json\/wp\/v2\/posts\/153708\/revisions\/153767"}],"wp:attachment":[{"href":"https:\/\/errr-magazine.com\/english\/wp-json\/wp\/v2\/media?parent=153708"}],"wp:term":[{"taxonomy":"category","embeddable":true,"href":"https:\/\/errr-magazine.com\/english\/wp-json\/wp\/v2\/categories?post=153708"},{"taxonomy":"post_tag","embeddable":true,"href":"https:\/\/errr-magazine.com\/english\/wp-json\/wp\/v2\/tags?post=153708"}],"curies":[{"name":"wp","href":"https:\/\/api.w.org\/{rel}","templated":true}]}}