{"id":152853,"date":"2019-12-02T08:41:25","date_gmt":"2019-12-01T21:41:25","guid":{"rendered":"http:\/\/errr-magazine.com\/?p=152853"},"modified":"2022-08-31T01:28:06","modified_gmt":"2022-08-31T06:28:06","slug":"lo-frio-de-ti","status":"publish","type":"post","link":"https:\/\/errr-magazine.com\/english\/lo-frio-de-ti\/","title":{"rendered":"Lo fr\u00edo de ti"},"content":{"rendered":"<p>Hoy dorm\u00ed hasta tarde y despert\u00e9 temprano; \u00bfla causa? El fr\u00edo. Adoro cuando este clima se expande en el ambiente, pero por las noches y a solas, no. Es dif\u00edcil calentar mi cuerpo tan pronto como lo har\u00eda cerca del tuyo, y qu\u00e9 decir cuando el cierzo fr\u00edo de la madrugada me hace anteceder por mucho a mi despertador; tu calor es \u00fanico y no lo entiendes.<\/p>\n<p>Al ver mi desvelo en los ojos, el animo alterado y el hambre voraz durante estos d\u00edas fr\u00edos, la gente me ofreci\u00f3 a lo largo del d\u00eda diversas soluciones a mi sencilla situaci\u00f3n:<\/p>\n<p>\u2014c\u00f3mprate s\u00e1banas de algod\u00f3n y franela\u2014<\/p>\n<p>\u2014usa calcetines, tu nunca lo haces\u2014<\/p>\n<p>\u2014en esta temporada en mi cat\u00e1logo lleg\u00f3 un aparato para calentar tu cuarto, \u00a1no necesita pilas!\u2014<\/p>\n<p>\u2014cena bien y cena m\u00e1s\u2014<\/p>\n<p>Asiento con la cabeza y sonr\u00edo para detener el hostigamiento que sus propuestas me ofertan&#8230;\u00a1nadie entiende!<\/p>\n<p>El calor producido por estas soluciones no se compara al tuyo; no se compara la huella cal\u00f3rica que tu cuerpo deja al tomar otra posici\u00f3n en la cama al dormir, ni tampoco el ardor que tu cuerpo hace sentir al m\u00edo en la distancia territorial que se establece cuando se comparte una cama y, menos se compara el calor que producen tus sue\u00f1os agitados y que hacen latir tu coraz\u00f3n intensamente mientras est\u00e1s durmiendo o ese calor que solo tu cuerpo produce cuando est\u00e1s excitado y con ganas de amar.<\/p>\n<p>No, no es dependencia, porque ceno bien, tengo mis s\u00e1banas de algod\u00f3n y franela, uso calcetines e inclusive suelo meter un trapo caliente al microondas para ponerlo sobre mis pies&#8230;.pero no, nada se compara a la sutil experiencia que tu cuerpo provoca en mi.<\/p>\n<p>De los mil quinientos d\u00edas juntos, he disfrutado tu calor dieciocho noches y ciento sesenta \u00a0tardes de siestas.\u00a0Si&#8230;y como todos los d\u00edas y a cada instante \u00a1te extra\u00f1o!<\/p>\n<p>Photography by <a href=\"https:\/\/www.flickr.com\/photos\/plombirlegs\/\">TolikTolik TolikTolik TolikTolik<\/a><\/p>","protected":false},"excerpt":{"rendered":"<p>Hoy dorm\u00ed hasta tarde y despert\u00e9 temprano; \u00bfla causa? El fr\u00edo. Adoro cuando este clima se expande en el ambiente, pero por las noches y a solas, no. Es dif\u00edcil calentar mi cuerpo tan pronto como lo har\u00eda cerca del tuyo, y qu\u00e9 decir cuando el cierzo fr\u00edo de la madrugada me hace anteceder por [&hellip;]<\/p>\n","protected":false},"author":6437,"featured_media":0,"comment_status":"closed","ping_status":"closed","sticky":false,"template":"","format":"standard","meta":{"_acf_changed":false,"cybocfi_hide_featured_image":"","_jetpack_memberships_contains_paid_content":false,"footnotes":""},"categories":[7997],"tags":[7699],"class_list":["post-152853","post","type-post","status-publish","format-standard","hentry","category-textos","tag-frialdad"],"acf":[],"mb":[],"yoast_head":"<!-- This site is optimized with the Yoast SEO plugin v27.2 - https:\/\/yoast.com\/product\/yoast-seo-wordpress\/ -->\n<title>Lo fr\u00edo de ti - ERRR MAGAZINE<\/title>\n<meta name=\"description\" content=\"Lo fr\u00edo de ti ERRR MAGAZINE\" \/>\n<meta name=\"robots\" content=\"index, follow, max-snippet:-1, max-image-preview:large, max-video-preview:-1\" \/>\n<link rel=\"canonical\" href=\"https:\/\/errr-magazine.com\/english\/lo-frio-de-ti\/\" \/>\n<meta property=\"og:locale\" content=\"en_US\" \/>\n<meta property=\"og:type\" content=\"article\" \/>\n<meta property=\"og:title\" content=\"Lo fr\u00edo del fr\u00edo\" \/>\n<meta property=\"og:description\" content=\"Lo fr\u00edo de ti ERRR MAGAZINE\" \/>\n<meta property=\"og:url\" content=\"https:\/\/errr-magazine.com\/english\/lo-frio-de-ti\/\" \/>\n<meta property=\"og:site_name\" content=\"ERRR MAGAZINE\" \/>\n<meta property=\"article:author\" content=\"AriadnaReyesVelazquez\" \/>\n<meta property=\"article:published_time\" content=\"2019-12-01T21:41:25+00:00\" \/>\n<meta property=\"article:modified_time\" content=\"2022-08-31T06:28:06+00:00\" \/>\n<meta name=\"author\" content=\"AriRey\" \/>\n<meta name=\"twitter:card\" content=\"summary_large_image\" \/>\n<meta name=\"twitter:label1\" content=\"Written by\" \/>\n\t<meta name=\"twitter:data1\" content=\"AriRey\" \/>\n\t<meta name=\"twitter:label2\" content=\"Est. reading time\" \/>\n\t<meta name=\"twitter:data2\" content=\"2 minutes\" \/>\n<script type=\"application\/ld+json\" class=\"yoast-schema-graph\">{\"@context\":\"https:\/\/schema.org\",\"@graph\":[{\"@type\":\"Article\",\"@id\":\"https:\/\/errr-magazine.com\/lo-frio-de-ti\/#article\",\"isPartOf\":{\"@id\":\"https:\/\/errr-magazine.com\/lo-frio-de-ti\/\"},\"author\":{\"name\":\"AriRey\",\"@id\":\"https:\/\/errr-magazine.com\/#\/schema\/person\/22e3532fe3cb78884ec77db1eb4612be\"},\"headline\":\"Lo fr\u00edo de ti\",\"datePublished\":\"2019-12-01T21:41:25+00:00\",\"dateModified\":\"2022-08-31T06:28:06+00:00\",\"mainEntityOfPage\":{\"@id\":\"https:\/\/errr-magazine.com\/lo-frio-de-ti\/\"},\"wordCount\":351,\"keywords\":[\"#Frialdad\"],\"articleSection\":[\"Textos\"],\"inLanguage\":\"en-US\"},{\"@type\":\"WebPage\",\"@id\":\"https:\/\/errr-magazine.com\/lo-frio-de-ti\/\",\"url\":\"https:\/\/errr-magazine.com\/lo-frio-de-ti\/\",\"name\":\"Lo fr\u00edo de ti - ERRR MAGAZINE\",\"isPartOf\":{\"@id\":\"https:\/\/errr-magazine.com\/#website\"},\"datePublished\":\"2019-12-01T21:41:25+00:00\",\"dateModified\":\"2022-08-31T06:28:06+00:00\",\"author\":{\"@id\":\"https:\/\/errr-magazine.com\/#\/schema\/person\/22e3532fe3cb78884ec77db1eb4612be\"},\"description\":\"Lo fr\u00edo de ti ERRR MAGAZINE\",\"breadcrumb\":{\"@id\":\"https:\/\/errr-magazine.com\/lo-frio-de-ti\/#breadcrumb\"},\"inLanguage\":\"en-US\",\"potentialAction\":[{\"@type\":\"ReadAction\",\"target\":[\"https:\/\/errr-magazine.com\/lo-frio-de-ti\/\"]}]},{\"@type\":\"BreadcrumbList\",\"@id\":\"https:\/\/errr-magazine.com\/lo-frio-de-ti\/#breadcrumb\",\"itemListElement\":[{\"@type\":\"ListItem\",\"position\":1,\"name\":\"Portada\",\"item\":\"https:\/\/errr-magazine.com\/\"},{\"@type\":\"ListItem\",\"position\":2,\"name\":\"Lo fr\u00edo de ti\"}]},{\"@type\":\"WebSite\",\"@id\":\"https:\/\/errr-magazine.com\/#website\",\"url\":\"https:\/\/errr-magazine.com\/\",\"name\":\"ERRR MAGAZINE\",\"description\":\"\",\"potentialAction\":[{\"@type\":\"SearchAction\",\"target\":{\"@type\":\"EntryPoint\",\"urlTemplate\":\"https:\/\/errr-magazine.com\/?s={search_term_string}\"},\"query-input\":{\"@type\":\"PropertyValueSpecification\",\"valueRequired\":true,\"valueName\":\"search_term_string\"}}],\"inLanguage\":\"en-US\"},{\"@type\":\"Person\",\"@id\":\"https:\/\/errr-magazine.com\/#\/schema\/person\/22e3532fe3cb78884ec77db1eb4612be\",\"name\":\"AriRey\",\"image\":{\"@type\":\"ImageObject\",\"inLanguage\":\"en-US\",\"@id\":\"https:\/\/secure.gravatar.com\/avatar\/390f7a3584193baf7e103584f3e307e68cfe82c3fa652312d1d714389dfbb0f1?s=96&d=identicon&r=g\",\"url\":\"https:\/\/secure.gravatar.com\/avatar\/390f7a3584193baf7e103584f3e307e68cfe82c3fa652312d1d714389dfbb0f1?s=96&d=identicon&r=g\",\"contentUrl\":\"https:\/\/secure.gravatar.com\/avatar\/390f7a3584193baf7e103584f3e307e68cfe82c3fa652312d1d714389dfbb0f1?s=96&d=identicon&r=g\",\"caption\":\"AriRey\"},\"description\":\"Morelos, M\u00e9xico (1990) Fot\u00f3grafa autodidacta. Licenciada en Educaci\u00f3n B\u00e1sica, Maestr\u00eda en Pedagog\u00eda del Arte por el Centro Morelense de las Artes.Especialidad en fotograf\u00eda antropol\u00f3gica; actualmente estudia el Doctorado en Historia del Arte por El Colegio de Morelos. Diplomado en ense\u00f1anza de la Educaci\u00f3n Art\u00edstica por el CENART. Ponente y expositora. Ser humano y madre.\",\"sameAs\":[\"AriadnaReyesVelazquez\"],\"url\":\"https:\/\/errr-magazine.com\/english\/author\/arirey\/\"}]}<\/script>\n<!-- \/ Yoast SEO plugin. -->","yoast_head_json":{"title":"Lo fr\u00edo de ti - ERRR MAGAZINE","description":"Lo fr\u00edo de ti ERRR MAGAZINE","robots":{"index":"index","follow":"follow","max-snippet":"max-snippet:-1","max-image-preview":"max-image-preview:large","max-video-preview":"max-video-preview:-1"},"canonical":"https:\/\/errr-magazine.com\/english\/lo-frio-de-ti\/","og_locale":"en_US","og_type":"article","og_title":"Lo fr\u00edo del fr\u00edo","og_description":"Lo fr\u00edo de ti ERRR MAGAZINE","og_url":"https:\/\/errr-magazine.com\/english\/lo-frio-de-ti\/","og_site_name":"ERRR MAGAZINE","article_author":"AriadnaReyesVelazquez","article_published_time":"2019-12-01T21:41:25+00:00","article_modified_time":"2022-08-31T06:28:06+00:00","author":"AriRey","twitter_card":"summary_large_image","twitter_misc":{"Written by":"AriRey","Est. reading time":"2 minutes"},"schema":{"@context":"https:\/\/schema.org","@graph":[{"@type":"Article","@id":"https:\/\/errr-magazine.com\/lo-frio-de-ti\/#article","isPartOf":{"@id":"https:\/\/errr-magazine.com\/lo-frio-de-ti\/"},"author":{"name":"AriRey","@id":"https:\/\/errr-magazine.com\/#\/schema\/person\/22e3532fe3cb78884ec77db1eb4612be"},"headline":"Lo fr\u00edo de ti","datePublished":"2019-12-01T21:41:25+00:00","dateModified":"2022-08-31T06:28:06+00:00","mainEntityOfPage":{"@id":"https:\/\/errr-magazine.com\/lo-frio-de-ti\/"},"wordCount":351,"keywords":["#Frialdad"],"articleSection":["Textos"],"inLanguage":"en-US"},{"@type":"WebPage","@id":"https:\/\/errr-magazine.com\/lo-frio-de-ti\/","url":"https:\/\/errr-magazine.com\/lo-frio-de-ti\/","name":"Lo fr\u00edo de ti - ERRR MAGAZINE","isPartOf":{"@id":"https:\/\/errr-magazine.com\/#website"},"datePublished":"2019-12-01T21:41:25+00:00","dateModified":"2022-08-31T06:28:06+00:00","author":{"@id":"https:\/\/errr-magazine.com\/#\/schema\/person\/22e3532fe3cb78884ec77db1eb4612be"},"description":"Lo fr\u00edo de ti ERRR MAGAZINE","breadcrumb":{"@id":"https:\/\/errr-magazine.com\/lo-frio-de-ti\/#breadcrumb"},"inLanguage":"en-US","potentialAction":[{"@type":"ReadAction","target":["https:\/\/errr-magazine.com\/lo-frio-de-ti\/"]}]},{"@type":"BreadcrumbList","@id":"https:\/\/errr-magazine.com\/lo-frio-de-ti\/#breadcrumb","itemListElement":[{"@type":"ListItem","position":1,"name":"Portada","item":"https:\/\/errr-magazine.com\/"},{"@type":"ListItem","position":2,"name":"Lo fr\u00edo de ti"}]},{"@type":"WebSite","@id":"https:\/\/errr-magazine.com\/#website","url":"https:\/\/errr-magazine.com\/","name":"ERRR MAGAZINE","description":"","potentialAction":[{"@type":"SearchAction","target":{"@type":"EntryPoint","urlTemplate":"https:\/\/errr-magazine.com\/?s={search_term_string}"},"query-input":{"@type":"PropertyValueSpecification","valueRequired":true,"valueName":"search_term_string"}}],"inLanguage":"en-US"},{"@type":"Person","@id":"https:\/\/errr-magazine.com\/#\/schema\/person\/22e3532fe3cb78884ec77db1eb4612be","name":"AriRey","image":{"@type":"ImageObject","inLanguage":"en-US","@id":"https:\/\/secure.gravatar.com\/avatar\/390f7a3584193baf7e103584f3e307e68cfe82c3fa652312d1d714389dfbb0f1?s=96&d=identicon&r=g","url":"https:\/\/secure.gravatar.com\/avatar\/390f7a3584193baf7e103584f3e307e68cfe82c3fa652312d1d714389dfbb0f1?s=96&d=identicon&r=g","contentUrl":"https:\/\/secure.gravatar.com\/avatar\/390f7a3584193baf7e103584f3e307e68cfe82c3fa652312d1d714389dfbb0f1?s=96&d=identicon&r=g","caption":"AriRey"},"description":"Morelos, Mexico (1990) Self-taught photographer. Bachelor in Basic Education, Master in Art Pedagogy by the Centro Morelense de las Artes, specializing in anthropological photography; currently studying for a PhD in Art History at El Colegio de Morelos. Diploma in Art Education Teaching from CENART. Speaker and exhibitor. Human being and mother.","sameAs":["AriadnaReyesVelazquez"],"url":"https:\/\/errr-magazine.com\/english\/author\/arirey\/"}]}},"jetpack_featured_media_url":"","jetpack-related-posts":[{"id":142499,"url":"https:\/\/errr-magazine.com\/english\/las-parejas-con-frio-quieren-calentarse\/","url_meta":{"origin":152853,"position":0},"title":"Las parejas con fr\u00edo quieren calentarse","author":"Hoyos Alejandro","date":"09\/20\/2019","format":false,"excerpt":"Para Pez, por caminar junto a los truenos \u00a0 Una pareja morir\u00e1 en unos d\u00edas. Al este de Siberia, en la localidad de Oimiak\u00f3n, vive Mijail con su esposa Irina. La pareja es vecina de al menos unas trescientas o doscientas personas. Los r\u00edos son l\u00edquidos una vez al a\u00f1o.\u2026","rel":"","context":"In &quot;Textos&quot;","block_context":{"text":"Textos","link":"https:\/\/errr-magazine.com\/english\/category\/textos\/"},"img":{"alt_text":"","src":"https:\/\/i0.wp.com\/errr-magazine.com\/wp-content\/uploads\/2019\/04\/2-1.png?resize=350%2C200&ssl=1","width":350,"height":200,"srcset":"https:\/\/i0.wp.com\/errr-magazine.com\/wp-content\/uploads\/2019\/04\/2-1.png?resize=350%2C200&ssl=1 1x, https:\/\/i0.wp.com\/errr-magazine.com\/wp-content\/uploads\/2019\/04\/2-1.png?resize=525%2C300&ssl=1 1.5x, https:\/\/i0.wp.com\/errr-magazine.com\/wp-content\/uploads\/2019\/04\/2-1.png?resize=700%2C400&ssl=1 2x"},"classes":[]},{"id":139789,"url":"https:\/\/errr-magazine.com\/english\/son-las-doce-de-la-madrugada\/","url_meta":{"origin":152853,"position":1},"title":"Son las doce de la madrugada","author":"Luis Alberto Antonio Narcizo","date":"11\/28\/2018","format":false,"excerpt":"Son las doce de la madrugada y quiero saber de ti, quiero saber si llegaste bien a tu casa, si ya cenaste. \u00bfTienes fr\u00edo?, te puedo mandar muchos abrazos para calmar a tu cuerpo de fr\u00edo y que sienta ese calor que transmitimos. Son las doce de la madrugada y\u2026","rel":"","context":"In &quot;Textos&quot;","block_context":{"text":"Textos","link":"https:\/\/errr-magazine.com\/english\/category\/textos\/"},"img":{"alt_text":"","src":"","width":0,"height":0},"classes":[]},{"id":168101,"url":"https:\/\/errr-magazine.com\/english\/tiempo-despues-del-fin-del-mundo\/","url_meta":{"origin":152853,"position":2},"title":"Tiempo despu\u00e9s del fin del mundo","author":"Natalia Cantarell","date":"03\/17\/2021","format":false,"excerpt":"Frio, ten\u00eda mucho frio. M\u00e1s que frio, sent\u00eda humedad. Comenz\u00f3 a tantear con la palma alrededor suyo, al menos hasta donde sus brazos le permit\u00edan. \u00c1spero, suave, \u00e1spero de nuevo, bordes, subidas y bajadas. Tom\u00f3 una de esas cosas que hab\u00eda a su alrededor, la acerc\u00f3 a su rostro, el\u2026","rel":"","context":"In &quot;Textos&quot;","block_context":{"text":"Textos","link":"https:\/\/errr-magazine.com\/english\/category\/textos\/"},"img":{"alt_text":"","src":"","width":0,"height":0},"classes":[]},{"id":126953,"url":"https:\/\/errr-magazine.com\/english\/jai-envie-de-toi\/","url_meta":{"origin":152853,"position":3},"title":"J&#8217;ai envie de toi","author":"abriluz","date":"01\/16\/2018","format":false,"excerpt":"...y mi coraz\u00f3n espera que ma\u00f1ana ya no llueva y yo te vuelva a ver... 23 de mayo de 2017 Despert\u00e9 de ese sue\u00f1o profundo, de aqu\u00e9l que despiertas y no sabes d\u00f3nde te encuentras. Al abrir los ojos vi el techo, no era aquel techo al que estaba acostumbrada,\u2026","rel":"","context":"In &quot;Textos&quot;","block_context":{"text":"Textos","link":"https:\/\/errr-magazine.com\/english\/category\/textos\/"},"img":{"alt_text":"","src":"","width":0,"height":0},"classes":[]},{"id":159176,"url":"https:\/\/errr-magazine.com\/english\/insomnio-3\/","url_meta":{"origin":152853,"position":4},"title":"Insomnio","author":"Sara Jiru","date":"05\/05\/2020","format":false,"excerpt":"La primera semana me despertaba a las 3:18 de la ma\u00f1ana, tomada el vaso de agua del bur\u00f3, caminaba hacia la ventana que est\u00e1 al fondo la habitaci\u00f3n, viv\u00edamos en una avenida poco concurrida, los focos de los autos alumbraban con sutileza, me queda observando el poco movimiento de la\u2026","rel":"","context":"In &quot;Textos&quot;","block_context":{"text":"Textos","link":"https:\/\/errr-magazine.com\/english\/category\/textos\/"},"img":{"alt_text":"","src":"","width":0,"height":0},"classes":[]},{"id":128287,"url":"https:\/\/errr-magazine.com\/english\/es-mi-realidad-o-solo-una-fantasia\/","url_meta":{"origin":152853,"position":5},"title":"\u00bfEs mi realidad o s\u00f3lo una fantas\u00eda?","author":"vngelv","date":"01\/30\/2018","format":false,"excerpt":"Ya no siento NADA Ya no siento el fr\u00edo, ni el calor del agua cuando me ba\u00f1o, es como si todo lo que estuviera a mi alrededor se desvaneciera, no siento ninguna emoci\u00f3n, como si estuviera muerta o en un sue\u00f1o en el que no puedo despertar, la m\u00fasica se\u2026","rel":"","context":"In &quot;Textos&quot;","block_context":{"text":"Textos","link":"https:\/\/errr-magazine.com\/english\/category\/textos\/"},"img":{"alt_text":"","src":"","width":0,"height":0},"classes":[]}],"jetpack_sharing_enabled":false,"mfb_rest_fields":["title","yoast_head","yoast_head_json","jetpack_featured_media_url","jetpack-related-posts","jetpack_sharing_enabled"],"_links":{"self":[{"href":"https:\/\/errr-magazine.com\/english\/wp-json\/wp\/v2\/posts\/152853","targetHints":{"allow":["GET"]}}],"collection":[{"href":"https:\/\/errr-magazine.com\/english\/wp-json\/wp\/v2\/posts"}],"about":[{"href":"https:\/\/errr-magazine.com\/english\/wp-json\/wp\/v2\/types\/post"}],"author":[{"embeddable":true,"href":"https:\/\/errr-magazine.com\/english\/wp-json\/wp\/v2\/users\/6437"}],"replies":[{"embeddable":true,"href":"https:\/\/errr-magazine.com\/english\/wp-json\/wp\/v2\/comments?post=152853"}],"version-history":[{"count":5,"href":"https:\/\/errr-magazine.com\/english\/wp-json\/wp\/v2\/posts\/152853\/revisions"}],"predecessor-version":[{"id":152896,"href":"https:\/\/errr-magazine.com\/english\/wp-json\/wp\/v2\/posts\/152853\/revisions\/152896"}],"wp:attachment":[{"href":"https:\/\/errr-magazine.com\/english\/wp-json\/wp\/v2\/media?parent=152853"}],"wp:term":[{"taxonomy":"category","embeddable":true,"href":"https:\/\/errr-magazine.com\/english\/wp-json\/wp\/v2\/categories?post=152853"},{"taxonomy":"post_tag","embeddable":true,"href":"https:\/\/errr-magazine.com\/english\/wp-json\/wp\/v2\/tags?post=152853"}],"curies":[{"name":"wp","href":"https:\/\/api.w.org\/{rel}","templated":true}]}}