{"id":152248,"date":"2019-11-27T11:15:42","date_gmt":"2019-11-27T00:15:42","guid":{"rendered":"http:\/\/errr-magazine.com\/?p=152248"},"modified":"2022-08-31T01:28:09","modified_gmt":"2022-08-31T06:28:09","slug":"a-pesar-de-todos","status":"publish","type":"post","link":"https:\/\/errr-magazine.com\/english\/a-pesar-de-todos\/","title":{"rendered":"A pesar de todos"},"content":{"rendered":"<p>Apareci\u00f3 salvaje, desnudada, sin su habitual caparaz\u00f3n de excusas.<\/p>\n<p>Fue aquello toda una revoluci\u00f3n, un momento crucial.<\/p>\n<p>Le dol\u00edan las manos, le ard\u00eda la piel intensa.<\/p>\n<p>Sent\u00eda, sent\u00eda clavarse en cada c\u00e9lula de su escueto cuerpo las miradas de desconcierto, los comentarios de odio y negligencia. Esas miradas antes de indiferencia, de lo com\u00fan.<\/p>\n<p>La envidia callada, la rabia de haber puesto del rev\u00e9s todos sus mundos, las esperanzas que hab\u00edan puesto sobre \u00e9l. Sus mundos, sus mundos expectantes de felicidad alta sobre \u00e9l. Cuando en realidad, nunca hubo \u00e9l.<\/p>\n<p>En su lugar, ahora danzaban cenizas.<\/p>\n<p>Y ella, fant\u00e1stica.<\/p>\n<p>Photography by <a href=\"https:\/\/www.flickr.com\/photos\/bill_dane\/\">Bill Dane<\/a><\/p>","protected":false},"excerpt":{"rendered":"<p>Apareci\u00f3 salvaje, desnudada, sin su habitual caparaz\u00f3n de excusas. Fue aquello toda una revoluci\u00f3n, un momento crucial. Le dol\u00edan las manos, le ard\u00eda la piel intensa. Sent\u00eda, sent\u00eda clavarse en cada c\u00e9lula de su escueto cuerpo las miradas de desconcierto, los comentarios de odio y negligencia. Esas miradas antes de indiferencia, de lo com\u00fan. La [&hellip;]<\/p>\n","protected":false},"author":6130,"featured_media":0,"comment_status":"closed","ping_status":"closed","sticky":false,"template":"","format":"standard","meta":{"_acf_changed":false,"cybocfi_hide_featured_image":"","_jetpack_memberships_contains_paid_content":false,"footnotes":""},"categories":[7997],"tags":[],"class_list":["post-152248","post","type-post","status-publish","format-standard","hentry","category-textos"],"acf":[],"mb":[],"yoast_head":"<!-- This site is optimized with the Yoast SEO plugin v27.2 - https:\/\/yoast.com\/product\/yoast-seo-wordpress\/ -->\n<title>A pesar de todos - ERRR MAGAZINE<\/title>\n<meta name=\"description\" content=\"un poema revelador de los sentimientos hundidos en la memoria del tiempo presente\" \/>\n<meta name=\"robots\" content=\"index, follow, max-snippet:-1, max-image-preview:large, max-video-preview:-1\" \/>\n<link rel=\"canonical\" href=\"https:\/\/errr-magazine.com\/english\/a-pesar-de-todos\/\" \/>\n<meta property=\"og:locale\" content=\"en_US\" \/>\n<meta property=\"og:type\" content=\"article\" \/>\n<meta property=\"og:title\" content=\"A pesar de todos - ERRR MAGAZINE\" \/>\n<meta property=\"og:description\" content=\"un poema revelador de los sentimientos hundidos en la memoria del tiempo presente\" \/>\n<meta property=\"og:url\" content=\"https:\/\/errr-magazine.com\/english\/a-pesar-de-todos\/\" \/>\n<meta property=\"og:site_name\" content=\"ERRR MAGAZINE\" \/>\n<meta property=\"article:published_time\" content=\"2019-11-27T00:15:42+00:00\" \/>\n<meta property=\"article:modified_time\" content=\"2022-08-31T06:28:09+00:00\" \/>\n<meta name=\"author\" content=\"da ni\" \/>\n<meta name=\"twitter:card\" content=\"summary_large_image\" \/>\n<meta name=\"twitter:label1\" content=\"Written by\" \/>\n\t<meta name=\"twitter:data1\" content=\"da ni\" \/>\n\t<meta name=\"twitter:label2\" content=\"Est. reading time\" \/>\n\t<meta name=\"twitter:data2\" content=\"1 minute\" \/>\n<script type=\"application\/ld+json\" class=\"yoast-schema-graph\">{\"@context\":\"https:\/\/schema.org\",\"@graph\":[{\"@type\":\"Article\",\"@id\":\"https:\/\/errr-magazine.com\/a-pesar-de-todos\/#article\",\"isPartOf\":{\"@id\":\"https:\/\/errr-magazine.com\/a-pesar-de-todos\/\"},\"author\":{\"name\":\"da ni\",\"@id\":\"https:\/\/errr-magazine.com\/#\/schema\/person\/aeb6537a1f18a07832d8a3cbeaefe5ed\"},\"headline\":\"A pesar de todos\",\"datePublished\":\"2019-11-27T00:15:42+00:00\",\"dateModified\":\"2022-08-31T06:28:09+00:00\",\"mainEntityOfPage\":{\"@id\":\"https:\/\/errr-magazine.com\/a-pesar-de-todos\/\"},\"wordCount\":119,\"articleSection\":[\"Textos\"],\"inLanguage\":\"en-US\"},{\"@type\":\"WebPage\",\"@id\":\"https:\/\/errr-magazine.com\/a-pesar-de-todos\/\",\"url\":\"https:\/\/errr-magazine.com\/a-pesar-de-todos\/\",\"name\":\"A pesar de todos - ERRR MAGAZINE\",\"isPartOf\":{\"@id\":\"https:\/\/errr-magazine.com\/#website\"},\"datePublished\":\"2019-11-27T00:15:42+00:00\",\"dateModified\":\"2022-08-31T06:28:09+00:00\",\"author\":{\"@id\":\"https:\/\/errr-magazine.com\/#\/schema\/person\/aeb6537a1f18a07832d8a3cbeaefe5ed\"},\"description\":\"un poema revelador de los sentimientos hundidos en la memoria del tiempo presente\",\"breadcrumb\":{\"@id\":\"https:\/\/errr-magazine.com\/a-pesar-de-todos\/#breadcrumb\"},\"inLanguage\":\"en-US\",\"potentialAction\":[{\"@type\":\"ReadAction\",\"target\":[\"https:\/\/errr-magazine.com\/a-pesar-de-todos\/\"]}]},{\"@type\":\"BreadcrumbList\",\"@id\":\"https:\/\/errr-magazine.com\/a-pesar-de-todos\/#breadcrumb\",\"itemListElement\":[{\"@type\":\"ListItem\",\"position\":1,\"name\":\"Portada\",\"item\":\"https:\/\/errr-magazine.com\/\"},{\"@type\":\"ListItem\",\"position\":2,\"name\":\"A pesar de todos\"}]},{\"@type\":\"WebSite\",\"@id\":\"https:\/\/errr-magazine.com\/#website\",\"url\":\"https:\/\/errr-magazine.com\/\",\"name\":\"ERRR MAGAZINE\",\"description\":\"\",\"potentialAction\":[{\"@type\":\"SearchAction\",\"target\":{\"@type\":\"EntryPoint\",\"urlTemplate\":\"https:\/\/errr-magazine.com\/?s={search_term_string}\"},\"query-input\":{\"@type\":\"PropertyValueSpecification\",\"valueRequired\":true,\"valueName\":\"search_term_string\"}}],\"inLanguage\":\"en-US\"},{\"@type\":\"Person\",\"@id\":\"https:\/\/errr-magazine.com\/#\/schema\/person\/aeb6537a1f18a07832d8a3cbeaefe5ed\",\"name\":\"da ni\",\"image\":{\"@type\":\"ImageObject\",\"inLanguage\":\"en-US\",\"@id\":\"https:\/\/secure.gravatar.com\/avatar\/a35616c88a2e5b10485a565ece9c5213cecac25beac6602aa6ea3b42b6e8bf3f?s=96&d=identicon&r=g\",\"url\":\"https:\/\/secure.gravatar.com\/avatar\/a35616c88a2e5b10485a565ece9c5213cecac25beac6602aa6ea3b42b6e8bf3f?s=96&d=identicon&r=g\",\"contentUrl\":\"https:\/\/secure.gravatar.com\/avatar\/a35616c88a2e5b10485a565ece9c5213cecac25beac6602aa6ea3b42b6e8bf3f?s=96&d=identicon&r=g\",\"caption\":\"da ni\"},\"description\":\"Ausente\",\"sameAs\":[\"http:\/\/deseodeluz.es\"],\"url\":\"https:\/\/errr-magazine.com\/english\/author\/dcomeche\/\"}]}<\/script>\n<!-- \/ Yoast SEO plugin. -->","yoast_head_json":{"title":"A pesar de todos - ERRR MAGAZINE","description":"un poema revelador de los sentimientos hundidos en la memoria del tiempo presente","robots":{"index":"index","follow":"follow","max-snippet":"max-snippet:-1","max-image-preview":"max-image-preview:large","max-video-preview":"max-video-preview:-1"},"canonical":"https:\/\/errr-magazine.com\/english\/a-pesar-de-todos\/","og_locale":"en_US","og_type":"article","og_title":"A pesar de todos - ERRR MAGAZINE","og_description":"un poema revelador de los sentimientos hundidos en la memoria del tiempo presente","og_url":"https:\/\/errr-magazine.com\/english\/a-pesar-de-todos\/","og_site_name":"ERRR MAGAZINE","article_published_time":"2019-11-27T00:15:42+00:00","article_modified_time":"2022-08-31T06:28:09+00:00","author":"da ni","twitter_card":"summary_large_image","twitter_misc":{"Written by":"da ni","Est. reading time":"1 minute"},"schema":{"@context":"https:\/\/schema.org","@graph":[{"@type":"Article","@id":"https:\/\/errr-magazine.com\/a-pesar-de-todos\/#article","isPartOf":{"@id":"https:\/\/errr-magazine.com\/a-pesar-de-todos\/"},"author":{"name":"da ni","@id":"https:\/\/errr-magazine.com\/#\/schema\/person\/aeb6537a1f18a07832d8a3cbeaefe5ed"},"headline":"A pesar de todos","datePublished":"2019-11-27T00:15:42+00:00","dateModified":"2022-08-31T06:28:09+00:00","mainEntityOfPage":{"@id":"https:\/\/errr-magazine.com\/a-pesar-de-todos\/"},"wordCount":119,"articleSection":["Textos"],"inLanguage":"en-US"},{"@type":"WebPage","@id":"https:\/\/errr-magazine.com\/a-pesar-de-todos\/","url":"https:\/\/errr-magazine.com\/a-pesar-de-todos\/","name":"A pesar de todos - ERRR MAGAZINE","isPartOf":{"@id":"https:\/\/errr-magazine.com\/#website"},"datePublished":"2019-11-27T00:15:42+00:00","dateModified":"2022-08-31T06:28:09+00:00","author":{"@id":"https:\/\/errr-magazine.com\/#\/schema\/person\/aeb6537a1f18a07832d8a3cbeaefe5ed"},"description":"un poema revelador de los sentimientos hundidos en la memoria del tiempo presente","breadcrumb":{"@id":"https:\/\/errr-magazine.com\/a-pesar-de-todos\/#breadcrumb"},"inLanguage":"en-US","potentialAction":[{"@type":"ReadAction","target":["https:\/\/errr-magazine.com\/a-pesar-de-todos\/"]}]},{"@type":"BreadcrumbList","@id":"https:\/\/errr-magazine.com\/a-pesar-de-todos\/#breadcrumb","itemListElement":[{"@type":"ListItem","position":1,"name":"Portada","item":"https:\/\/errr-magazine.com\/"},{"@type":"ListItem","position":2,"name":"A pesar de todos"}]},{"@type":"WebSite","@id":"https:\/\/errr-magazine.com\/#website","url":"https:\/\/errr-magazine.com\/","name":"ERRR MAGAZINE","description":"","potentialAction":[{"@type":"SearchAction","target":{"@type":"EntryPoint","urlTemplate":"https:\/\/errr-magazine.com\/?s={search_term_string}"},"query-input":{"@type":"PropertyValueSpecification","valueRequired":true,"valueName":"search_term_string"}}],"inLanguage":"en-US"},{"@type":"Person","@id":"https:\/\/errr-magazine.com\/#\/schema\/person\/aeb6537a1f18a07832d8a3cbeaefe5ed","name":"da ni","image":{"@type":"ImageObject","inLanguage":"en-US","@id":"https:\/\/secure.gravatar.com\/avatar\/a35616c88a2e5b10485a565ece9c5213cecac25beac6602aa6ea3b42b6e8bf3f?s=96&d=identicon&r=g","url":"https:\/\/secure.gravatar.com\/avatar\/a35616c88a2e5b10485a565ece9c5213cecac25beac6602aa6ea3b42b6e8bf3f?s=96&d=identicon&r=g","contentUrl":"https:\/\/secure.gravatar.com\/avatar\/a35616c88a2e5b10485a565ece9c5213cecac25beac6602aa6ea3b42b6e8bf3f?s=96&d=identicon&r=g","caption":"da ni"},"description":"Absent","sameAs":["http:\/\/deseodeluz.es"],"url":"https:\/\/errr-magazine.com\/english\/author\/dcomeche\/"}]}},"jetpack_featured_media_url":"","jetpack-related-posts":[{"id":204380,"url":"https:\/\/errr-magazine.com\/english\/kati-horna-y-sus-amigos\/","url_meta":{"origin":152248,"position":0},"title":"Kati Horna and her friends","author":"Kati Horna","date":"04\/17\/2026","format":false,"excerpt":"Some artists seem to have been seen before they were experienced. In the case of Kati Horna, her granddaughter Kati Polgovsky Horna remembers her through the everyday: her home, her presence, her way of being. The exhibition \u201cKati Horna and Her Friends\u201d at the Georgina Pounds Gallery offers a shifted interpretation of life in images.","rel":"","context":"In &quot;Artes visuales&quot;","block_context":{"text":"Artes visuales","link":"https:\/\/errr-magazine.com\/english\/category\/interviews\/artes-visuales\/"},"img":{"alt_text":"","src":"https:\/\/i0.wp.com\/errr-magazine.com\/wp-content\/uploads\/2026\/04\/6-scaled.jpeg?resize=350%2C200&ssl=1","width":350,"height":200,"srcset":"https:\/\/i0.wp.com\/errr-magazine.com\/wp-content\/uploads\/2026\/04\/6-scaled.jpeg?resize=350%2C200&ssl=1 1x, https:\/\/i0.wp.com\/errr-magazine.com\/wp-content\/uploads\/2026\/04\/6-scaled.jpeg?resize=525%2C300&ssl=1 1.5x, https:\/\/i0.wp.com\/errr-magazine.com\/wp-content\/uploads\/2026\/04\/6-scaled.jpeg?resize=700%2C400&ssl=1 2x, https:\/\/i0.wp.com\/errr-magazine.com\/wp-content\/uploads\/2026\/04\/6-scaled.jpeg?resize=1050%2C600&ssl=1 3x, https:\/\/i0.wp.com\/errr-magazine.com\/wp-content\/uploads\/2026\/04\/6-scaled.jpeg?resize=1400%2C800&ssl=1 4x"},"classes":[]},{"id":201455,"url":"https:\/\/errr-magazine.com\/english\/la-aritmetica-del-cielo\/","url_meta":{"origin":152248,"position":1},"title":"The Arithmetic of the Sky\u00a0","author":"Emiliano Fajardo","date":"03\/05\/2026","format":false,"excerpt":"The first time the robin appeared, I still didn\u2019t know how to hold the word death in my mouth. It fell apart, like a bite I couldn\u2019t quite swallow.","rel":"","context":"In &quot;Narrativa&quot;","block_context":{"text":"Narrativa","link":"https:\/\/errr-magazine.com\/english\/category\/writing\/narrativa\/"},"img":{"alt_text":"","src":"https:\/\/i0.wp.com\/errr-magazine.com\/wp-content\/uploads\/2026\/03\/Foto-21-1-scaled.jpg?resize=350%2C200&ssl=1","width":350,"height":200,"srcset":"https:\/\/i0.wp.com\/errr-magazine.com\/wp-content\/uploads\/2026\/03\/Foto-21-1-scaled.jpg?resize=350%2C200&ssl=1 1x, https:\/\/i0.wp.com\/errr-magazine.com\/wp-content\/uploads\/2026\/03\/Foto-21-1-scaled.jpg?resize=525%2C300&ssl=1 1.5x, https:\/\/i0.wp.com\/errr-magazine.com\/wp-content\/uploads\/2026\/03\/Foto-21-1-scaled.jpg?resize=700%2C400&ssl=1 2x, https:\/\/i0.wp.com\/errr-magazine.com\/wp-content\/uploads\/2026\/03\/Foto-21-1-scaled.jpg?resize=1050%2C600&ssl=1 3x, https:\/\/i0.wp.com\/errr-magazine.com\/wp-content\/uploads\/2026\/03\/Foto-21-1-scaled.jpg?resize=1400%2C800&ssl=1 4x"},"classes":[]},{"id":164029,"url":"https:\/\/errr-magazine.com\/english\/fast-food-a-las-tres-de-la-manana\/","url_meta":{"origin":152248,"position":2},"title":"Fast food a las tres de la ma\u00f1ana","author":"Luis Carrillo","date":"12\/28\/2020","format":false,"excerpt":"Viernes por la noche. Sal\u00eda del trabajo. No sab\u00eda qu\u00e9 cenar, ten\u00eda en mente unas papas fritas, una soda y un poco de hierba. Hab\u00eda algunos discos que a\u00fan no terminaba de escuchar. Durante la ma\u00f1ana ten\u00eda en la cabeza una tonada de una canci\u00f3n de Arcade Fire, aunque me\u2026","rel":"","context":"In &quot;Textos&quot;","block_context":{"text":"Textos","link":"https:\/\/errr-magazine.com\/english\/category\/textos\/"},"img":{"alt_text":"","src":"https:\/\/i0.wp.com\/errr-magazine.com\/wp-content\/uploads\/2020\/12\/39870937170_fe2f53771a_o.jpg?resize=350%2C200&ssl=1","width":350,"height":200,"srcset":"https:\/\/i0.wp.com\/errr-magazine.com\/wp-content\/uploads\/2020\/12\/39870937170_fe2f53771a_o.jpg?resize=350%2C200&ssl=1 1x, https:\/\/i0.wp.com\/errr-magazine.com\/wp-content\/uploads\/2020\/12\/39870937170_fe2f53771a_o.jpg?resize=525%2C300&ssl=1 1.5x, https:\/\/i0.wp.com\/errr-magazine.com\/wp-content\/uploads\/2020\/12\/39870937170_fe2f53771a_o.jpg?resize=700%2C400&ssl=1 2x, https:\/\/i0.wp.com\/errr-magazine.com\/wp-content\/uploads\/2020\/12\/39870937170_fe2f53771a_o.jpg?resize=1050%2C600&ssl=1 3x, https:\/\/i0.wp.com\/errr-magazine.com\/wp-content\/uploads\/2020\/12\/39870937170_fe2f53771a_o.jpg?resize=1400%2C800&ssl=1 4x"},"classes":[]},{"id":202187,"url":"https:\/\/errr-magazine.com\/english\/mayo\/","url_meta":{"origin":152248,"position":3},"title":"May","author":"Luis Daniel Jaimes Mart\u00ednez","date":"03\/14\/2026","format":false,"excerpt":"I didn\u2019t see the coordinates; I had no intention of stopping to watch the sunset.","rel":"","context":"In &quot;Narrativa&quot;","block_context":{"text":"Narrativa","link":"https:\/\/errr-magazine.com\/english\/category\/writing\/narrativa\/"},"img":{"alt_text":"","src":"https:\/\/i0.wp.com\/errr-magazine.com\/wp-content\/uploads\/2026\/03\/Copia-de-ERRR_CR-18.jpg?resize=350%2C200&ssl=1","width":350,"height":200,"srcset":"https:\/\/i0.wp.com\/errr-magazine.com\/wp-content\/uploads\/2026\/03\/Copia-de-ERRR_CR-18.jpg?resize=350%2C200&ssl=1 1x, https:\/\/i0.wp.com\/errr-magazine.com\/wp-content\/uploads\/2026\/03\/Copia-de-ERRR_CR-18.jpg?resize=525%2C300&ssl=1 1.5x, https:\/\/i0.wp.com\/errr-magazine.com\/wp-content\/uploads\/2026\/03\/Copia-de-ERRR_CR-18.jpg?resize=700%2C400&ssl=1 2x, https:\/\/i0.wp.com\/errr-magazine.com\/wp-content\/uploads\/2026\/03\/Copia-de-ERRR_CR-18.jpg?resize=1050%2C600&ssl=1 3x"},"classes":[]},{"id":202966,"url":"https:\/\/errr-magazine.com\/english\/imbunche\/","url_meta":{"origin":152248,"position":4},"title":"Imbunche","author":"Guadalupe Del Sol Romero Palacios","date":"03\/24\/2026","format":false,"excerpt":"Around that time, it became a creature that inhabited my home, whose cloth-covered gaze I couldn\u2019t escape in any corner of my room. Something familiarly melancholic made me want to photograph it in its everyday coexistence.","rel":"","context":"In &quot;Artes visuales&quot;","block_context":{"text":"Artes visuales","link":"https:\/\/errr-magazine.com\/english\/category\/interviews\/artes-visuales\/"},"img":{"alt_text":"","src":"https:\/\/i0.wp.com\/errr-magazine.com\/wp-content\/uploads\/2026\/03\/AA012_edited.jpeg?resize=350%2C200&ssl=1","width":350,"height":200,"srcset":"https:\/\/i0.wp.com\/errr-magazine.com\/wp-content\/uploads\/2026\/03\/AA012_edited.jpeg?resize=350%2C200&ssl=1 1x, https:\/\/i0.wp.com\/errr-magazine.com\/wp-content\/uploads\/2026\/03\/AA012_edited.jpeg?resize=525%2C300&ssl=1 1.5x, https:\/\/i0.wp.com\/errr-magazine.com\/wp-content\/uploads\/2026\/03\/AA012_edited.jpeg?resize=700%2C400&ssl=1 2x, https:\/\/i0.wp.com\/errr-magazine.com\/wp-content\/uploads\/2026\/03\/AA012_edited.jpeg?resize=1050%2C600&ssl=1 3x, https:\/\/i0.wp.com\/errr-magazine.com\/wp-content\/uploads\/2026\/03\/AA012_edited.jpeg?resize=1400%2C800&ssl=1 4x"},"classes":[]},{"id":158329,"url":"https:\/\/errr-magazine.com\/english\/libertad\/","url_meta":{"origin":152248,"position":5},"title":"Libertad","author":"Francisco A. Toledo","date":"04\/24\/2020","format":false,"excerpt":"1. \u00bfCu\u00e1l es tu palabra favorita?: Libertad. Esta palabra ha transitado tantas veces mi cabeza que me ha hecho alucinar, me ha hecho perder discusiones conmigo mismo y me ha vuelto vulnerable en muchas ocasiones. Es una palabra enga\u00f1osa, pareciera que todos conocemos su significado, pero las posibilidades se vuelven\u2026","rel":"","context":"In &quot;Textos&quot;","block_context":{"text":"Textos","link":"https:\/\/errr-magazine.com\/english\/category\/textos\/"},"img":{"alt_text":"","src":"https:\/\/i0.wp.com\/errr-magazine.com\/wp-content\/uploads\/2020\/04\/Captura-de-pantalla-2020-11-12-a-las-15.13.14.png?resize=350%2C200&ssl=1","width":350,"height":200,"srcset":"https:\/\/i0.wp.com\/errr-magazine.com\/wp-content\/uploads\/2020\/04\/Captura-de-pantalla-2020-11-12-a-las-15.13.14.png?resize=350%2C200&ssl=1 1x, https:\/\/i0.wp.com\/errr-magazine.com\/wp-content\/uploads\/2020\/04\/Captura-de-pantalla-2020-11-12-a-las-15.13.14.png?resize=525%2C300&ssl=1 1.5x, https:\/\/i0.wp.com\/errr-magazine.com\/wp-content\/uploads\/2020\/04\/Captura-de-pantalla-2020-11-12-a-las-15.13.14.png?resize=700%2C400&ssl=1 2x"},"classes":[]}],"jetpack_sharing_enabled":true,"mfb_rest_fields":["title","yoast_head","yoast_head_json","jetpack_featured_media_url","jetpack-related-posts","jetpack_sharing_enabled"],"_links":{"self":[{"href":"https:\/\/errr-magazine.com\/english\/wp-json\/wp\/v2\/posts\/152248","targetHints":{"allow":["GET"]}}],"collection":[{"href":"https:\/\/errr-magazine.com\/english\/wp-json\/wp\/v2\/posts"}],"about":[{"href":"https:\/\/errr-magazine.com\/english\/wp-json\/wp\/v2\/types\/post"}],"author":[{"embeddable":true,"href":"https:\/\/errr-magazine.com\/english\/wp-json\/wp\/v2\/users\/6130"}],"replies":[{"embeddable":true,"href":"https:\/\/errr-magazine.com\/english\/wp-json\/wp\/v2\/comments?post=152248"}],"version-history":[{"count":3,"href":"https:\/\/errr-magazine.com\/english\/wp-json\/wp\/v2\/posts\/152248\/revisions"}],"predecessor-version":[{"id":152273,"href":"https:\/\/errr-magazine.com\/english\/wp-json\/wp\/v2\/posts\/152248\/revisions\/152273"}],"wp:attachment":[{"href":"https:\/\/errr-magazine.com\/english\/wp-json\/wp\/v2\/media?parent=152248"}],"wp:term":[{"taxonomy":"category","embeddable":true,"href":"https:\/\/errr-magazine.com\/english\/wp-json\/wp\/v2\/categories?post=152248"},{"taxonomy":"post_tag","embeddable":true,"href":"https:\/\/errr-magazine.com\/english\/wp-json\/wp\/v2\/tags?post=152248"}],"curies":[{"name":"wp","href":"https:\/\/api.w.org\/{rel}","templated":true}]}}