{"id":152011,"date":"2020-02-06T10:21:31","date_gmt":"2020-02-05T23:21:31","guid":{"rendered":"http:\/\/errr-magazine.com\/?p=152011"},"modified":"2022-08-31T01:27:35","modified_gmt":"2022-08-31T06:27:35","slug":"me-falto-darte-mas-de-mi","status":"publish","type":"post","link":"https:\/\/errr-magazine.com\/english\/me-falto-darte-mas-de-mi\/","title":{"rendered":"Me falt\u00f3 darte m\u00e1s de m\u00ed"},"content":{"rendered":"<p><span style=\"font-weight: 400;\">Hoy 18 de marzo de 2019 a una semana de no hablar contigo y no saber nada de tu vida, me pongo a reflexionar sobre lo que pas\u00f3, en los hubiera y tantas posibilidades, pero esta realidad nos toc\u00f3 vivir, no puedo dormir y como de costumbre checo redes sociales si subiste una nueva foto, un estado o una historia y como los d\u00edas pasados no has subido nada, no s\u00e9 si porque la escuela te consume mucho tiempo o no tienes nada que subir, o me bloqueaste para que no mirar\u00e1 tus estados. Tambi\u00e9n reviso la conversaci\u00f3n que tengo contigo por Whatsapp y ver si est\u00e1s en l\u00ednea, entro a ver la de \u00e9l, si tambi\u00e9n los dos est\u00e1n conectados y ver si coinciden las conexiones, mire de nuevo tu estado en WhatsApp y sigues sin cambiarlo, veo de nuevo la multimedia que nos hemos enviado y veo tus fotos y las m\u00edas, fotos nuestras y de cosas que quer\u00edamos hacer, me puse a leer toda nuestra conversaci\u00f3n en WhatsApp, y me doy cuenta de muchas cosas&#8230;<\/span><\/p>\n<p><span style=\"font-weight: 400;\">Recuerdo esa veces que me dec\u00edas que te sent\u00edas sola, y que necesitabas de m\u00ed, yo pens\u00e9 que exagerabas y sent\u00eda que si te ten\u00eda conmigo y te prestaba atenci\u00f3n, pero no lo demostraba, siempre estabas en mi mente, pero a veces esos detalles de un mensaje lindo e inesperado que antes te mandaba hacen la diferencia, ver qu\u00e9 le mandabas cosas muy bonitas y yo de plano no te las contestaba o te cambiaba radicalmente el tema de conversaci\u00f3n, que tonto fui, tantas veces que ped\u00edas de mi atenci\u00f3n y pens\u00e9 que te la daba cuando en realidad no, las constantes veces que me dec\u00edas: &#8220;Papi te extra\u00f1o, mijo te quiero ver, mijo te necesito, cari\u00f1o quiero que est\u00e9s aqu\u00ed&#8221; y yo no te respond\u00eda nada, solo te dec\u00eda unas pocas cosas y estuvo muy mal, te descuid\u00e9, por eso nuestro amor se iba apagando, esos peque\u00f1os detalles que a ti eran tan importantes y que manten\u00edan vivo nuestro amor los deje de hacer y se fue extinguiendo, yo lo miraba pero nunca pens\u00e9 en un m\u00e1s all\u00e1, te sent\u00eda tan segura conmigo, pens\u00e9 que nunca te ir\u00edas de m\u00ed o que encontraras a alguien m\u00e1s porque estabas conmigo, fui un tonto.<\/span><\/p>\n<p>C\u00f3mo te lo dije en persona, uno no sabe lo que tiene hasta que lo ve perdido, si te perd\u00ed, aunque todos me digan que no fue mi culpa en realidad si la tengo, no te enamoraba cada d\u00eda con un lindo mensaje ni era rom\u00e1ntico ni detallista, deje que el tiempo volar\u00e1 y solo me importaba estar bien contigo cuando te miraba o salimos a comer, a pasear, al cine y m\u00e1s lugares bonitos, pens\u00e9 que con eso bastaba pero no, hace falta demostrar que pienso en ti cada d\u00eda, hacerte sentir amada y mujer, sentirte que tienes quien te apoye, \u00e9l hizo lo que yo dej\u00e9 de hacer, te prestaba atenci\u00f3n, te mandaba mensajes bonitos, te mandaba flores, te escrib\u00eda cartas, todo eso que yo dej\u00e9 de hacer, te conquist\u00f3. Me preguntaba c\u00f3mo era posible que te hubieras entregado a \u00e9l aunque me dec\u00edas que sent\u00edas culpa al momento, pienso que lo que sent\u00edas era remordimiento porque a\u00fan sal\u00eda contigo, pero si te entraste fue porque \u00e9l te hizo sentir tan bien contigo que ese cari\u00f1o que me ten\u00edas reservado a m\u00ed se lo quer\u00edas entregar de cierta manera a el, te sent\u00edas segura y protegida, lo hiciste por ese amor que ten\u00edas con \u00e9l, y cuando sal\u00edamos nosotros y te besaba ya no era igual ya que ya no era esa persona tierna y detallista que fui en su momento, te falle y perd\u00f3n.<\/p>\n<p><span style=\"font-weight: 400;\">Me he dado cuenta que soy una persona muy ego\u00edsta y solo pienso en m\u00ed, no solo lo digo por lo que tuvimos, si no tambi\u00e9n en la forma que le relaciono con los dem\u00e1s, les presto poca importancia o tambi\u00e9n los dejo a un lado, por ejemplo hoy con mi pap\u00e1, solo lo v\u00ed en la ma\u00f1ana un poco, casi no hable con \u00e9l y todo el d\u00eda estuve fue, cuando llegue el ya estaba en el cuarto, y hab\u00eda cosas que quiera contarle y preguntar, lo miro y veo que los a\u00f1os pasan en el, recuerdo que te cont\u00e9 que si mi pap\u00e1 llegara a faltar me ten\u00eda que hacer cargo de todo yo, miro lo que puedo pasar y no aprovecho el ahora con el, y me da mucha tristeza eso. Esto tambi\u00e9n lo relaciono contigo, anhelaba tanto el estar contigo, una vida a tu lado, esmerarme en la escuela para que me fuera bien y no aprovechaba el presente contigo, planeaba tanto que deje descuidada la parte m\u00e1s importante que era tener una buena relaci\u00f3n contigo. Tristemente llegu\u00e9 a la conclusi\u00f3n de que las cosas solas se van dando, a lo que me refiero es que yo te dejaba a un lado para pensar en m\u00ed, en mis estudios y eso y lo que importa al final no es el promedio que tengas, si no tus aptitudes en el trabajo, que es lo que buscan y lo que siempre he tenido, buscaba darte bienestar econ\u00f3mico pero como me dijiste te deje de lado y me arrepiento tanto, cada vez que pienso en ti y te quiero ver, abro mi carpeta con nuestras iniciales y miro tu cara, tu cuerpo, tu sonrisa, lo hermosa que eras y cuando sal\u00edas conmigo en fotos, lo bien que nos mir\u00e1bamos, diablos no s\u00e9 porque no te presum\u00ed m\u00e1s cuando pude, ense\u00f1arle a todos lo hermosa que eres y lo afortunado que era al ser mi novia, deb\u00ed de dejar a un lado mi orgullo y poner m\u00e1s de nuestra relaci\u00f3n, pensar en cosas absurdas y que todos mirar\u00e1n lo enamorado que estoy de ti.<\/span><\/p>\n<p>Photography by <a href=\"https:\/\/www.flickr.com\/photos\/p_wayser\/\">Pierre Wayser<\/a><\/p>","protected":false},"excerpt":{"rendered":"<p>Hoy 18 de marzo de 2019 a una semana de no hablar contigo y no saber nada de tu vida, me pongo a reflexionar sobre lo que pas\u00f3, en los hubiera y tantas posibilidades, pero esta realidad nos toc\u00f3 vivir, no puedo dormir y como de costumbre checo redes sociales si subiste una nueva foto, [&hellip;]<\/p>\n","protected":false},"author":6397,"featured_media":0,"comment_status":"closed","ping_status":"closed","sticky":false,"template":"","format":"standard","meta":{"_acf_changed":false,"cybocfi_hide_featured_image":"","_jetpack_memberships_contains_paid_content":false,"footnotes":""},"categories":[7997],"tags":[],"class_list":["post-152011","post","type-post","status-publish","format-standard","hentry","category-textos"],"acf":[],"mb":[],"yoast_head":"<!-- This site is optimized with the Yoast SEO plugin v27.2 - https:\/\/yoast.com\/product\/yoast-seo-wordpress\/ -->\n<title>Me falt\u00f3 darte m\u00e1s de m\u00ed - ERRR MAGAZINE<\/title>\n<meta name=\"robots\" content=\"index, follow, max-snippet:-1, max-image-preview:large, max-video-preview:-1\" \/>\n<link rel=\"canonical\" href=\"https:\/\/errr-magazine.com\/english\/me-falto-darte-mas-de-mi\/\" \/>\n<meta property=\"og:locale\" content=\"en_US\" \/>\n<meta property=\"og:type\" content=\"article\" \/>\n<meta property=\"og:title\" content=\"Me falt\u00f3 darte m\u00e1s de m\u00ed - ERRR MAGAZINE\" \/>\n<meta property=\"og:description\" content=\"Hoy 18 de marzo de 2019 a una semana de no hablar contigo y no saber nada de tu vida, me pongo a reflexionar sobre lo que pas\u00f3, en los hubiera y tantas posibilidades, pero esta realidad nos toc\u00f3 vivir, no puedo dormir y como de costumbre checo redes sociales si subiste una nueva foto, [&hellip;]\" \/>\n<meta property=\"og:url\" content=\"https:\/\/errr-magazine.com\/english\/me-falto-darte-mas-de-mi\/\" \/>\n<meta property=\"og:site_name\" content=\"ERRR MAGAZINE\" \/>\n<meta property=\"article:published_time\" content=\"2020-02-05T23:21:31+00:00\" \/>\n<meta property=\"article:modified_time\" content=\"2022-08-31T06:27:35+00:00\" \/>\n<meta name=\"author\" content=\"Emmanuel Le\u00f3n\" \/>\n<meta name=\"twitter:card\" content=\"summary_large_image\" \/>\n<meta name=\"twitter:label1\" content=\"Written by\" \/>\n\t<meta name=\"twitter:data1\" content=\"Emmanuel Le\u00f3n\" \/>\n\t<meta name=\"twitter:label2\" content=\"Est. reading time\" \/>\n\t<meta name=\"twitter:data2\" content=\"5 minutes\" \/>\n<script type=\"application\/ld+json\" class=\"yoast-schema-graph\">{\"@context\":\"https:\/\/schema.org\",\"@graph\":[{\"@type\":\"Article\",\"@id\":\"https:\/\/errr-magazine.com\/me-falto-darte-mas-de-mi\/#article\",\"isPartOf\":{\"@id\":\"https:\/\/errr-magazine.com\/me-falto-darte-mas-de-mi\/\"},\"author\":{\"name\":\"Emmanuel Le\u00f3n\",\"@id\":\"https:\/\/errr-magazine.com\/#\/schema\/person\/42c379a6b1accabc087b28d41e01ae04\"},\"headline\":\"Me falt\u00f3 darte m\u00e1s de m\u00ed\",\"datePublished\":\"2020-02-05T23:21:31+00:00\",\"dateModified\":\"2022-08-31T06:27:35+00:00\",\"mainEntityOfPage\":{\"@id\":\"https:\/\/errr-magazine.com\/me-falto-darte-mas-de-mi\/\"},\"wordCount\":1053,\"articleSection\":[\"Textos\"],\"inLanguage\":\"en-US\"},{\"@type\":\"WebPage\",\"@id\":\"https:\/\/errr-magazine.com\/me-falto-darte-mas-de-mi\/\",\"url\":\"https:\/\/errr-magazine.com\/me-falto-darte-mas-de-mi\/\",\"name\":\"Me falt\u00f3 darte m\u00e1s de m\u00ed - ERRR MAGAZINE\",\"isPartOf\":{\"@id\":\"https:\/\/errr-magazine.com\/#website\"},\"datePublished\":\"2020-02-05T23:21:31+00:00\",\"dateModified\":\"2022-08-31T06:27:35+00:00\",\"author\":{\"@id\":\"https:\/\/errr-magazine.com\/#\/schema\/person\/42c379a6b1accabc087b28d41e01ae04\"},\"breadcrumb\":{\"@id\":\"https:\/\/errr-magazine.com\/me-falto-darte-mas-de-mi\/#breadcrumb\"},\"inLanguage\":\"en-US\",\"potentialAction\":[{\"@type\":\"ReadAction\",\"target\":[\"https:\/\/errr-magazine.com\/me-falto-darte-mas-de-mi\/\"]}]},{\"@type\":\"BreadcrumbList\",\"@id\":\"https:\/\/errr-magazine.com\/me-falto-darte-mas-de-mi\/#breadcrumb\",\"itemListElement\":[{\"@type\":\"ListItem\",\"position\":1,\"name\":\"Portada\",\"item\":\"https:\/\/errr-magazine.com\/\"},{\"@type\":\"ListItem\",\"position\":2,\"name\":\"Me falt\u00f3 darte m\u00e1s de m\u00ed\"}]},{\"@type\":\"WebSite\",\"@id\":\"https:\/\/errr-magazine.com\/#website\",\"url\":\"https:\/\/errr-magazine.com\/\",\"name\":\"ERRR MAGAZINE\",\"description\":\"\",\"potentialAction\":[{\"@type\":\"SearchAction\",\"target\":{\"@type\":\"EntryPoint\",\"urlTemplate\":\"https:\/\/errr-magazine.com\/?s={search_term_string}\"},\"query-input\":{\"@type\":\"PropertyValueSpecification\",\"valueRequired\":true,\"valueName\":\"search_term_string\"}}],\"inLanguage\":\"en-US\"},{\"@type\":\"Person\",\"@id\":\"https:\/\/errr-magazine.com\/#\/schema\/person\/42c379a6b1accabc087b28d41e01ae04\",\"name\":\"Emmanuel Le\u00f3n\",\"image\":{\"@type\":\"ImageObject\",\"inLanguage\":\"en-US\",\"@id\":\"https:\/\/secure.gravatar.com\/avatar\/816d102488e010db3727d6ca86520744bada81d59f2acdad1bca4d8ef5f4e222?s=96&d=identicon&r=g\",\"url\":\"https:\/\/secure.gravatar.com\/avatar\/816d102488e010db3727d6ca86520744bada81d59f2acdad1bca4d8ef5f4e222?s=96&d=identicon&r=g\",\"contentUrl\":\"https:\/\/secure.gravatar.com\/avatar\/816d102488e010db3727d6ca86520744bada81d59f2acdad1bca4d8ef5f4e222?s=96&d=identicon&r=g\",\"caption\":\"Emmanuel Le\u00f3n\"},\"url\":\"https:\/\/errr-magazine.com\/english\/author\/martleo125\/\"}]}<\/script>\n<!-- \/ Yoast SEO plugin. -->","yoast_head_json":{"title":"Me falt\u00f3 darte m\u00e1s de m\u00ed - ERRR MAGAZINE","robots":{"index":"index","follow":"follow","max-snippet":"max-snippet:-1","max-image-preview":"max-image-preview:large","max-video-preview":"max-video-preview:-1"},"canonical":"https:\/\/errr-magazine.com\/english\/me-falto-darte-mas-de-mi\/","og_locale":"en_US","og_type":"article","og_title":"Me falt\u00f3 darte m\u00e1s de m\u00ed - ERRR MAGAZINE","og_description":"Hoy 18 de marzo de 2019 a una semana de no hablar contigo y no saber nada de tu vida, me pongo a reflexionar sobre lo que pas\u00f3, en los hubiera y tantas posibilidades, pero esta realidad nos toc\u00f3 vivir, no puedo dormir y como de costumbre checo redes sociales si subiste una nueva foto, [&hellip;]","og_url":"https:\/\/errr-magazine.com\/english\/me-falto-darte-mas-de-mi\/","og_site_name":"ERRR MAGAZINE","article_published_time":"2020-02-05T23:21:31+00:00","article_modified_time":"2022-08-31T06:27:35+00:00","author":"Emmanuel Le\u00f3n","twitter_card":"summary_large_image","twitter_misc":{"Written by":"Emmanuel Le\u00f3n","Est. reading time":"5 minutes"},"schema":{"@context":"https:\/\/schema.org","@graph":[{"@type":"Article","@id":"https:\/\/errr-magazine.com\/me-falto-darte-mas-de-mi\/#article","isPartOf":{"@id":"https:\/\/errr-magazine.com\/me-falto-darte-mas-de-mi\/"},"author":{"name":"Emmanuel Le\u00f3n","@id":"https:\/\/errr-magazine.com\/#\/schema\/person\/42c379a6b1accabc087b28d41e01ae04"},"headline":"Me falt\u00f3 darte m\u00e1s de m\u00ed","datePublished":"2020-02-05T23:21:31+00:00","dateModified":"2022-08-31T06:27:35+00:00","mainEntityOfPage":{"@id":"https:\/\/errr-magazine.com\/me-falto-darte-mas-de-mi\/"},"wordCount":1053,"articleSection":["Textos"],"inLanguage":"en-US"},{"@type":"WebPage","@id":"https:\/\/errr-magazine.com\/me-falto-darte-mas-de-mi\/","url":"https:\/\/errr-magazine.com\/me-falto-darte-mas-de-mi\/","name":"Me falt\u00f3 darte m\u00e1s de m\u00ed - ERRR MAGAZINE","isPartOf":{"@id":"https:\/\/errr-magazine.com\/#website"},"datePublished":"2020-02-05T23:21:31+00:00","dateModified":"2022-08-31T06:27:35+00:00","author":{"@id":"https:\/\/errr-magazine.com\/#\/schema\/person\/42c379a6b1accabc087b28d41e01ae04"},"breadcrumb":{"@id":"https:\/\/errr-magazine.com\/me-falto-darte-mas-de-mi\/#breadcrumb"},"inLanguage":"en-US","potentialAction":[{"@type":"ReadAction","target":["https:\/\/errr-magazine.com\/me-falto-darte-mas-de-mi\/"]}]},{"@type":"BreadcrumbList","@id":"https:\/\/errr-magazine.com\/me-falto-darte-mas-de-mi\/#breadcrumb","itemListElement":[{"@type":"ListItem","position":1,"name":"Portada","item":"https:\/\/errr-magazine.com\/"},{"@type":"ListItem","position":2,"name":"Me falt\u00f3 darte m\u00e1s de m\u00ed"}]},{"@type":"WebSite","@id":"https:\/\/errr-magazine.com\/#website","url":"https:\/\/errr-magazine.com\/","name":"ERRR MAGAZINE","description":"","potentialAction":[{"@type":"SearchAction","target":{"@type":"EntryPoint","urlTemplate":"https:\/\/errr-magazine.com\/?s={search_term_string}"},"query-input":{"@type":"PropertyValueSpecification","valueRequired":true,"valueName":"search_term_string"}}],"inLanguage":"en-US"},{"@type":"Person","@id":"https:\/\/errr-magazine.com\/#\/schema\/person\/42c379a6b1accabc087b28d41e01ae04","name":"Emmanuel Le\u00f3n","image":{"@type":"ImageObject","inLanguage":"en-US","@id":"https:\/\/secure.gravatar.com\/avatar\/816d102488e010db3727d6ca86520744bada81d59f2acdad1bca4d8ef5f4e222?s=96&d=identicon&r=g","url":"https:\/\/secure.gravatar.com\/avatar\/816d102488e010db3727d6ca86520744bada81d59f2acdad1bca4d8ef5f4e222?s=96&d=identicon&r=g","contentUrl":"https:\/\/secure.gravatar.com\/avatar\/816d102488e010db3727d6ca86520744bada81d59f2acdad1bca4d8ef5f4e222?s=96&d=identicon&r=g","caption":"Emmanuel Le\u00f3n"},"url":"https:\/\/errr-magazine.com\/english\/author\/martleo125\/"}]}},"jetpack_featured_media_url":"","jetpack-related-posts":[{"id":178458,"url":"https:\/\/errr-magazine.com\/english\/mixcoac-linea-naranja\/","url_meta":{"origin":152011,"position":0},"title":"Mixcoac L\u00ednea Naranja","author":"Alex Carmona","date":"06\/16\/2022","format":false,"excerpt":"A veces cuando extra\u00f1o la brisa y el azul turquesa del mar, me pongo a pensar en tu risa. A veces cuando extra\u00f1o las distancias cortas, recuerdo lo bien que se siente pellizcarte una nalga cuando vas subiendo las escaleras. Buscaba estar m\u00e1s cerca de ti, respirar el mismo aire,\u2026","rel":"","context":"In &quot;Textos&quot;","block_context":{"text":"Textos","link":"https:\/\/errr-magazine.com\/english\/category\/textos\/"},"img":{"alt_text":"","src":"https:\/\/i0.wp.com\/errr-magazine.com\/wp-content\/uploads\/2022\/06\/33354380148_e096da2693_b.jpg?resize=350%2C200&ssl=1","width":350,"height":200,"srcset":"https:\/\/i0.wp.com\/errr-magazine.com\/wp-content\/uploads\/2022\/06\/33354380148_e096da2693_b.jpg?resize=350%2C200&ssl=1 1x, https:\/\/i0.wp.com\/errr-magazine.com\/wp-content\/uploads\/2022\/06\/33354380148_e096da2693_b.jpg?resize=525%2C300&ssl=1 1.5x, https:\/\/i0.wp.com\/errr-magazine.com\/wp-content\/uploads\/2022\/06\/33354380148_e096da2693_b.jpg?resize=700%2C400&ssl=1 2x"},"classes":[]},{"id":177749,"url":"https:\/\/errr-magazine.com\/english\/terror\/","url_meta":{"origin":152011,"position":1},"title":"Terror","author":"Victoria Salas","date":"05\/30\/2022","format":false,"excerpt":"Siempre pienso que no s\u00e9 qu\u00e9 tan bien les haya hecho a esos caballos el flash en el medio de la oscuridad del atardecer...","rel":"","context":"In &quot;Interview&quot;","block_context":{"text":"Interview","link":"https:\/\/errr-magazine.com\/english\/category\/interviews\/"},"img":{"alt_text":"","src":"https:\/\/i0.wp.com\/errr-magazine.com\/wp-content\/uploads\/2022\/05\/93780016-Victoria-Salas.jpg?resize=350%2C200&ssl=1","width":350,"height":200,"srcset":"https:\/\/i0.wp.com\/errr-magazine.com\/wp-content\/uploads\/2022\/05\/93780016-Victoria-Salas.jpg?resize=350%2C200&ssl=1 1x, https:\/\/i0.wp.com\/errr-magazine.com\/wp-content\/uploads\/2022\/05\/93780016-Victoria-Salas.jpg?resize=525%2C300&ssl=1 1.5x, https:\/\/i0.wp.com\/errr-magazine.com\/wp-content\/uploads\/2022\/05\/93780016-Victoria-Salas.jpg?resize=700%2C400&ssl=1 2x"},"classes":[]},{"id":186050,"url":"https:\/\/errr-magazine.com\/english\/un-dia-en-paris\/","url_meta":{"origin":152011,"position":2},"title":"Un d\u00eda en Par\u00eds","author":"Nora Silva","date":"10\/27\/2023","format":false,"excerpt":"Hab\u00eda llegado el fin de mi traves\u00eda que inici\u00f3 6 meses atr\u00e1s. Hui de mi realidad para enfrentarme a la aventura de viajar sola en un pa\u00eds extra\u00f1o. No pod\u00eda creer que tan r\u00e1pido hab\u00eda pasado el tiempo, no s\u00e9 en qu\u00e9 momento hab\u00eda terminado viviendo por 6 meses al\u2026","rel":"","context":"In &quot;Textos&quot;","block_context":{"text":"Textos","link":"https:\/\/errr-magazine.com\/english\/category\/textos\/"},"img":{"alt_text":"","src":"https:\/\/i0.wp.com\/errr-magazine.com\/wp-content\/uploads\/2023\/10\/51323673671_d38ca992b0_k.jpg?resize=350%2C200&ssl=1","width":350,"height":200,"srcset":"https:\/\/i0.wp.com\/errr-magazine.com\/wp-content\/uploads\/2023\/10\/51323673671_d38ca992b0_k.jpg?resize=350%2C200&ssl=1 1x, https:\/\/i0.wp.com\/errr-magazine.com\/wp-content\/uploads\/2023\/10\/51323673671_d38ca992b0_k.jpg?resize=525%2C300&ssl=1 1.5x, https:\/\/i0.wp.com\/errr-magazine.com\/wp-content\/uploads\/2023\/10\/51323673671_d38ca992b0_k.jpg?resize=700%2C400&ssl=1 2x, https:\/\/i0.wp.com\/errr-magazine.com\/wp-content\/uploads\/2023\/10\/51323673671_d38ca992b0_k.jpg?resize=1050%2C600&ssl=1 3x, https:\/\/i0.wp.com\/errr-magazine.com\/wp-content\/uploads\/2023\/10\/51323673671_d38ca992b0_k.jpg?resize=1400%2C800&ssl=1 4x"},"classes":[]},{"id":139524,"url":"https:\/\/errr-magazine.com\/english\/coches-rojos\/","url_meta":{"origin":152011,"position":3},"title":"Coches rojos","author":"Marta Garc\u00eda L\u00f3pez","date":"11\/08\/2018","format":false,"excerpt":"A veces salgo por la noche. De d\u00eda no hay luz. Las semanas son grises en Par\u00eds y vivo en la sombra. Me han confundido dos veces con una puta de mi calle, un d\u00eda que llov\u00eda. Juego a contar los coches rojos y pienso en que podr\u00edas estar en\u2026","rel":"","context":"In &quot;Textos&quot;","block_context":{"text":"Textos","link":"https:\/\/errr-magazine.com\/english\/category\/textos\/"},"img":{"alt_text":"","src":"","width":0,"height":0},"classes":[]},{"id":178178,"url":"https:\/\/errr-magazine.com\/english\/ya-no-patinamos\/","url_meta":{"origin":152011,"position":4},"title":"We no longer skate","author":"Daniela Ruiz de Esparza","date":"06\/07\/2022","format":false,"excerpt":"Tom\u00e9 otra foto antes pero no me gust\u00f3 que el encuadre fuera tan lejos...","rel":"","context":"In &quot;Interview&quot;","block_context":{"text":"Interview","link":"https:\/\/errr-magazine.com\/english\/category\/interviews\/"},"img":{"alt_text":"","src":"https:\/\/i0.wp.com\/errr-magazine.com\/wp-content\/uploads\/2022\/06\/Captura-de-pantalla-2022-06-08-a-las-10.54.34.png?resize=350%2C200&ssl=1","width":350,"height":200,"srcset":"https:\/\/i0.wp.com\/errr-magazine.com\/wp-content\/uploads\/2022\/06\/Captura-de-pantalla-2022-06-08-a-las-10.54.34.png?resize=350%2C200&ssl=1 1x, https:\/\/i0.wp.com\/errr-magazine.com\/wp-content\/uploads\/2022\/06\/Captura-de-pantalla-2022-06-08-a-las-10.54.34.png?resize=525%2C300&ssl=1 1.5x"},"classes":[]},{"id":181105,"url":"https:\/\/errr-magazine.com\/english\/el-vuelo\/","url_meta":{"origin":152011,"position":5},"title":"El Vuelo","author":"Yaneli Cohuo","date":"07\/25\/2022","format":false,"excerpt":"Para m\u00ed, hacer fotograf\u00eda es la \u00fanica forma de detener el tiempo, de encapsularla un momento que ya no existe, de ver el mundo con ojos abiertos al mundo, tomarse tiempo para observar y mirar detalles que a veces se nos pasan por alto...","rel":"","context":"In &quot;Interview&quot;","block_context":{"text":"Interview","link":"https:\/\/errr-magazine.com\/english\/category\/interviews\/"},"img":{"alt_text":"","src":"https:\/\/i0.wp.com\/errr-magazine.com\/wp-content\/uploads\/2022\/08\/181544977_222644439193686_1119967282078301941_n-1-Yaneli-Cohuo.jpg?resize=350%2C200&ssl=1","width":350,"height":200,"srcset":"https:\/\/i0.wp.com\/errr-magazine.com\/wp-content\/uploads\/2022\/08\/181544977_222644439193686_1119967282078301941_n-1-Yaneli-Cohuo.jpg?resize=350%2C200&ssl=1 1x, https:\/\/i0.wp.com\/errr-magazine.com\/wp-content\/uploads\/2022\/08\/181544977_222644439193686_1119967282078301941_n-1-Yaneli-Cohuo.jpg?resize=525%2C300&ssl=1 1.5x, https:\/\/i0.wp.com\/errr-magazine.com\/wp-content\/uploads\/2022\/08\/181544977_222644439193686_1119967282078301941_n-1-Yaneli-Cohuo.jpg?resize=700%2C400&ssl=1 2x, https:\/\/i0.wp.com\/errr-magazine.com\/wp-content\/uploads\/2022\/08\/181544977_222644439193686_1119967282078301941_n-1-Yaneli-Cohuo.jpg?resize=1050%2C600&ssl=1 3x, https:\/\/i0.wp.com\/errr-magazine.com\/wp-content\/uploads\/2022\/08\/181544977_222644439193686_1119967282078301941_n-1-Yaneli-Cohuo.jpg?resize=1400%2C800&ssl=1 4x"},"classes":[]}],"jetpack_sharing_enabled":true,"mfb_rest_fields":["title","yoast_head","yoast_head_json","jetpack_featured_media_url","jetpack-related-posts","jetpack_sharing_enabled"],"_links":{"self":[{"href":"https:\/\/errr-magazine.com\/english\/wp-json\/wp\/v2\/posts\/152011","targetHints":{"allow":["GET"]}}],"collection":[{"href":"https:\/\/errr-magazine.com\/english\/wp-json\/wp\/v2\/posts"}],"about":[{"href":"https:\/\/errr-magazine.com\/english\/wp-json\/wp\/v2\/types\/post"}],"author":[{"embeddable":true,"href":"https:\/\/errr-magazine.com\/english\/wp-json\/wp\/v2\/users\/6397"}],"replies":[{"embeddable":true,"href":"https:\/\/errr-magazine.com\/english\/wp-json\/wp\/v2\/comments?post=152011"}],"version-history":[{"count":4,"href":"https:\/\/errr-magazine.com\/english\/wp-json\/wp\/v2\/posts\/152011\/revisions"}],"predecessor-version":[{"id":152059,"href":"https:\/\/errr-magazine.com\/english\/wp-json\/wp\/v2\/posts\/152011\/revisions\/152059"}],"wp:attachment":[{"href":"https:\/\/errr-magazine.com\/english\/wp-json\/wp\/v2\/media?parent=152011"}],"wp:term":[{"taxonomy":"category","embeddable":true,"href":"https:\/\/errr-magazine.com\/english\/wp-json\/wp\/v2\/categories?post=152011"},{"taxonomy":"post_tag","embeddable":true,"href":"https:\/\/errr-magazine.com\/english\/wp-json\/wp\/v2\/tags?post=152011"}],"curies":[{"name":"wp","href":"https:\/\/api.w.org\/{rel}","templated":true}]}}