{"id":151115,"date":"2019-11-07T09:18:03","date_gmt":"2019-11-06T22:18:03","guid":{"rendered":"http:\/\/errr-magazine.com\/?p=151115"},"modified":"2025-08-18T13:50:22","modified_gmt":"2025-08-18T19:50:22","slug":"te-quiero-a-ti-pero-no-se-enamorar","status":"publish","type":"post","link":"https:\/\/errr-magazine.com\/english\/te-quiero-a-ti-pero-no-se-enamorar\/","title":{"rendered":"Te quiero a t\u00ed pero no s\u00e9 enamorar&#8230;"},"content":{"rendered":"<p>Escribo por cobard\u00eda a dec\u00edrtelo en la cara. Escribo sin poner tu nombre&#8230; Blablabla&#8230;<\/p>\n\n\n\n<p><p>\u00c9ste era un poema que escrib\u00ed hace meses, pero al volverlo a leer me di cuenta de lo rid\u00edcula que fu\u00ed, hasta pereza me doy. En ese entonces pensaba as\u00ed. Hoy ya omit\u00ed tantas palabras y dej\u00e9 lo &#8216;mas o menos&#8217; como ya hace tiempo omit\u00ed varias cosas, situaciones y personas de mi vida. Todo pasa. Me gust\u00f3 el t\u00edtulo y ese se queda porque es real. No s\u00e9 enamorar con palabras, ni con la mirada.<\/p><\/p>\n\n\n\n<p><p><a href=\"https:\/\/www.flickr.com\/photos\/160200956@N03\/\">Fotograf\u00eda por Geon Woong Bae<\/a><\/p><\/p>","protected":false},"excerpt":{"rendered":"<p>Escribo por cobard\u00eda a dec\u00edrtelo en la cara. Escribo sin poner tu nombre&#8230; Blablabla&#8230; \u00c9ste era un poema que escrib\u00ed hace meses, pero al volverlo a leer me di cuenta de lo rid\u00edcula que fu\u00ed, hasta pereza me doy. En ese entonces pensaba as\u00ed. Hoy ya omit\u00ed tantas palabras y dej\u00e9 lo &#8216;mas o menos&#8217; [&hellip;]<\/p>\n","protected":false},"author":6127,"featured_media":191881,"comment_status":"closed","ping_status":"closed","sticky":false,"template":"","format":"standard","meta":{"_acf_changed":false,"cybocfi_hide_featured_image":"","_jetpack_memberships_contains_paid_content":false,"footnotes":""},"categories":[7997],"tags":[],"class_list":["post-151115","post","type-post","status-publish","format-standard","has-post-thumbnail","hentry","category-textos"],"acf":[],"mb":[],"yoast_head":"<!-- This site is optimized with the Yoast SEO plugin v27.2 - https:\/\/yoast.com\/product\/yoast-seo-wordpress\/ -->\n<title>Te quiero a t\u00ed pero no s\u00e9 enamorar... - ERRR MAGAZINE<\/title>\n<meta name=\"robots\" content=\"index, follow, max-snippet:-1, max-image-preview:large, max-video-preview:-1\" \/>\n<link rel=\"canonical\" href=\"https:\/\/errr-magazine.com\/english\/te-quiero-a-ti-pero-no-se-enamorar\/\" \/>\n<meta property=\"og:locale\" content=\"en_US\" \/>\n<meta property=\"og:type\" content=\"article\" \/>\n<meta property=\"og:title\" content=\"Te quiero a t\u00ed pero no s\u00e9 enamorar... - ERRR MAGAZINE\" \/>\n<meta property=\"og:description\" content=\"Escribo por cobard\u00eda a dec\u00edrtelo en la cara. Escribo sin poner tu nombre&#8230; Blablabla&#8230; \u00c9ste era un poema que escrib\u00ed hace meses, pero al volverlo a leer me di cuenta de lo rid\u00edcula que fu\u00ed, hasta pereza me doy. En ese entonces pensaba as\u00ed. Hoy ya omit\u00ed tantas palabras y dej\u00e9 lo &#8216;mas o menos&#8217; [&hellip;]\" \/>\n<meta property=\"og:url\" content=\"https:\/\/errr-magazine.com\/english\/te-quiero-a-ti-pero-no-se-enamorar\/\" \/>\n<meta property=\"og:site_name\" content=\"ERRR MAGAZINE\" \/>\n<meta property=\"article:published_time\" content=\"2019-11-06T22:18:03+00:00\" \/>\n<meta property=\"article:modified_time\" content=\"2025-08-18T19:50:22+00:00\" \/>\n<meta property=\"og:image\" content=\"https:\/\/errr-magazine.com\/wp-content\/uploads\/2019\/11\/45613066322_8a9d4910b3_o.jpg\" \/>\n\t<meta property=\"og:image:width\" content=\"1565\" \/>\n\t<meta property=\"og:image:height\" content=\"1037\" \/>\n\t<meta property=\"og:image:type\" content=\"image\/jpeg\" \/>\n<meta name=\"author\" content=\"Adriana Balderas\" \/>\n<meta name=\"twitter:card\" content=\"summary_large_image\" \/>\n<meta name=\"twitter:label1\" content=\"Written by\" \/>\n\t<meta name=\"twitter:data1\" content=\"Adriana Balderas\" \/>\n\t<meta name=\"twitter:label2\" content=\"Est. reading time\" \/>\n\t<meta name=\"twitter:data2\" content=\"1 minute\" \/>\n<script type=\"application\/ld+json\" class=\"yoast-schema-graph\">{\"@context\":\"https:\/\/schema.org\",\"@graph\":[{\"@type\":\"Article\",\"@id\":\"https:\/\/errr-magazine.com\/te-quiero-a-ti-pero-no-se-enamorar\/#article\",\"isPartOf\":{\"@id\":\"https:\/\/errr-magazine.com\/te-quiero-a-ti-pero-no-se-enamorar\/\"},\"author\":{\"name\":\"Adriana Balderas\",\"@id\":\"https:\/\/errr-magazine.com\/#\/schema\/person\/9a277a4245739cf2c86850ce2bba81f4\"},\"headline\":\"Te quiero a t\u00ed pero no s\u00e9 enamorar&#8230;\",\"datePublished\":\"2019-11-06T22:18:03+00:00\",\"dateModified\":\"2025-08-18T19:50:22+00:00\",\"mainEntityOfPage\":{\"@id\":\"https:\/\/errr-magazine.com\/te-quiero-a-ti-pero-no-se-enamorar\/\"},\"wordCount\":108,\"image\":{\"@id\":\"https:\/\/errr-magazine.com\/te-quiero-a-ti-pero-no-se-enamorar\/#primaryimage\"},\"thumbnailUrl\":\"https:\/\/errr-magazine.com\/wp-content\/uploads\/2019\/11\/45613066322_8a9d4910b3_o.jpg\",\"articleSection\":[\"Textos\"],\"inLanguage\":\"en-US\"},{\"@type\":\"WebPage\",\"@id\":\"https:\/\/errr-magazine.com\/te-quiero-a-ti-pero-no-se-enamorar\/\",\"url\":\"https:\/\/errr-magazine.com\/te-quiero-a-ti-pero-no-se-enamorar\/\",\"name\":\"Te quiero a t\u00ed pero no s\u00e9 enamorar... - ERRR MAGAZINE\",\"isPartOf\":{\"@id\":\"https:\/\/errr-magazine.com\/#website\"},\"primaryImageOfPage\":{\"@id\":\"https:\/\/errr-magazine.com\/te-quiero-a-ti-pero-no-se-enamorar\/#primaryimage\"},\"image\":{\"@id\":\"https:\/\/errr-magazine.com\/te-quiero-a-ti-pero-no-se-enamorar\/#primaryimage\"},\"thumbnailUrl\":\"https:\/\/errr-magazine.com\/wp-content\/uploads\/2019\/11\/45613066322_8a9d4910b3_o.jpg\",\"datePublished\":\"2019-11-06T22:18:03+00:00\",\"dateModified\":\"2025-08-18T19:50:22+00:00\",\"author\":{\"@id\":\"https:\/\/errr-magazine.com\/#\/schema\/person\/9a277a4245739cf2c86850ce2bba81f4\"},\"breadcrumb\":{\"@id\":\"https:\/\/errr-magazine.com\/te-quiero-a-ti-pero-no-se-enamorar\/#breadcrumb\"},\"inLanguage\":\"en-US\",\"potentialAction\":[{\"@type\":\"ReadAction\",\"target\":[\"https:\/\/errr-magazine.com\/te-quiero-a-ti-pero-no-se-enamorar\/\"]}]},{\"@type\":\"ImageObject\",\"inLanguage\":\"en-US\",\"@id\":\"https:\/\/errr-magazine.com\/te-quiero-a-ti-pero-no-se-enamorar\/#primaryimage\",\"url\":\"https:\/\/errr-magazine.com\/wp-content\/uploads\/2019\/11\/45613066322_8a9d4910b3_o.jpg\",\"contentUrl\":\"https:\/\/errr-magazine.com\/wp-content\/uploads\/2019\/11\/45613066322_8a9d4910b3_o.jpg\",\"width\":1565,\"height\":1037},{\"@type\":\"BreadcrumbList\",\"@id\":\"https:\/\/errr-magazine.com\/te-quiero-a-ti-pero-no-se-enamorar\/#breadcrumb\",\"itemListElement\":[{\"@type\":\"ListItem\",\"position\":1,\"name\":\"Portada\",\"item\":\"https:\/\/errr-magazine.com\/\"},{\"@type\":\"ListItem\",\"position\":2,\"name\":\"Te quiero a t\u00ed pero no s\u00e9 enamorar&#8230;\"}]},{\"@type\":\"WebSite\",\"@id\":\"https:\/\/errr-magazine.com\/#website\",\"url\":\"https:\/\/errr-magazine.com\/\",\"name\":\"ERRR MAGAZINE\",\"description\":\"\",\"potentialAction\":[{\"@type\":\"SearchAction\",\"target\":{\"@type\":\"EntryPoint\",\"urlTemplate\":\"https:\/\/errr-magazine.com\/?s={search_term_string}\"},\"query-input\":{\"@type\":\"PropertyValueSpecification\",\"valueRequired\":true,\"valueName\":\"search_term_string\"}}],\"inLanguage\":\"en-US\"},{\"@type\":\"Person\",\"@id\":\"https:\/\/errr-magazine.com\/#\/schema\/person\/9a277a4245739cf2c86850ce2bba81f4\",\"name\":\"Adriana Balderas\",\"image\":{\"@type\":\"ImageObject\",\"inLanguage\":\"en-US\",\"@id\":\"https:\/\/secure.gravatar.com\/avatar\/beebe3c035cc33165b0d4012a7cc35a469e395ca2823dad43d8e99c255e9426b?s=96&d=identicon&r=g\",\"url\":\"https:\/\/secure.gravatar.com\/avatar\/beebe3c035cc33165b0d4012a7cc35a469e395ca2823dad43d8e99c255e9426b?s=96&d=identicon&r=g\",\"contentUrl\":\"https:\/\/secure.gravatar.com\/avatar\/beebe3c035cc33165b0d4012a7cc35a469e395ca2823dad43d8e99c255e9426b?s=96&d=identicon&r=g\",\"caption\":\"Adriana Balderas\"},\"description\":\"Soy artista interdisciplinaria experimental \/\/ Animaci\u00f3n, collage, programaci\u00f3n creativa, loops, backgrounds, loop-sample musical y arte promocional.\",\"sameAs\":[\"http:\/\/linktr.ee\/yosoyadrianaba\",\"https:\/\/www.instagram.com\/yosoyadrianaba\",\"@yosoyadrianaba\",\"https:\/\/m.soundcloud.com\/yosoyadrianaba\"],\"url\":\"https:\/\/errr-magazine.com\/english\/author\/adriaminabal\/\"}]}<\/script>\n<!-- \/ Yoast SEO plugin. -->","yoast_head_json":{"title":"Te quiero a t\u00ed pero no s\u00e9 enamorar... - ERRR MAGAZINE","robots":{"index":"index","follow":"follow","max-snippet":"max-snippet:-1","max-image-preview":"max-image-preview:large","max-video-preview":"max-video-preview:-1"},"canonical":"https:\/\/errr-magazine.com\/english\/te-quiero-a-ti-pero-no-se-enamorar\/","og_locale":"en_US","og_type":"article","og_title":"Te quiero a t\u00ed pero no s\u00e9 enamorar... - ERRR MAGAZINE","og_description":"Escribo por cobard\u00eda a dec\u00edrtelo en la cara. Escribo sin poner tu nombre&#8230; Blablabla&#8230; \u00c9ste era un poema que escrib\u00ed hace meses, pero al volverlo a leer me di cuenta de lo rid\u00edcula que fu\u00ed, hasta pereza me doy. En ese entonces pensaba as\u00ed. Hoy ya omit\u00ed tantas palabras y dej\u00e9 lo &#8216;mas o menos&#8217; [&hellip;]","og_url":"https:\/\/errr-magazine.com\/english\/te-quiero-a-ti-pero-no-se-enamorar\/","og_site_name":"ERRR MAGAZINE","article_published_time":"2019-11-06T22:18:03+00:00","article_modified_time":"2025-08-18T19:50:22+00:00","og_image":[{"width":1565,"height":1037,"url":"https:\/\/errr-magazine.com\/wp-content\/uploads\/2019\/11\/45613066322_8a9d4910b3_o.jpg","type":"image\/jpeg"}],"author":"Adriana Balderas","twitter_card":"summary_large_image","twitter_misc":{"Written by":"Adriana Balderas","Est. reading time":"1 minute"},"schema":{"@context":"https:\/\/schema.org","@graph":[{"@type":"Article","@id":"https:\/\/errr-magazine.com\/te-quiero-a-ti-pero-no-se-enamorar\/#article","isPartOf":{"@id":"https:\/\/errr-magazine.com\/te-quiero-a-ti-pero-no-se-enamorar\/"},"author":{"name":"Adriana Balderas","@id":"https:\/\/errr-magazine.com\/#\/schema\/person\/9a277a4245739cf2c86850ce2bba81f4"},"headline":"Te quiero a t\u00ed pero no s\u00e9 enamorar&#8230;","datePublished":"2019-11-06T22:18:03+00:00","dateModified":"2025-08-18T19:50:22+00:00","mainEntityOfPage":{"@id":"https:\/\/errr-magazine.com\/te-quiero-a-ti-pero-no-se-enamorar\/"},"wordCount":108,"image":{"@id":"https:\/\/errr-magazine.com\/te-quiero-a-ti-pero-no-se-enamorar\/#primaryimage"},"thumbnailUrl":"https:\/\/errr-magazine.com\/wp-content\/uploads\/2019\/11\/45613066322_8a9d4910b3_o.jpg","articleSection":["Textos"],"inLanguage":"en-US"},{"@type":"WebPage","@id":"https:\/\/errr-magazine.com\/te-quiero-a-ti-pero-no-se-enamorar\/","url":"https:\/\/errr-magazine.com\/te-quiero-a-ti-pero-no-se-enamorar\/","name":"Te quiero a t\u00ed pero no s\u00e9 enamorar... - ERRR MAGAZINE","isPartOf":{"@id":"https:\/\/errr-magazine.com\/#website"},"primaryImageOfPage":{"@id":"https:\/\/errr-magazine.com\/te-quiero-a-ti-pero-no-se-enamorar\/#primaryimage"},"image":{"@id":"https:\/\/errr-magazine.com\/te-quiero-a-ti-pero-no-se-enamorar\/#primaryimage"},"thumbnailUrl":"https:\/\/errr-magazine.com\/wp-content\/uploads\/2019\/11\/45613066322_8a9d4910b3_o.jpg","datePublished":"2019-11-06T22:18:03+00:00","dateModified":"2025-08-18T19:50:22+00:00","author":{"@id":"https:\/\/errr-magazine.com\/#\/schema\/person\/9a277a4245739cf2c86850ce2bba81f4"},"breadcrumb":{"@id":"https:\/\/errr-magazine.com\/te-quiero-a-ti-pero-no-se-enamorar\/#breadcrumb"},"inLanguage":"en-US","potentialAction":[{"@type":"ReadAction","target":["https:\/\/errr-magazine.com\/te-quiero-a-ti-pero-no-se-enamorar\/"]}]},{"@type":"ImageObject","inLanguage":"en-US","@id":"https:\/\/errr-magazine.com\/te-quiero-a-ti-pero-no-se-enamorar\/#primaryimage","url":"https:\/\/errr-magazine.com\/wp-content\/uploads\/2019\/11\/45613066322_8a9d4910b3_o.jpg","contentUrl":"https:\/\/errr-magazine.com\/wp-content\/uploads\/2019\/11\/45613066322_8a9d4910b3_o.jpg","width":1565,"height":1037},{"@type":"BreadcrumbList","@id":"https:\/\/errr-magazine.com\/te-quiero-a-ti-pero-no-se-enamorar\/#breadcrumb","itemListElement":[{"@type":"ListItem","position":1,"name":"Portada","item":"https:\/\/errr-magazine.com\/"},{"@type":"ListItem","position":2,"name":"Te quiero a t\u00ed pero no s\u00e9 enamorar&#8230;"}]},{"@type":"WebSite","@id":"https:\/\/errr-magazine.com\/#website","url":"https:\/\/errr-magazine.com\/","name":"ERRR MAGAZINE","description":"","potentialAction":[{"@type":"SearchAction","target":{"@type":"EntryPoint","urlTemplate":"https:\/\/errr-magazine.com\/?s={search_term_string}"},"query-input":{"@type":"PropertyValueSpecification","valueRequired":true,"valueName":"search_term_string"}}],"inLanguage":"en-US"},{"@type":"Person","@id":"https:\/\/errr-magazine.com\/#\/schema\/person\/9a277a4245739cf2c86850ce2bba81f4","name":"Adriana Balderas","image":{"@type":"ImageObject","inLanguage":"en-US","@id":"https:\/\/secure.gravatar.com\/avatar\/beebe3c035cc33165b0d4012a7cc35a469e395ca2823dad43d8e99c255e9426b?s=96&d=identicon&r=g","url":"https:\/\/secure.gravatar.com\/avatar\/beebe3c035cc33165b0d4012a7cc35a469e395ca2823dad43d8e99c255e9426b?s=96&d=identicon&r=g","contentUrl":"https:\/\/secure.gravatar.com\/avatar\/beebe3c035cc33165b0d4012a7cc35a469e395ca2823dad43d8e99c255e9426b?s=96&d=identicon&r=g","caption":"Adriana Balderas"},"description":"I'm an experimental interdisciplinary artist \/\/ Animation, collage, creative programming, loops, backgrounds, musical loop-sample and promotional art.","sameAs":["http:\/\/linktr.ee\/yosoyadrianaba","https:\/\/www.instagram.com\/yosoyadrianaba","@yosoyadrianaba","https:\/\/m.soundcloud.com\/yosoyadrianaba"],"url":"https:\/\/errr-magazine.com\/english\/author\/adriaminabal\/"}]}},"jetpack_featured_media_url":"https:\/\/errr-magazine.com\/wp-content\/uploads\/2019\/11\/45613066322_8a9d4910b3_o.jpg","jetpack-related-posts":[{"id":185051,"url":"https:\/\/errr-magazine.com\/english\/las-estaciones-del-jardin\/","url_meta":{"origin":151115,"position":0},"title":"Las estaciones del jard\u00edn","author":"Jes\u00fas Pineda","date":"06\/23\/2023","format":false,"excerpt":"Esa noche despu\u00e9s del trabajo camino a casa el avance del tren era lento, hab\u00eda llovido.Las hojas de los \u00e1rboles cubr\u00edan la acera y el aire se sent\u00eda fr\u00edo, hab\u00eda muchas luces sobre la calle y eso acortaba mi vista aun m\u00e1s, eran los servicios de limpia que ya se\u2026","rel":"","context":"In &quot;Textos&quot;","block_context":{"text":"Textos","link":"https:\/\/errr-magazine.com\/english\/category\/textos\/"},"img":{"alt_text":"","src":"https:\/\/i0.wp.com\/errr-magazine.com\/wp-content\/uploads\/2023\/06\/52732907790_2923a06346_o.jpg?resize=350%2C200&ssl=1","width":350,"height":200,"srcset":"https:\/\/i0.wp.com\/errr-magazine.com\/wp-content\/uploads\/2023\/06\/52732907790_2923a06346_o.jpg?resize=350%2C200&ssl=1 1x, https:\/\/i0.wp.com\/errr-magazine.com\/wp-content\/uploads\/2023\/06\/52732907790_2923a06346_o.jpg?resize=525%2C300&ssl=1 1.5x, https:\/\/i0.wp.com\/errr-magazine.com\/wp-content\/uploads\/2023\/06\/52732907790_2923a06346_o.jpg?resize=700%2C400&ssl=1 2x, https:\/\/i0.wp.com\/errr-magazine.com\/wp-content\/uploads\/2023\/06\/52732907790_2923a06346_o.jpg?resize=1050%2C600&ssl=1 3x"},"classes":[]},{"id":201452,"url":"https:\/\/errr-magazine.com\/english\/las-palabras-son-como-el-agua\/","url_meta":{"origin":151115,"position":1},"title":"Words Are Like Water","author":"Jacob Elizarraraz","date":"03\/05\/2026","format":false,"excerpt":"I hold great affection for this version of myself: the writer capable of convincing others through words, yet incapable of convincing himself.","rel":"","context":"In &quot;Narrativa&quot;","block_context":{"text":"Narrativa","link":"https:\/\/errr-magazine.com\/english\/category\/writing\/narrativa\/"},"img":{"alt_text":"","src":"https:\/\/i0.wp.com\/errr-magazine.com\/wp-content\/uploads\/2026\/03\/Copia-de-DSCF0522-scaled.jpg?resize=350%2C200&ssl=1","width":350,"height":200,"srcset":"https:\/\/i0.wp.com\/errr-magazine.com\/wp-content\/uploads\/2026\/03\/Copia-de-DSCF0522-scaled.jpg?resize=350%2C200&ssl=1 1x, https:\/\/i0.wp.com\/errr-magazine.com\/wp-content\/uploads\/2026\/03\/Copia-de-DSCF0522-scaled.jpg?resize=525%2C300&ssl=1 1.5x, https:\/\/i0.wp.com\/errr-magazine.com\/wp-content\/uploads\/2026\/03\/Copia-de-DSCF0522-scaled.jpg?resize=700%2C400&ssl=1 2x, https:\/\/i0.wp.com\/errr-magazine.com\/wp-content\/uploads\/2026\/03\/Copia-de-DSCF0522-scaled.jpg?resize=1050%2C600&ssl=1 3x, https:\/\/i0.wp.com\/errr-magazine.com\/wp-content\/uploads\/2026\/03\/Copia-de-DSCF0522-scaled.jpg?resize=1400%2C800&ssl=1 4x"},"classes":[]},{"id":200306,"url":"https:\/\/errr-magazine.com\/english\/como-desesperar-hasta-el-infinito\/","url_meta":{"origin":151115,"position":2},"title":"How to Despair to Infinity","author":"Ana M\u00fcshell","date":"02\/24\/2026","format":false,"excerpt":"I think melancholy, falling in love, loneliness, fear, and obsessions \u2014 any of them \u2014 are states that distort and alter one\u2019s sense of time and space; everything becomes \u201ca little strange,\u201d and I live navigating that space.","rel":"","context":"In &quot;Artes visuales&quot;","block_context":{"text":"Artes visuales","link":"https:\/\/errr-magazine.com\/english\/category\/interviews\/artes-visuales\/"},"img":{"alt_text":"","src":"https:\/\/i0.wp.com\/errr-magazine.com\/wp-content\/uploads\/2026\/02\/1-2-scaled.jpg?resize=350%2C200&ssl=1","width":350,"height":200,"srcset":"https:\/\/i0.wp.com\/errr-magazine.com\/wp-content\/uploads\/2026\/02\/1-2-scaled.jpg?resize=350%2C200&ssl=1 1x, https:\/\/i0.wp.com\/errr-magazine.com\/wp-content\/uploads\/2026\/02\/1-2-scaled.jpg?resize=525%2C300&ssl=1 1.5x, https:\/\/i0.wp.com\/errr-magazine.com\/wp-content\/uploads\/2026\/02\/1-2-scaled.jpg?resize=700%2C400&ssl=1 2x, https:\/\/i0.wp.com\/errr-magazine.com\/wp-content\/uploads\/2026\/02\/1-2-scaled.jpg?resize=1050%2C600&ssl=1 3x, https:\/\/i0.wp.com\/errr-magazine.com\/wp-content\/uploads\/2026\/02\/1-2-scaled.jpg?resize=1400%2C800&ssl=1 4x"},"classes":[]},{"id":205242,"url":"https:\/\/errr-magazine.com\/english\/lo-que-escribo-en-mi-ventana\/","url_meta":{"origin":151115,"position":3},"title":"What I write on my window","author":"Delfina Cuevas","date":"04\/23\/2026","format":false,"excerpt":"The night was made for the writer, to grapple with insomnia and the hidden words of the day. And silence? Silence was also made for the writer. And chaos? Chaos too. Everything was made so that I could write.","rel":"","context":"In &quot;Narrativa&quot;","block_context":{"text":"Narrativa","link":"https:\/\/errr-magazine.com\/english\/category\/writing\/narrativa\/"},"img":{"alt_text":"","src":"","width":0,"height":0},"classes":[]},{"id":149080,"url":"https:\/\/errr-magazine.com\/english\/oscar-al-mejor-actor-del-2019\/","url_meta":{"origin":151115,"position":4},"title":"OSCAR al mejor actor del 2019","author":"Paolette","date":"10\/16\/2019","format":false,"excerpt":"Nunca pude confiar en ti. Hab\u00eda algo muy dentro que me gritaba que no lo hiciera, que no eras de fiar, que todas tus palabras hed\u00edan a mierda, que me ibas a fallar de nuevo, como todo el mundo. No pod\u00eda creerte, no deb\u00eda dar cr\u00e9dito a tu trato, de\u2026","rel":"","context":"In &quot;Textos&quot;","block_context":{"text":"Textos","link":"https:\/\/errr-magazine.com\/english\/category\/textos\/"},"img":{"alt_text":"","src":"https:\/\/i0.wp.com\/errr-magazine.com\/wp-content\/uploads\/2019\/10\/14.png?resize=350%2C200&ssl=1","width":350,"height":200,"srcset":"https:\/\/i0.wp.com\/errr-magazine.com\/wp-content\/uploads\/2019\/10\/14.png?resize=350%2C200&ssl=1 1x, https:\/\/i0.wp.com\/errr-magazine.com\/wp-content\/uploads\/2019\/10\/14.png?resize=525%2C300&ssl=1 1.5x, https:\/\/i0.wp.com\/errr-magazine.com\/wp-content\/uploads\/2019\/10\/14.png?resize=700%2C400&ssl=1 2x, https:\/\/i0.wp.com\/errr-magazine.com\/wp-content\/uploads\/2019\/10\/14.png?resize=1050%2C600&ssl=1 3x"},"classes":[]},{"id":205356,"url":"https:\/\/errr-magazine.com\/english\/escribir-el-cuerpo-en-el-instante-agua-viva-de-clarice-lispector\/","url_meta":{"origin":151115,"position":5},"title":"Writing the body in the instant: \u201cAgua viva\u201d by Clarice Lispector","author":"Jimena Cherry","date":"04\/24\/2026","format":false,"excerpt":"Writing is operating on the vibration of the instant like someone sewing a resisting edge; a language that does not represent the world but produces it, where the word is always a fragment of something that is never fully said and escapes while being written.","rel":"","context":"In &quot;Ensayo&quot;","block_context":{"text":"Ensayo","link":"https:\/\/errr-magazine.com\/english\/category\/writing\/ensayo\/"},"img":{"alt_text":"","src":"","width":0,"height":0},"classes":[]}],"jetpack_sharing_enabled":true,"mfb_rest_fields":["title","yoast_head","yoast_head_json","jetpack_featured_media_url","jetpack-related-posts","jetpack_sharing_enabled"],"_links":{"self":[{"href":"https:\/\/errr-magazine.com\/english\/wp-json\/wp\/v2\/posts\/151115","targetHints":{"allow":["GET"]}}],"collection":[{"href":"https:\/\/errr-magazine.com\/english\/wp-json\/wp\/v2\/posts"}],"about":[{"href":"https:\/\/errr-magazine.com\/english\/wp-json\/wp\/v2\/types\/post"}],"author":[{"embeddable":true,"href":"https:\/\/errr-magazine.com\/english\/wp-json\/wp\/v2\/users\/6127"}],"replies":[{"embeddable":true,"href":"https:\/\/errr-magazine.com\/english\/wp-json\/wp\/v2\/comments?post=151115"}],"version-history":[{"count":3,"href":"https:\/\/errr-magazine.com\/english\/wp-json\/wp\/v2\/posts\/151115\/revisions"}],"predecessor-version":[{"id":191887,"href":"https:\/\/errr-magazine.com\/english\/wp-json\/wp\/v2\/posts\/151115\/revisions\/191887"}],"wp:featuredmedia":[{"embeddable":true,"href":"https:\/\/errr-magazine.com\/english\/wp-json\/wp\/v2\/media\/191881"}],"wp:attachment":[{"href":"https:\/\/errr-magazine.com\/english\/wp-json\/wp\/v2\/media?parent=151115"}],"wp:term":[{"taxonomy":"category","embeddable":true,"href":"https:\/\/errr-magazine.com\/english\/wp-json\/wp\/v2\/categories?post=151115"},{"taxonomy":"post_tag","embeddable":true,"href":"https:\/\/errr-magazine.com\/english\/wp-json\/wp\/v2\/tags?post=151115"}],"curies":[{"name":"wp","href":"https:\/\/api.w.org\/{rel}","templated":true}]}}