{"id":150908,"date":"2019-11-06T09:25:08","date_gmt":"2019-11-05T22:25:08","guid":{"rendered":"http:\/\/errr-magazine.com\/?p=150908"},"modified":"2022-08-31T01:28:39","modified_gmt":"2022-08-31T06:28:39","slug":"espejo","status":"publish","type":"post","link":"https:\/\/errr-magazine.com\/english\/espejo\/","title":{"rendered":"ESPEJO"},"content":{"rendered":"<p>Puedo ver a simple vista, <\/p>\n\n\n\n<p>la condena que tu alma lleva, <\/p>\n\n\n\n<p>a raz\u00f3n de tu creaci\u00f3n. <\/p>\n\n\n\n<p><\/p>\n\n\n\n<p>Y la profunda nostalgia <\/p>\n\n\n\n<p>que tu mediocre esp\u00edritu alberga, <\/p>\n\n\n\n<p>sin derecho a la redenci\u00f3n. <\/p>\n\n\n\n<p><\/p>\n\n\n\n<p>Tambi\u00e9n la vil traici\u00f3n que tu existencia lleva, <\/p>\n\n\n\n<p style=\"text-align:left\">como hijo, padre, esposo&#8230; \u00a1Con Dios! <\/p>\n\n\n\n<p>\u00a1A t\u00ed chacal!: Te maldigo hombre. <\/p>\n\n\n\n<p><\/p>\n\n\n\n<p>Puedo ver tambi\u00e9n, el hast\u00edo <\/p>\n\n\n\n<p>que ha envenenado tu camino, <\/p>\n\n\n\n<p>la penuria que condena tu destino. <\/p>\n\n\n\n<p><\/p>\n\n\n\n<p>Olvidaste tu esencia y vocaci\u00f3n. <\/p>\n\n\n\n<p>Al placer mundano te vertiste, <\/p>\n\n\n\n<p>ahora te arrastras arrepentido por el perd\u00f3n. <\/p>\n\n\n\n<p><\/p>\n\n\n\n<p>\u00a1Arre bestia!, no te creas tan importante, <\/p>\n\n\n\n<p>tampoco tan degradante, <\/p>\n\n\n\n<p>deja ya de lascerar. <\/p>\n\n\n\n<p><\/p>\n\n\n\n<p>\u00a1Regresa ya!, a tu corral, <\/p>\n\n\n\n<p>d\u00f3nde has de lamentar y depurar, <\/p>\n\n\n\n<p>el existir y el blasfemar. <\/p>\n\n\n\n<p><\/p>\n\n\n\n<p>\n\n Photography by <a href=\"https:\/\/www.flickr.com\/photos\/canovix\/\">Martin Canova<\/a><\/p>","protected":false},"excerpt":{"rendered":"<p>Puedo ver a simple vista, la condena que tu alma lleva, a raz\u00f3n de tu creaci\u00f3n. Y la profunda nostalgia que tu mediocre esp\u00edritu alberga, sin derecho a la redenci\u00f3n. Tambi\u00e9n la vil traici\u00f3n que tu existencia lleva, como hijo, padre, esposo&#8230; \u00a1Con Dios! \u00a1A t\u00ed chacal!: Te maldigo hombre. Puedo ver tambi\u00e9n, el hast\u00edo [&hellip;]<\/p>\n","protected":false},"author":1700,"featured_media":0,"comment_status":"closed","ping_status":"closed","sticky":false,"template":"","format":"standard","meta":{"_acf_changed":false,"cybocfi_hide_featured_image":"","_jetpack_memberships_contains_paid_content":false,"footnotes":""},"categories":[7997],"tags":[],"class_list":["post-150908","post","type-post","status-publish","format-standard","hentry","category-textos"],"acf":[],"mb":[],"yoast_head":"<!-- This site is optimized with the Yoast SEO plugin v27.2 - https:\/\/yoast.com\/product\/yoast-seo-wordpress\/ -->\n<title>ESPEJO - ERRR MAGAZINE<\/title>\n<meta name=\"robots\" content=\"index, follow, max-snippet:-1, max-image-preview:large, max-video-preview:-1\" \/>\n<link rel=\"canonical\" href=\"https:\/\/errr-magazine.com\/english\/espejo\/\" \/>\n<meta property=\"og:locale\" content=\"en_US\" \/>\n<meta property=\"og:type\" content=\"article\" \/>\n<meta property=\"og:title\" content=\"ESPEJO - ERRR MAGAZINE\" \/>\n<meta property=\"og:description\" content=\"Puedo ver a simple vista, la condena que tu alma lleva, a raz\u00f3n de tu creaci\u00f3n. Y la profunda nostalgia que tu mediocre esp\u00edritu alberga, sin derecho a la redenci\u00f3n. Tambi\u00e9n la vil traici\u00f3n que tu existencia lleva, como hijo, padre, esposo&#8230; \u00a1Con Dios! \u00a1A t\u00ed chacal!: Te maldigo hombre. Puedo ver tambi\u00e9n, el hast\u00edo [&hellip;]\" \/>\n<meta property=\"og:url\" content=\"https:\/\/errr-magazine.com\/english\/espejo\/\" \/>\n<meta property=\"og:site_name\" content=\"ERRR MAGAZINE\" \/>\n<meta property=\"article:published_time\" content=\"2019-11-05T22:25:08+00:00\" \/>\n<meta property=\"article:modified_time\" content=\"2022-08-31T06:28:39+00:00\" \/>\n<meta name=\"author\" content=\"Paco Carre\u00f3n\" \/>\n<meta name=\"twitter:card\" content=\"summary_large_image\" \/>\n<meta name=\"twitter:label1\" content=\"Written by\" \/>\n\t<meta name=\"twitter:data1\" content=\"Paco Carre\u00f3n\" \/>\n\t<meta name=\"twitter:label2\" content=\"Est. reading time\" \/>\n\t<meta name=\"twitter:data2\" content=\"1 minute\" \/>\n<script type=\"application\/ld+json\" class=\"yoast-schema-graph\">{\"@context\":\"https:\/\/schema.org\",\"@graph\":[{\"@type\":\"Article\",\"@id\":\"https:\/\/errr-magazine.com\/espejo\/#article\",\"isPartOf\":{\"@id\":\"https:\/\/errr-magazine.com\/espejo\/\"},\"author\":{\"name\":\"Paco Carre\u00f3n\",\"@id\":\"https:\/\/errr-magazine.com\/#\/schema\/person\/0c8527bc7db1f897bb12c64d1a2d5aa0\"},\"headline\":\"ESPEJO\",\"datePublished\":\"2019-11-05T22:25:08+00:00\",\"dateModified\":\"2022-08-31T06:28:39+00:00\",\"mainEntityOfPage\":{\"@id\":\"https:\/\/errr-magazine.com\/espejo\/\"},\"wordCount\":130,\"articleSection\":[\"Textos\"],\"inLanguage\":\"en-US\"},{\"@type\":\"WebPage\",\"@id\":\"https:\/\/errr-magazine.com\/espejo\/\",\"url\":\"https:\/\/errr-magazine.com\/espejo\/\",\"name\":\"ESPEJO - ERRR MAGAZINE\",\"isPartOf\":{\"@id\":\"https:\/\/errr-magazine.com\/#website\"},\"datePublished\":\"2019-11-05T22:25:08+00:00\",\"dateModified\":\"2022-08-31T06:28:39+00:00\",\"author\":{\"@id\":\"https:\/\/errr-magazine.com\/#\/schema\/person\/0c8527bc7db1f897bb12c64d1a2d5aa0\"},\"breadcrumb\":{\"@id\":\"https:\/\/errr-magazine.com\/espejo\/#breadcrumb\"},\"inLanguage\":\"en-US\",\"potentialAction\":[{\"@type\":\"ReadAction\",\"target\":[\"https:\/\/errr-magazine.com\/espejo\/\"]}]},{\"@type\":\"BreadcrumbList\",\"@id\":\"https:\/\/errr-magazine.com\/espejo\/#breadcrumb\",\"itemListElement\":[{\"@type\":\"ListItem\",\"position\":1,\"name\":\"Portada\",\"item\":\"https:\/\/errr-magazine.com\/\"},{\"@type\":\"ListItem\",\"position\":2,\"name\":\"ESPEJO\"}]},{\"@type\":\"WebSite\",\"@id\":\"https:\/\/errr-magazine.com\/#website\",\"url\":\"https:\/\/errr-magazine.com\/\",\"name\":\"ERRR MAGAZINE\",\"description\":\"\",\"potentialAction\":[{\"@type\":\"SearchAction\",\"target\":{\"@type\":\"EntryPoint\",\"urlTemplate\":\"https:\/\/errr-magazine.com\/?s={search_term_string}\"},\"query-input\":{\"@type\":\"PropertyValueSpecification\",\"valueRequired\":true,\"valueName\":\"search_term_string\"}}],\"inLanguage\":\"en-US\"},{\"@type\":\"Person\",\"@id\":\"https:\/\/errr-magazine.com\/#\/schema\/person\/0c8527bc7db1f897bb12c64d1a2d5aa0\",\"name\":\"Paco Carre\u00f3n\",\"image\":{\"@type\":\"ImageObject\",\"inLanguage\":\"en-US\",\"@id\":\"https:\/\/secure.gravatar.com\/avatar\/254eff7ef0f7c2d38ecbc6e438e7795b03f6e3e50d2f39321355bd615e1b0d40?s=96&d=identicon&r=g\",\"url\":\"https:\/\/secure.gravatar.com\/avatar\/254eff7ef0f7c2d38ecbc6e438e7795b03f6e3e50d2f39321355bd615e1b0d40?s=96&d=identicon&r=g\",\"contentUrl\":\"https:\/\/secure.gravatar.com\/avatar\/254eff7ef0f7c2d38ecbc6e438e7795b03f6e3e50d2f39321355bd615e1b0d40?s=96&d=identicon&r=g\",\"caption\":\"Paco Carre\u00f3n\"},\"description\":\"Paco Carre\u00f3n naci\u00f3 en la Cuna de la Naci\u00f3n en el a\u00f1o de 1989, en el hospital de la Loma, atemporal y bajo el signo de Libra. Es Poeta autodidacta. Ha colaborado en diversos medios: impresos, p\u00fablicos y digitales. El Regional Informativo (Tlaxcala), Revista Velvet (Puebla), ERRR MAGAZINE (CDMX). En 2018 particip\u00f3 en dos recitales po\u00e9ticos en el underground tlaxcalteca. Actualmente escribe s\u00f3lo en su libreta.\",\"sameAs\":[\"https:\/\/www.instagram.com\/paco.malacara\/\",\"https:\/\/instagram.com\/paco.carreon?igshid=1qqdcqe0mdvjd\"],\"url\":\"https:\/\/errr-magazine.com\/english\/author\/el-insolente\/\"}]}<\/script>\n<!-- \/ Yoast SEO plugin. -->","yoast_head_json":{"title":"ESPEJO - ERRR MAGAZINE","robots":{"index":"index","follow":"follow","max-snippet":"max-snippet:-1","max-image-preview":"max-image-preview:large","max-video-preview":"max-video-preview:-1"},"canonical":"https:\/\/errr-magazine.com\/english\/espejo\/","og_locale":"en_US","og_type":"article","og_title":"ESPEJO - ERRR MAGAZINE","og_description":"Puedo ver a simple vista, la condena que tu alma lleva, a raz\u00f3n de tu creaci\u00f3n. Y la profunda nostalgia que tu mediocre esp\u00edritu alberga, sin derecho a la redenci\u00f3n. Tambi\u00e9n la vil traici\u00f3n que tu existencia lleva, como hijo, padre, esposo&#8230; \u00a1Con Dios! \u00a1A t\u00ed chacal!: Te maldigo hombre. Puedo ver tambi\u00e9n, el hast\u00edo [&hellip;]","og_url":"https:\/\/errr-magazine.com\/english\/espejo\/","og_site_name":"ERRR MAGAZINE","article_published_time":"2019-11-05T22:25:08+00:00","article_modified_time":"2022-08-31T06:28:39+00:00","author":"Paco Carre\u00f3n","twitter_card":"summary_large_image","twitter_misc":{"Written by":"Paco Carre\u00f3n","Est. reading time":"1 minute"},"schema":{"@context":"https:\/\/schema.org","@graph":[{"@type":"Article","@id":"https:\/\/errr-magazine.com\/espejo\/#article","isPartOf":{"@id":"https:\/\/errr-magazine.com\/espejo\/"},"author":{"name":"Paco Carre\u00f3n","@id":"https:\/\/errr-magazine.com\/#\/schema\/person\/0c8527bc7db1f897bb12c64d1a2d5aa0"},"headline":"ESPEJO","datePublished":"2019-11-05T22:25:08+00:00","dateModified":"2022-08-31T06:28:39+00:00","mainEntityOfPage":{"@id":"https:\/\/errr-magazine.com\/espejo\/"},"wordCount":130,"articleSection":["Textos"],"inLanguage":"en-US"},{"@type":"WebPage","@id":"https:\/\/errr-magazine.com\/espejo\/","url":"https:\/\/errr-magazine.com\/espejo\/","name":"ESPEJO - ERRR MAGAZINE","isPartOf":{"@id":"https:\/\/errr-magazine.com\/#website"},"datePublished":"2019-11-05T22:25:08+00:00","dateModified":"2022-08-31T06:28:39+00:00","author":{"@id":"https:\/\/errr-magazine.com\/#\/schema\/person\/0c8527bc7db1f897bb12c64d1a2d5aa0"},"breadcrumb":{"@id":"https:\/\/errr-magazine.com\/espejo\/#breadcrumb"},"inLanguage":"en-US","potentialAction":[{"@type":"ReadAction","target":["https:\/\/errr-magazine.com\/espejo\/"]}]},{"@type":"BreadcrumbList","@id":"https:\/\/errr-magazine.com\/espejo\/#breadcrumb","itemListElement":[{"@type":"ListItem","position":1,"name":"Portada","item":"https:\/\/errr-magazine.com\/"},{"@type":"ListItem","position":2,"name":"ESPEJO"}]},{"@type":"WebSite","@id":"https:\/\/errr-magazine.com\/#website","url":"https:\/\/errr-magazine.com\/","name":"ERRR MAGAZINE","description":"","potentialAction":[{"@type":"SearchAction","target":{"@type":"EntryPoint","urlTemplate":"https:\/\/errr-magazine.com\/?s={search_term_string}"},"query-input":{"@type":"PropertyValueSpecification","valueRequired":true,"valueName":"search_term_string"}}],"inLanguage":"en-US"},{"@type":"Person","@id":"https:\/\/errr-magazine.com\/#\/schema\/person\/0c8527bc7db1f897bb12c64d1a2d5aa0","name":"Paco Carreon","image":{"@type":"ImageObject","inLanguage":"en-US","@id":"https:\/\/secure.gravatar.com\/avatar\/254eff7ef0f7c2d38ecbc6e438e7795b03f6e3e50d2f39321355bd615e1b0d40?s=96&d=identicon&r=g","url":"https:\/\/secure.gravatar.com\/avatar\/254eff7ef0f7c2d38ecbc6e438e7795b03f6e3e50d2f39321355bd615e1b0d40?s=96&d=identicon&r=g","contentUrl":"https:\/\/secure.gravatar.com\/avatar\/254eff7ef0f7c2d38ecbc6e438e7795b03f6e3e50d2f39321355bd615e1b0d40?s=96&d=identicon&r=g","caption":"Paco Carre\u00f3n"},"description":"Paco Carre\u00f3n was born in the Cradle of the Nation in 1989, in the hospital of La Loma, timeless and under the sign of Libra. He is a self-taught poet. He has collaborated in various media: print, public and digital. El Regional Informativo (Tlaxcala), Revista Velvet (Puebla), ERRR MAGAZINE (CDMX). In 2018 she participated in two poetry recitals in the Tlaxcalan underground. She currently writes only in her notebook.","sameAs":["https:\/\/www.instagram.com\/paco.malacara\/","https:\/\/instagram.com\/paco.carreon?igshid=1qqdcqe0mdvjd"],"url":"https:\/\/errr-magazine.com\/english\/author\/el-insolente\/"}]}},"jetpack_featured_media_url":"","jetpack-related-posts":[{"id":169700,"url":"https:\/\/errr-magazine.com\/english\/como-si-llevara-botas-y-sombrero\/","url_meta":{"origin":150908,"position":0},"title":"Como si llevara botas y sombrero","author":"Yolotzin","date":"07\/18\/2022","format":false,"excerpt":"La feria siempre ha sido uno de mis escenarios favoritos, me encantan las im\u00e1genes que s\u00f3lo en ella pueden existir...","rel":"","context":"In &quot;Interview&quot;","block_context":{"text":"Interview","link":"https:\/\/errr-magazine.com\/english\/category\/interviews\/"},"img":{"alt_text":"","src":"https:\/\/i0.wp.com\/errr-magazine.com\/wp-content\/uploads\/2021\/04\/imagen5-scaled.jpg?resize=350%2C200&ssl=1","width":350,"height":200,"srcset":"https:\/\/i0.wp.com\/errr-magazine.com\/wp-content\/uploads\/2021\/04\/imagen5-scaled.jpg?resize=350%2C200&ssl=1 1x, https:\/\/i0.wp.com\/errr-magazine.com\/wp-content\/uploads\/2021\/04\/imagen5-scaled.jpg?resize=525%2C300&ssl=1 1.5x, https:\/\/i0.wp.com\/errr-magazine.com\/wp-content\/uploads\/2021\/04\/imagen5-scaled.jpg?resize=700%2C400&ssl=1 2x, https:\/\/i0.wp.com\/errr-magazine.com\/wp-content\/uploads\/2021\/04\/imagen5-scaled.jpg?resize=1050%2C600&ssl=1 3x, https:\/\/i0.wp.com\/errr-magazine.com\/wp-content\/uploads\/2021\/04\/imagen5-scaled.jpg?resize=1400%2C800&ssl=1 4x"},"classes":[]},{"id":133631,"url":"https:\/\/errr-magazine.com\/english\/flores-el-dia-de-los-inocentes\/","url_meta":{"origin":150908,"position":1},"title":"Flores el d\u00eda de los inocentes","author":"y__lin__","date":"05\/25\/2018","format":false,"excerpt":"Puedo ver tus ojos, tan distantes de m\u00ed Me recuerdas a esa pintura que nunca me aprend\u00ed el nombre, esa que vi en el museo con vos. Estoy viendo tus ojos, no puedo dejar de hacerlo. Me traslado, me llevan lejos de mi. Comprend\u00ed que nos desplazamos a un lapso\u2026","rel":"","context":"In &quot;Textos&quot;","block_context":{"text":"Textos","link":"https:\/\/errr-magazine.com\/english\/category\/textos\/"},"img":{"alt_text":"","src":"https:\/\/i0.wp.com\/errr-magazine.com\/wp-content\/uploads\/2018\/05\/14_73310003-copy.jpg?resize=350%2C200&ssl=1","width":350,"height":200,"srcset":"https:\/\/i0.wp.com\/errr-magazine.com\/wp-content\/uploads\/2018\/05\/14_73310003-copy.jpg?resize=350%2C200&ssl=1 1x, https:\/\/i0.wp.com\/errr-magazine.com\/wp-content\/uploads\/2018\/05\/14_73310003-copy.jpg?resize=525%2C300&ssl=1 1.5x, https:\/\/i0.wp.com\/errr-magazine.com\/wp-content\/uploads\/2018\/05\/14_73310003-copy.jpg?resize=700%2C400&ssl=1 2x"},"classes":[]},{"id":163955,"url":"https:\/\/errr-magazine.com\/english\/ocultate-donde-no-te-pueda-ver\/","url_meta":{"origin":150908,"position":2},"title":"Oc\u00faltate donde no te pueda ver","author":"ungatotriste","date":"12\/16\/2020","format":false,"excerpt":"He dejado de escribir y no s\u00e9 si es porque te fuiste o porque me sequ\u00e9 por dentro. Los d\u00edas tienen ese tinte fr\u00edo. No logro diferenciar el viernes del domingo. Te llevaste tus vinilos, te llevaste mis ganas de querer. No dejaste nada, ni siquiera una despedida. \u00bfD\u00f3nde busco\u2026","rel":"","context":"In &quot;Textos&quot;","block_context":{"text":"Textos","link":"https:\/\/errr-magazine.com\/english\/category\/textos\/"},"img":{"alt_text":"","src":"https:\/\/i0.wp.com\/errr-magazine.com\/wp-content\/uploads\/2020\/12\/48739797407_73c3e8916d_o-scaled.jpg?resize=350%2C200&ssl=1","width":350,"height":200,"srcset":"https:\/\/i0.wp.com\/errr-magazine.com\/wp-content\/uploads\/2020\/12\/48739797407_73c3e8916d_o-scaled.jpg?resize=350%2C200&ssl=1 1x, https:\/\/i0.wp.com\/errr-magazine.com\/wp-content\/uploads\/2020\/12\/48739797407_73c3e8916d_o-scaled.jpg?resize=525%2C300&ssl=1 1.5x, https:\/\/i0.wp.com\/errr-magazine.com\/wp-content\/uploads\/2020\/12\/48739797407_73c3e8916d_o-scaled.jpg?resize=700%2C400&ssl=1 2x, https:\/\/i0.wp.com\/errr-magazine.com\/wp-content\/uploads\/2020\/12\/48739797407_73c3e8916d_o-scaled.jpg?resize=1050%2C600&ssl=1 3x, https:\/\/i0.wp.com\/errr-magazine.com\/wp-content\/uploads\/2020\/12\/48739797407_73c3e8916d_o-scaled.jpg?resize=1400%2C800&ssl=1 4x"},"classes":[]},{"id":167482,"url":"https:\/\/errr-magazine.com\/english\/compiladora\/","url_meta":{"origin":150908,"position":3},"title":"Compiladora","author":"Adriana Balderas","date":"03\/25\/2021","format":false,"excerpt":"El destino me ha llevado por un camino que no es m\u00edo. He recorrido tantos que no s\u00e9 cual ha sido el indicado, s\u00f3lo s\u00e9 que he aprendido de mis tropiezos y fracasos.","rel":"","context":"In &quot;Textos&quot;","block_context":{"text":"Textos","link":"https:\/\/errr-magazine.com\/english\/category\/textos\/"},"img":{"alt_text":"","src":"https:\/\/i0.wp.com\/errr-magazine.com\/wp-content\/uploads\/2021\/02\/49869760582_85129da841_o1-scaled.jpg?resize=350%2C200&ssl=1","width":350,"height":200,"srcset":"https:\/\/i0.wp.com\/errr-magazine.com\/wp-content\/uploads\/2021\/02\/49869760582_85129da841_o1-scaled.jpg?resize=350%2C200&ssl=1 1x, https:\/\/i0.wp.com\/errr-magazine.com\/wp-content\/uploads\/2021\/02\/49869760582_85129da841_o1-scaled.jpg?resize=525%2C300&ssl=1 1.5x, https:\/\/i0.wp.com\/errr-magazine.com\/wp-content\/uploads\/2021\/02\/49869760582_85129da841_o1-scaled.jpg?resize=700%2C400&ssl=1 2x, https:\/\/i0.wp.com\/errr-magazine.com\/wp-content\/uploads\/2021\/02\/49869760582_85129da841_o1-scaled.jpg?resize=1050%2C600&ssl=1 3x, https:\/\/i0.wp.com\/errr-magazine.com\/wp-content\/uploads\/2021\/02\/49869760582_85129da841_o1-scaled.jpg?resize=1400%2C800&ssl=1 4x"},"classes":[]},{"id":197411,"url":"https:\/\/errr-magazine.com\/english\/dejarse-llevar\/","url_meta":{"origin":150908,"position":4},"title":"The flow","author":"Micha\u00eblis Moshe","date":"01\/12\/2026","format":false,"excerpt":"I\u2019ve learned to think a little bit more about the shots that I want, and I\u2019ve also unlearned the need to focus on getting the perfect picture while working on such a project. I think when you think less, you naturally create something more coherent.","rel":"","context":"In &quot;Artes visuales&quot;","block_context":{"text":"Artes visuales","link":"https:\/\/errr-magazine.com\/english\/category\/interviews\/artes-visuales\/"},"img":{"alt_text":"","src":"https:\/\/i0.wp.com\/errr-magazine.com\/wp-content\/uploads\/2026\/01\/100775500017.jpg?resize=350%2C200&ssl=1","width":350,"height":200,"srcset":"https:\/\/i0.wp.com\/errr-magazine.com\/wp-content\/uploads\/2026\/01\/100775500017.jpg?resize=350%2C200&ssl=1 1x, https:\/\/i0.wp.com\/errr-magazine.com\/wp-content\/uploads\/2026\/01\/100775500017.jpg?resize=525%2C300&ssl=1 1.5x, https:\/\/i0.wp.com\/errr-magazine.com\/wp-content\/uploads\/2026\/01\/100775500017.jpg?resize=700%2C400&ssl=1 2x"},"classes":[]},{"id":158613,"url":"https:\/\/errr-magazine.com\/english\/que-es-2\/","url_meta":{"origin":150908,"position":5},"title":"\u00bfQu\u00e9 es?","author":"Bunny","date":"04\/25\/2020","format":false,"excerpt":"Desde muy peque\u00f1a era demasiado ansiosa, mov\u00eda mis piernitas gordas bruscamente porque ya quer\u00eda la mamila con leche caliente sin importar que eso quemara, en el kinder molestaba a todo el mundo por igual y siempre llamaban a mis pap\u00e1s, no s\u00f3lo para acusarme por llevarme pesado con los ni\u00f1os\u2026","rel":"","context":"In &quot;Textos&quot;","block_context":{"text":"Textos","link":"https:\/\/errr-magazine.com\/english\/category\/textos\/"},"img":{"alt_text":"","src":"","width":0,"height":0},"classes":[]}],"jetpack_sharing_enabled":true,"mfb_rest_fields":["title","yoast_head","yoast_head_json","jetpack_featured_media_url","jetpack-related-posts","jetpack_sharing_enabled"],"_links":{"self":[{"href":"https:\/\/errr-magazine.com\/english\/wp-json\/wp\/v2\/posts\/150908","targetHints":{"allow":["GET"]}}],"collection":[{"href":"https:\/\/errr-magazine.com\/english\/wp-json\/wp\/v2\/posts"}],"about":[{"href":"https:\/\/errr-magazine.com\/english\/wp-json\/wp\/v2\/types\/post"}],"author":[{"embeddable":true,"href":"https:\/\/errr-magazine.com\/english\/wp-json\/wp\/v2\/users\/1700"}],"replies":[{"embeddable":true,"href":"https:\/\/errr-magazine.com\/english\/wp-json\/wp\/v2\/comments?post=150908"}],"version-history":[{"count":3,"href":"https:\/\/errr-magazine.com\/english\/wp-json\/wp\/v2\/posts\/150908\/revisions"}],"predecessor-version":[{"id":151050,"href":"https:\/\/errr-magazine.com\/english\/wp-json\/wp\/v2\/posts\/150908\/revisions\/151050"}],"wp:attachment":[{"href":"https:\/\/errr-magazine.com\/english\/wp-json\/wp\/v2\/media?parent=150908"}],"wp:term":[{"taxonomy":"category","embeddable":true,"href":"https:\/\/errr-magazine.com\/english\/wp-json\/wp\/v2\/categories?post=150908"},{"taxonomy":"post_tag","embeddable":true,"href":"https:\/\/errr-magazine.com\/english\/wp-json\/wp\/v2\/tags?post=150908"}],"curies":[{"name":"wp","href":"https:\/\/api.w.org\/{rel}","templated":true}]}}