{"id":150111,"date":"2019-10-26T09:51:29","date_gmt":"2019-10-25T22:51:29","guid":{"rendered":"http:\/\/errr-magazine.com\/?p=150111"},"modified":"2022-08-31T01:30:03","modified_gmt":"2022-08-31T06:30:03","slug":"memoria-selectiva","status":"publish","type":"post","link":"https:\/\/errr-magazine.com\/english\/memoria-selectiva\/","title":{"rendered":"Memoria selectiva"},"content":{"rendered":"<p>Ayer habl\u00e9 con mi abuela. Para ella \u2013que est\u00e1 en M\u00e9xico\u2013 era viernes por la tarde. Para m\u00ed \u2013que estoy en Australia\u2013 era s\u00e1bado por la ma\u00f1ana. En casa de los abuelos, los viernes son para brindar despu\u00e9s de la comida. Sonaban las copas a trav\u00e9s del tel\u00e9fono. Mi abuela mencion\u00f3 el nombre del vino con el que estaban brindando pero ya lo olvid\u00e9. Mi memoria es p\u00e9sima, aunque recuerdo bien el d\u00eda en que me dije a m\u00ed mismo: Abel, quiz\u00e1 lo mejor sea perder la memoria. Estudiaba la preparatoria. Un d\u00eda despu\u00e9s de clases, estaba platicando con Dana y de pronto se me vino ese pensamiento a la cabeza. <em>Perder la memoria<\/em>.<\/p>\n<p>Quiz\u00e1 no es tanto que se pierda sino que uno se hace m\u00e1s selectivo con lo que recuerda. No tienes mala memoria, tienes memoria selectiva, me dijo un d\u00eda Daniel.<\/p>\n<p>Con Bob escuch\u00e9 por primera vez a Galaxie 500. Est\u00e1bamos en su casa y puso <a href=\"https:\/\/www.youtube.com\/watch?v=1w9iv7RcmPM\" target=\"_blank\" rel=\"noopener\"><em>When Will You Come Home<\/em><\/a>. He escuchado demasiadas veces esa canci\u00f3n. La escuch\u00e9 tanto que ya no necesito escucharla m\u00e1s. Ahora prefiero o\u00edr <a href=\"https:\/\/www.youtube.com\/watch?v=CO29Pz2Hw5w\" target=\"_blank\" rel=\"noopener\"><em>Strange<\/em><\/a>.<\/p>","protected":false},"excerpt":{"rendered":"<p>Ayer habl\u00e9 con mi abuela. Para ella \u2013que est\u00e1 en M\u00e9xico\u2013 era viernes por la tarde. Para m\u00ed \u2013que estoy en Australia\u2013 era s\u00e1bado por la ma\u00f1ana. En casa de los abuelos, los viernes son para brindar despu\u00e9s de la comida. Sonaban las copas a trav\u00e9s del tel\u00e9fono. Mi abuela mencion\u00f3 el nombre del vino [&hellip;]<\/p>\n","protected":false},"author":5107,"featured_media":180676,"comment_status":"closed","ping_status":"closed","sticky":false,"template":"","format":"standard","meta":{"_acf_changed":false,"cybocfi_hide_featured_image":"","_jetpack_memberships_contains_paid_content":false,"footnotes":""},"categories":[17385],"tags":[],"class_list":["post-150111","post","type-post","status-publish","format-standard","has-post-thumbnail","hentry","category-writing"],"acf":[],"mb":[],"yoast_head":"<!-- This site is optimized with the Yoast SEO plugin v27.2 - https:\/\/yoast.com\/product\/yoast-seo-wordpress\/ -->\n<title>Memoria selectiva - ERRR MAGAZINE<\/title>\n<meta name=\"robots\" content=\"index, follow, max-snippet:-1, max-image-preview:large, max-video-preview:-1\" \/>\n<link rel=\"canonical\" href=\"https:\/\/errr-magazine.com\/english\/memoria-selectiva\/\" \/>\n<meta property=\"og:locale\" content=\"en_US\" \/>\n<meta property=\"og:type\" content=\"article\" \/>\n<meta property=\"og:title\" content=\"Memoria selectiva - ERRR MAGAZINE\" \/>\n<meta property=\"og:description\" content=\"Ayer habl\u00e9 con mi abuela. Para ella \u2013que est\u00e1 en M\u00e9xico\u2013 era viernes por la tarde. Para m\u00ed \u2013que estoy en Australia\u2013 era s\u00e1bado por la ma\u00f1ana. En casa de los abuelos, los viernes son para brindar despu\u00e9s de la comida. Sonaban las copas a trav\u00e9s del tel\u00e9fono. Mi abuela mencion\u00f3 el nombre del vino [&hellip;]\" \/>\n<meta property=\"og:url\" content=\"https:\/\/errr-magazine.com\/english\/memoria-selectiva\/\" \/>\n<meta property=\"og:site_name\" content=\"ERRR MAGAZINE\" \/>\n<meta property=\"article:author\" content=\"https:\/\/www.facebook.com\/abelibanezg\" \/>\n<meta property=\"article:published_time\" content=\"2019-10-25T22:51:29+00:00\" \/>\n<meta property=\"article:modified_time\" content=\"2022-08-31T06:30:03+00:00\" \/>\n<meta property=\"og:image\" content=\"https:\/\/errr-magazine.com\/wp-content\/uploads\/2019\/10\/8385251170_fc3f67db26_k.jpg\" \/>\n\t<meta property=\"og:image:width\" content=\"2048\" \/>\n\t<meta property=\"og:image:height\" content=\"1365\" \/>\n\t<meta property=\"og:image:type\" content=\"image\/jpeg\" \/>\n<meta name=\"author\" content=\"Abel Ib\u00e1\u00f1ez G.\" \/>\n<meta name=\"twitter:card\" content=\"summary_large_image\" \/>\n<meta name=\"twitter:creator\" content=\"@abelibanezg\" \/>\n<meta name=\"twitter:label1\" content=\"Written by\" \/>\n\t<meta name=\"twitter:data1\" content=\"Abel Ib\u00e1\u00f1ez G.\" \/>\n\t<meta name=\"twitter:label2\" content=\"Est. reading time\" \/>\n\t<meta name=\"twitter:data2\" content=\"1 minute\" \/>\n<script type=\"application\/ld+json\" class=\"yoast-schema-graph\">{\"@context\":\"https:\/\/schema.org\",\"@graph\":[{\"@type\":\"Article\",\"@id\":\"https:\/\/errr-magazine.com\/memoria-selectiva\/#article\",\"isPartOf\":{\"@id\":\"https:\/\/errr-magazine.com\/memoria-selectiva\/\"},\"author\":{\"name\":\"Abel Ib\u00e1\u00f1ez G.\",\"@id\":\"https:\/\/errr-magazine.com\/#\/schema\/person\/f62c537ffbde4dca40b5f2e6f9d9da24\"},\"headline\":\"Memoria selectiva\",\"datePublished\":\"2019-10-25T22:51:29+00:00\",\"dateModified\":\"2022-08-31T06:30:03+00:00\",\"mainEntityOfPage\":{\"@id\":\"https:\/\/errr-magazine.com\/memoria-selectiva\/\"},\"wordCount\":200,\"image\":{\"@id\":\"https:\/\/errr-magazine.com\/memoria-selectiva\/#primaryimage\"},\"thumbnailUrl\":\"https:\/\/errr-magazine.com\/wp-content\/uploads\/2019\/10\/8385251170_fc3f67db26_k.jpg\",\"articleSection\":[\"Writing\"],\"inLanguage\":\"en-US\"},{\"@type\":\"WebPage\",\"@id\":\"https:\/\/errr-magazine.com\/memoria-selectiva\/\",\"url\":\"https:\/\/errr-magazine.com\/memoria-selectiva\/\",\"name\":\"Memoria selectiva - ERRR MAGAZINE\",\"isPartOf\":{\"@id\":\"https:\/\/errr-magazine.com\/#website\"},\"primaryImageOfPage\":{\"@id\":\"https:\/\/errr-magazine.com\/memoria-selectiva\/#primaryimage\"},\"image\":{\"@id\":\"https:\/\/errr-magazine.com\/memoria-selectiva\/#primaryimage\"},\"thumbnailUrl\":\"https:\/\/errr-magazine.com\/wp-content\/uploads\/2019\/10\/8385251170_fc3f67db26_k.jpg\",\"datePublished\":\"2019-10-25T22:51:29+00:00\",\"dateModified\":\"2022-08-31T06:30:03+00:00\",\"author\":{\"@id\":\"https:\/\/errr-magazine.com\/#\/schema\/person\/f62c537ffbde4dca40b5f2e6f9d9da24\"},\"breadcrumb\":{\"@id\":\"https:\/\/errr-magazine.com\/memoria-selectiva\/#breadcrumb\"},\"inLanguage\":\"en-US\",\"potentialAction\":[{\"@type\":\"ReadAction\",\"target\":[\"https:\/\/errr-magazine.com\/memoria-selectiva\/\"]}]},{\"@type\":\"ImageObject\",\"inLanguage\":\"en-US\",\"@id\":\"https:\/\/errr-magazine.com\/memoria-selectiva\/#primaryimage\",\"url\":\"https:\/\/errr-magazine.com\/wp-content\/uploads\/2019\/10\/8385251170_fc3f67db26_k.jpg\",\"contentUrl\":\"https:\/\/errr-magazine.com\/wp-content\/uploads\/2019\/10\/8385251170_fc3f67db26_k.jpg\",\"width\":2048,\"height\":1365,\"caption\":\"Fotograf\u00eda por Kory Westerhold\"},{\"@type\":\"BreadcrumbList\",\"@id\":\"https:\/\/errr-magazine.com\/memoria-selectiva\/#breadcrumb\",\"itemListElement\":[{\"@type\":\"ListItem\",\"position\":1,\"name\":\"Portada\",\"item\":\"https:\/\/errr-magazine.com\/\"},{\"@type\":\"ListItem\",\"position\":2,\"name\":\"Memoria selectiva\"}]},{\"@type\":\"WebSite\",\"@id\":\"https:\/\/errr-magazine.com\/#website\",\"url\":\"https:\/\/errr-magazine.com\/\",\"name\":\"ERRR MAGAZINE\",\"description\":\"\",\"potentialAction\":[{\"@type\":\"SearchAction\",\"target\":{\"@type\":\"EntryPoint\",\"urlTemplate\":\"https:\/\/errr-magazine.com\/?s={search_term_string}\"},\"query-input\":{\"@type\":\"PropertyValueSpecification\",\"valueRequired\":true,\"valueName\":\"search_term_string\"}}],\"inLanguage\":\"en-US\"},{\"@type\":\"Person\",\"@id\":\"https:\/\/errr-magazine.com\/#\/schema\/person\/f62c537ffbde4dca40b5f2e6f9d9da24\",\"name\":\"Abel Ib\u00e1\u00f1ez G.\",\"image\":{\"@type\":\"ImageObject\",\"inLanguage\":\"en-US\",\"@id\":\"https:\/\/secure.gravatar.com\/avatar\/803b247ff6bba699924001695c75cae8a6b97e6d784cd3f9f114b6fd1b517da3?s=96&d=identicon&r=g\",\"url\":\"https:\/\/secure.gravatar.com\/avatar\/803b247ff6bba699924001695c75cae8a6b97e6d784cd3f9f114b6fd1b517da3?s=96&d=identicon&r=g\",\"contentUrl\":\"https:\/\/secure.gravatar.com\/avatar\/803b247ff6bba699924001695c75cae8a6b97e6d784cd3f9f114b6fd1b517da3?s=96&d=identicon&r=g\",\"caption\":\"Abel Ib\u00e1\u00f1ez G.\"},\"description\":\"camino en c\u00edrculos \u2022 miro el mar\",\"sameAs\":[\"https:\/\/abelibanezg.com\/\",\"https:\/\/www.facebook.com\/abelibanezg\",\"https:\/\/www.instagram.com\/abelibanezg\",\"https:\/\/x.com\/abelibanezg\"],\"url\":\"https:\/\/errr-magazine.com\/english\/author\/abelibanezg\/\"}]}<\/script>\n<!-- \/ Yoast SEO plugin. -->","yoast_head_json":{"title":"Memoria selectiva - ERRR MAGAZINE","robots":{"index":"index","follow":"follow","max-snippet":"max-snippet:-1","max-image-preview":"max-image-preview:large","max-video-preview":"max-video-preview:-1"},"canonical":"https:\/\/errr-magazine.com\/english\/memoria-selectiva\/","og_locale":"en_US","og_type":"article","og_title":"Memoria selectiva - ERRR MAGAZINE","og_description":"Ayer habl\u00e9 con mi abuela. Para ella \u2013que est\u00e1 en M\u00e9xico\u2013 era viernes por la tarde. Para m\u00ed \u2013que estoy en Australia\u2013 era s\u00e1bado por la ma\u00f1ana. En casa de los abuelos, los viernes son para brindar despu\u00e9s de la comida. Sonaban las copas a trav\u00e9s del tel\u00e9fono. Mi abuela mencion\u00f3 el nombre del vino [&hellip;]","og_url":"https:\/\/errr-magazine.com\/english\/memoria-selectiva\/","og_site_name":"ERRR MAGAZINE","article_author":"https:\/\/www.facebook.com\/abelibanezg","article_published_time":"2019-10-25T22:51:29+00:00","article_modified_time":"2022-08-31T06:30:03+00:00","og_image":[{"width":2048,"height":1365,"url":"https:\/\/errr-magazine.com\/wp-content\/uploads\/2019\/10\/8385251170_fc3f67db26_k.jpg","type":"image\/jpeg"}],"author":"Abel Ib\u00e1\u00f1ez G.","twitter_card":"summary_large_image","twitter_creator":"@abelibanezg","twitter_misc":{"Written by":"Abel Ib\u00e1\u00f1ez G.","Est. reading time":"1 minute"},"schema":{"@context":"https:\/\/schema.org","@graph":[{"@type":"Article","@id":"https:\/\/errr-magazine.com\/memoria-selectiva\/#article","isPartOf":{"@id":"https:\/\/errr-magazine.com\/memoria-selectiva\/"},"author":{"name":"Abel Ib\u00e1\u00f1ez G.","@id":"https:\/\/errr-magazine.com\/#\/schema\/person\/f62c537ffbde4dca40b5f2e6f9d9da24"},"headline":"Memoria selectiva","datePublished":"2019-10-25T22:51:29+00:00","dateModified":"2022-08-31T06:30:03+00:00","mainEntityOfPage":{"@id":"https:\/\/errr-magazine.com\/memoria-selectiva\/"},"wordCount":200,"image":{"@id":"https:\/\/errr-magazine.com\/memoria-selectiva\/#primaryimage"},"thumbnailUrl":"https:\/\/errr-magazine.com\/wp-content\/uploads\/2019\/10\/8385251170_fc3f67db26_k.jpg","articleSection":["Writing"],"inLanguage":"en-US"},{"@type":"WebPage","@id":"https:\/\/errr-magazine.com\/memoria-selectiva\/","url":"https:\/\/errr-magazine.com\/memoria-selectiva\/","name":"Memoria selectiva - ERRR MAGAZINE","isPartOf":{"@id":"https:\/\/errr-magazine.com\/#website"},"primaryImageOfPage":{"@id":"https:\/\/errr-magazine.com\/memoria-selectiva\/#primaryimage"},"image":{"@id":"https:\/\/errr-magazine.com\/memoria-selectiva\/#primaryimage"},"thumbnailUrl":"https:\/\/errr-magazine.com\/wp-content\/uploads\/2019\/10\/8385251170_fc3f67db26_k.jpg","datePublished":"2019-10-25T22:51:29+00:00","dateModified":"2022-08-31T06:30:03+00:00","author":{"@id":"https:\/\/errr-magazine.com\/#\/schema\/person\/f62c537ffbde4dca40b5f2e6f9d9da24"},"breadcrumb":{"@id":"https:\/\/errr-magazine.com\/memoria-selectiva\/#breadcrumb"},"inLanguage":"en-US","potentialAction":[{"@type":"ReadAction","target":["https:\/\/errr-magazine.com\/memoria-selectiva\/"]}]},{"@type":"ImageObject","inLanguage":"en-US","@id":"https:\/\/errr-magazine.com\/memoria-selectiva\/#primaryimage","url":"https:\/\/errr-magazine.com\/wp-content\/uploads\/2019\/10\/8385251170_fc3f67db26_k.jpg","contentUrl":"https:\/\/errr-magazine.com\/wp-content\/uploads\/2019\/10\/8385251170_fc3f67db26_k.jpg","width":2048,"height":1365,"caption":"Fotograf\u00eda por Kory Westerhold"},{"@type":"BreadcrumbList","@id":"https:\/\/errr-magazine.com\/memoria-selectiva\/#breadcrumb","itemListElement":[{"@type":"ListItem","position":1,"name":"Portada","item":"https:\/\/errr-magazine.com\/"},{"@type":"ListItem","position":2,"name":"Memoria selectiva"}]},{"@type":"WebSite","@id":"https:\/\/errr-magazine.com\/#website","url":"https:\/\/errr-magazine.com\/","name":"ERRR MAGAZINE","description":"","potentialAction":[{"@type":"SearchAction","target":{"@type":"EntryPoint","urlTemplate":"https:\/\/errr-magazine.com\/?s={search_term_string}"},"query-input":{"@type":"PropertyValueSpecification","valueRequired":true,"valueName":"search_term_string"}}],"inLanguage":"en-US"},{"@type":"Person","@id":"https:\/\/errr-magazine.com\/#\/schema\/person\/f62c537ffbde4dca40b5f2e6f9d9da24","name":"Abel Iba\u00f1ez G.","image":{"@type":"ImageObject","inLanguage":"en-US","@id":"https:\/\/secure.gravatar.com\/avatar\/803b247ff6bba699924001695c75cae8a6b97e6d784cd3f9f114b6fd1b517da3?s=96&d=identicon&r=g","url":"https:\/\/secure.gravatar.com\/avatar\/803b247ff6bba699924001695c75cae8a6b97e6d784cd3f9f114b6fd1b517da3?s=96&d=identicon&r=g","contentUrl":"https:\/\/secure.gravatar.com\/avatar\/803b247ff6bba699924001695c75cae8a6b97e6d784cd3f9f114b6fd1b517da3?s=96&d=identicon&r=g","caption":"Abel Ib\u00e1\u00f1ez G."},"description":"I walk in circles - I look at the sea","sameAs":["https:\/\/abelibanezg.com\/","https:\/\/www.facebook.com\/abelibanezg","https:\/\/www.instagram.com\/abelibanezg","https:\/\/x.com\/abelibanezg"],"url":"https:\/\/errr-magazine.com\/english\/author\/abelibanezg\/"}]}},"jetpack_featured_media_url":"https:\/\/errr-magazine.com\/wp-content\/uploads\/2019\/10\/8385251170_fc3f67db26_k.jpg","jetpack-related-posts":[{"id":149733,"url":"https:\/\/errr-magazine.com\/english\/el-planeta-se-incendia\/","url_meta":{"origin":150111,"position":0},"title":"El planeta se incendia","author":"Abel Ib\u00e1\u00f1ez G.","date":"11\/01\/2019","format":false,"excerpt":"Hoy la ciudad est\u00e1 llena de humo. En alg\u00fan lugar cercano se quema un bosque. Mi abuelo decidi\u00f3 unirse a la Fuerza de Bomberos: el mes pasado lo operaron de la pr\u00f3stata y ha estado orinando con gran potencia, dice la abuela. Cuando Jos\u00e9 Luis a\u00fan viv\u00eda, le suger\u00ed que\u2026","rel":"","context":"In &quot;Writing&quot;","block_context":{"text":"Writing","link":"https:\/\/errr-magazine.com\/english\/category\/writing\/"},"img":{"alt_text":"","src":"https:\/\/i0.wp.com\/errr-magazine.com\/wp-content\/uploads\/2019\/11\/7426697424_d533bb98f7_k.jpg?resize=350%2C200&ssl=1","width":350,"height":200,"srcset":"https:\/\/i0.wp.com\/errr-magazine.com\/wp-content\/uploads\/2019\/11\/7426697424_d533bb98f7_k.jpg?resize=350%2C200&ssl=1 1x, https:\/\/i0.wp.com\/errr-magazine.com\/wp-content\/uploads\/2019\/11\/7426697424_d533bb98f7_k.jpg?resize=525%2C300&ssl=1 1.5x, https:\/\/i0.wp.com\/errr-magazine.com\/wp-content\/uploads\/2019\/11\/7426697424_d533bb98f7_k.jpg?resize=700%2C400&ssl=1 2x, https:\/\/i0.wp.com\/errr-magazine.com\/wp-content\/uploads\/2019\/11\/7426697424_d533bb98f7_k.jpg?resize=1050%2C600&ssl=1 3x, https:\/\/i0.wp.com\/errr-magazine.com\/wp-content\/uploads\/2019\/11\/7426697424_d533bb98f7_k.jpg?resize=1400%2C800&ssl=1 4x"},"classes":[]},{"id":136061,"url":"https:\/\/errr-magazine.com\/english\/adios-artemis\/","url_meta":{"origin":150111,"position":1},"title":"Adi\u00f3s \u00c1rtemis","author":"Diana Monta\u00f1a","date":"07\/07\/2018","format":false,"excerpt":"Podr\u00eda durar a\u00f1os d\u00e1ndote avisos parroquiales \u2014como siempre lo he hecho\u2014 donde lo \u00fanico que te pido es lejan\u00eda y paz. Quiz\u00e1s este sea uno de ellos, quiz\u00e1s este sea el \u00faltimo. Las despedidas nunca han sido y nunca ser\u00e1n mi punto fuerte. Soy cobarde, lo s\u00e9. Tengo mil miedos\u2026","rel":"","context":"In &quot;Textos&quot;","block_context":{"text":"Textos","link":"https:\/\/errr-magazine.com\/english\/category\/textos\/"},"img":{"alt_text":"","src":"https:\/\/i0.wp.com\/errr-magazine.com\/wp-content\/uploads\/2018\/07\/tumblr_p9u6hg45DZ1qa2k9co1_1280.jpg?resize=350%2C200&ssl=1","width":350,"height":200,"srcset":"https:\/\/i0.wp.com\/errr-magazine.com\/wp-content\/uploads\/2018\/07\/tumblr_p9u6hg45DZ1qa2k9co1_1280.jpg?resize=350%2C200&ssl=1 1x, https:\/\/i0.wp.com\/errr-magazine.com\/wp-content\/uploads\/2018\/07\/tumblr_p9u6hg45DZ1qa2k9co1_1280.jpg?resize=525%2C300&ssl=1 1.5x, https:\/\/i0.wp.com\/errr-magazine.com\/wp-content\/uploads\/2018\/07\/tumblr_p9u6hg45DZ1qa2k9co1_1280.jpg?resize=700%2C400&ssl=1 2x, https:\/\/i0.wp.com\/errr-magazine.com\/wp-content\/uploads\/2018\/07\/tumblr_p9u6hg45DZ1qa2k9co1_1280.jpg?resize=1050%2C600&ssl=1 3x"},"classes":[]},{"id":194299,"url":"https:\/\/errr-magazine.com\/english\/romanticamente-solos\/","url_meta":{"origin":150111,"position":2},"title":"Romantically alone","author":"Yorjander Pe\u00f1a Rodr\u00edguez","date":"10\/08\/2025","format":false,"excerpt":"I wrote so I wouldn't die completely, basically that's what it was. This book was born at the moment I realized that absence had become a kind of home, and that the only way to survive was to learn to inhabit that gap without seeking to close it.","rel":"","context":"In &quot;Libros&quot;","block_context":{"text":"Libros","link":"https:\/\/errr-magazine.com\/english\/category\/interviews\/libros\/"},"img":{"alt_text":"","src":"https:\/\/i0.wp.com\/errr-magazine.com\/wp-content\/uploads\/2025\/10\/img-8201_EQIx0Vap-scaled.jpg?resize=350%2C200&ssl=1","width":350,"height":200,"srcset":"https:\/\/i0.wp.com\/errr-magazine.com\/wp-content\/uploads\/2025\/10\/img-8201_EQIx0Vap-scaled.jpg?resize=350%2C200&ssl=1 1x, https:\/\/i0.wp.com\/errr-magazine.com\/wp-content\/uploads\/2025\/10\/img-8201_EQIx0Vap-scaled.jpg?resize=525%2C300&ssl=1 1.5x, https:\/\/i0.wp.com\/errr-magazine.com\/wp-content\/uploads\/2025\/10\/img-8201_EQIx0Vap-scaled.jpg?resize=700%2C400&ssl=1 2x, https:\/\/i0.wp.com\/errr-magazine.com\/wp-content\/uploads\/2025\/10\/img-8201_EQIx0Vap-scaled.jpg?resize=1050%2C600&ssl=1 3x, https:\/\/i0.wp.com\/errr-magazine.com\/wp-content\/uploads\/2025\/10\/img-8201_EQIx0Vap-scaled.jpg?resize=1400%2C800&ssl=1 4x"},"classes":[]},{"id":167681,"url":"https:\/\/errr-magazine.com\/english\/chilean-electric\/","url_meta":{"origin":150111,"position":3},"title":"Chilean electric","author":"Polilla Librer\u00eda","date":"02\/22\/2021","format":false,"excerpt":"La escritura de Nona incomoda desde la espontaneidad y claridad con la que retrata la vida en los a\u00f1os de la Junta Militar. Entre hiperrealismo y ficci\u00f3n, la autora accede al conocimiento hist\u00f3rico a trav\u00e9s de la literatura. Chilean Electric, una de sus novelas cumbre, es un ensayo personal de\u2026","rel":"","context":"In &quot;Textos&quot;","block_context":{"text":"Textos","link":"https:\/\/errr-magazine.com\/english\/category\/textos\/"},"img":{"alt_text":"","src":"https:\/\/i0.wp.com\/errr-magazine.com\/wp-content\/uploads\/2021\/02\/50909515737_e56eb9a643_k.jpg?resize=350%2C200&ssl=1","width":350,"height":200,"srcset":"https:\/\/i0.wp.com\/errr-magazine.com\/wp-content\/uploads\/2021\/02\/50909515737_e56eb9a643_k.jpg?resize=350%2C200&ssl=1 1x, https:\/\/i0.wp.com\/errr-magazine.com\/wp-content\/uploads\/2021\/02\/50909515737_e56eb9a643_k.jpg?resize=525%2C300&ssl=1 1.5x, https:\/\/i0.wp.com\/errr-magazine.com\/wp-content\/uploads\/2021\/02\/50909515737_e56eb9a643_k.jpg?resize=700%2C400&ssl=1 2x, https:\/\/i0.wp.com\/errr-magazine.com\/wp-content\/uploads\/2021\/02\/50909515737_e56eb9a643_k.jpg?resize=1050%2C600&ssl=1 3x, https:\/\/i0.wp.com\/errr-magazine.com\/wp-content\/uploads\/2021\/02\/50909515737_e56eb9a643_k.jpg?resize=1400%2C800&ssl=1 4x"},"classes":[]},{"id":186876,"url":"https:\/\/errr-magazine.com\/english\/el-recuerdo-borroso\/","url_meta":{"origin":150111,"position":4},"title":"El recuerdo borroso","author":"Sof\u00eda Ron","date":"12\/08\/2023","format":false,"excerpt":"El proceso de hacer las fotograf\u00edas y solo tener la imagen vagamente en tu memoria hasta el momento de tener la hoja de contacto, cuando el recuerdo borroso pasa a ser algo tangible, fue lo que me inspir\u00f3 a seguir haciendo fotos hasta el d\u00eda de hoy.","rel":"","context":"In &quot;Interview&quot;","block_context":{"text":"Interview","link":"https:\/\/errr-magazine.com\/english\/category\/interviews\/"},"img":{"alt_text":"","src":"https:\/\/i0.wp.com\/errr-magazine.com\/wp-content\/uploads\/2023\/12\/Photo40_36A-2.jpg?resize=350%2C200&ssl=1","width":350,"height":200,"srcset":"https:\/\/i0.wp.com\/errr-magazine.com\/wp-content\/uploads\/2023\/12\/Photo40_36A-2.jpg?resize=350%2C200&ssl=1 1x, https:\/\/i0.wp.com\/errr-magazine.com\/wp-content\/uploads\/2023\/12\/Photo40_36A-2.jpg?resize=525%2C300&ssl=1 1.5x, https:\/\/i0.wp.com\/errr-magazine.com\/wp-content\/uploads\/2023\/12\/Photo40_36A-2.jpg?resize=700%2C400&ssl=1 2x, https:\/\/i0.wp.com\/errr-magazine.com\/wp-content\/uploads\/2023\/12\/Photo40_36A-2.jpg?resize=1050%2C600&ssl=1 3x, https:\/\/i0.wp.com\/errr-magazine.com\/wp-content\/uploads\/2023\/12\/Photo40_36A-2.jpg?resize=1400%2C800&ssl=1 4x"},"classes":[]},{"id":160783,"url":"https:\/\/errr-magazine.com\/english\/lo-ultimo-de-nosotros-la-otra-memoria\/","url_meta":{"origin":150111,"position":5},"title":"Lo \u00faltimo de nosotros (la otra memoria)","author":"Jorge G. Karam","date":"05\/31\/2020","format":false,"excerpt":"Consciente de que la memoria es una facultad que olvida, sin demora comenc\u00e9 a escribir, desde los recuerdos, las siguientes l\u00edneas: Eran las 6:16 de la ma\u00f1ana cuando de la nada un sentimiento opresivo multiplicado por mil, sacudi\u00f3 el hueco de mi pecho haciendo a mi coraz\u00f3n acelerarse y a\u2026","rel":"","context":"In &quot;Textos&quot;","block_context":{"text":"Textos","link":"https:\/\/errr-magazine.com\/english\/category\/textos\/"},"img":{"alt_text":"","src":"","width":0,"height":0},"classes":[]}],"jetpack_sharing_enabled":true,"mfb_rest_fields":["title","yoast_head","yoast_head_json","jetpack_featured_media_url","jetpack-related-posts","jetpack_sharing_enabled"],"_links":{"self":[{"href":"https:\/\/errr-magazine.com\/english\/wp-json\/wp\/v2\/posts\/150111","targetHints":{"allow":["GET"]}}],"collection":[{"href":"https:\/\/errr-magazine.com\/english\/wp-json\/wp\/v2\/posts"}],"about":[{"href":"https:\/\/errr-magazine.com\/english\/wp-json\/wp\/v2\/types\/post"}],"author":[{"embeddable":true,"href":"https:\/\/errr-magazine.com\/english\/wp-json\/wp\/v2\/users\/5107"}],"replies":[{"embeddable":true,"href":"https:\/\/errr-magazine.com\/english\/wp-json\/wp\/v2\/comments?post=150111"}],"version-history":[{"count":14,"href":"https:\/\/errr-magazine.com\/english\/wp-json\/wp\/v2\/posts\/150111\/revisions"}],"predecessor-version":[{"id":180677,"href":"https:\/\/errr-magazine.com\/english\/wp-json\/wp\/v2\/posts\/150111\/revisions\/180677"}],"wp:featuredmedia":[{"embeddable":true,"href":"https:\/\/errr-magazine.com\/english\/wp-json\/wp\/v2\/media\/180676"}],"wp:attachment":[{"href":"https:\/\/errr-magazine.com\/english\/wp-json\/wp\/v2\/media?parent=150111"}],"wp:term":[{"taxonomy":"category","embeddable":true,"href":"https:\/\/errr-magazine.com\/english\/wp-json\/wp\/v2\/categories?post=150111"},{"taxonomy":"post_tag","embeddable":true,"href":"https:\/\/errr-magazine.com\/english\/wp-json\/wp\/v2\/tags?post=150111"}],"curies":[{"name":"wp","href":"https:\/\/api.w.org\/{rel}","templated":true}]}}