{"id":149733,"date":"2019-11-01T01:00:57","date_gmt":"2019-10-31T14:00:57","guid":{"rendered":"http:\/\/errr-magazine.com\/?p=149733"},"modified":"2025-05-01T11:31:00","modified_gmt":"2025-05-01T17:31:00","slug":"el-planeta-se-incendia","status":"publish","type":"post","link":"https:\/\/errr-magazine.com\/english\/el-planeta-se-incendia\/","title":{"rendered":"El planeta se incendia"},"content":{"rendered":"<p>Hoy la ciudad est\u00e1 llena de humo. En alg\u00fan lugar cercano se quema un bosque. Mi abuelo decidi\u00f3 unirse a la Fuerza de Bomberos: el mes pasado lo operaron de la pr\u00f3stata y ha estado orinando con gran potencia, dice la abuela.<\/p>\n<p>Cuando Jos\u00e9 Luis a\u00fan viv\u00eda, le suger\u00ed que leyera <em>Las part\u00edculas elementales<\/em> de Michel Houellebecq. Creo que fue el \u00fanico libro que le recomend\u00e9 en los a\u00f1os que dur\u00f3 nuestra amistad. He le\u00eddo varias veces la novela, pero si alguien me preguntara de qu\u00e9 va, no sabr\u00eda c\u00f3mo contestarle. Mi memoria es selectiva. Cada vez que leo un libro que ya he le\u00eddo anteriormente, puedo disfrutarlo como si fuera la primera vez. No miento. Quiz\u00e1 exagero un poco.<\/p>\n<p>La nata densa y gris invade el aire. Me recuerda al lugar de donde vengo. Tambi\u00e9n me hace pensar en China. El planeta se incendia. Quiz\u00e1 todo esto est\u00e9 llegando a su final. Esto, sin embargo, s\u00ed lo recuerdo bien: la novela comienza en un tiempo <em>despu\u00e9s-del-ser-humano<\/em>, y habitan otros seres que \u2013con algo parecido a lo que nosotros llamamos <em>tristeza<\/em>\u2013 hablan de los humanos y de las vidas que llev\u00e1bamos en la Tierra.<\/p>\n<p>Es de esos libros que me hacen sentir acompa\u00f1ado. Cuando empec\u00e9 a vivir en Australia, consegu\u00ed un ejemplar de segunda mano. Se lo prest\u00e9 a James pero nos dejamos de hablar despu\u00e9s de un peque\u00f1o altercado. No supe si lo ley\u00f3. No me lo devolvi\u00f3 as\u00ed que la esperanza no ha muerto. S\u00e9 que Jos\u00e9 Luis no lo ley\u00f3: cada vez que le preguntaba me dec\u00eda que le daba flojera. Ahora ya es tarde, Jos\u00e9 Luis ha muerto y no se puede hacer nada.<\/p>\n<p>Pienso que Houellebecq deber\u00eda unirse tambi\u00e9n a la Fuerza de Bomberos. Siempre que lo veo en fotos o entrevistas, sale fumando. Imagino que debe ser un experto en chispas, fuegos, humos y cenizas. Fuma uno tras otro. <em>Chain-smoking<\/em>, dicen en Australia. Es posible que Houellebecq haya provocado el incendio en ese bosque de donde llega el humo hoy a esta ciudad. O, si no fue \u00e9l, quiz\u00e1 fue alguien que fuma como \u00e9l. Y, si fue as\u00ed, ojal\u00e1 que por lo menos escriba novelas como las suyas. Me gustar\u00eda leerlas.<\/p>","protected":false},"excerpt":{"rendered":"<p>Hoy la ciudad est\u00e1 llena de humo. En alg\u00fan lugar cercano se quema un bosque. Mi abuelo decidi\u00f3 unirse a la Fuerza de Bomberos: el mes pasado lo operaron de la pr\u00f3stata y ha estado orinando con gran potencia, dice la abuela. Cuando Jos\u00e9 Luis a\u00fan viv\u00eda, le suger\u00ed que leyera Las part\u00edculas elementales de [&hellip;]<\/p>\n","protected":false},"author":5107,"featured_media":180673,"comment_status":"closed","ping_status":"closed","sticky":false,"template":"","format":"standard","meta":{"_acf_changed":false,"cybocfi_hide_featured_image":"","_jetpack_memberships_contains_paid_content":false,"footnotes":""},"categories":[17385],"tags":[],"class_list":["post-149733","post","type-post","status-publish","format-standard","has-post-thumbnail","hentry","category-writing"],"acf":[],"mb":[],"yoast_head":"<!-- This site is optimized with the Yoast SEO plugin v27.2 - https:\/\/yoast.com\/product\/yoast-seo-wordpress\/ -->\n<title>El planeta se incendia - ERRR MAGAZINE<\/title>\n<meta name=\"robots\" content=\"index, follow, max-snippet:-1, max-image-preview:large, max-video-preview:-1\" \/>\n<link rel=\"canonical\" href=\"https:\/\/errr-magazine.com\/english\/el-planeta-se-incendia\/\" \/>\n<meta property=\"og:locale\" content=\"en_US\" \/>\n<meta property=\"og:type\" content=\"article\" \/>\n<meta property=\"og:title\" content=\"El planeta se incendia - ERRR MAGAZINE\" \/>\n<meta property=\"og:description\" content=\"Hoy la ciudad est\u00e1 llena de humo. En alg\u00fan lugar cercano se quema un bosque. Mi abuelo decidi\u00f3 unirse a la Fuerza de Bomberos: el mes pasado lo operaron de la pr\u00f3stata y ha estado orinando con gran potencia, dice la abuela. Cuando Jos\u00e9 Luis a\u00fan viv\u00eda, le suger\u00ed que leyera Las part\u00edculas elementales de [&hellip;]\" \/>\n<meta property=\"og:url\" content=\"https:\/\/errr-magazine.com\/english\/el-planeta-se-incendia\/\" \/>\n<meta property=\"og:site_name\" content=\"ERRR MAGAZINE\" \/>\n<meta property=\"article:author\" content=\"https:\/\/www.facebook.com\/abelibanezg\" \/>\n<meta property=\"article:published_time\" content=\"2019-10-31T14:00:57+00:00\" \/>\n<meta property=\"article:modified_time\" content=\"2025-05-01T17:31:00+00:00\" \/>\n<meta property=\"og:image\" content=\"https:\/\/errr-magazine.com\/wp-content\/uploads\/2019\/11\/7426697424_d533bb98f7_k.jpg\" \/>\n\t<meta property=\"og:image:width\" content=\"2047\" \/>\n\t<meta property=\"og:image:height\" content=\"1360\" \/>\n\t<meta property=\"og:image:type\" content=\"image\/jpeg\" \/>\n<meta name=\"author\" content=\"Abel Ib\u00e1\u00f1ez G.\" \/>\n<meta name=\"twitter:card\" content=\"summary_large_image\" \/>\n<meta name=\"twitter:creator\" content=\"@abelibanezg\" \/>\n<meta name=\"twitter:label1\" content=\"Written by\" \/>\n\t<meta name=\"twitter:data1\" content=\"Abel Ib\u00e1\u00f1ez G.\" \/>\n\t<meta name=\"twitter:label2\" content=\"Est. reading time\" \/>\n\t<meta name=\"twitter:data2\" content=\"2 minutes\" \/>\n<script type=\"application\/ld+json\" class=\"yoast-schema-graph\">{\"@context\":\"https:\/\/schema.org\",\"@graph\":[{\"@type\":\"Article\",\"@id\":\"https:\/\/errr-magazine.com\/el-planeta-se-incendia\/#article\",\"isPartOf\":{\"@id\":\"https:\/\/errr-magazine.com\/el-planeta-se-incendia\/\"},\"author\":{\"name\":\"Abel Ib\u00e1\u00f1ez G.\",\"@id\":\"https:\/\/errr-magazine.com\/#\/schema\/person\/f62c537ffbde4dca40b5f2e6f9d9da24\"},\"headline\":\"El planeta se incendia\",\"datePublished\":\"2019-10-31T14:00:57+00:00\",\"dateModified\":\"2025-05-01T17:31:00+00:00\",\"mainEntityOfPage\":{\"@id\":\"https:\/\/errr-magazine.com\/el-planeta-se-incendia\/\"},\"wordCount\":392,\"image\":{\"@id\":\"https:\/\/errr-magazine.com\/el-planeta-se-incendia\/#primaryimage\"},\"thumbnailUrl\":\"https:\/\/errr-magazine.com\/wp-content\/uploads\/2019\/11\/7426697424_d533bb98f7_k.jpg\",\"articleSection\":[\"Writing\"],\"inLanguage\":\"en-US\"},{\"@type\":\"WebPage\",\"@id\":\"https:\/\/errr-magazine.com\/el-planeta-se-incendia\/\",\"url\":\"https:\/\/errr-magazine.com\/el-planeta-se-incendia\/\",\"name\":\"El planeta se incendia - ERRR MAGAZINE\",\"isPartOf\":{\"@id\":\"https:\/\/errr-magazine.com\/#website\"},\"primaryImageOfPage\":{\"@id\":\"https:\/\/errr-magazine.com\/el-planeta-se-incendia\/#primaryimage\"},\"image\":{\"@id\":\"https:\/\/errr-magazine.com\/el-planeta-se-incendia\/#primaryimage\"},\"thumbnailUrl\":\"https:\/\/errr-magazine.com\/wp-content\/uploads\/2019\/11\/7426697424_d533bb98f7_k.jpg\",\"datePublished\":\"2019-10-31T14:00:57+00:00\",\"dateModified\":\"2025-05-01T17:31:00+00:00\",\"author\":{\"@id\":\"https:\/\/errr-magazine.com\/#\/schema\/person\/f62c537ffbde4dca40b5f2e6f9d9da24\"},\"breadcrumb\":{\"@id\":\"https:\/\/errr-magazine.com\/el-planeta-se-incendia\/#breadcrumb\"},\"inLanguage\":\"en-US\",\"potentialAction\":[{\"@type\":\"ReadAction\",\"target\":[\"https:\/\/errr-magazine.com\/el-planeta-se-incendia\/\"]}]},{\"@type\":\"ImageObject\",\"inLanguage\":\"en-US\",\"@id\":\"https:\/\/errr-magazine.com\/el-planeta-se-incendia\/#primaryimage\",\"url\":\"https:\/\/errr-magazine.com\/wp-content\/uploads\/2019\/11\/7426697424_d533bb98f7_k.jpg\",\"contentUrl\":\"https:\/\/errr-magazine.com\/wp-content\/uploads\/2019\/11\/7426697424_d533bb98f7_k.jpg\",\"width\":2047,\"height\":1360,\"caption\":\"Fotograf\u00eda por Diego Arrighetti\"},{\"@type\":\"BreadcrumbList\",\"@id\":\"https:\/\/errr-magazine.com\/el-planeta-se-incendia\/#breadcrumb\",\"itemListElement\":[{\"@type\":\"ListItem\",\"position\":1,\"name\":\"Portada\",\"item\":\"https:\/\/errr-magazine.com\/\"},{\"@type\":\"ListItem\",\"position\":2,\"name\":\"El planeta se incendia\"}]},{\"@type\":\"WebSite\",\"@id\":\"https:\/\/errr-magazine.com\/#website\",\"url\":\"https:\/\/errr-magazine.com\/\",\"name\":\"ERRR MAGAZINE\",\"description\":\"\",\"potentialAction\":[{\"@type\":\"SearchAction\",\"target\":{\"@type\":\"EntryPoint\",\"urlTemplate\":\"https:\/\/errr-magazine.com\/?s={search_term_string}\"},\"query-input\":{\"@type\":\"PropertyValueSpecification\",\"valueRequired\":true,\"valueName\":\"search_term_string\"}}],\"inLanguage\":\"en-US\"},{\"@type\":\"Person\",\"@id\":\"https:\/\/errr-magazine.com\/#\/schema\/person\/f62c537ffbde4dca40b5f2e6f9d9da24\",\"name\":\"Abel Ib\u00e1\u00f1ez G.\",\"image\":{\"@type\":\"ImageObject\",\"inLanguage\":\"en-US\",\"@id\":\"https:\/\/secure.gravatar.com\/avatar\/803b247ff6bba699924001695c75cae8a6b97e6d784cd3f9f114b6fd1b517da3?s=96&d=identicon&r=g\",\"url\":\"https:\/\/secure.gravatar.com\/avatar\/803b247ff6bba699924001695c75cae8a6b97e6d784cd3f9f114b6fd1b517da3?s=96&d=identicon&r=g\",\"contentUrl\":\"https:\/\/secure.gravatar.com\/avatar\/803b247ff6bba699924001695c75cae8a6b97e6d784cd3f9f114b6fd1b517da3?s=96&d=identicon&r=g\",\"caption\":\"Abel Ib\u00e1\u00f1ez G.\"},\"description\":\"camino en c\u00edrculos \u2022 miro el mar\",\"sameAs\":[\"https:\/\/abelibanezg.com\/\",\"https:\/\/www.facebook.com\/abelibanezg\",\"https:\/\/www.instagram.com\/abelibanezg\",\"https:\/\/x.com\/abelibanezg\"],\"url\":\"https:\/\/errr-magazine.com\/english\/author\/abelibanezg\/\"}]}<\/script>\n<!-- \/ Yoast SEO plugin. -->","yoast_head_json":{"title":"El planeta se incendia - ERRR MAGAZINE","robots":{"index":"index","follow":"follow","max-snippet":"max-snippet:-1","max-image-preview":"max-image-preview:large","max-video-preview":"max-video-preview:-1"},"canonical":"https:\/\/errr-magazine.com\/english\/el-planeta-se-incendia\/","og_locale":"en_US","og_type":"article","og_title":"El planeta se incendia - ERRR MAGAZINE","og_description":"Hoy la ciudad est\u00e1 llena de humo. En alg\u00fan lugar cercano se quema un bosque. Mi abuelo decidi\u00f3 unirse a la Fuerza de Bomberos: el mes pasado lo operaron de la pr\u00f3stata y ha estado orinando con gran potencia, dice la abuela. Cuando Jos\u00e9 Luis a\u00fan viv\u00eda, le suger\u00ed que leyera Las part\u00edculas elementales de [&hellip;]","og_url":"https:\/\/errr-magazine.com\/english\/el-planeta-se-incendia\/","og_site_name":"ERRR MAGAZINE","article_author":"https:\/\/www.facebook.com\/abelibanezg","article_published_time":"2019-10-31T14:00:57+00:00","article_modified_time":"2025-05-01T17:31:00+00:00","og_image":[{"width":2047,"height":1360,"url":"https:\/\/errr-magazine.com\/wp-content\/uploads\/2019\/11\/7426697424_d533bb98f7_k.jpg","type":"image\/jpeg"}],"author":"Abel Ib\u00e1\u00f1ez G.","twitter_card":"summary_large_image","twitter_creator":"@abelibanezg","twitter_misc":{"Written by":"Abel Ib\u00e1\u00f1ez G.","Est. reading time":"2 minutes"},"schema":{"@context":"https:\/\/schema.org","@graph":[{"@type":"Article","@id":"https:\/\/errr-magazine.com\/el-planeta-se-incendia\/#article","isPartOf":{"@id":"https:\/\/errr-magazine.com\/el-planeta-se-incendia\/"},"author":{"name":"Abel Ib\u00e1\u00f1ez G.","@id":"https:\/\/errr-magazine.com\/#\/schema\/person\/f62c537ffbde4dca40b5f2e6f9d9da24"},"headline":"El planeta se incendia","datePublished":"2019-10-31T14:00:57+00:00","dateModified":"2025-05-01T17:31:00+00:00","mainEntityOfPage":{"@id":"https:\/\/errr-magazine.com\/el-planeta-se-incendia\/"},"wordCount":392,"image":{"@id":"https:\/\/errr-magazine.com\/el-planeta-se-incendia\/#primaryimage"},"thumbnailUrl":"https:\/\/errr-magazine.com\/wp-content\/uploads\/2019\/11\/7426697424_d533bb98f7_k.jpg","articleSection":["Writing"],"inLanguage":"en-US"},{"@type":"WebPage","@id":"https:\/\/errr-magazine.com\/el-planeta-se-incendia\/","url":"https:\/\/errr-magazine.com\/el-planeta-se-incendia\/","name":"El planeta se incendia - ERRR MAGAZINE","isPartOf":{"@id":"https:\/\/errr-magazine.com\/#website"},"primaryImageOfPage":{"@id":"https:\/\/errr-magazine.com\/el-planeta-se-incendia\/#primaryimage"},"image":{"@id":"https:\/\/errr-magazine.com\/el-planeta-se-incendia\/#primaryimage"},"thumbnailUrl":"https:\/\/errr-magazine.com\/wp-content\/uploads\/2019\/11\/7426697424_d533bb98f7_k.jpg","datePublished":"2019-10-31T14:00:57+00:00","dateModified":"2025-05-01T17:31:00+00:00","author":{"@id":"https:\/\/errr-magazine.com\/#\/schema\/person\/f62c537ffbde4dca40b5f2e6f9d9da24"},"breadcrumb":{"@id":"https:\/\/errr-magazine.com\/el-planeta-se-incendia\/#breadcrumb"},"inLanguage":"en-US","potentialAction":[{"@type":"ReadAction","target":["https:\/\/errr-magazine.com\/el-planeta-se-incendia\/"]}]},{"@type":"ImageObject","inLanguage":"en-US","@id":"https:\/\/errr-magazine.com\/el-planeta-se-incendia\/#primaryimage","url":"https:\/\/errr-magazine.com\/wp-content\/uploads\/2019\/11\/7426697424_d533bb98f7_k.jpg","contentUrl":"https:\/\/errr-magazine.com\/wp-content\/uploads\/2019\/11\/7426697424_d533bb98f7_k.jpg","width":2047,"height":1360,"caption":"Fotograf\u00eda por Diego Arrighetti"},{"@type":"BreadcrumbList","@id":"https:\/\/errr-magazine.com\/el-planeta-se-incendia\/#breadcrumb","itemListElement":[{"@type":"ListItem","position":1,"name":"Portada","item":"https:\/\/errr-magazine.com\/"},{"@type":"ListItem","position":2,"name":"El planeta se incendia"}]},{"@type":"WebSite","@id":"https:\/\/errr-magazine.com\/#website","url":"https:\/\/errr-magazine.com\/","name":"ERRR MAGAZINE","description":"","potentialAction":[{"@type":"SearchAction","target":{"@type":"EntryPoint","urlTemplate":"https:\/\/errr-magazine.com\/?s={search_term_string}"},"query-input":{"@type":"PropertyValueSpecification","valueRequired":true,"valueName":"search_term_string"}}],"inLanguage":"en-US"},{"@type":"Person","@id":"https:\/\/errr-magazine.com\/#\/schema\/person\/f62c537ffbde4dca40b5f2e6f9d9da24","name":"Abel Iba\u00f1ez G.","image":{"@type":"ImageObject","inLanguage":"en-US","@id":"https:\/\/secure.gravatar.com\/avatar\/803b247ff6bba699924001695c75cae8a6b97e6d784cd3f9f114b6fd1b517da3?s=96&d=identicon&r=g","url":"https:\/\/secure.gravatar.com\/avatar\/803b247ff6bba699924001695c75cae8a6b97e6d784cd3f9f114b6fd1b517da3?s=96&d=identicon&r=g","contentUrl":"https:\/\/secure.gravatar.com\/avatar\/803b247ff6bba699924001695c75cae8a6b97e6d784cd3f9f114b6fd1b517da3?s=96&d=identicon&r=g","caption":"Abel Ib\u00e1\u00f1ez G."},"description":"I walk in circles - I look at the sea","sameAs":["https:\/\/abelibanezg.com\/","https:\/\/www.facebook.com\/abelibanezg","https:\/\/www.instagram.com\/abelibanezg","https:\/\/x.com\/abelibanezg"],"url":"https:\/\/errr-magazine.com\/english\/author\/abelibanezg\/"}]}},"jetpack_featured_media_url":"https:\/\/errr-magazine.com\/wp-content\/uploads\/2019\/11\/7426697424_d533bb98f7_k.jpg","jetpack-related-posts":[{"id":159414,"url":"https:\/\/errr-magazine.com\/english\/encuentro-entre-universos\/","url_meta":{"origin":149733,"position":0},"title":"Encuentro entre universos","author":"Gema Mateo","date":"05\/20\/2020","format":false,"excerpt":"En alg\u00fan punto, la se\u00f1orita Z conoce al caballero F. Como dos neutrones, cada uno con vibraciones distintas, hay atracci\u00f3n. Por alguna extra\u00f1a raz\u00f3n, la energ\u00eda de ambos los lleva al encuentro. El maravilloso misterio de encontrarse provenientes de caminos diferentes, de eventualidades y elecciones tan distintas que al final\u2026","rel":"","context":"In &quot;Textos&quot;","block_context":{"text":"Textos","link":"https:\/\/errr-magazine.com\/english\/category\/textos\/"},"img":{"alt_text":"","src":"","width":0,"height":0},"classes":[]},{"id":129934,"url":"https:\/\/errr-magazine.com\/english\/cartas-no-entregadas\/","url_meta":{"origin":149733,"position":1},"title":"Cartas no entregadas","author":"Mariano A.","date":"03\/17\/2018","format":false,"excerpt":"Abr\u00ed el ba\u00fal de los recuerdos y ah\u00ed estaban apiladas cientos de cartas que no hab\u00edan llegado a su destino. Acumulando polvo y recuerdos las cartas aumentaban al n\u00famero de ciento cincuenta o \u00bfSin cuenta? El ba\u00fal de los recuerdos no es literalmente un ba\u00fal es un lugar donde guardo\u2026","rel":"","context":"In &quot;Textos&quot;","block_context":{"text":"Textos","link":"https:\/\/errr-magazine.com\/english\/category\/textos\/"},"img":{"alt_text":"","src":"","width":0,"height":0},"classes":[]},{"id":163986,"url":"https:\/\/errr-magazine.com\/english\/autodestruccion\/","url_meta":{"origin":149733,"position":2},"title":"Autodestrucci\u00f3n","author":"Luis Carrillo","date":"12\/24\/2020","format":false,"excerpt":"Conoc\u00ed a una chica en el s\u00faper. Es decir, la miraba solamente, no hablamos. Ella llevaba siempre un libro de Juan Rulfo. Me costaba trabajo mirar el t\u00edtulo, su brazo no me dejaba leerlo. Quise saber qu\u00e9 libro era. Siempre coincid\u00edamos. Despu\u00e9s de encontr\u00e1rmela un par de d\u00edas, supe que\u2026","rel":"","context":"In &quot;Textos&quot;","block_context":{"text":"Textos","link":"https:\/\/errr-magazine.com\/english\/category\/textos\/"},"img":{"alt_text":"","src":"https:\/\/i0.wp.com\/errr-magazine.com\/wp-content\/uploads\/2020\/12\/50108328986_131c9fc248_k.jpg?resize=350%2C200&ssl=1","width":350,"height":200,"srcset":"https:\/\/i0.wp.com\/errr-magazine.com\/wp-content\/uploads\/2020\/12\/50108328986_131c9fc248_k.jpg?resize=350%2C200&ssl=1 1x, https:\/\/i0.wp.com\/errr-magazine.com\/wp-content\/uploads\/2020\/12\/50108328986_131c9fc248_k.jpg?resize=525%2C300&ssl=1 1.5x, https:\/\/i0.wp.com\/errr-magazine.com\/wp-content\/uploads\/2020\/12\/50108328986_131c9fc248_k.jpg?resize=700%2C400&ssl=1 2x, https:\/\/i0.wp.com\/errr-magazine.com\/wp-content\/uploads\/2020\/12\/50108328986_131c9fc248_k.jpg?resize=1050%2C600&ssl=1 3x, https:\/\/i0.wp.com\/errr-magazine.com\/wp-content\/uploads\/2020\/12\/50108328986_131c9fc248_k.jpg?resize=1400%2C800&ssl=1 4x"},"classes":[]},{"id":195269,"url":"https:\/\/errr-magazine.com\/english\/libro-vacio\/","url_meta":{"origin":149733,"position":3},"title":"Empty Book","author":"Libro Vac\u00edo","date":"11\/27\/2025","format":false,"excerpt":"Haber recorrido una gran parte de Jimbocho, el barrio librero en Tokio, y entrar en todas las que mis pies y la energ\u00eda me permitieran, me hizo creer que es posible que tantas librer\u00edas convivan en una misma ciudad y que todas sean visitadas por las cosas tan diferentes que\u2026","rel":"","context":"In &quot;Librer\u00edas&quot;","block_context":{"text":"Librer\u00edas","link":"https:\/\/errr-magazine.com\/english\/category\/places\/librerias\/"},"img":{"alt_text":"","src":"https:\/\/i0.wp.com\/errr-magazine.com\/wp-content\/uploads\/2025\/11\/IMG_4356-copy-scaled.jpg?resize=350%2C200&ssl=1","width":350,"height":200,"srcset":"https:\/\/i0.wp.com\/errr-magazine.com\/wp-content\/uploads\/2025\/11\/IMG_4356-copy-scaled.jpg?resize=350%2C200&ssl=1 1x, https:\/\/i0.wp.com\/errr-magazine.com\/wp-content\/uploads\/2025\/11\/IMG_4356-copy-scaled.jpg?resize=525%2C300&ssl=1 1.5x, https:\/\/i0.wp.com\/errr-magazine.com\/wp-content\/uploads\/2025\/11\/IMG_4356-copy-scaled.jpg?resize=700%2C400&ssl=1 2x, https:\/\/i0.wp.com\/errr-magazine.com\/wp-content\/uploads\/2025\/11\/IMG_4356-copy-scaled.jpg?resize=1050%2C600&ssl=1 3x, https:\/\/i0.wp.com\/errr-magazine.com\/wp-content\/uploads\/2025\/11\/IMG_4356-copy-scaled.jpg?resize=1400%2C800&ssl=1 4x"},"classes":[]},{"id":196538,"url":"https:\/\/errr-magazine.com\/english\/penumbra\/","url_meta":{"origin":149733,"position":4},"title":"Penumbra","author":"Penumbra","date":"12\/29\/2025","format":false,"excerpt":"Los procesos an\u00e1logos tienen mucho que ense\u00f1arnos todav\u00eda. Parte de nuestra inspiraci\u00f3n viene de compartir el legado fotogr\u00e1fico que nos heredaron por un lado el fot\u00f3grafo Jos\u00e9 Hern\u00e1ndez Claire, padre de Leonardo, y el arquitecto Salvador de Alba, abuelo de Sergio, ambos apasionados por la fotograf\u00eda y quienes ten\u00edan su\u2026","rel":"","context":"In &quot;Fotograf\u00eda&quot;","block_context":{"text":"Fotograf\u00eda","link":"https:\/\/errr-magazine.com\/english\/category\/places\/fotografia\/"},"img":{"alt_text":"","src":"https:\/\/i0.wp.com\/errr-magazine.com\/wp-content\/uploads\/2025\/12\/Copia-de-Sneaky-Feeling_libro-11.jpg?resize=350%2C200&ssl=1","width":350,"height":200,"srcset":"https:\/\/i0.wp.com\/errr-magazine.com\/wp-content\/uploads\/2025\/12\/Copia-de-Sneaky-Feeling_libro-11.jpg?resize=350%2C200&ssl=1 1x, https:\/\/i0.wp.com\/errr-magazine.com\/wp-content\/uploads\/2025\/12\/Copia-de-Sneaky-Feeling_libro-11.jpg?resize=525%2C300&ssl=1 1.5x, https:\/\/i0.wp.com\/errr-magazine.com\/wp-content\/uploads\/2025\/12\/Copia-de-Sneaky-Feeling_libro-11.jpg?resize=700%2C400&ssl=1 2x, https:\/\/i0.wp.com\/errr-magazine.com\/wp-content\/uploads\/2025\/12\/Copia-de-Sneaky-Feeling_libro-11.jpg?resize=1050%2C600&ssl=1 3x, https:\/\/i0.wp.com\/errr-magazine.com\/wp-content\/uploads\/2025\/12\/Copia-de-Sneaky-Feeling_libro-11.jpg?resize=1400%2C800&ssl=1 4x"},"classes":[]},{"id":161474,"url":"https:\/\/errr-magazine.com\/english\/tercera-llamada\/","url_meta":{"origin":149733,"position":5},"title":"Tercera llamada","author":"Geovanna G","date":"05\/23\/2020","format":false,"excerpt":"Estas no son m\u00e1s que palabras, son tambi\u00e9n sentimientos, de esos que desarman, que rompen, que desgarran. Y qu\u00e9 m\u00e1s da si te da igual o te importa. Son, m\u00e1s que palabras, un c\u00famulo de fuego que arde cuando te beso entre las piernas y rozo mis labios por tu\u2026","rel":"","context":"In &quot;Textos&quot;","block_context":{"text":"Textos","link":"https:\/\/errr-magazine.com\/english\/category\/textos\/"},"img":{"alt_text":"","src":"","width":0,"height":0},"classes":[]}],"jetpack_sharing_enabled":true,"mfb_rest_fields":["title","yoast_head","yoast_head_json","jetpack_featured_media_url","jetpack-related-posts","jetpack_sharing_enabled"],"_links":{"self":[{"href":"https:\/\/errr-magazine.com\/english\/wp-json\/wp\/v2\/posts\/149733","targetHints":{"allow":["GET"]}}],"collection":[{"href":"https:\/\/errr-magazine.com\/english\/wp-json\/wp\/v2\/posts"}],"about":[{"href":"https:\/\/errr-magazine.com\/english\/wp-json\/wp\/v2\/types\/post"}],"author":[{"embeddable":true,"href":"https:\/\/errr-magazine.com\/english\/wp-json\/wp\/v2\/users\/5107"}],"replies":[{"embeddable":true,"href":"https:\/\/errr-magazine.com\/english\/wp-json\/wp\/v2\/comments?post=149733"}],"version-history":[{"count":21,"href":"https:\/\/errr-magazine.com\/english\/wp-json\/wp\/v2\/posts\/149733\/revisions"}],"predecessor-version":[{"id":189327,"href":"https:\/\/errr-magazine.com\/english\/wp-json\/wp\/v2\/posts\/149733\/revisions\/189327"}],"wp:featuredmedia":[{"embeddable":true,"href":"https:\/\/errr-magazine.com\/english\/wp-json\/wp\/v2\/media\/180673"}],"wp:attachment":[{"href":"https:\/\/errr-magazine.com\/english\/wp-json\/wp\/v2\/media?parent=149733"}],"wp:term":[{"taxonomy":"category","embeddable":true,"href":"https:\/\/errr-magazine.com\/english\/wp-json\/wp\/v2\/categories?post=149733"},{"taxonomy":"post_tag","embeddable":true,"href":"https:\/\/errr-magazine.com\/english\/wp-json\/wp\/v2\/tags?post=149733"}],"curies":[{"name":"wp","href":"https:\/\/api.w.org\/{rel}","templated":true}]}}