{"id":146300,"date":"2019-08-08T08:58:31","date_gmt":"2019-08-07T22:58:31","guid":{"rendered":"http:\/\/errr-magazine.com\/?p=146300"},"modified":"2022-08-31T01:34:05","modified_gmt":"2022-08-31T06:34:05","slug":"youre-going-to-die-in-three-hours-with-the-face-you-have-today","status":"publish","type":"post","link":"https:\/\/errr-magazine.com\/english\/vas-a-morir-en-tres-horas-con-el-rostro-que-tienes-hoy\/","title":{"rendered":"You will die in three hours with the face you have today."},"content":{"rendered":"<p>Being one of the most terrible mornings, I didn't even feel my face and I felt I was dying. For now I pay the price of chaos, without the destruction and without having any origin. The mornings after this, are the reminder sessions under an insistence to never be in situations like this again - unnecessary - and conflicting, always trying to survive.<\/p>\n<p>It seems that sometimes my own mind creates conspiracies that become terrorist acts, fill with falsehoods and create the common enemy, which is me. Now I know that's the trick, never to stay with the invention. For now, I abandoned any emotional expression and experience, and preferred to make sense of all the existential confusion to reach the counterpoint and reach the intended harmony, it was the only way out of an induced depression.<\/p>\n<p>We are forever marked with a void, marked by the influence of those false and common enemies that have our names, by funerals that were never attended. In spite of everything, any loss leads you to atypical concepts.<\/p>\n<p>At what points do you want time to pass What to give you the time or the lines of your experiences in the wrong? What is existence without the burden of instinctual infrastructure that carries us in the direction of uncertain actions? Yes, I wanted the lines and no, existence is nothing without the uncertain, so I pretended not to hate myself and also pretended some constructed truths to sustain me. I was going in inertia to nothingness, in a continuous mission to -I don't know where- with fixed feelings that didn't need congruence within reality, just a constant.<\/p>\n<p>Nature itself has a sense in which it keeps itself in a continuous change, all that order keeps in equal measure a disorder, and that's how I felt. I was going from paradise to a cesspool, getting up for days, sleeping for years. I have an interlude of decisions and probable regrets, of self-deceptions and displacements that go hand in hand with a paradox of -ethics and existence- so I have taken it in a way to be an aesthetics of existence. And that death and that morning were already here.<\/p>\n<p>Photography by\u00a0<a href=\"https:\/\/www.flickr.com\/photos\/rebeckaetc\/\">ecka's echo<\/a><\/p>","protected":false},"excerpt":{"rendered":"<p>Siendo de las ma\u00f1anas m\u00e1s terribles, no sent\u00eda ni la cara y sent\u00eda que mor\u00eda. Por ahora pago el precio del caos, sin la destrucci\u00f3n y sin tener alg\u00fan origen. Las ma\u00f1anas siguientes a esto, son las sesiones recordatorias bajo una insistencia de jam\u00e1s volver a estar en situaciones como estas -innecesarias- y conflictivas, tratando [&hellip;]<\/p>\n","protected":false},"author":6248,"featured_media":146312,"comment_status":"closed","ping_status":"closed","sticky":false,"template":"","format":"standard","meta":{"_acf_changed":false,"cybocfi_hide_featured_image":"","_jetpack_memberships_contains_paid_content":false,"footnotes":""},"categories":[7997],"tags":[],"class_list":["post-146300","post","type-post","status-publish","format-standard","has-post-thumbnail","hentry","category-textos"],"acf":[],"mb":[],"yoast_head":"<!-- This site is optimized with the Yoast SEO plugin v27.2 - https:\/\/yoast.com\/product\/yoast-seo-wordpress\/ -->\n<title>Vas a morir en tres horas con el rostro que tienes hoy - ERRR MAGAZINE<\/title>\n<meta name=\"robots\" content=\"index, follow, max-snippet:-1, max-image-preview:large, max-video-preview:-1\" \/>\n<link rel=\"canonical\" href=\"https:\/\/errr-magazine.com\/english\/youre-going-to-die-in-three-hours-with-the-face-you-have-today\/\" \/>\n<meta property=\"og:locale\" content=\"en_US\" \/>\n<meta property=\"og:type\" content=\"article\" \/>\n<meta property=\"og:title\" content=\"Vas a morir en tres horas con el rostro que tienes hoy - ERRR MAGAZINE\" \/>\n<meta property=\"og:description\" content=\"Siendo de las ma\u00f1anas m\u00e1s terribles, no sent\u00eda ni la cara y sent\u00eda que mor\u00eda. Por ahora pago el precio del caos, sin la destrucci\u00f3n y sin tener alg\u00fan origen. Las ma\u00f1anas siguientes a esto, son las sesiones recordatorias bajo una insistencia de jam\u00e1s volver a estar en situaciones como estas -innecesarias- y conflictivas, tratando [&hellip;]\" \/>\n<meta property=\"og:url\" content=\"https:\/\/errr-magazine.com\/english\/youre-going-to-die-in-three-hours-with-the-face-you-have-today\/\" \/>\n<meta property=\"og:site_name\" content=\"ERRR MAGAZINE\" \/>\n<meta property=\"article:published_time\" content=\"2019-08-07T22:58:31+00:00\" \/>\n<meta property=\"article:modified_time\" content=\"2022-08-31T06:34:05+00:00\" \/>\n<meta property=\"og:image\" content=\"https:\/\/errr-magazine.com\/wp-content\/uploads\/2019\/08\/8.png\" \/>\n\t<meta property=\"og:image:width\" content=\"1018\" \/>\n\t<meta property=\"og:image:height\" content=\"680\" \/>\n\t<meta property=\"og:image:type\" content=\"image\/png\" \/>\n<meta name=\"author\" content=\"Rose Cst.\" \/>\n<meta name=\"twitter:card\" content=\"summary_large_image\" \/>\n<meta name=\"twitter:label1\" content=\"Written by\" \/>\n\t<meta name=\"twitter:data1\" content=\"Rose Cst.\" \/>\n\t<meta name=\"twitter:label2\" content=\"Est. reading time\" \/>\n\t<meta name=\"twitter:data2\" content=\"2 minutes\" \/>\n<script type=\"application\/ld+json\" class=\"yoast-schema-graph\">{\"@context\":\"https:\/\/schema.org\",\"@graph\":[{\"@type\":\"Article\",\"@id\":\"https:\/\/errr-magazine.com\/vas-a-morir-en-tres-horas-con-el-rostro-que-tienes-hoy\/#article\",\"isPartOf\":{\"@id\":\"https:\/\/errr-magazine.com\/vas-a-morir-en-tres-horas-con-el-rostro-que-tienes-hoy\/\"},\"author\":{\"name\":\"Rose Cst.\",\"@id\":\"https:\/\/errr-magazine.com\/#\/schema\/person\/1bd154bb32980dd951ebddc6416902ae\"},\"headline\":\"Vas a morir en tres horas con el rostro que tienes hoy\",\"datePublished\":\"2019-08-07T22:58:31+00:00\",\"dateModified\":\"2022-08-31T06:34:05+00:00\",\"mainEntityOfPage\":{\"@id\":\"https:\/\/errr-magazine.com\/vas-a-morir-en-tres-horas-con-el-rostro-que-tienes-hoy\/\"},\"wordCount\":409,\"image\":{\"@id\":\"https:\/\/errr-magazine.com\/vas-a-morir-en-tres-horas-con-el-rostro-que-tienes-hoy\/#primaryimage\"},\"thumbnailUrl\":\"https:\/\/errr-magazine.com\/wp-content\/uploads\/2019\/08\/8.png\",\"articleSection\":[\"Textos\"],\"inLanguage\":\"en-US\"},{\"@type\":\"WebPage\",\"@id\":\"https:\/\/errr-magazine.com\/vas-a-morir-en-tres-horas-con-el-rostro-que-tienes-hoy\/\",\"url\":\"https:\/\/errr-magazine.com\/vas-a-morir-en-tres-horas-con-el-rostro-que-tienes-hoy\/\",\"name\":\"Vas a morir en tres horas con el rostro que tienes hoy - ERRR MAGAZINE\",\"isPartOf\":{\"@id\":\"https:\/\/errr-magazine.com\/#website\"},\"primaryImageOfPage\":{\"@id\":\"https:\/\/errr-magazine.com\/vas-a-morir-en-tres-horas-con-el-rostro-que-tienes-hoy\/#primaryimage\"},\"image\":{\"@id\":\"https:\/\/errr-magazine.com\/vas-a-morir-en-tres-horas-con-el-rostro-que-tienes-hoy\/#primaryimage\"},\"thumbnailUrl\":\"https:\/\/errr-magazine.com\/wp-content\/uploads\/2019\/08\/8.png\",\"datePublished\":\"2019-08-07T22:58:31+00:00\",\"dateModified\":\"2022-08-31T06:34:05+00:00\",\"author\":{\"@id\":\"https:\/\/errr-magazine.com\/#\/schema\/person\/1bd154bb32980dd951ebddc6416902ae\"},\"breadcrumb\":{\"@id\":\"https:\/\/errr-magazine.com\/vas-a-morir-en-tres-horas-con-el-rostro-que-tienes-hoy\/#breadcrumb\"},\"inLanguage\":\"en-US\",\"potentialAction\":[{\"@type\":\"ReadAction\",\"target\":[\"https:\/\/errr-magazine.com\/vas-a-morir-en-tres-horas-con-el-rostro-que-tienes-hoy\/\"]}]},{\"@type\":\"ImageObject\",\"inLanguage\":\"en-US\",\"@id\":\"https:\/\/errr-magazine.com\/vas-a-morir-en-tres-horas-con-el-rostro-que-tienes-hoy\/#primaryimage\",\"url\":\"https:\/\/errr-magazine.com\/wp-content\/uploads\/2019\/08\/8.png\",\"contentUrl\":\"https:\/\/errr-magazine.com\/wp-content\/uploads\/2019\/08\/8.png\",\"width\":1018,\"height\":680},{\"@type\":\"BreadcrumbList\",\"@id\":\"https:\/\/errr-magazine.com\/vas-a-morir-en-tres-horas-con-el-rostro-que-tienes-hoy\/#breadcrumb\",\"itemListElement\":[{\"@type\":\"ListItem\",\"position\":1,\"name\":\"Portada\",\"item\":\"https:\/\/errr-magazine.com\/\"},{\"@type\":\"ListItem\",\"position\":2,\"name\":\"Vas a morir en tres horas con el rostro que tienes hoy\"}]},{\"@type\":\"WebSite\",\"@id\":\"https:\/\/errr-magazine.com\/#website\",\"url\":\"https:\/\/errr-magazine.com\/\",\"name\":\"ERRR MAGAZINE\",\"description\":\"\",\"potentialAction\":[{\"@type\":\"SearchAction\",\"target\":{\"@type\":\"EntryPoint\",\"urlTemplate\":\"https:\/\/errr-magazine.com\/?s={search_term_string}\"},\"query-input\":{\"@type\":\"PropertyValueSpecification\",\"valueRequired\":true,\"valueName\":\"search_term_string\"}}],\"inLanguage\":\"en-US\"},{\"@type\":\"Person\",\"@id\":\"https:\/\/errr-magazine.com\/#\/schema\/person\/1bd154bb32980dd951ebddc6416902ae\",\"name\":\"Rose Cst.\",\"image\":{\"@type\":\"ImageObject\",\"inLanguage\":\"en-US\",\"@id\":\"https:\/\/secure.gravatar.com\/avatar\/3c79b49f3198d4831b4a1dd5d2bddb7ae56b7cfbc3a04d365ffa8ab875cf2dc6?s=96&d=identicon&r=g\",\"url\":\"https:\/\/secure.gravatar.com\/avatar\/3c79b49f3198d4831b4a1dd5d2bddb7ae56b7cfbc3a04d365ffa8ab875cf2dc6?s=96&d=identicon&r=g\",\"contentUrl\":\"https:\/\/secure.gravatar.com\/avatar\/3c79b49f3198d4831b4a1dd5d2bddb7ae56b7cfbc3a04d365ffa8ab875cf2dc6?s=96&d=identicon&r=g\",\"caption\":\"Rose Cst.\"},\"description\":\"this is decontextualized for your interpretive pleasure-\",\"sameAs\":[\"https:\/\/www.instagram.com\/7stoneeyes\/\"],\"url\":\"https:\/\/errr-magazine.com\/english\/author\/mont-serratcastt\/\"}]}<\/script>\n<!-- \/ Yoast SEO plugin. -->","yoast_head_json":{"title":"You will die in three hours with the face you have today - ERRR MAGAZINE","robots":{"index":"index","follow":"follow","max-snippet":"max-snippet:-1","max-image-preview":"max-image-preview:large","max-video-preview":"max-video-preview:-1"},"canonical":"https:\/\/errr-magazine.com\/english\/youre-going-to-die-in-three-hours-with-the-face-you-have-today\/","og_locale":"en_US","og_type":"article","og_title":"Vas a morir en tres horas con el rostro que tienes hoy - ERRR MAGAZINE","og_description":"Siendo de las ma\u00f1anas m\u00e1s terribles, no sent\u00eda ni la cara y sent\u00eda que mor\u00eda. Por ahora pago el precio del caos, sin la destrucci\u00f3n y sin tener alg\u00fan origen. Las ma\u00f1anas siguientes a esto, son las sesiones recordatorias bajo una insistencia de jam\u00e1s volver a estar en situaciones como estas -innecesarias- y conflictivas, tratando [&hellip;]","og_url":"https:\/\/errr-magazine.com\/english\/youre-going-to-die-in-three-hours-with-the-face-you-have-today\/","og_site_name":"ERRR MAGAZINE","article_published_time":"2019-08-07T22:58:31+00:00","article_modified_time":"2022-08-31T06:34:05+00:00","og_image":[{"width":1018,"height":680,"url":"https:\/\/errr-magazine.com\/wp-content\/uploads\/2019\/08\/8.png","type":"image\/png"}],"author":"Rose Cst.","twitter_card":"summary_large_image","twitter_misc":{"Written by":"Rose Cst.","Est. reading time":"2 minutes"},"schema":{"@context":"https:\/\/schema.org","@graph":[{"@type":"Article","@id":"https:\/\/errr-magazine.com\/vas-a-morir-en-tres-horas-con-el-rostro-que-tienes-hoy\/#article","isPartOf":{"@id":"https:\/\/errr-magazine.com\/vas-a-morir-en-tres-horas-con-el-rostro-que-tienes-hoy\/"},"author":{"name":"Rose Cst.","@id":"https:\/\/errr-magazine.com\/#\/schema\/person\/1bd154bb32980dd951ebddc6416902ae"},"headline":"Vas a morir en tres horas con el rostro que tienes hoy","datePublished":"2019-08-07T22:58:31+00:00","dateModified":"2022-08-31T06:34:05+00:00","mainEntityOfPage":{"@id":"https:\/\/errr-magazine.com\/vas-a-morir-en-tres-horas-con-el-rostro-que-tienes-hoy\/"},"wordCount":409,"image":{"@id":"https:\/\/errr-magazine.com\/vas-a-morir-en-tres-horas-con-el-rostro-que-tienes-hoy\/#primaryimage"},"thumbnailUrl":"https:\/\/errr-magazine.com\/wp-content\/uploads\/2019\/08\/8.png","articleSection":["Textos"],"inLanguage":"en-US"},{"@type":"WebPage","@id":"https:\/\/errr-magazine.com\/vas-a-morir-en-tres-horas-con-el-rostro-que-tienes-hoy\/","url":"https:\/\/errr-magazine.com\/vas-a-morir-en-tres-horas-con-el-rostro-que-tienes-hoy\/","name":"You will die in three hours with the face you have today - ERRR MAGAZINE","isPartOf":{"@id":"https:\/\/errr-magazine.com\/#website"},"primaryImageOfPage":{"@id":"https:\/\/errr-magazine.com\/vas-a-morir-en-tres-horas-con-el-rostro-que-tienes-hoy\/#primaryimage"},"image":{"@id":"https:\/\/errr-magazine.com\/vas-a-morir-en-tres-horas-con-el-rostro-que-tienes-hoy\/#primaryimage"},"thumbnailUrl":"https:\/\/errr-magazine.com\/wp-content\/uploads\/2019\/08\/8.png","datePublished":"2019-08-07T22:58:31+00:00","dateModified":"2022-08-31T06:34:05+00:00","author":{"@id":"https:\/\/errr-magazine.com\/#\/schema\/person\/1bd154bb32980dd951ebddc6416902ae"},"breadcrumb":{"@id":"https:\/\/errr-magazine.com\/vas-a-morir-en-tres-horas-con-el-rostro-que-tienes-hoy\/#breadcrumb"},"inLanguage":"en-US","potentialAction":[{"@type":"ReadAction","target":["https:\/\/errr-magazine.com\/vas-a-morir-en-tres-horas-con-el-rostro-que-tienes-hoy\/"]}]},{"@type":"ImageObject","inLanguage":"en-US","@id":"https:\/\/errr-magazine.com\/vas-a-morir-en-tres-horas-con-el-rostro-que-tienes-hoy\/#primaryimage","url":"https:\/\/errr-magazine.com\/wp-content\/uploads\/2019\/08\/8.png","contentUrl":"https:\/\/errr-magazine.com\/wp-content\/uploads\/2019\/08\/8.png","width":1018,"height":680},{"@type":"BreadcrumbList","@id":"https:\/\/errr-magazine.com\/vas-a-morir-en-tres-horas-con-el-rostro-que-tienes-hoy\/#breadcrumb","itemListElement":[{"@type":"ListItem","position":1,"name":"Portada","item":"https:\/\/errr-magazine.com\/"},{"@type":"ListItem","position":2,"name":"Vas a morir en tres horas con el rostro que tienes hoy"}]},{"@type":"WebSite","@id":"https:\/\/errr-magazine.com\/#website","url":"https:\/\/errr-magazine.com\/","name":"ERRR MAGAZINE","description":"","potentialAction":[{"@type":"SearchAction","target":{"@type":"EntryPoint","urlTemplate":"https:\/\/errr-magazine.com\/?s={search_term_string}"},"query-input":{"@type":"PropertyValueSpecification","valueRequired":true,"valueName":"search_term_string"}}],"inLanguage":"en-US"},{"@type":"Person","@id":"https:\/\/errr-magazine.com\/#\/schema\/person\/1bd154bb32980dd951ebddc6416902ae","name":"Rose Cst.","image":{"@type":"ImageObject","inLanguage":"en-US","@id":"https:\/\/secure.gravatar.com\/avatar\/3c79b49f3198d4831b4a1dd5d2bddb7ae56b7cfbc3a04d365ffa8ab875cf2dc6?s=96&d=identicon&r=g","url":"https:\/\/secure.gravatar.com\/avatar\/3c79b49f3198d4831b4a1dd5d2bddb7ae56b7cfbc3a04d365ffa8ab875cf2dc6?s=96&d=identicon&r=g","contentUrl":"https:\/\/secure.gravatar.com\/avatar\/3c79b49f3198d4831b4a1dd5d2bddb7ae56b7cfbc3a04d365ffa8ab875cf2dc6?s=96&d=identicon&r=g","caption":"Rose Cst."},"description":"this is decontextualized for your interpretive pleasure-","sameAs":["https:\/\/www.instagram.com\/7stoneeyes\/"],"url":"https:\/\/errr-magazine.com\/english\/author\/mont-serratcastt\/"}]}},"jetpack_featured_media_url":"https:\/\/errr-magazine.com\/wp-content\/uploads\/2019\/08\/8.png","jetpack-related-posts":[{"id":202086,"url":"https:\/\/errr-magazine.com\/english\/hora-dorada-2\/","url_meta":{"origin":146300,"position":0},"title":"Golden Hour","author":"Iulia Panici","date":"03\/13\/2026","format":false,"excerpt":"I feel most like myself during golden hour, when the light inspires me.","rel":"","context":"In &quot;Personas&quot;","block_context":{"text":"Personas","link":"https:\/\/errr-magazine.com\/english\/category\/interviews\/personas\/"},"img":{"alt_text":"","src":"https:\/\/i0.wp.com\/errr-magazine.com\/wp-content\/uploads\/2026\/03\/IMG_2423-scaled.jpg?resize=350%2C200&ssl=1","width":350,"height":200,"srcset":"https:\/\/i0.wp.com\/errr-magazine.com\/wp-content\/uploads\/2026\/03\/IMG_2423-scaled.jpg?resize=350%2C200&ssl=1 1x, https:\/\/i0.wp.com\/errr-magazine.com\/wp-content\/uploads\/2026\/03\/IMG_2423-scaled.jpg?resize=525%2C300&ssl=1 1.5x, https:\/\/i0.wp.com\/errr-magazine.com\/wp-content\/uploads\/2026\/03\/IMG_2423-scaled.jpg?resize=700%2C400&ssl=1 2x, https:\/\/i0.wp.com\/errr-magazine.com\/wp-content\/uploads\/2026\/03\/IMG_2423-scaled.jpg?resize=1050%2C600&ssl=1 3x, https:\/\/i0.wp.com\/errr-magazine.com\/wp-content\/uploads\/2026\/03\/IMG_2423-scaled.jpg?resize=1400%2C800&ssl=1 4x"},"classes":[]},{"id":133367,"url":"https:\/\/errr-magazine.com\/english\/las-noches-palidas\/","url_meta":{"origin":146300,"position":1},"title":"Las noches p\u00e1lidas","author":"Ale Flores","date":"05\/25\/2018","format":false,"excerpt":"Un enero de 2017 me enamor\u00e9 de ti, era un invierno como todos hasta que me empezaste a escribir. Recuerdo cada momento, cada noche que escrib\u00edas, los peque\u00f1os huequitos de luz que le fuiste dando a mi vida y que ahora son negros e inmensos como el espacio. Creo que\u2026","rel":"","context":"In &quot;Textos&quot;","block_context":{"text":"Textos","link":"https:\/\/errr-magazine.com\/english\/category\/textos\/"},"img":{"alt_text":"","src":"https:\/\/i0.wp.com\/errr-magazine.com\/wp-content\/uploads\/2018\/05\/8f2ab444b56a2f07-02.jpg?resize=350%2C200&ssl=1","width":350,"height":200,"srcset":"https:\/\/i0.wp.com\/errr-magazine.com\/wp-content\/uploads\/2018\/05\/8f2ab444b56a2f07-02.jpg?resize=350%2C200&ssl=1 1x, https:\/\/i0.wp.com\/errr-magazine.com\/wp-content\/uploads\/2018\/05\/8f2ab444b56a2f07-02.jpg?resize=525%2C300&ssl=1 1.5x"},"classes":[]},{"id":157685,"url":"https:\/\/errr-magazine.com\/english\/lo-que-trae-el-amor-propio\/","url_meta":{"origin":146300,"position":2},"title":"Lo que trae el amor propio","author":"Brend_azul","date":"04\/14\/2020","format":false,"excerpt":"Para ser sinceros s\u00ed quer\u00eda tener ese jard\u00edn e intentar d\u00eda a d\u00eda que las flores no murieran, y que los \u00e1rboles dieran frutos, y ver cada a\u00f1o las nochebuenas. Quer\u00eda intentar, aunque s\u00e9 de sobra que las flores no son lo m\u00edo y que ni los cactus me sonr\u00eden.\u2026","rel":"","context":"In &quot;Textos&quot;","block_context":{"text":"Textos","link":"https:\/\/errr-magazine.com\/english\/category\/textos\/"},"img":{"alt_text":"","src":"","width":0,"height":0},"classes":[]},{"id":203374,"url":"https:\/\/errr-magazine.com\/english\/ver-el-amanecer\/","url_meta":{"origin":146300,"position":3},"title":"Watching The Sunrise","author":"Ivona Mlakic","date":"03\/30\/2026","format":false,"excerpt":"I\u2019m a morning person and feel an overwhelming sense of hope and comfort when watching the sunrise.","rel":"","context":"In &quot;Personas&quot;","block_context":{"text":"Personas","link":"https:\/\/errr-magazine.com\/english\/category\/interviews\/personas\/"},"img":{"alt_text":"","src":"https:\/\/i0.wp.com\/errr-magazine.com\/wp-content\/uploads\/2026\/03\/IMG_7223.jpeg?resize=350%2C200&ssl=1","width":350,"height":200,"srcset":"https:\/\/i0.wp.com\/errr-magazine.com\/wp-content\/uploads\/2026\/03\/IMG_7223.jpeg?resize=350%2C200&ssl=1 1x, https:\/\/i0.wp.com\/errr-magazine.com\/wp-content\/uploads\/2026\/03\/IMG_7223.jpeg?resize=525%2C300&ssl=1 1.5x, https:\/\/i0.wp.com\/errr-magazine.com\/wp-content\/uploads\/2026\/03\/IMG_7223.jpeg?resize=700%2C400&ssl=1 2x, https:\/\/i0.wp.com\/errr-magazine.com\/wp-content\/uploads\/2026\/03\/IMG_7223.jpeg?resize=1050%2C600&ssl=1 3x"},"classes":[]},{"id":201455,"url":"https:\/\/errr-magazine.com\/english\/la-aritmetica-del-cielo\/","url_meta":{"origin":146300,"position":4},"title":"The Arithmetic of the Sky\u00a0","author":"Emiliano Fajardo","date":"03\/05\/2026","format":false,"excerpt":"The first time the robin appeared, I still didn\u2019t know how to hold the word death in my mouth. It fell apart, like a bite I couldn\u2019t quite swallow.","rel":"","context":"In &quot;Narrativa&quot;","block_context":{"text":"Narrativa","link":"https:\/\/errr-magazine.com\/english\/category\/writing\/narrativa\/"},"img":{"alt_text":"","src":"https:\/\/i0.wp.com\/errr-magazine.com\/wp-content\/uploads\/2026\/03\/Foto-21-1-scaled.jpg?resize=350%2C200&ssl=1","width":350,"height":200,"srcset":"https:\/\/i0.wp.com\/errr-magazine.com\/wp-content\/uploads\/2026\/03\/Foto-21-1-scaled.jpg?resize=350%2C200&ssl=1 1x, https:\/\/i0.wp.com\/errr-magazine.com\/wp-content\/uploads\/2026\/03\/Foto-21-1-scaled.jpg?resize=525%2C300&ssl=1 1.5x, https:\/\/i0.wp.com\/errr-magazine.com\/wp-content\/uploads\/2026\/03\/Foto-21-1-scaled.jpg?resize=700%2C400&ssl=1 2x, https:\/\/i0.wp.com\/errr-magazine.com\/wp-content\/uploads\/2026\/03\/Foto-21-1-scaled.jpg?resize=1050%2C600&ssl=1 3x, https:\/\/i0.wp.com\/errr-magazine.com\/wp-content\/uploads\/2026\/03\/Foto-21-1-scaled.jpg?resize=1400%2C800&ssl=1 4x"},"classes":[]},{"id":200967,"url":"https:\/\/errr-magazine.com\/english\/mas-vida\/","url_meta":{"origin":146300,"position":5},"title":"More Life","author":"Ian Rafael Mac\u00edas Aguilar","date":"03\/02\/2026","format":false,"excerpt":"That year, work consumed me and I took very few photos. Now I\u2019m fighting against that. I\u2019m trying to live more, to feel more, to not let the chaos crush me. I feel like I\u2019m reclaiming my sensitivity and my time.","rel":"","context":"In &quot;Artes visuales&quot;","block_context":{"text":"Artes visuales","link":"https:\/\/errr-magazine.com\/english\/category\/interviews\/artes-visuales\/"},"img":{"alt_text":"","src":"https:\/\/i0.wp.com\/errr-magazine.com\/wp-content\/uploads\/2026\/03\/1-scaled.jpg?resize=350%2C200&ssl=1","width":350,"height":200,"srcset":"https:\/\/i0.wp.com\/errr-magazine.com\/wp-content\/uploads\/2026\/03\/1-scaled.jpg?resize=350%2C200&ssl=1 1x, https:\/\/i0.wp.com\/errr-magazine.com\/wp-content\/uploads\/2026\/03\/1-scaled.jpg?resize=525%2C300&ssl=1 1.5x, https:\/\/i0.wp.com\/errr-magazine.com\/wp-content\/uploads\/2026\/03\/1-scaled.jpg?resize=700%2C400&ssl=1 2x, https:\/\/i0.wp.com\/errr-magazine.com\/wp-content\/uploads\/2026\/03\/1-scaled.jpg?resize=1050%2C600&ssl=1 3x, https:\/\/i0.wp.com\/errr-magazine.com\/wp-content\/uploads\/2026\/03\/1-scaled.jpg?resize=1400%2C800&ssl=1 4x"},"classes":[]}],"jetpack_sharing_enabled":true,"mfb_rest_fields":["title","yoast_head","yoast_head_json","jetpack_featured_media_url","jetpack-related-posts","jetpack_sharing_enabled"],"_links":{"self":[{"href":"https:\/\/errr-magazine.com\/english\/wp-json\/wp\/v2\/posts\/146300","targetHints":{"allow":["GET"]}}],"collection":[{"href":"https:\/\/errr-magazine.com\/english\/wp-json\/wp\/v2\/posts"}],"about":[{"href":"https:\/\/errr-magazine.com\/english\/wp-json\/wp\/v2\/types\/post"}],"author":[{"embeddable":true,"href":"https:\/\/errr-magazine.com\/english\/wp-json\/wp\/v2\/users\/6248"}],"replies":[{"embeddable":true,"href":"https:\/\/errr-magazine.com\/english\/wp-json\/wp\/v2\/comments?post=146300"}],"version-history":[{"count":3,"href":"https:\/\/errr-magazine.com\/english\/wp-json\/wp\/v2\/posts\/146300\/revisions"}],"predecessor-version":[{"id":146316,"href":"https:\/\/errr-magazine.com\/english\/wp-json\/wp\/v2\/posts\/146300\/revisions\/146316"}],"wp:featuredmedia":[{"embeddable":true,"href":"https:\/\/errr-magazine.com\/english\/wp-json\/wp\/v2\/media\/146312"}],"wp:attachment":[{"href":"https:\/\/errr-magazine.com\/english\/wp-json\/wp\/v2\/media?parent=146300"}],"wp:term":[{"taxonomy":"category","embeddable":true,"href":"https:\/\/errr-magazine.com\/english\/wp-json\/wp\/v2\/categories?post=146300"},{"taxonomy":"post_tag","embeddable":true,"href":"https:\/\/errr-magazine.com\/english\/wp-json\/wp\/v2\/tags?post=146300"}],"curies":[{"name":"wp","href":"https:\/\/api.w.org\/{rel}","templated":true}]}}