{"id":145776,"date":"2019-07-15T08:30:57","date_gmt":"2019-07-14T22:30:57","guid":{"rendered":"http:\/\/errr-magazine.com\/?p=145776"},"modified":"2022-08-31T01:34:26","modified_gmt":"2022-08-31T06:34:26","slug":"mis-personas-favoritas-en-el-mundo","status":"publish","type":"post","link":"https:\/\/errr-magazine.com\/english\/mis-personas-favoritas-en-el-mundo\/","title":{"rendered":"Mis personas favoritas en el mundo"},"content":{"rendered":"<p>Tengo varias\u00a0 personas favoritas en el mundo entre ellos por ejemplo Viale y Samid porque me dieron un hermoso momento televisivo, \u00e9pico e ineludiblemente recurrente que siempre me hace re\u00edr a las carcajadas, m\u00ed pap\u00e1 porque es inteligente y vivi\u00f3 una vida entera siendo fiel a sus principios, sol\u00eda tener una novia que era m\u00ed persona favorita en el mundo se lo dec\u00eda siempre. &#8220;Sos m\u00ed persona favorita en el mundo&#8221; hasta que descubr\u00ed que esto era cierto cuando decidio irse. Actualmente mis personas favoritas en el mundo son mis amigos Pablete y Facu, juntos somos como los tres mosqueteros, la sant\u00edsima Trinidad, Rush o cualquiera de esas bandas de tres tipos excepto Green Day, Green Day no, Green Day es horrible. \u00daltimamente en definitiva, termin\u00e9 por darme cuenta que las personas son realmente duales y cuando decidimos si realmente nos agradan o no, tenemos que tomarlas como un todo y eso incluye la porquer\u00eda que todos somos en el fondo pero solo nos hacemos cargo cuando alguien m\u00e1s lo nota y nos sugiere cambiar.<\/p>\n<p>Photography by\u00a0<a href=\"https:\/\/www.flickr.com\/photos\/marcgasso\/\">Marc Gass\u00f3<\/a><\/p>","protected":false},"excerpt":{"rendered":"<p>Tengo varias\u00a0 personas favoritas en el mundo entre ellos por ejemplo Viale y Samid porque me dieron un hermoso momento televisivo, \u00e9pico e ineludiblemente recurrente que siempre me hace re\u00edr a las carcajadas, m\u00ed pap\u00e1 porque es inteligente y vivi\u00f3 una vida entera siendo fiel a sus principios, sol\u00eda tener una novia que era m\u00ed [&hellip;]<\/p>\n","protected":false},"author":6255,"featured_media":145782,"comment_status":"closed","ping_status":"closed","sticky":false,"template":"","format":"standard","meta":{"_acf_changed":false,"cybocfi_hide_featured_image":"","_jetpack_memberships_contains_paid_content":false,"footnotes":""},"categories":[7997],"tags":[],"class_list":["post-145776","post","type-post","status-publish","format-standard","has-post-thumbnail","hentry","category-textos"],"acf":[],"mb":[],"yoast_head":"<!-- This site is optimized with the Yoast SEO plugin v27.2 - https:\/\/yoast.com\/product\/yoast-seo-wordpress\/ -->\n<title>Mis personas favoritas en el mundo - ERRR MAGAZINE<\/title>\n<meta name=\"robots\" content=\"index, follow, max-snippet:-1, max-image-preview:large, max-video-preview:-1\" \/>\n<link rel=\"canonical\" href=\"https:\/\/errr-magazine.com\/english\/mis-personas-favoritas-en-el-mundo\/\" \/>\n<meta property=\"og:locale\" content=\"en_US\" \/>\n<meta property=\"og:type\" content=\"article\" \/>\n<meta property=\"og:title\" content=\"Mis personas favoritas en el mundo - ERRR MAGAZINE\" \/>\n<meta property=\"og:description\" content=\"Tengo varias\u00a0 personas favoritas en el mundo entre ellos por ejemplo Viale y Samid porque me dieron un hermoso momento televisivo, \u00e9pico e ineludiblemente recurrente que siempre me hace re\u00edr a las carcajadas, m\u00ed pap\u00e1 porque es inteligente y vivi\u00f3 una vida entera siendo fiel a sus principios, sol\u00eda tener una novia que era m\u00ed [&hellip;]\" \/>\n<meta property=\"og:url\" content=\"https:\/\/errr-magazine.com\/english\/mis-personas-favoritas-en-el-mundo\/\" \/>\n<meta property=\"og:site_name\" content=\"ERRR MAGAZINE\" \/>\n<meta property=\"article:published_time\" content=\"2019-07-14T22:30:57+00:00\" \/>\n<meta property=\"article:modified_time\" content=\"2022-08-31T06:34:26+00:00\" \/>\n<meta property=\"og:image\" content=\"https:\/\/errr-magazine.com\/wp-content\/uploads\/2019\/07\/10-1.png\" \/>\n\t<meta property=\"og:image:width\" content=\"1010\" \/>\n\t<meta property=\"og:image:height\" content=\"675\" \/>\n\t<meta property=\"og:image:type\" content=\"image\/png\" \/>\n<meta name=\"author\" content=\"Emanuel Pablo Ernesto Vivas\" \/>\n<meta name=\"twitter:card\" content=\"summary_large_image\" \/>\n<meta name=\"twitter:label1\" content=\"Written by\" \/>\n\t<meta name=\"twitter:data1\" content=\"Emanuel Pablo Ernesto Vivas\" \/>\n\t<meta name=\"twitter:label2\" content=\"Est. reading time\" \/>\n\t<meta name=\"twitter:data2\" content=\"1 minute\" \/>\n<script type=\"application\/ld+json\" class=\"yoast-schema-graph\">{\"@context\":\"https:\/\/schema.org\",\"@graph\":[{\"@type\":\"Article\",\"@id\":\"https:\/\/errr-magazine.com\/mis-personas-favoritas-en-el-mundo\/#article\",\"isPartOf\":{\"@id\":\"https:\/\/errr-magazine.com\/mis-personas-favoritas-en-el-mundo\/\"},\"author\":{\"name\":\"Emanuel Pablo Ernesto Vivas\",\"@id\":\"https:\/\/errr-magazine.com\/#\/schema\/person\/0dd95e6660e28537385cd9ed293d20ad\"},\"headline\":\"Mis personas favoritas en el mundo\",\"datePublished\":\"2019-07-14T22:30:57+00:00\",\"dateModified\":\"2022-08-31T06:34:26+00:00\",\"mainEntityOfPage\":{\"@id\":\"https:\/\/errr-magazine.com\/mis-personas-favoritas-en-el-mundo\/\"},\"wordCount\":192,\"image\":{\"@id\":\"https:\/\/errr-magazine.com\/mis-personas-favoritas-en-el-mundo\/#primaryimage\"},\"thumbnailUrl\":\"https:\/\/errr-magazine.com\/wp-content\/uploads\/2019\/07\/10-1.png\",\"articleSection\":[\"Textos\"],\"inLanguage\":\"en-US\"},{\"@type\":\"WebPage\",\"@id\":\"https:\/\/errr-magazine.com\/mis-personas-favoritas-en-el-mundo\/\",\"url\":\"https:\/\/errr-magazine.com\/mis-personas-favoritas-en-el-mundo\/\",\"name\":\"Mis personas favoritas en el mundo - ERRR MAGAZINE\",\"isPartOf\":{\"@id\":\"https:\/\/errr-magazine.com\/#website\"},\"primaryImageOfPage\":{\"@id\":\"https:\/\/errr-magazine.com\/mis-personas-favoritas-en-el-mundo\/#primaryimage\"},\"image\":{\"@id\":\"https:\/\/errr-magazine.com\/mis-personas-favoritas-en-el-mundo\/#primaryimage\"},\"thumbnailUrl\":\"https:\/\/errr-magazine.com\/wp-content\/uploads\/2019\/07\/10-1.png\",\"datePublished\":\"2019-07-14T22:30:57+00:00\",\"dateModified\":\"2022-08-31T06:34:26+00:00\",\"author\":{\"@id\":\"https:\/\/errr-magazine.com\/#\/schema\/person\/0dd95e6660e28537385cd9ed293d20ad\"},\"breadcrumb\":{\"@id\":\"https:\/\/errr-magazine.com\/mis-personas-favoritas-en-el-mundo\/#breadcrumb\"},\"inLanguage\":\"en-US\",\"potentialAction\":[{\"@type\":\"ReadAction\",\"target\":[\"https:\/\/errr-magazine.com\/mis-personas-favoritas-en-el-mundo\/\"]}]},{\"@type\":\"ImageObject\",\"inLanguage\":\"en-US\",\"@id\":\"https:\/\/errr-magazine.com\/mis-personas-favoritas-en-el-mundo\/#primaryimage\",\"url\":\"https:\/\/errr-magazine.com\/wp-content\/uploads\/2019\/07\/10-1.png\",\"contentUrl\":\"https:\/\/errr-magazine.com\/wp-content\/uploads\/2019\/07\/10-1.png\",\"width\":1010,\"height\":675},{\"@type\":\"BreadcrumbList\",\"@id\":\"https:\/\/errr-magazine.com\/mis-personas-favoritas-en-el-mundo\/#breadcrumb\",\"itemListElement\":[{\"@type\":\"ListItem\",\"position\":1,\"name\":\"Portada\",\"item\":\"https:\/\/errr-magazine.com\/\"},{\"@type\":\"ListItem\",\"position\":2,\"name\":\"Mis personas favoritas en el mundo\"}]},{\"@type\":\"WebSite\",\"@id\":\"https:\/\/errr-magazine.com\/#website\",\"url\":\"https:\/\/errr-magazine.com\/\",\"name\":\"ERRR MAGAZINE\",\"description\":\"\",\"potentialAction\":[{\"@type\":\"SearchAction\",\"target\":{\"@type\":\"EntryPoint\",\"urlTemplate\":\"https:\/\/errr-magazine.com\/?s={search_term_string}\"},\"query-input\":{\"@type\":\"PropertyValueSpecification\",\"valueRequired\":true,\"valueName\":\"search_term_string\"}}],\"inLanguage\":\"en-US\"},{\"@type\":\"Person\",\"@id\":\"https:\/\/errr-magazine.com\/#\/schema\/person\/0dd95e6660e28537385cd9ed293d20ad\",\"name\":\"Emanuel Pablo Ernesto Vivas\",\"image\":{\"@type\":\"ImageObject\",\"inLanguage\":\"en-US\",\"@id\":\"https:\/\/secure.gravatar.com\/avatar\/e0c4320d89cab1db2dec299e566960fa438c743f0fa250417bc9eb420cd8c0b2?s=96&d=identicon&r=g\",\"url\":\"https:\/\/secure.gravatar.com\/avatar\/e0c4320d89cab1db2dec299e566960fa438c743f0fa250417bc9eb420cd8c0b2?s=96&d=identicon&r=g\",\"contentUrl\":\"https:\/\/secure.gravatar.com\/avatar\/e0c4320d89cab1db2dec299e566960fa438c743f0fa250417bc9eb420cd8c0b2?s=96&d=identicon&r=g\",\"caption\":\"Emanuel Pablo Ernesto Vivas\"},\"description\":\"Yo solamente escribo.\",\"sameAs\":[\"https:\/\/www.instagram.com\/uhjustoesteotravez\"],\"url\":\"https:\/\/errr-magazine.com\/english\/author\/emanuelvivas3\/\"}]}<\/script>\n<!-- \/ Yoast SEO plugin. -->","yoast_head_json":{"title":"Mis personas favoritas en el mundo - ERRR MAGAZINE","robots":{"index":"index","follow":"follow","max-snippet":"max-snippet:-1","max-image-preview":"max-image-preview:large","max-video-preview":"max-video-preview:-1"},"canonical":"https:\/\/errr-magazine.com\/english\/mis-personas-favoritas-en-el-mundo\/","og_locale":"en_US","og_type":"article","og_title":"Mis personas favoritas en el mundo - ERRR MAGAZINE","og_description":"Tengo varias\u00a0 personas favoritas en el mundo entre ellos por ejemplo Viale y Samid porque me dieron un hermoso momento televisivo, \u00e9pico e ineludiblemente recurrente que siempre me hace re\u00edr a las carcajadas, m\u00ed pap\u00e1 porque es inteligente y vivi\u00f3 una vida entera siendo fiel a sus principios, sol\u00eda tener una novia que era m\u00ed [&hellip;]","og_url":"https:\/\/errr-magazine.com\/english\/mis-personas-favoritas-en-el-mundo\/","og_site_name":"ERRR MAGAZINE","article_published_time":"2019-07-14T22:30:57+00:00","article_modified_time":"2022-08-31T06:34:26+00:00","og_image":[{"width":1010,"height":675,"url":"https:\/\/errr-magazine.com\/wp-content\/uploads\/2019\/07\/10-1.png","type":"image\/png"}],"author":"Emanuel Pablo Ernesto Vivas","twitter_card":"summary_large_image","twitter_misc":{"Written by":"Emanuel Pablo Ernesto Vivas","Est. reading time":"1 minute"},"schema":{"@context":"https:\/\/schema.org","@graph":[{"@type":"Article","@id":"https:\/\/errr-magazine.com\/mis-personas-favoritas-en-el-mundo\/#article","isPartOf":{"@id":"https:\/\/errr-magazine.com\/mis-personas-favoritas-en-el-mundo\/"},"author":{"name":"Emanuel Pablo Ernesto Vivas","@id":"https:\/\/errr-magazine.com\/#\/schema\/person\/0dd95e6660e28537385cd9ed293d20ad"},"headline":"Mis personas favoritas en el mundo","datePublished":"2019-07-14T22:30:57+00:00","dateModified":"2022-08-31T06:34:26+00:00","mainEntityOfPage":{"@id":"https:\/\/errr-magazine.com\/mis-personas-favoritas-en-el-mundo\/"},"wordCount":192,"image":{"@id":"https:\/\/errr-magazine.com\/mis-personas-favoritas-en-el-mundo\/#primaryimage"},"thumbnailUrl":"https:\/\/errr-magazine.com\/wp-content\/uploads\/2019\/07\/10-1.png","articleSection":["Textos"],"inLanguage":"en-US"},{"@type":"WebPage","@id":"https:\/\/errr-magazine.com\/mis-personas-favoritas-en-el-mundo\/","url":"https:\/\/errr-magazine.com\/mis-personas-favoritas-en-el-mundo\/","name":"Mis personas favoritas en el mundo - ERRR MAGAZINE","isPartOf":{"@id":"https:\/\/errr-magazine.com\/#website"},"primaryImageOfPage":{"@id":"https:\/\/errr-magazine.com\/mis-personas-favoritas-en-el-mundo\/#primaryimage"},"image":{"@id":"https:\/\/errr-magazine.com\/mis-personas-favoritas-en-el-mundo\/#primaryimage"},"thumbnailUrl":"https:\/\/errr-magazine.com\/wp-content\/uploads\/2019\/07\/10-1.png","datePublished":"2019-07-14T22:30:57+00:00","dateModified":"2022-08-31T06:34:26+00:00","author":{"@id":"https:\/\/errr-magazine.com\/#\/schema\/person\/0dd95e6660e28537385cd9ed293d20ad"},"breadcrumb":{"@id":"https:\/\/errr-magazine.com\/mis-personas-favoritas-en-el-mundo\/#breadcrumb"},"inLanguage":"en-US","potentialAction":[{"@type":"ReadAction","target":["https:\/\/errr-magazine.com\/mis-personas-favoritas-en-el-mundo\/"]}]},{"@type":"ImageObject","inLanguage":"en-US","@id":"https:\/\/errr-magazine.com\/mis-personas-favoritas-en-el-mundo\/#primaryimage","url":"https:\/\/errr-magazine.com\/wp-content\/uploads\/2019\/07\/10-1.png","contentUrl":"https:\/\/errr-magazine.com\/wp-content\/uploads\/2019\/07\/10-1.png","width":1010,"height":675},{"@type":"BreadcrumbList","@id":"https:\/\/errr-magazine.com\/mis-personas-favoritas-en-el-mundo\/#breadcrumb","itemListElement":[{"@type":"ListItem","position":1,"name":"Portada","item":"https:\/\/errr-magazine.com\/"},{"@type":"ListItem","position":2,"name":"Mis personas favoritas en el mundo"}]},{"@type":"WebSite","@id":"https:\/\/errr-magazine.com\/#website","url":"https:\/\/errr-magazine.com\/","name":"ERRR MAGAZINE","description":"","potentialAction":[{"@type":"SearchAction","target":{"@type":"EntryPoint","urlTemplate":"https:\/\/errr-magazine.com\/?s={search_term_string}"},"query-input":{"@type":"PropertyValueSpecification","valueRequired":true,"valueName":"search_term_string"}}],"inLanguage":"en-US"},{"@type":"Person","@id":"https:\/\/errr-magazine.com\/#\/schema\/person\/0dd95e6660e28537385cd9ed293d20ad","name":"Emanuel Pablo Ernesto Vivas","image":{"@type":"ImageObject","inLanguage":"en-US","@id":"https:\/\/secure.gravatar.com\/avatar\/e0c4320d89cab1db2dec299e566960fa438c743f0fa250417bc9eb420cd8c0b2?s=96&d=identicon&r=g","url":"https:\/\/secure.gravatar.com\/avatar\/e0c4320d89cab1db2dec299e566960fa438c743f0fa250417bc9eb420cd8c0b2?s=96&d=identicon&r=g","contentUrl":"https:\/\/secure.gravatar.com\/avatar\/e0c4320d89cab1db2dec299e566960fa438c743f0fa250417bc9eb420cd8c0b2?s=96&d=identicon&r=g","caption":"Emanuel Pablo Ernesto Vivas"},"description":"I only write.","sameAs":["https:\/\/www.instagram.com\/uhjustoesteotravez"],"url":"https:\/\/errr-magazine.com\/english\/author\/emanuelvivas3\/"}]}},"jetpack_featured_media_url":"https:\/\/errr-magazine.com\/wp-content\/uploads\/2019\/07\/10-1.png","jetpack-related-posts":[{"id":173402,"url":"https:\/\/errr-magazine.com\/english\/untitled-014\/","url_meta":{"origin":145776,"position":0},"title":"Untitled 014","author":"Viviana","date":"08\/10\/2021","format":false,"excerpt":"I need to remind myself that I didn't love you. I loved an idea of you; a mirage created by your insecurities and my blind trust to believe any fairytale that walks in to my life. The truth is I never knew you the way that you knew me. I\u2026","rel":"","context":"In &quot;Textos&quot;","block_context":{"text":"Textos","link":"https:\/\/errr-magazine.com\/english\/category\/textos\/"},"img":{"alt_text":"","src":"https:\/\/i0.wp.com\/errr-magazine.com\/wp-content\/uploads\/2021\/08\/51322234201_60a5148e07_c.jpg?resize=350%2C200&ssl=1","width":350,"height":200,"srcset":"https:\/\/i0.wp.com\/errr-magazine.com\/wp-content\/uploads\/2021\/08\/51322234201_60a5148e07_c.jpg?resize=350%2C200&ssl=1 1x, https:\/\/i0.wp.com\/errr-magazine.com\/wp-content\/uploads\/2021\/08\/51322234201_60a5148e07_c.jpg?resize=525%2C300&ssl=1 1.5x, https:\/\/i0.wp.com\/errr-magazine.com\/wp-content\/uploads\/2021\/08\/51322234201_60a5148e07_c.jpg?resize=700%2C400&ssl=1 2x"},"classes":[]},{"id":158166,"url":"https:\/\/errr-magazine.com\/english\/libre-en-medio-del-caos\/","url_meta":{"origin":145776,"position":1},"title":"Libre en medio del caos","author":"Estrella Dejaneira G\u00f3mez Casas","date":"04\/23\/2020","format":false,"excerpt":"\u00bfCu\u00e1l es tu palabra favorita? Pertenencia. Relata alg\u00fan sue\u00f1o reciente del que te acuerdes. Ver y sentir mi propia muerte. Era una guerra o mejor dicho una clase de Apocalipsis; todo el mundo se estaba volviendo loco y hab\u00edan varios bandos a cargo. Parec\u00eda que el mundo se hab\u00eda vuelto\u2026","rel":"","context":"In &quot;Textos&quot;","block_context":{"text":"Textos","link":"https:\/\/errr-magazine.com\/english\/category\/textos\/"},"img":{"alt_text":"","src":"","width":0,"height":0},"classes":[]},{"id":170703,"url":"https:\/\/errr-magazine.com\/english\/tu-persona-favorita\/","url_meta":{"origin":145776,"position":2},"title":"Tu persona favorita","author":"Wenn Lauper","date":"05\/06\/2021","format":false,"excerpt":"Abr\u00ed los ojos y estaba en un mundo diferente. Todo parece estar igual, las cosas siguen como siempre, unas hasta han mejorado, pero hoy hace a\u00f1os que ya no est\u00e1s. A veces me siento culpable por haber sido la persona que fui en todas esas situaciones y a\u00fan que s\u00e9\u2026","rel":"","context":"In &quot;Textos&quot;","block_context":{"text":"Textos","link":"https:\/\/errr-magazine.com\/english\/category\/textos\/"},"img":{"alt_text":"","src":"https:\/\/i0.wp.com\/errr-magazine.com\/wp-content\/uploads\/2021\/04\/Captura-de-Pantalla-2021-04-20-a-las-5.33.21-p.m.1-e1620268614616.png?resize=350%2C200&ssl=1","width":350,"height":200,"srcset":"https:\/\/i0.wp.com\/errr-magazine.com\/wp-content\/uploads\/2021\/04\/Captura-de-Pantalla-2021-04-20-a-las-5.33.21-p.m.1-e1620268614616.png?resize=350%2C200&ssl=1 1x, https:\/\/i0.wp.com\/errr-magazine.com\/wp-content\/uploads\/2021\/04\/Captura-de-Pantalla-2021-04-20-a-las-5.33.21-p.m.1-e1620268614616.png?resize=525%2C300&ssl=1 1.5x, https:\/\/i0.wp.com\/errr-magazine.com\/wp-content\/uploads\/2021\/04\/Captura-de-Pantalla-2021-04-20-a-las-5.33.21-p.m.1-e1620268614616.png?resize=700%2C400&ssl=1 2x, https:\/\/i0.wp.com\/errr-magazine.com\/wp-content\/uploads\/2021\/04\/Captura-de-Pantalla-2021-04-20-a-las-5.33.21-p.m.1-e1620268614616.png?resize=1050%2C600&ssl=1 3x, https:\/\/i0.wp.com\/errr-magazine.com\/wp-content\/uploads\/2021\/04\/Captura-de-Pantalla-2021-04-20-a-las-5.33.21-p.m.1-e1620268614616.png?resize=1400%2C800&ssl=1 4x"},"classes":[]},{"id":157244,"url":"https:\/\/errr-magazine.com\/english\/alguna-vez-han-amado-terriblemente\/","url_meta":{"origin":145776,"position":3},"title":"\u00bfAlguna vez han amado terriblemente?","author":"Felino Cu\u00e1ntico","date":"04\/05\/2020","format":false,"excerpt":"1. \u00bfCu\u00e1l es tu palabra favorita? \u00a1Terrible! Me gusta que puedes usarla de muchas maneras, ya sea de manera negativa o positiva. \u00bfAlguna vez han amado terriblemente? 2. \u00bfQu\u00e9 so\u00f1aste anoche? Olvido muy r\u00e1pido mis sue\u00f1os, pero hay uno importante. En el sue\u00f1o yo ten\u00eda como amigos a tres animales:\u2026","rel":"","context":"In &quot;Textos&quot;","block_context":{"text":"Textos","link":"https:\/\/errr-magazine.com\/english\/category\/textos\/"},"img":{"alt_text":"","src":"","width":0,"height":0},"classes":[]},{"id":203180,"url":"https:\/\/errr-magazine.com\/english\/la-historia-importa\/","url_meta":{"origin":145776,"position":4},"title":"History Matters","author":"Mitchell Eidse","date":"03\/28\/2026","format":false,"excerpt":"This project was more of a reminder: that history matters. And while every generation and culture has its issues, using technology that forces you to slow down really does work wonders for the mind and heart.","rel":"","context":"In &quot;Artes visuales&quot;","block_context":{"text":"Artes visuales","link":"https:\/\/errr-magazine.com\/english\/category\/interviews\/artes-visuales\/"},"img":{"alt_text":"","src":"https:\/\/i0.wp.com\/errr-magazine.com\/wp-content\/uploads\/2026\/03\/Errr-Mag-Mitch-15-scaled.jpg?resize=350%2C200&ssl=1","width":350,"height":200,"srcset":"https:\/\/i0.wp.com\/errr-magazine.com\/wp-content\/uploads\/2026\/03\/Errr-Mag-Mitch-15-scaled.jpg?resize=350%2C200&ssl=1 1x, https:\/\/i0.wp.com\/errr-magazine.com\/wp-content\/uploads\/2026\/03\/Errr-Mag-Mitch-15-scaled.jpg?resize=525%2C300&ssl=1 1.5x, https:\/\/i0.wp.com\/errr-magazine.com\/wp-content\/uploads\/2026\/03\/Errr-Mag-Mitch-15-scaled.jpg?resize=700%2C400&ssl=1 2x, https:\/\/i0.wp.com\/errr-magazine.com\/wp-content\/uploads\/2026\/03\/Errr-Mag-Mitch-15-scaled.jpg?resize=1050%2C600&ssl=1 3x, https:\/\/i0.wp.com\/errr-magazine.com\/wp-content\/uploads\/2026\/03\/Errr-Mag-Mitch-15-scaled.jpg?resize=1400%2C800&ssl=1 4x"},"classes":[]},{"id":199745,"url":"https:\/\/errr-magazine.com\/english\/en-un-mundo-ideal\/","url_meta":{"origin":145776,"position":5},"title":"In an ideal world","author":"Sarah-Marie Frerichmann","date":"02\/22\/2026","format":false,"excerpt":"People who stop learning, stop developing their personality and stop growing, bore me. I want to keep learning until I am old and grey, and then learn some more.","rel":"","context":"In &quot;Personas&quot;","block_context":{"text":"Personas","link":"https:\/\/errr-magazine.com\/english\/category\/interviews\/personas\/"},"img":{"alt_text":"","src":"https:\/\/i0.wp.com\/errr-magazine.com\/wp-content\/uploads\/2026\/02\/000050960034-scaled.jpg?resize=350%2C200&ssl=1","width":350,"height":200,"srcset":"https:\/\/i0.wp.com\/errr-magazine.com\/wp-content\/uploads\/2026\/02\/000050960034-scaled.jpg?resize=350%2C200&ssl=1 1x, https:\/\/i0.wp.com\/errr-magazine.com\/wp-content\/uploads\/2026\/02\/000050960034-scaled.jpg?resize=525%2C300&ssl=1 1.5x, https:\/\/i0.wp.com\/errr-magazine.com\/wp-content\/uploads\/2026\/02\/000050960034-scaled.jpg?resize=700%2C400&ssl=1 2x, https:\/\/i0.wp.com\/errr-magazine.com\/wp-content\/uploads\/2026\/02\/000050960034-scaled.jpg?resize=1050%2C600&ssl=1 3x, https:\/\/i0.wp.com\/errr-magazine.com\/wp-content\/uploads\/2026\/02\/000050960034-scaled.jpg?resize=1400%2C800&ssl=1 4x"},"classes":[]}],"jetpack_sharing_enabled":true,"mfb_rest_fields":["title","yoast_head","yoast_head_json","jetpack_featured_media_url","jetpack-related-posts","jetpack_sharing_enabled"],"_links":{"self":[{"href":"https:\/\/errr-magazine.com\/english\/wp-json\/wp\/v2\/posts\/145776","targetHints":{"allow":["GET"]}}],"collection":[{"href":"https:\/\/errr-magazine.com\/english\/wp-json\/wp\/v2\/posts"}],"about":[{"href":"https:\/\/errr-magazine.com\/english\/wp-json\/wp\/v2\/types\/post"}],"author":[{"embeddable":true,"href":"https:\/\/errr-magazine.com\/english\/wp-json\/wp\/v2\/users\/6255"}],"replies":[{"embeddable":true,"href":"https:\/\/errr-magazine.com\/english\/wp-json\/wp\/v2\/comments?post=145776"}],"version-history":[{"count":3,"href":"https:\/\/errr-magazine.com\/english\/wp-json\/wp\/v2\/posts\/145776\/revisions"}],"predecessor-version":[{"id":145790,"href":"https:\/\/errr-magazine.com\/english\/wp-json\/wp\/v2\/posts\/145776\/revisions\/145790"}],"wp:featuredmedia":[{"embeddable":true,"href":"https:\/\/errr-magazine.com\/english\/wp-json\/wp\/v2\/media\/145782"}],"wp:attachment":[{"href":"https:\/\/errr-magazine.com\/english\/wp-json\/wp\/v2\/media?parent=145776"}],"wp:term":[{"taxonomy":"category","embeddable":true,"href":"https:\/\/errr-magazine.com\/english\/wp-json\/wp\/v2\/categories?post=145776"},{"taxonomy":"post_tag","embeddable":true,"href":"https:\/\/errr-magazine.com\/english\/wp-json\/wp\/v2\/tags?post=145776"}],"curies":[{"name":"wp","href":"https:\/\/api.w.org\/{rel}","templated":true}]}}