{"id":145759,"date":"2019-07-15T08:30:59","date_gmt":"2019-07-14T22:30:59","guid":{"rendered":"http:\/\/errr-magazine.com\/?p=145759"},"modified":"2022-08-31T01:34:26","modified_gmt":"2022-08-31T06:34:26","slug":"a-subconscious-poem-and-other-alarums","status":"publish","type":"post","link":"https:\/\/errr-magazine.com\/english\/un-poema-subconsciente-y-otros-alaridos\/","title":{"rendered":"A subconscious poem and other alarums"},"content":{"rendered":"<p class=\"entry-title\" style=\"text-align: left;\"><strong>Quantum caustic<\/strong><\/p>\n<p style=\"text-align: left;\">Abstraction forges a seal for itself<br \/>\nleafy scent fluttering<br \/>\nnear the pits of his sleeping master;<br \/>\nuncertainty is reborn<br \/>\nas fatuous lichen<br \/>\nenclosing the labyrinth<br \/>\nin which memory corners<br \/>\nthe fertilizer of contradiction and dream.<br \/>\nAnd the insurgent forehead does not sweat<br \/>\nits bitter touch as it fades away<br \/>\nbut on the edge of the Ataraxia<br \/>\nonly before the premonitory pang<br \/>\nthat announces the presence of death.<\/p>\n<p style=\"text-align: left;\"><strong>Enumeration\u00a0<\/strong><\/p>\n<p style=\"text-align: left;\">Everything takes place at the edge of everything<br \/>\nduring locomotion<br \/>\nwe drag behind us<br \/>\nundaunted ghosts<br \/>\nwhen we turn around is the sound of our shadow<br \/>\nwhat haunts us<br \/>\nwhen our steps are positioned<br \/>\nwe ignore the source of our game<br \/>\nof treason.<br \/>\nAs rubber and leather vines<br \/>\nwe twist in the earth a path<br \/>\nfor the transit of our embarrassments<br \/>\nour deaths<br \/>\nour hungers<br \/>\nour orgies.<br \/>\nWe pay with the currency of freedom<br \/>\nthe net weight of our unconsciousness<br \/>\nfor death to fertilize<br \/>\nits extension<br \/>\nin the misery we ignore<br \/>\nby dint of bandages<br \/>\nof cynicism.<\/p>\n<p style=\"text-align: left;\"><strong>Dissolution of the Nous\u00a0<\/strong><\/p>\n<p style=\"text-align: left;\">No more current or Aroma<br \/>\nNavigating the shoal<br \/>\nShredded in the fan<br \/>\n(Cruelty effigy only)<br \/>\nSoul reflecting<br \/>\nIn spores<br \/>\nof gravitating minutiae<br \/>\nShelter from storms<br \/>\nWounding shadowed sectors<br \/>\nFor a mourner<br \/>\nWho dies a virgin<br \/>\nIn the face of the hungry outbreak<\/p>\n<p style=\"text-align: left;\"><strong>Obituary\u00a0<\/strong><\/p>\n<p style=\"text-align: left;\">Reconciled with my lies<br \/>\nI am a parody of my own potential<br \/>\nReconciled with my lies<br \/>\nI am a drop gnawing on the cemetery floor<br \/>\nReconciled with my lies<br \/>\nI lie viciously on my tombstone<br \/>\nReconciled with my lies<br \/>\nI am resurrected on the horizon<br \/>\nto scatter my ashes<\/p>\n<p style=\"text-align: left;\">\n<p style=\"text-align: left;\">Photography by\u00a0<a href=\"https:\/\/www.flickr.com\/photos\/marcgasso\/\">Marc Gass\u00f3<\/a><\/p>","protected":false},"excerpt":{"rendered":"<p>C\u00e1ustico cu\u00e1ntico La abstracci\u00f3n forja para si un sello frondoso aroma revoloteando cerca a las fosas de su amo dormido; la incertidumbre renace como liquen fatuo cercando el laberinto en el que la memoria arrincona el abono de la contradicci\u00f3n y del sue\u00f1o. Y no suda la frente insurrecta su tacto amargo al desvanecerse sino [&hellip;]<\/p>\n","protected":false},"author":6238,"featured_media":145785,"comment_status":"closed","ping_status":"closed","sticky":false,"template":"","format":"standard","meta":{"_acf_changed":false,"cybocfi_hide_featured_image":"","_jetpack_memberships_contains_paid_content":false,"footnotes":""},"categories":[7997],"tags":[16210,1513,15955,5339,4299],"class_list":["post-145759","post","type-post","status-publish","format-standard","has-post-thumbnail","hentry","category-textos","tag-abstraccion","tag-mente","tag-poemas-cortos","tag-psicologia","tag-psicosis"],"acf":[],"mb":[],"yoast_head":"<!-- This site is optimized with the Yoast SEO plugin v27.2 - https:\/\/yoast.com\/product\/yoast-seo-wordpress\/ -->\n<title>Un poema subconsciente y otros alaridos - ERRR MAGAZINE<\/title>\n<meta name=\"robots\" content=\"index, follow, max-snippet:-1, max-image-preview:large, max-video-preview:-1\" \/>\n<link rel=\"canonical\" href=\"https:\/\/errr-magazine.com\/english\/a-subconscious-poem-and-other-alarums\/\" \/>\n<meta property=\"og:locale\" content=\"en_US\" \/>\n<meta property=\"og:type\" content=\"article\" \/>\n<meta property=\"og:title\" content=\"Un poema subconsciente y otros alaridos - ERRR MAGAZINE\" \/>\n<meta property=\"og:description\" content=\"C\u00e1ustico cu\u00e1ntico La abstracci\u00f3n forja para si un sello frondoso aroma revoloteando cerca a las fosas de su amo dormido; la incertidumbre renace como liquen fatuo cercando el laberinto en el que la memoria arrincona el abono de la contradicci\u00f3n y del sue\u00f1o. Y no suda la frente insurrecta su tacto amargo al desvanecerse sino [&hellip;]\" \/>\n<meta property=\"og:url\" content=\"https:\/\/errr-magazine.com\/english\/a-subconscious-poem-and-other-alarums\/\" \/>\n<meta property=\"og:site_name\" content=\"ERRR MAGAZINE\" \/>\n<meta property=\"article:author\" content=\"https:\/\/www.facebook.com\/Garnifex666\" \/>\n<meta property=\"article:published_time\" content=\"2019-07-14T22:30:59+00:00\" \/>\n<meta property=\"article:modified_time\" content=\"2022-08-31T06:34:26+00:00\" \/>\n<meta property=\"og:image\" content=\"https:\/\/errr-magazine.com\/wp-content\/uploads\/2019\/07\/12.png\" \/>\n\t<meta property=\"og:image:width\" content=\"1041\" \/>\n\t<meta property=\"og:image:height\" content=\"690\" \/>\n\t<meta property=\"og:image:type\" content=\"image\/png\" \/>\n<meta name=\"author\" content=\"Cristian Felipe Leyva Meneses\" \/>\n<meta name=\"twitter:card\" content=\"summary_large_image\" \/>\n<meta name=\"twitter:creator\" content=\"@https:\/\/twitter.com\/_FelipeLeyva\" \/>\n<meta name=\"twitter:label1\" content=\"Written by\" \/>\n\t<meta name=\"twitter:data1\" content=\"Cristian Felipe Leyva Meneses\" \/>\n\t<meta name=\"twitter:label2\" content=\"Est. reading time\" \/>\n\t<meta name=\"twitter:data2\" content=\"1 minute\" \/>\n<script type=\"application\/ld+json\" class=\"yoast-schema-graph\">{\"@context\":\"https:\/\/schema.org\",\"@graph\":[{\"@type\":\"Article\",\"@id\":\"https:\/\/errr-magazine.com\/un-poema-subconsciente-y-otros-alaridos\/#article\",\"isPartOf\":{\"@id\":\"https:\/\/errr-magazine.com\/un-poema-subconsciente-y-otros-alaridos\/\"},\"author\":{\"name\":\"Cristian Felipe Leyva Meneses\",\"@id\":\"https:\/\/errr-magazine.com\/#\/schema\/person\/c3f8b1d9ff3ef3328ba80dfe6464a567\"},\"headline\":\"Un poema subconsciente y otros alaridos\",\"datePublished\":\"2019-07-14T22:30:59+00:00\",\"dateModified\":\"2022-08-31T06:34:26+00:00\",\"mainEntityOfPage\":{\"@id\":\"https:\/\/errr-magazine.com\/un-poema-subconsciente-y-otros-alaridos\/\"},\"wordCount\":285,\"image\":{\"@id\":\"https:\/\/errr-magazine.com\/un-poema-subconsciente-y-otros-alaridos\/#primaryimage\"},\"thumbnailUrl\":\"https:\/\/errr-magazine.com\/wp-content\/uploads\/2019\/07\/12.png\",\"keywords\":[\"abstracci\u00f3n\",\"Mente\",\"poemas cortos\",\"psicolog\u00eda\",\"Psicosis\"],\"articleSection\":[\"Textos\"],\"inLanguage\":\"en-US\"},{\"@type\":\"WebPage\",\"@id\":\"https:\/\/errr-magazine.com\/un-poema-subconsciente-y-otros-alaridos\/\",\"url\":\"https:\/\/errr-magazine.com\/un-poema-subconsciente-y-otros-alaridos\/\",\"name\":\"Un poema subconsciente y otros alaridos - ERRR MAGAZINE\",\"isPartOf\":{\"@id\":\"https:\/\/errr-magazine.com\/#website\"},\"primaryImageOfPage\":{\"@id\":\"https:\/\/errr-magazine.com\/un-poema-subconsciente-y-otros-alaridos\/#primaryimage\"},\"image\":{\"@id\":\"https:\/\/errr-magazine.com\/un-poema-subconsciente-y-otros-alaridos\/#primaryimage\"},\"thumbnailUrl\":\"https:\/\/errr-magazine.com\/wp-content\/uploads\/2019\/07\/12.png\",\"datePublished\":\"2019-07-14T22:30:59+00:00\",\"dateModified\":\"2022-08-31T06:34:26+00:00\",\"author\":{\"@id\":\"https:\/\/errr-magazine.com\/#\/schema\/person\/c3f8b1d9ff3ef3328ba80dfe6464a567\"},\"breadcrumb\":{\"@id\":\"https:\/\/errr-magazine.com\/un-poema-subconsciente-y-otros-alaridos\/#breadcrumb\"},\"inLanguage\":\"en-US\",\"potentialAction\":[{\"@type\":\"ReadAction\",\"target\":[\"https:\/\/errr-magazine.com\/un-poema-subconsciente-y-otros-alaridos\/\"]}]},{\"@type\":\"ImageObject\",\"inLanguage\":\"en-US\",\"@id\":\"https:\/\/errr-magazine.com\/un-poema-subconsciente-y-otros-alaridos\/#primaryimage\",\"url\":\"https:\/\/errr-magazine.com\/wp-content\/uploads\/2019\/07\/12.png\",\"contentUrl\":\"https:\/\/errr-magazine.com\/wp-content\/uploads\/2019\/07\/12.png\",\"width\":1041,\"height\":690},{\"@type\":\"BreadcrumbList\",\"@id\":\"https:\/\/errr-magazine.com\/un-poema-subconsciente-y-otros-alaridos\/#breadcrumb\",\"itemListElement\":[{\"@type\":\"ListItem\",\"position\":1,\"name\":\"Portada\",\"item\":\"https:\/\/errr-magazine.com\/\"},{\"@type\":\"ListItem\",\"position\":2,\"name\":\"Un poema subconsciente y otros alaridos\"}]},{\"@type\":\"WebSite\",\"@id\":\"https:\/\/errr-magazine.com\/#website\",\"url\":\"https:\/\/errr-magazine.com\/\",\"name\":\"ERRR MAGAZINE\",\"description\":\"\",\"potentialAction\":[{\"@type\":\"SearchAction\",\"target\":{\"@type\":\"EntryPoint\",\"urlTemplate\":\"https:\/\/errr-magazine.com\/?s={search_term_string}\"},\"query-input\":{\"@type\":\"PropertyValueSpecification\",\"valueRequired\":true,\"valueName\":\"search_term_string\"}}],\"inLanguage\":\"en-US\"},{\"@type\":\"Person\",\"@id\":\"https:\/\/errr-magazine.com\/#\/schema\/person\/c3f8b1d9ff3ef3328ba80dfe6464a567\",\"name\":\"Cristian Felipe Leyva Meneses\",\"image\":{\"@type\":\"ImageObject\",\"inLanguage\":\"en-US\",\"@id\":\"https:\/\/secure.gravatar.com\/avatar\/c46e7a587c40275b4e217d3c7368cd67dd2a918a82a339887ea8c5e1c7196dee?s=96&d=identicon&r=g\",\"url\":\"https:\/\/secure.gravatar.com\/avatar\/c46e7a587c40275b4e217d3c7368cd67dd2a918a82a339887ea8c5e1c7196dee?s=96&d=identicon&r=g\",\"contentUrl\":\"https:\/\/secure.gravatar.com\/avatar\/c46e7a587c40275b4e217d3c7368cd67dd2a918a82a339887ea8c5e1c7196dee?s=96&d=identicon&r=g\",\"caption\":\"Cristian Felipe Leyva Meneses\"},\"description\":\"Cristian Felipe Leyva Meneses (Armenia, Quind\u00edo, Colombia,1997\u2026 ? ) Aprendi\u00f3 a tocar la guitarra y a escribir poemas m\u00e1s all\u00e1 de sus probabilidades. Algunas revistas estuvieron dispuestas a seguir su juego: ERRR Magazine, Seattle escribe, Himen, Palabrer\u00edas y otras. Ocup\u00f3 el segundo lugar en el V concurso departamental de cuento Humberto Jaramillo \u00c1ngel; fue invitado al XI Festival internacional de poes\u00eda de Manizales y al XXXVI Encuentro nacional de palabra, ha participado en varias antolog\u00edas de microrrelato, cuento y poes\u00eda. Actualmente cursa una licenciatura en Literatura y Lengua castellana, adem\u00e1s de organizar conciertos y recitales po\u00e9ticos\",\"sameAs\":[\"https:\/\/corpusfelipegarnifex.wordpress.com\/\",\"https:\/\/www.facebook.com\/Garnifex666\",\"https:\/\/www.instagram.com\/_leyvafelipe_\",\"https:\/\/x.com\/https:\/\/twitter.com\/_FelipeLeyva\"],\"url\":\"https:\/\/errr-magazine.com\/english\/author\/cristian_felipe_l\/\"}]}<\/script>\n<!-- \/ Yoast SEO plugin. -->","yoast_head_json":{"title":"A subconscious poem and other alarums - ERRR MAGAZINE","robots":{"index":"index","follow":"follow","max-snippet":"max-snippet:-1","max-image-preview":"max-image-preview:large","max-video-preview":"max-video-preview:-1"},"canonical":"https:\/\/errr-magazine.com\/english\/a-subconscious-poem-and-other-alarums\/","og_locale":"en_US","og_type":"article","og_title":"Un poema subconsciente y otros alaridos - ERRR MAGAZINE","og_description":"C\u00e1ustico cu\u00e1ntico La abstracci\u00f3n forja para si un sello frondoso aroma revoloteando cerca a las fosas de su amo dormido; la incertidumbre renace como liquen fatuo cercando el laberinto en el que la memoria arrincona el abono de la contradicci\u00f3n y del sue\u00f1o. Y no suda la frente insurrecta su tacto amargo al desvanecerse sino [&hellip;]","og_url":"https:\/\/errr-magazine.com\/english\/a-subconscious-poem-and-other-alarums\/","og_site_name":"ERRR MAGAZINE","article_author":"https:\/\/www.facebook.com\/Garnifex666","article_published_time":"2019-07-14T22:30:59+00:00","article_modified_time":"2022-08-31T06:34:26+00:00","og_image":[{"width":1041,"height":690,"url":"https:\/\/errr-magazine.com\/wp-content\/uploads\/2019\/07\/12.png","type":"image\/png"}],"author":"Cristian Felipe Leyva Meneses","twitter_card":"summary_large_image","twitter_creator":"@https:\/\/twitter.com\/_FelipeLeyva","twitter_misc":{"Written by":"Cristian Felipe Leyva Meneses","Est. reading time":"1 minute"},"schema":{"@context":"https:\/\/schema.org","@graph":[{"@type":"Article","@id":"https:\/\/errr-magazine.com\/un-poema-subconsciente-y-otros-alaridos\/#article","isPartOf":{"@id":"https:\/\/errr-magazine.com\/un-poema-subconsciente-y-otros-alaridos\/"},"author":{"name":"Cristian Felipe Leyva Meneses","@id":"https:\/\/errr-magazine.com\/#\/schema\/person\/c3f8b1d9ff3ef3328ba80dfe6464a567"},"headline":"Un poema subconsciente y otros alaridos","datePublished":"2019-07-14T22:30:59+00:00","dateModified":"2022-08-31T06:34:26+00:00","mainEntityOfPage":{"@id":"https:\/\/errr-magazine.com\/un-poema-subconsciente-y-otros-alaridos\/"},"wordCount":285,"image":{"@id":"https:\/\/errr-magazine.com\/un-poema-subconsciente-y-otros-alaridos\/#primaryimage"},"thumbnailUrl":"https:\/\/errr-magazine.com\/wp-content\/uploads\/2019\/07\/12.png","keywords":["abstracci\u00f3n","Mente","poemas cortos","psicolog\u00eda","Psicosis"],"articleSection":["Textos"],"inLanguage":"en-US"},{"@type":"WebPage","@id":"https:\/\/errr-magazine.com\/un-poema-subconsciente-y-otros-alaridos\/","url":"https:\/\/errr-magazine.com\/un-poema-subconsciente-y-otros-alaridos\/","name":"A subconscious poem and other alarums - ERRR MAGAZINE","isPartOf":{"@id":"https:\/\/errr-magazine.com\/#website"},"primaryImageOfPage":{"@id":"https:\/\/errr-magazine.com\/un-poema-subconsciente-y-otros-alaridos\/#primaryimage"},"image":{"@id":"https:\/\/errr-magazine.com\/un-poema-subconsciente-y-otros-alaridos\/#primaryimage"},"thumbnailUrl":"https:\/\/errr-magazine.com\/wp-content\/uploads\/2019\/07\/12.png","datePublished":"2019-07-14T22:30:59+00:00","dateModified":"2022-08-31T06:34:26+00:00","author":{"@id":"https:\/\/errr-magazine.com\/#\/schema\/person\/c3f8b1d9ff3ef3328ba80dfe6464a567"},"breadcrumb":{"@id":"https:\/\/errr-magazine.com\/un-poema-subconsciente-y-otros-alaridos\/#breadcrumb"},"inLanguage":"en-US","potentialAction":[{"@type":"ReadAction","target":["https:\/\/errr-magazine.com\/un-poema-subconsciente-y-otros-alaridos\/"]}]},{"@type":"ImageObject","inLanguage":"en-US","@id":"https:\/\/errr-magazine.com\/un-poema-subconsciente-y-otros-alaridos\/#primaryimage","url":"https:\/\/errr-magazine.com\/wp-content\/uploads\/2019\/07\/12.png","contentUrl":"https:\/\/errr-magazine.com\/wp-content\/uploads\/2019\/07\/12.png","width":1041,"height":690},{"@type":"BreadcrumbList","@id":"https:\/\/errr-magazine.com\/un-poema-subconsciente-y-otros-alaridos\/#breadcrumb","itemListElement":[{"@type":"ListItem","position":1,"name":"Portada","item":"https:\/\/errr-magazine.com\/"},{"@type":"ListItem","position":2,"name":"Un poema subconsciente y otros alaridos"}]},{"@type":"WebSite","@id":"https:\/\/errr-magazine.com\/#website","url":"https:\/\/errr-magazine.com\/","name":"ERRR MAGAZINE","description":"","potentialAction":[{"@type":"SearchAction","target":{"@type":"EntryPoint","urlTemplate":"https:\/\/errr-magazine.com\/?s={search_term_string}"},"query-input":{"@type":"PropertyValueSpecification","valueRequired":true,"valueName":"search_term_string"}}],"inLanguage":"en-US"},{"@type":"Person","@id":"https:\/\/errr-magazine.com\/#\/schema\/person\/c3f8b1d9ff3ef3328ba80dfe6464a567","name":"Cristian Felipe Leyva Meneses","image":{"@type":"ImageObject","inLanguage":"en-US","@id":"https:\/\/secure.gravatar.com\/avatar\/c46e7a587c40275b4e217d3c7368cd67dd2a918a82a339887ea8c5e1c7196dee?s=96&d=identicon&r=g","url":"https:\/\/secure.gravatar.com\/avatar\/c46e7a587c40275b4e217d3c7368cd67dd2a918a82a339887ea8c5e1c7196dee?s=96&d=identicon&r=g","contentUrl":"https:\/\/secure.gravatar.com\/avatar\/c46e7a587c40275b4e217d3c7368cd67dd2a918a82a339887ea8c5e1c7196dee?s=96&d=identicon&r=g","caption":"Cristian Felipe Leyva Meneses"},"description":"Cristian Felipe Leyva Meneses (Armenia, Quind\u00edo, Colombia,1997... ? ) He learned to play the guitar and to write poems beyond his odds. Some magazines were willing to follow his game: ERRR Magazine, Seattle escribe, Himen, Palabrer\u00edas and others. He took second place in the V departmental short story contest Humberto Jaramillo Angel, was invited to the XI International Poetry Festival of Manizales and the XXXVI National Meeting of word, has participated in several anthologies of short stories, short stories and poetry. He is currently pursuing a degree in Literature and Spanish Language, in addition to organizing concerts and poetry recitals.","sameAs":["https:\/\/corpusfelipegarnifex.wordpress.com\/","https:\/\/www.facebook.com\/Garnifex666","https:\/\/www.instagram.com\/_leyvafelipe_","https:\/\/x.com\/https:\/\/twitter.com\/_FelipeLeyva"],"url":"https:\/\/errr-magazine.com\/english\/author\/cristian_felipe_l\/"}]}},"jetpack_featured_media_url":"https:\/\/errr-magazine.com\/wp-content\/uploads\/2019\/07\/12.png","jetpack-related-posts":[{"id":161972,"url":"https:\/\/errr-magazine.com\/english\/displicencia-del-cielo\/","url_meta":{"origin":145759,"position":0},"title":"Displicencia del cielo","author":"Cristian Felipe Leyva Meneses","date":"05\/31\/2020","format":false,"excerpt":"La luna en celo espera la se\u00f1al de la cornisa Igual es el salto No dice luz ni decir que se asoma Blanca sombra y sus maneras Las rocas quieren Volverse algod\u00f3n en tus pupilas\u2026 Pasos entre el pabell\u00f3n derretido Y llorar el tiempo de az\u00facar Con la voz de\u2026","rel":"","context":"In &quot;Textos&quot;","block_context":{"text":"Textos","link":"https:\/\/errr-magazine.com\/english\/category\/textos\/"},"img":{"alt_text":"","src":"","width":0,"height":0},"classes":[]},{"id":129854,"url":"https:\/\/errr-magazine.com\/english\/abstraccion-colectiva\/","url_meta":{"origin":145759,"position":1},"title":"Abstracci\u00f3n colectiva","author":"Martin Paniagua","date":"03\/22\/2018","format":false,"excerpt":"Nunca estoy solo!! ,\u00a0rebalza lo tecno, la materia microprotonica,microelectronica, positronica .convivo con el aire , con las bacterias, con el sol y sus rayos que se mueven a 350km por segundo con la tierra que gira constantemente , con el agua y su fluides su predispocicion, con las flores ,sus\u2026","rel":"","context":"In &quot;Textos&quot;","block_context":{"text":"Textos","link":"https:\/\/errr-magazine.com\/english\/category\/textos\/"},"img":{"alt_text":"","src":"","width":0,"height":0},"classes":[]},{"id":200214,"url":"https:\/\/errr-magazine.com\/english\/las-fotos-que-elegimos\/","url_meta":{"origin":145759,"position":2},"title":"The Photos We Chose","author":"Diego Jiram","date":"02\/24\/2026","format":false,"excerpt":"When you develop film, you have the negative of everything you shot, but the photograph is consummated only once you have the positive, whether in black and white or color. Therefore, the negative is like an abstraction: a guide toward the final image.","rel":"","context":"In &quot;Ensayo&quot;","block_context":{"text":"Ensayo","link":"https:\/\/errr-magazine.com\/english\/category\/writing\/ensayo\/"},"img":{"alt_text":"","src":"https:\/\/i0.wp.com\/errr-magazine.com\/wp-content\/uploads\/2026\/02\/Copia-de-_ADS8626-positive-1-scaled.jpg?resize=350%2C200&ssl=1","width":350,"height":200,"srcset":"https:\/\/i0.wp.com\/errr-magazine.com\/wp-content\/uploads\/2026\/02\/Copia-de-_ADS8626-positive-1-scaled.jpg?resize=350%2C200&ssl=1 1x, https:\/\/i0.wp.com\/errr-magazine.com\/wp-content\/uploads\/2026\/02\/Copia-de-_ADS8626-positive-1-scaled.jpg?resize=525%2C300&ssl=1 1.5x, https:\/\/i0.wp.com\/errr-magazine.com\/wp-content\/uploads\/2026\/02\/Copia-de-_ADS8626-positive-1-scaled.jpg?resize=700%2C400&ssl=1 2x, https:\/\/i0.wp.com\/errr-magazine.com\/wp-content\/uploads\/2026\/02\/Copia-de-_ADS8626-positive-1-scaled.jpg?resize=1050%2C600&ssl=1 3x, https:\/\/i0.wp.com\/errr-magazine.com\/wp-content\/uploads\/2026\/02\/Copia-de-_ADS8626-positive-1-scaled.jpg?resize=1400%2C800&ssl=1 4x"},"classes":[]},{"id":171713,"url":"https:\/\/errr-magazine.com\/english\/la-imagen-parpadeada\/","url_meta":{"origin":145759,"position":3},"title":"La imagen parpadeada y todo lo que se nos escapa","author":"Cesar Camacho","date":"05\/20\/2021","format":false,"excerpt":"Lo que el ojo encuentra y lo que el ojo extra\u00f1a, lo que a\u00f1ora ver y lo que quiere olvidar. La melancol\u00eda secuestro mi pesta\u00f1eo que separa los momentos dividiendo y congel\u00e1ndonos sin tregua. \u00bfPor qu\u00e9 no podemos ver el continuo fluir de las vivencias? Seccionando todo, un ojo se\u2026","rel":"","context":"In &quot;Textos&quot;","block_context":{"text":"Textos","link":"https:\/\/errr-magazine.com\/english\/category\/textos\/"},"img":{"alt_text":"","src":"https:\/\/i0.wp.com\/errr-magazine.com\/wp-content\/uploads\/2021\/05\/2CMamrila-scaled.jpg?resize=350%2C200&ssl=1","width":350,"height":200,"srcset":"https:\/\/i0.wp.com\/errr-magazine.com\/wp-content\/uploads\/2021\/05\/2CMamrila-scaled.jpg?resize=350%2C200&ssl=1 1x, https:\/\/i0.wp.com\/errr-magazine.com\/wp-content\/uploads\/2021\/05\/2CMamrila-scaled.jpg?resize=525%2C300&ssl=1 1.5x, https:\/\/i0.wp.com\/errr-magazine.com\/wp-content\/uploads\/2021\/05\/2CMamrila-scaled.jpg?resize=700%2C400&ssl=1 2x, https:\/\/i0.wp.com\/errr-magazine.com\/wp-content\/uploads\/2021\/05\/2CMamrila-scaled.jpg?resize=1050%2C600&ssl=1 3x, https:\/\/i0.wp.com\/errr-magazine.com\/wp-content\/uploads\/2021\/05\/2CMamrila-scaled.jpg?resize=1400%2C800&ssl=1 4x"},"classes":[]},{"id":201835,"url":"https:\/\/errr-magazine.com\/english\/refuge-a-poem-for-those-lost-at-sea\/","url_meta":{"origin":145759,"position":4},"title":"Refuge: A Poem for Those Lost at Sea","author":"Paulina Odeth Flores Ba\u00f1uelos","date":"03\/08\/2026","format":false,"excerpt":"On land, your place in it will someday be remembered, and they will cry out who did not save you and hurry out to the sea to cradle you in your rebirth.","rel":"","context":"In &quot;Poes\u00eda&quot;","block_context":{"text":"Poes\u00eda","link":"https:\/\/errr-magazine.com\/english\/category\/writing\/poesia\/"},"img":{"alt_text":"","src":"https:\/\/i0.wp.com\/errr-magazine.com\/wp-content\/uploads\/2026\/03\/Copia-de-1-002_30-scaled.jpg?resize=350%2C200&ssl=1","width":350,"height":200,"srcset":"https:\/\/i0.wp.com\/errr-magazine.com\/wp-content\/uploads\/2026\/03\/Copia-de-1-002_30-scaled.jpg?resize=350%2C200&ssl=1 1x, https:\/\/i0.wp.com\/errr-magazine.com\/wp-content\/uploads\/2026\/03\/Copia-de-1-002_30-scaled.jpg?resize=525%2C300&ssl=1 1.5x, https:\/\/i0.wp.com\/errr-magazine.com\/wp-content\/uploads\/2026\/03\/Copia-de-1-002_30-scaled.jpg?resize=700%2C400&ssl=1 2x, https:\/\/i0.wp.com\/errr-magazine.com\/wp-content\/uploads\/2026\/03\/Copia-de-1-002_30-scaled.jpg?resize=1050%2C600&ssl=1 3x, https:\/\/i0.wp.com\/errr-magazine.com\/wp-content\/uploads\/2026\/03\/Copia-de-1-002_30-scaled.jpg?resize=1400%2C800&ssl=1 4x"},"classes":[]},{"id":200321,"url":"https:\/\/errr-magazine.com\/english\/demasiado-calor-para-salir-a-fotografiar\/","url_meta":{"origin":145759,"position":5},"title":"Too Hot to Go Outside and Shoot","author":"Matt Purdon","date":"02\/25\/2026","format":false,"excerpt":"Landscapes don\u2019t judge, so I feel at ease taking photos amongst it. I\u2019m drawn to the aesthetics that surround people's lives, extensions of their personality, especially the ones they are unaware of.","rel":"","context":"In &quot;Artes visuales&quot;","block_context":{"text":"Artes visuales","link":"https:\/\/errr-magazine.com\/english\/category\/interviews\/artes-visuales\/"},"img":{"alt_text":"","src":"https:\/\/i0.wp.com\/errr-magazine.com\/wp-content\/uploads\/2026\/02\/desertkite-scaled.jpg?resize=350%2C200&ssl=1","width":350,"height":200,"srcset":"https:\/\/i0.wp.com\/errr-magazine.com\/wp-content\/uploads\/2026\/02\/desertkite-scaled.jpg?resize=350%2C200&ssl=1 1x, https:\/\/i0.wp.com\/errr-magazine.com\/wp-content\/uploads\/2026\/02\/desertkite-scaled.jpg?resize=525%2C300&ssl=1 1.5x, https:\/\/i0.wp.com\/errr-magazine.com\/wp-content\/uploads\/2026\/02\/desertkite-scaled.jpg?resize=700%2C400&ssl=1 2x, https:\/\/i0.wp.com\/errr-magazine.com\/wp-content\/uploads\/2026\/02\/desertkite-scaled.jpg?resize=1050%2C600&ssl=1 3x, https:\/\/i0.wp.com\/errr-magazine.com\/wp-content\/uploads\/2026\/02\/desertkite-scaled.jpg?resize=1400%2C800&ssl=1 4x"},"classes":[]}],"jetpack_sharing_enabled":true,"mfb_rest_fields":["title","yoast_head","yoast_head_json","jetpack_featured_media_url","jetpack-related-posts","jetpack_sharing_enabled"],"_links":{"self":[{"href":"https:\/\/errr-magazine.com\/english\/wp-json\/wp\/v2\/posts\/145759","targetHints":{"allow":["GET"]}}],"collection":[{"href":"https:\/\/errr-magazine.com\/english\/wp-json\/wp\/v2\/posts"}],"about":[{"href":"https:\/\/errr-magazine.com\/english\/wp-json\/wp\/v2\/types\/post"}],"author":[{"embeddable":true,"href":"https:\/\/errr-magazine.com\/english\/wp-json\/wp\/v2\/users\/6238"}],"replies":[{"embeddable":true,"href":"https:\/\/errr-magazine.com\/english\/wp-json\/wp\/v2\/comments?post=145759"}],"version-history":[{"count":3,"href":"https:\/\/errr-magazine.com\/english\/wp-json\/wp\/v2\/posts\/145759\/revisions"}],"predecessor-version":[{"id":145792,"href":"https:\/\/errr-magazine.com\/english\/wp-json\/wp\/v2\/posts\/145759\/revisions\/145792"}],"wp:featuredmedia":[{"embeddable":true,"href":"https:\/\/errr-magazine.com\/english\/wp-json\/wp\/v2\/media\/145785"}],"wp:attachment":[{"href":"https:\/\/errr-magazine.com\/english\/wp-json\/wp\/v2\/media?parent=145759"}],"wp:term":[{"taxonomy":"category","embeddable":true,"href":"https:\/\/errr-magazine.com\/english\/wp-json\/wp\/v2\/categories?post=145759"},{"taxonomy":"post_tag","embeddable":true,"href":"https:\/\/errr-magazine.com\/english\/wp-json\/wp\/v2\/tags?post=145759"}],"curies":[{"name":"wp","href":"https:\/\/api.w.org\/{rel}","templated":true}]}}