{"id":145715,"date":"2019-07-11T08:49:17","date_gmt":"2019-07-10T22:49:17","guid":{"rendered":"http:\/\/errr-magazine.com\/?p=145715"},"modified":"2022-08-31T01:34:27","modified_gmt":"2022-08-31T06:34:27","slug":"las-medidas-de-tiempo-son-una-mierda","status":"publish","type":"post","link":"https:\/\/errr-magazine.com\/english\/las-medidas-de-tiempo-son-una-mierda\/","title":{"rendered":"Las medidas de tiempo son una mierda"},"content":{"rendered":"<p>Me pon\u00eda triste cada media hora,<br \/>\nLloraba cada diez minutos y<br \/>\nRecordaba que no estabas cada cinco.<\/p>\n<p>Ahora lloro de tristeza<br \/>\ncada minuto<br \/>\nY t\u00fa ausencia me duele<br \/>\ncada segundo.<\/p>\n<p>Photography by\u00a0<a href=\"https:\/\/www.flickr.com\/photos\/marcgasso\/\">Marc Gass\u00f3<\/a><\/p>","protected":false},"excerpt":{"rendered":"<p>Me pon\u00eda triste cada media hora, Lloraba cada diez minutos y Recordaba que no estabas cada cinco. Ahora lloro de tristeza cada minuto Y t\u00fa ausencia me duele cada segundo. Fotograf\u00eda por\u00a0Marc Gass\u00f3<\/p>","protected":false},"author":6092,"featured_media":145741,"comment_status":"closed","ping_status":"closed","sticky":false,"template":"","format":"standard","meta":{"_acf_changed":false,"cybocfi_hide_featured_image":"","_jetpack_memberships_contains_paid_content":false,"footnotes":""},"categories":[7997],"tags":[16209],"class_list":["post-145715","post","type-post","status-publish","format-standard","has-post-thumbnail","hentry","category-textos","tag-desamor-ruptura-el"],"acf":[],"mb":[],"yoast_head":"<!-- This site is optimized with the Yoast SEO plugin v27.2 - https:\/\/yoast.com\/product\/yoast-seo-wordpress\/ -->\n<title>Las medidas de tiempo son una mierda - ERRR MAGAZINE<\/title>\n<meta name=\"robots\" content=\"index, follow, max-snippet:-1, max-image-preview:large, max-video-preview:-1\" \/>\n<link rel=\"canonical\" href=\"https:\/\/errr-magazine.com\/english\/las-medidas-de-tiempo-son-una-mierda\/\" \/>\n<meta property=\"og:locale\" content=\"en_US\" \/>\n<meta property=\"og:type\" content=\"article\" \/>\n<meta property=\"og:title\" content=\"Las medidas de tiempo son una mierda - ERRR MAGAZINE\" \/>\n<meta property=\"og:description\" content=\"Me pon\u00eda triste cada media hora, Lloraba cada diez minutos y Recordaba que no estabas cada cinco. Ahora lloro de tristeza cada minuto Y t\u00fa ausencia me duele cada segundo. Fotograf\u00eda por\u00a0Marc Gass\u00f3\" \/>\n<meta property=\"og:url\" content=\"https:\/\/errr-magazine.com\/english\/las-medidas-de-tiempo-son-una-mierda\/\" \/>\n<meta property=\"og:site_name\" content=\"ERRR MAGAZINE\" \/>\n<meta property=\"article:published_time\" content=\"2019-07-10T22:49:17+00:00\" \/>\n<meta property=\"article:modified_time\" content=\"2022-08-31T06:34:27+00:00\" \/>\n<meta property=\"og:image\" content=\"https:\/\/errr-magazine.com\/wp-content\/uploads\/2019\/07\/9-1.png\" \/>\n\t<meta property=\"og:image:width\" content=\"1031\" \/>\n\t<meta property=\"og:image:height\" content=\"692\" \/>\n\t<meta property=\"og:image:type\" content=\"image\/png\" \/>\n<meta name=\"author\" content=\"N\" \/>\n<meta name=\"twitter:card\" content=\"summary_large_image\" \/>\n<meta name=\"twitter:label1\" content=\"Written by\" \/>\n\t<meta name=\"twitter:data1\" content=\"N\" \/>\n<script type=\"application\/ld+json\" class=\"yoast-schema-graph\">{\"@context\":\"https:\/\/schema.org\",\"@graph\":[{\"@type\":\"Article\",\"@id\":\"https:\/\/errr-magazine.com\/las-medidas-de-tiempo-son-una-mierda\/#article\",\"isPartOf\":{\"@id\":\"https:\/\/errr-magazine.com\/las-medidas-de-tiempo-son-una-mierda\/\"},\"author\":{\"name\":\"N\",\"@id\":\"https:\/\/errr-magazine.com\/#\/schema\/person\/94da1143a1956944a8af389f1624aa12\"},\"headline\":\"Las medidas de tiempo son una mierda\",\"datePublished\":\"2019-07-10T22:49:17+00:00\",\"dateModified\":\"2022-08-31T06:34:27+00:00\",\"mainEntityOfPage\":{\"@id\":\"https:\/\/errr-magazine.com\/las-medidas-de-tiempo-son-una-mierda\/\"},\"wordCount\":43,\"image\":{\"@id\":\"https:\/\/errr-magazine.com\/las-medidas-de-tiempo-son-una-mierda\/#primaryimage\"},\"thumbnailUrl\":\"https:\/\/errr-magazine.com\/wp-content\/uploads\/2019\/07\/9-1.png\",\"keywords\":[\"#Desamor #ruptura #el\"],\"articleSection\":[\"Textos\"],\"inLanguage\":\"en-US\"},{\"@type\":\"WebPage\",\"@id\":\"https:\/\/errr-magazine.com\/las-medidas-de-tiempo-son-una-mierda\/\",\"url\":\"https:\/\/errr-magazine.com\/las-medidas-de-tiempo-son-una-mierda\/\",\"name\":\"Las medidas de tiempo son una mierda - ERRR MAGAZINE\",\"isPartOf\":{\"@id\":\"https:\/\/errr-magazine.com\/#website\"},\"primaryImageOfPage\":{\"@id\":\"https:\/\/errr-magazine.com\/las-medidas-de-tiempo-son-una-mierda\/#primaryimage\"},\"image\":{\"@id\":\"https:\/\/errr-magazine.com\/las-medidas-de-tiempo-son-una-mierda\/#primaryimage\"},\"thumbnailUrl\":\"https:\/\/errr-magazine.com\/wp-content\/uploads\/2019\/07\/9-1.png\",\"datePublished\":\"2019-07-10T22:49:17+00:00\",\"dateModified\":\"2022-08-31T06:34:27+00:00\",\"author\":{\"@id\":\"https:\/\/errr-magazine.com\/#\/schema\/person\/94da1143a1956944a8af389f1624aa12\"},\"breadcrumb\":{\"@id\":\"https:\/\/errr-magazine.com\/las-medidas-de-tiempo-son-una-mierda\/#breadcrumb\"},\"inLanguage\":\"en-US\",\"potentialAction\":[{\"@type\":\"ReadAction\",\"target\":[\"https:\/\/errr-magazine.com\/las-medidas-de-tiempo-son-una-mierda\/\"]}]},{\"@type\":\"ImageObject\",\"inLanguage\":\"en-US\",\"@id\":\"https:\/\/errr-magazine.com\/las-medidas-de-tiempo-son-una-mierda\/#primaryimage\",\"url\":\"https:\/\/errr-magazine.com\/wp-content\/uploads\/2019\/07\/9-1.png\",\"contentUrl\":\"https:\/\/errr-magazine.com\/wp-content\/uploads\/2019\/07\/9-1.png\",\"width\":1031,\"height\":692},{\"@type\":\"BreadcrumbList\",\"@id\":\"https:\/\/errr-magazine.com\/las-medidas-de-tiempo-son-una-mierda\/#breadcrumb\",\"itemListElement\":[{\"@type\":\"ListItem\",\"position\":1,\"name\":\"Portada\",\"item\":\"https:\/\/errr-magazine.com\/\"},{\"@type\":\"ListItem\",\"position\":2,\"name\":\"Las medidas de tiempo son una mierda\"}]},{\"@type\":\"WebSite\",\"@id\":\"https:\/\/errr-magazine.com\/#website\",\"url\":\"https:\/\/errr-magazine.com\/\",\"name\":\"ERRR MAGAZINE\",\"description\":\"\",\"potentialAction\":[{\"@type\":\"SearchAction\",\"target\":{\"@type\":\"EntryPoint\",\"urlTemplate\":\"https:\/\/errr-magazine.com\/?s={search_term_string}\"},\"query-input\":{\"@type\":\"PropertyValueSpecification\",\"valueRequired\":true,\"valueName\":\"search_term_string\"}}],\"inLanguage\":\"en-US\"},{\"@type\":\"Person\",\"@id\":\"https:\/\/errr-magazine.com\/#\/schema\/person\/94da1143a1956944a8af389f1624aa12\",\"name\":\"N\",\"image\":{\"@type\":\"ImageObject\",\"inLanguage\":\"en-US\",\"@id\":\"https:\/\/secure.gravatar.com\/avatar\/ea54f0ae10dadfd312c4b28256aa662187d260a6800f918371508ad8f5fa4769?s=96&d=identicon&r=g\",\"url\":\"https:\/\/secure.gravatar.com\/avatar\/ea54f0ae10dadfd312c4b28256aa662187d260a6800f918371508ad8f5fa4769?s=96&d=identicon&r=g\",\"contentUrl\":\"https:\/\/secure.gravatar.com\/avatar\/ea54f0ae10dadfd312c4b28256aa662187d260a6800f918371508ad8f5fa4769?s=96&d=identicon&r=g\",\"caption\":\"N\"},\"url\":\"https:\/\/errr-magazine.com\/english\/author\/stephjogarcia324\/\"}]}<\/script>\n<!-- \/ Yoast SEO plugin. -->","yoast_head_json":{"title":"Las medidas de tiempo son una mierda - ERRR MAGAZINE","robots":{"index":"index","follow":"follow","max-snippet":"max-snippet:-1","max-image-preview":"max-image-preview:large","max-video-preview":"max-video-preview:-1"},"canonical":"https:\/\/errr-magazine.com\/english\/las-medidas-de-tiempo-son-una-mierda\/","og_locale":"en_US","og_type":"article","og_title":"Las medidas de tiempo son una mierda - ERRR MAGAZINE","og_description":"Me pon\u00eda triste cada media hora, Lloraba cada diez minutos y Recordaba que no estabas cada cinco. Ahora lloro de tristeza cada minuto Y t\u00fa ausencia me duele cada segundo. Fotograf\u00eda por\u00a0Marc Gass\u00f3","og_url":"https:\/\/errr-magazine.com\/english\/las-medidas-de-tiempo-son-una-mierda\/","og_site_name":"ERRR MAGAZINE","article_published_time":"2019-07-10T22:49:17+00:00","article_modified_time":"2022-08-31T06:34:27+00:00","og_image":[{"width":1031,"height":692,"url":"https:\/\/errr-magazine.com\/wp-content\/uploads\/2019\/07\/9-1.png","type":"image\/png"}],"author":"N","twitter_card":"summary_large_image","twitter_misc":{"Written by":"N"},"schema":{"@context":"https:\/\/schema.org","@graph":[{"@type":"Article","@id":"https:\/\/errr-magazine.com\/las-medidas-de-tiempo-son-una-mierda\/#article","isPartOf":{"@id":"https:\/\/errr-magazine.com\/las-medidas-de-tiempo-son-una-mierda\/"},"author":{"name":"N","@id":"https:\/\/errr-magazine.com\/#\/schema\/person\/94da1143a1956944a8af389f1624aa12"},"headline":"Las medidas de tiempo son una mierda","datePublished":"2019-07-10T22:49:17+00:00","dateModified":"2022-08-31T06:34:27+00:00","mainEntityOfPage":{"@id":"https:\/\/errr-magazine.com\/las-medidas-de-tiempo-son-una-mierda\/"},"wordCount":43,"image":{"@id":"https:\/\/errr-magazine.com\/las-medidas-de-tiempo-son-una-mierda\/#primaryimage"},"thumbnailUrl":"https:\/\/errr-magazine.com\/wp-content\/uploads\/2019\/07\/9-1.png","keywords":["#Desamor #ruptura #el"],"articleSection":["Textos"],"inLanguage":"en-US"},{"@type":"WebPage","@id":"https:\/\/errr-magazine.com\/las-medidas-de-tiempo-son-una-mierda\/","url":"https:\/\/errr-magazine.com\/las-medidas-de-tiempo-son-una-mierda\/","name":"Las medidas de tiempo son una mierda - ERRR MAGAZINE","isPartOf":{"@id":"https:\/\/errr-magazine.com\/#website"},"primaryImageOfPage":{"@id":"https:\/\/errr-magazine.com\/las-medidas-de-tiempo-son-una-mierda\/#primaryimage"},"image":{"@id":"https:\/\/errr-magazine.com\/las-medidas-de-tiempo-son-una-mierda\/#primaryimage"},"thumbnailUrl":"https:\/\/errr-magazine.com\/wp-content\/uploads\/2019\/07\/9-1.png","datePublished":"2019-07-10T22:49:17+00:00","dateModified":"2022-08-31T06:34:27+00:00","author":{"@id":"https:\/\/errr-magazine.com\/#\/schema\/person\/94da1143a1956944a8af389f1624aa12"},"breadcrumb":{"@id":"https:\/\/errr-magazine.com\/las-medidas-de-tiempo-son-una-mierda\/#breadcrumb"},"inLanguage":"en-US","potentialAction":[{"@type":"ReadAction","target":["https:\/\/errr-magazine.com\/las-medidas-de-tiempo-son-una-mierda\/"]}]},{"@type":"ImageObject","inLanguage":"en-US","@id":"https:\/\/errr-magazine.com\/las-medidas-de-tiempo-son-una-mierda\/#primaryimage","url":"https:\/\/errr-magazine.com\/wp-content\/uploads\/2019\/07\/9-1.png","contentUrl":"https:\/\/errr-magazine.com\/wp-content\/uploads\/2019\/07\/9-1.png","width":1031,"height":692},{"@type":"BreadcrumbList","@id":"https:\/\/errr-magazine.com\/las-medidas-de-tiempo-son-una-mierda\/#breadcrumb","itemListElement":[{"@type":"ListItem","position":1,"name":"Portada","item":"https:\/\/errr-magazine.com\/"},{"@type":"ListItem","position":2,"name":"Las medidas de tiempo son una mierda"}]},{"@type":"WebSite","@id":"https:\/\/errr-magazine.com\/#website","url":"https:\/\/errr-magazine.com\/","name":"ERRR MAGAZINE","description":"","potentialAction":[{"@type":"SearchAction","target":{"@type":"EntryPoint","urlTemplate":"https:\/\/errr-magazine.com\/?s={search_term_string}"},"query-input":{"@type":"PropertyValueSpecification","valueRequired":true,"valueName":"search_term_string"}}],"inLanguage":"en-US"},{"@type":"Person","@id":"https:\/\/errr-magazine.com\/#\/schema\/person\/94da1143a1956944a8af389f1624aa12","name":"N","image":{"@type":"ImageObject","inLanguage":"en-US","@id":"https:\/\/secure.gravatar.com\/avatar\/ea54f0ae10dadfd312c4b28256aa662187d260a6800f918371508ad8f5fa4769?s=96&d=identicon&r=g","url":"https:\/\/secure.gravatar.com\/avatar\/ea54f0ae10dadfd312c4b28256aa662187d260a6800f918371508ad8f5fa4769?s=96&d=identicon&r=g","contentUrl":"https:\/\/secure.gravatar.com\/avatar\/ea54f0ae10dadfd312c4b28256aa662187d260a6800f918371508ad8f5fa4769?s=96&d=identicon&r=g","caption":"N"},"url":"https:\/\/errr-magazine.com\/english\/author\/stephjogarcia324\/"}]}},"jetpack_featured_media_url":"https:\/\/errr-magazine.com\/wp-content\/uploads\/2019\/07\/9-1.png","jetpack-related-posts":[{"id":162466,"url":"https:\/\/errr-magazine.com\/english\/21-5\/","url_meta":{"origin":145715,"position":0},"title":"2:1.5","author":"Handdmt","date":"11\/09\/2020","format":false,"excerpt":"Todas las noches, exactamente a las 2 a. m., el gato sal\u00eda de la habitaci\u00f3n y comenzaba a llorar. Cada d\u00eda, a las 2 a. m., sub\u00eda al techo, lloraba alrededor de 15 minutos y luego regresaba de nuevo a la cama, a su costado. Hab\u00eda pasado un mes desde\u2026","rel":"","context":"In &quot;Textos&quot;","block_context":{"text":"Textos","link":"https:\/\/errr-magazine.com\/english\/category\/textos\/"},"img":{"alt_text":"","src":"","width":0,"height":0},"classes":[]},{"id":160003,"url":"https:\/\/errr-magazine.com\/english\/vivir-contigo\/","url_meta":{"origin":145715,"position":1},"title":"Vivir contigo","author":"Ana cela Contreras","date":"06\/06\/2020","format":false,"excerpt":"Vivir contigo es: Ver los d\u00edas soleados en color gris. Re\u00edr con otras personas y tener unas inmensas ganas morir. Es no dormir, o dormir demasiado. Es no comer, o comer dem\u00e1s. Es perderte en un laberinto en tu propia mente y por m\u00e1s que lo intentas no hayas una\u2026","rel":"","context":"In &quot;Textos&quot;","block_context":{"text":"Textos","link":"https:\/\/errr-magazine.com\/english\/category\/textos\/"},"img":{"alt_text":"","src":"","width":0,"height":0},"classes":[]},{"id":128266,"url":"https:\/\/errr-magazine.com\/english\/hoy-gano-yo\/","url_meta":{"origin":145715,"position":2},"title":"Hoy gano yo","author":"Cur","date":"01\/29\/2018","format":false,"excerpt":"Ah\u00ed estabas y no por m\u00ed, puede ser que por ella, no lo s\u00e9 y si, preferir\u00eda estar segura. Segura de que se quieren, de qu\u00e9 se hablan, se ven, se abrazan, se necesitan, de que lo son todo. Me gustar\u00eda que lo gritaran, que gritaras que la amas, que\u2026","rel":"","context":"In &quot;Textos&quot;","block_context":{"text":"Textos","link":"https:\/\/errr-magazine.com\/english\/category\/textos\/"},"img":{"alt_text":"","src":"","width":0,"height":0},"classes":[]},{"id":150978,"url":"https:\/\/errr-magazine.com\/english\/everybody-knows\/","url_meta":{"origin":145715,"position":3},"title":"Everybody knows","author":"Paulina Parra","date":"11\/11\/2019","format":false,"excerpt":"Llegu\u00e9 al depa y vi a Liliana llorando en el sof\u00e1, no le quiero preguntar qu\u00e9 pasa porque me vale madre, pero pienso en que probablemente yo ser\u00eda la \u00fanica persona que puede preguntar. Ella no tiene amigos, es for\u00e1nea, ve a su familia una vez por mes y pues\u2026","rel":"","context":"In &quot;Textos&quot;","block_context":{"text":"Textos","link":"https:\/\/errr-magazine.com\/english\/category\/textos\/"},"img":{"alt_text":"","src":"","width":0,"height":0},"classes":[]},{"id":136793,"url":"https:\/\/errr-magazine.com\/english\/sin-censura\/","url_meta":{"origin":145715,"position":4},"title":"Uncensored","author":"Eduardo Pantoja","date":"07\/22\/2018","format":false,"excerpt":"Somos en el mejor de los casos\u00a0 un suceso\u00a0fractal micro-macro universal proyectado hacia el infinito. \u00a0 La dist\u00f3pica realidad de un psic\u00f3tico. La entrepierna de tu puta madre. La mirada de\u00a0una presa siendo cazada. \u00a0 El instante en el que te das\u00a0cuenta\u00a0de lo ef\u00edmera que es la\u00a0vida. Qu\u00e9 siempre es\u2026","rel":"","context":"In &quot;Textos&quot;","block_context":{"text":"Textos","link":"https:\/\/errr-magazine.com\/english\/category\/textos\/"},"img":{"alt_text":"","src":"https:\/\/i0.wp.com\/errr-magazine.com\/wp-content\/uploads\/2018\/07\/Captura-de-pantalla-2018-07-22-a-las-12.12.28.png?resize=350%2C200&ssl=1","width":350,"height":200,"srcset":"https:\/\/i0.wp.com\/errr-magazine.com\/wp-content\/uploads\/2018\/07\/Captura-de-pantalla-2018-07-22-a-las-12.12.28.png?resize=350%2C200&ssl=1 1x, https:\/\/i0.wp.com\/errr-magazine.com\/wp-content\/uploads\/2018\/07\/Captura-de-pantalla-2018-07-22-a-las-12.12.28.png?resize=525%2C300&ssl=1 1.5x"},"classes":[]},{"id":159810,"url":"https:\/\/errr-magazine.com\/english\/relatos-de-gente-que-muere-abril\/","url_meta":{"origin":145715,"position":5},"title":"Relatos de Gente que Muere (Abril)","author":"Geovani Santillan Gonz\u00e1lez","date":"06\/06\/2020","format":false,"excerpt":"He empezado a llorar, no puedo parar. Es la primera vez que lloro en este aislamiento. Todos estamos aislados unos m\u00e1s que otros, algunos tantos han muerto y otros como yo estamos enfermos. He escuchado a mis vecinos re\u00edr, re\u00edr a carcajadas. He escuchado a la madre gritarles a sus\u2026","rel":"","context":"In &quot;Textos&quot;","block_context":{"text":"Textos","link":"https:\/\/errr-magazine.com\/english\/category\/textos\/"},"img":{"alt_text":"","src":"","width":0,"height":0},"classes":[]}],"jetpack_sharing_enabled":true,"mfb_rest_fields":["title","yoast_head","yoast_head_json","jetpack_featured_media_url","jetpack-related-posts","jetpack_sharing_enabled"],"_links":{"self":[{"href":"https:\/\/errr-magazine.com\/english\/wp-json\/wp\/v2\/posts\/145715","targetHints":{"allow":["GET"]}}],"collection":[{"href":"https:\/\/errr-magazine.com\/english\/wp-json\/wp\/v2\/posts"}],"about":[{"href":"https:\/\/errr-magazine.com\/english\/wp-json\/wp\/v2\/types\/post"}],"author":[{"embeddable":true,"href":"https:\/\/errr-magazine.com\/english\/wp-json\/wp\/v2\/users\/6092"}],"replies":[{"embeddable":true,"href":"https:\/\/errr-magazine.com\/english\/wp-json\/wp\/v2\/comments?post=145715"}],"version-history":[{"count":3,"href":"https:\/\/errr-magazine.com\/english\/wp-json\/wp\/v2\/posts\/145715\/revisions"}],"predecessor-version":[{"id":145732,"href":"https:\/\/errr-magazine.com\/english\/wp-json\/wp\/v2\/posts\/145715\/revisions\/145732"}],"wp:featuredmedia":[{"embeddable":true,"href":"https:\/\/errr-magazine.com\/english\/wp-json\/wp\/v2\/media\/145741"}],"wp:attachment":[{"href":"https:\/\/errr-magazine.com\/english\/wp-json\/wp\/v2\/media?parent=145715"}],"wp:term":[{"taxonomy":"category","embeddable":true,"href":"https:\/\/errr-magazine.com\/english\/wp-json\/wp\/v2\/categories?post=145715"},{"taxonomy":"post_tag","embeddable":true,"href":"https:\/\/errr-magazine.com\/english\/wp-json\/wp\/v2\/tags?post=145715"}],"curies":[{"name":"wp","href":"https:\/\/api.w.org\/{rel}","templated":true}]}}