{"id":145489,"date":"2019-07-04T09:42:08","date_gmt":"2019-07-03T23:42:08","guid":{"rendered":"http:\/\/errr-magazine.com\/?p=145489"},"modified":"2022-08-31T01:34:34","modified_gmt":"2022-08-31T06:34:34","slug":"carpe-diem","status":"publish","type":"post","link":"https:\/\/errr-magazine.com\/english\/carpe-diem\/","title":{"rendered":"Carpe Diem"},"content":{"rendered":"<p style=\"text-align: left;\">03 de Julio del 2019.<\/p>\n<p style=\"text-align: left;\">En M\u00e9xico.<\/p>\n<p style=\"text-align: left;\">Un d\u00eda todos dejaremos de respirar, nos pondremos fr\u00edos, moriremos y seremos alimento para los gusanos. Aprovechemos el d\u00eda. La vida. Lo que nos queda. Tratamos de medir nuestros tiempos a diario pero realmente no sabemos nuestro tiempo de vida. Y ese tiempo es inmedible. Hag\u00e1mos que muestras vidas sean lo m\u00e1s extraordinarias posibles. Duerme lo suficiente, come ricos alimentos, ama suficiente. Te tienes a t\u00ed mismo, no est\u00e1s solo, caminas a diario contigo mismo, comes contigo mismo, duermes contigo mismo, todo el tiempo est\u00e1s ah\u00ed contigo mismo. No te abandones. Menos ahora.<\/p>\n<p>Photography by <a href=\"https:\/\/www.michelevittori.com\/\">Michele Vittori<\/a><\/p>","protected":false},"excerpt":{"rendered":"<p>03 de Julio del 2019. En M\u00e9xico. Un d\u00eda todos dejaremos de respirar, nos pondremos fr\u00edos, moriremos y seremos alimento para los gusanos. Aprovechemos el d\u00eda. La vida. Lo que nos queda. Tratamos de medir nuestros tiempos a diario pero realmente no sabemos nuestro tiempo de vida. Y ese tiempo es inmedible. Hag\u00e1mos que muestras [&hellip;]<\/p>\n","protected":false},"author":6127,"featured_media":145497,"comment_status":"closed","ping_status":"closed","sticky":false,"template":"","format":"standard","meta":{"_acf_changed":false,"cybocfi_hide_featured_image":"","_jetpack_memberships_contains_paid_content":false,"footnotes":""},"categories":[7997],"tags":[16204,16189,16205],"class_list":["post-145489","post","type-post","status-publish","format-standard","has-post-thumbnail","hentry","category-textos","tag-asociacion-de-escritores","tag-sugerencias","tag-sugerencias-de-vida"],"acf":[],"mb":[],"yoast_head":"<!-- This site is optimized with the Yoast SEO plugin v27.2 - https:\/\/yoast.com\/product\/yoast-seo-wordpress\/ -->\n<title>Carpe Diem - ERRR MAGAZINE<\/title>\n<meta name=\"robots\" content=\"index, follow, max-snippet:-1, max-image-preview:large, max-video-preview:-1\" \/>\n<link rel=\"canonical\" href=\"https:\/\/errr-magazine.com\/english\/carpe-diem\/\" \/>\n<meta property=\"og:locale\" content=\"en_US\" \/>\n<meta property=\"og:type\" content=\"article\" \/>\n<meta property=\"og:title\" content=\"Carpe Diem - ERRR MAGAZINE\" \/>\n<meta property=\"og:description\" content=\"03 de Julio del 2019. En M\u00e9xico. Un d\u00eda todos dejaremos de respirar, nos pondremos fr\u00edos, moriremos y seremos alimento para los gusanos. Aprovechemos el d\u00eda. La vida. Lo que nos queda. Tratamos de medir nuestros tiempos a diario pero realmente no sabemos nuestro tiempo de vida. Y ese tiempo es inmedible. Hag\u00e1mos que muestras [&hellip;]\" \/>\n<meta property=\"og:url\" content=\"https:\/\/errr-magazine.com\/english\/carpe-diem\/\" \/>\n<meta property=\"og:site_name\" content=\"ERRR MAGAZINE\" \/>\n<meta property=\"article:published_time\" content=\"2019-07-03T23:42:08+00:00\" \/>\n<meta property=\"article:modified_time\" content=\"2022-08-31T06:34:34+00:00\" \/>\n<meta property=\"og:image\" content=\"https:\/\/errr-magazine.com\/wp-content\/uploads\/2019\/07\/2.png\" \/>\n\t<meta property=\"og:image:width\" content=\"706\" \/>\n\t<meta property=\"og:image:height\" content=\"468\" \/>\n\t<meta property=\"og:image:type\" content=\"image\/png\" \/>\n<meta name=\"author\" content=\"Adriana Balderas\" \/>\n<meta name=\"twitter:card\" content=\"summary_large_image\" \/>\n<meta name=\"twitter:label1\" content=\"Written by\" \/>\n\t<meta name=\"twitter:data1\" content=\"Adriana Balderas\" \/>\n\t<meta name=\"twitter:label2\" content=\"Est. reading time\" \/>\n\t<meta name=\"twitter:data2\" content=\"1 minute\" \/>\n<script type=\"application\/ld+json\" class=\"yoast-schema-graph\">{\"@context\":\"https:\/\/schema.org\",\"@graph\":[{\"@type\":\"Article\",\"@id\":\"https:\/\/errr-magazine.com\/carpe-diem\/#article\",\"isPartOf\":{\"@id\":\"https:\/\/errr-magazine.com\/carpe-diem\/\"},\"author\":{\"name\":\"Adriana Balderas\",\"@id\":\"https:\/\/errr-magazine.com\/#\/schema\/person\/9a277a4245739cf2c86850ce2bba81f4\"},\"headline\":\"Carpe Diem\",\"datePublished\":\"2019-07-03T23:42:08+00:00\",\"dateModified\":\"2022-08-31T06:34:34+00:00\",\"mainEntityOfPage\":{\"@id\":\"https:\/\/errr-magazine.com\/carpe-diem\/\"},\"wordCount\":113,\"image\":{\"@id\":\"https:\/\/errr-magazine.com\/carpe-diem\/#primaryimage\"},\"thumbnailUrl\":\"https:\/\/errr-magazine.com\/wp-content\/uploads\/2019\/07\/2.png\",\"keywords\":[\"Asociaci\u00f3n de escritores\",\"Sugerencias\",\"Sugerencias de vida\"],\"articleSection\":[\"Textos\"],\"inLanguage\":\"en-US\"},{\"@type\":\"WebPage\",\"@id\":\"https:\/\/errr-magazine.com\/carpe-diem\/\",\"url\":\"https:\/\/errr-magazine.com\/carpe-diem\/\",\"name\":\"Carpe Diem - ERRR MAGAZINE\",\"isPartOf\":{\"@id\":\"https:\/\/errr-magazine.com\/#website\"},\"primaryImageOfPage\":{\"@id\":\"https:\/\/errr-magazine.com\/carpe-diem\/#primaryimage\"},\"image\":{\"@id\":\"https:\/\/errr-magazine.com\/carpe-diem\/#primaryimage\"},\"thumbnailUrl\":\"https:\/\/errr-magazine.com\/wp-content\/uploads\/2019\/07\/2.png\",\"datePublished\":\"2019-07-03T23:42:08+00:00\",\"dateModified\":\"2022-08-31T06:34:34+00:00\",\"author\":{\"@id\":\"https:\/\/errr-magazine.com\/#\/schema\/person\/9a277a4245739cf2c86850ce2bba81f4\"},\"breadcrumb\":{\"@id\":\"https:\/\/errr-magazine.com\/carpe-diem\/#breadcrumb\"},\"inLanguage\":\"en-US\",\"potentialAction\":[{\"@type\":\"ReadAction\",\"target\":[\"https:\/\/errr-magazine.com\/carpe-diem\/\"]}]},{\"@type\":\"ImageObject\",\"inLanguage\":\"en-US\",\"@id\":\"https:\/\/errr-magazine.com\/carpe-diem\/#primaryimage\",\"url\":\"https:\/\/errr-magazine.com\/wp-content\/uploads\/2019\/07\/2.png\",\"contentUrl\":\"https:\/\/errr-magazine.com\/wp-content\/uploads\/2019\/07\/2.png\",\"width\":706,\"height\":468},{\"@type\":\"BreadcrumbList\",\"@id\":\"https:\/\/errr-magazine.com\/carpe-diem\/#breadcrumb\",\"itemListElement\":[{\"@type\":\"ListItem\",\"position\":1,\"name\":\"Portada\",\"item\":\"https:\/\/errr-magazine.com\/\"},{\"@type\":\"ListItem\",\"position\":2,\"name\":\"Carpe Diem\"}]},{\"@type\":\"WebSite\",\"@id\":\"https:\/\/errr-magazine.com\/#website\",\"url\":\"https:\/\/errr-magazine.com\/\",\"name\":\"ERRR MAGAZINE\",\"description\":\"\",\"potentialAction\":[{\"@type\":\"SearchAction\",\"target\":{\"@type\":\"EntryPoint\",\"urlTemplate\":\"https:\/\/errr-magazine.com\/?s={search_term_string}\"},\"query-input\":{\"@type\":\"PropertyValueSpecification\",\"valueRequired\":true,\"valueName\":\"search_term_string\"}}],\"inLanguage\":\"en-US\"},{\"@type\":\"Person\",\"@id\":\"https:\/\/errr-magazine.com\/#\/schema\/person\/9a277a4245739cf2c86850ce2bba81f4\",\"name\":\"Adriana Balderas\",\"image\":{\"@type\":\"ImageObject\",\"inLanguage\":\"en-US\",\"@id\":\"https:\/\/secure.gravatar.com\/avatar\/beebe3c035cc33165b0d4012a7cc35a469e395ca2823dad43d8e99c255e9426b?s=96&d=identicon&r=g\",\"url\":\"https:\/\/secure.gravatar.com\/avatar\/beebe3c035cc33165b0d4012a7cc35a469e395ca2823dad43d8e99c255e9426b?s=96&d=identicon&r=g\",\"contentUrl\":\"https:\/\/secure.gravatar.com\/avatar\/beebe3c035cc33165b0d4012a7cc35a469e395ca2823dad43d8e99c255e9426b?s=96&d=identicon&r=g\",\"caption\":\"Adriana Balderas\"},\"description\":\"Soy artista interdisciplinaria experimental \/\/ Animaci\u00f3n, collage, programaci\u00f3n creativa, loops, backgrounds, loop-sample musical y arte promocional.\",\"sameAs\":[\"http:\/\/linktr.ee\/yosoyadrianaba\",\"https:\/\/www.instagram.com\/yosoyadrianaba\",\"@yosoyadrianaba\",\"https:\/\/m.soundcloud.com\/yosoyadrianaba\"],\"url\":\"https:\/\/errr-magazine.com\/english\/author\/adriaminabal\/\"}]}<\/script>\n<!-- \/ Yoast SEO plugin. -->","yoast_head_json":{"title":"Carpe Diem - ERRR MAGAZINE","robots":{"index":"index","follow":"follow","max-snippet":"max-snippet:-1","max-image-preview":"max-image-preview:large","max-video-preview":"max-video-preview:-1"},"canonical":"https:\/\/errr-magazine.com\/english\/carpe-diem\/","og_locale":"en_US","og_type":"article","og_title":"Carpe Diem - ERRR MAGAZINE","og_description":"03 de Julio del 2019. En M\u00e9xico. Un d\u00eda todos dejaremos de respirar, nos pondremos fr\u00edos, moriremos y seremos alimento para los gusanos. Aprovechemos el d\u00eda. La vida. Lo que nos queda. Tratamos de medir nuestros tiempos a diario pero realmente no sabemos nuestro tiempo de vida. Y ese tiempo es inmedible. Hag\u00e1mos que muestras [&hellip;]","og_url":"https:\/\/errr-magazine.com\/english\/carpe-diem\/","og_site_name":"ERRR MAGAZINE","article_published_time":"2019-07-03T23:42:08+00:00","article_modified_time":"2022-08-31T06:34:34+00:00","og_image":[{"width":706,"height":468,"url":"https:\/\/errr-magazine.com\/wp-content\/uploads\/2019\/07\/2.png","type":"image\/png"}],"author":"Adriana Balderas","twitter_card":"summary_large_image","twitter_misc":{"Written by":"Adriana Balderas","Est. reading time":"1 minute"},"schema":{"@context":"https:\/\/schema.org","@graph":[{"@type":"Article","@id":"https:\/\/errr-magazine.com\/carpe-diem\/#article","isPartOf":{"@id":"https:\/\/errr-magazine.com\/carpe-diem\/"},"author":{"name":"Adriana Balderas","@id":"https:\/\/errr-magazine.com\/#\/schema\/person\/9a277a4245739cf2c86850ce2bba81f4"},"headline":"Carpe Diem","datePublished":"2019-07-03T23:42:08+00:00","dateModified":"2022-08-31T06:34:34+00:00","mainEntityOfPage":{"@id":"https:\/\/errr-magazine.com\/carpe-diem\/"},"wordCount":113,"image":{"@id":"https:\/\/errr-magazine.com\/carpe-diem\/#primaryimage"},"thumbnailUrl":"https:\/\/errr-magazine.com\/wp-content\/uploads\/2019\/07\/2.png","keywords":["Asociaci\u00f3n de escritores","Sugerencias","Sugerencias de vida"],"articleSection":["Textos"],"inLanguage":"en-US"},{"@type":"WebPage","@id":"https:\/\/errr-magazine.com\/carpe-diem\/","url":"https:\/\/errr-magazine.com\/carpe-diem\/","name":"Carpe Diem - ERRR MAGAZINE","isPartOf":{"@id":"https:\/\/errr-magazine.com\/#website"},"primaryImageOfPage":{"@id":"https:\/\/errr-magazine.com\/carpe-diem\/#primaryimage"},"image":{"@id":"https:\/\/errr-magazine.com\/carpe-diem\/#primaryimage"},"thumbnailUrl":"https:\/\/errr-magazine.com\/wp-content\/uploads\/2019\/07\/2.png","datePublished":"2019-07-03T23:42:08+00:00","dateModified":"2022-08-31T06:34:34+00:00","author":{"@id":"https:\/\/errr-magazine.com\/#\/schema\/person\/9a277a4245739cf2c86850ce2bba81f4"},"breadcrumb":{"@id":"https:\/\/errr-magazine.com\/carpe-diem\/#breadcrumb"},"inLanguage":"en-US","potentialAction":[{"@type":"ReadAction","target":["https:\/\/errr-magazine.com\/carpe-diem\/"]}]},{"@type":"ImageObject","inLanguage":"en-US","@id":"https:\/\/errr-magazine.com\/carpe-diem\/#primaryimage","url":"https:\/\/errr-magazine.com\/wp-content\/uploads\/2019\/07\/2.png","contentUrl":"https:\/\/errr-magazine.com\/wp-content\/uploads\/2019\/07\/2.png","width":706,"height":468},{"@type":"BreadcrumbList","@id":"https:\/\/errr-magazine.com\/carpe-diem\/#breadcrumb","itemListElement":[{"@type":"ListItem","position":1,"name":"Portada","item":"https:\/\/errr-magazine.com\/"},{"@type":"ListItem","position":2,"name":"Carpe Diem"}]},{"@type":"WebSite","@id":"https:\/\/errr-magazine.com\/#website","url":"https:\/\/errr-magazine.com\/","name":"ERRR MAGAZINE","description":"","potentialAction":[{"@type":"SearchAction","target":{"@type":"EntryPoint","urlTemplate":"https:\/\/errr-magazine.com\/?s={search_term_string}"},"query-input":{"@type":"PropertyValueSpecification","valueRequired":true,"valueName":"search_term_string"}}],"inLanguage":"en-US"},{"@type":"Person","@id":"https:\/\/errr-magazine.com\/#\/schema\/person\/9a277a4245739cf2c86850ce2bba81f4","name":"Adriana Balderas","image":{"@type":"ImageObject","inLanguage":"en-US","@id":"https:\/\/secure.gravatar.com\/avatar\/beebe3c035cc33165b0d4012a7cc35a469e395ca2823dad43d8e99c255e9426b?s=96&d=identicon&r=g","url":"https:\/\/secure.gravatar.com\/avatar\/beebe3c035cc33165b0d4012a7cc35a469e395ca2823dad43d8e99c255e9426b?s=96&d=identicon&r=g","contentUrl":"https:\/\/secure.gravatar.com\/avatar\/beebe3c035cc33165b0d4012a7cc35a469e395ca2823dad43d8e99c255e9426b?s=96&d=identicon&r=g","caption":"Adriana Balderas"},"description":"I'm an experimental interdisciplinary artist \/\/ Animation, collage, creative programming, loops, backgrounds, musical loop-sample and promotional art.","sameAs":["http:\/\/linktr.ee\/yosoyadrianaba","https:\/\/www.instagram.com\/yosoyadrianaba","@yosoyadrianaba","https:\/\/m.soundcloud.com\/yosoyadrianaba"],"url":"https:\/\/errr-magazine.com\/english\/author\/adriaminabal\/"}]}},"jetpack_featured_media_url":"https:\/\/errr-magazine.com\/wp-content\/uploads\/2019\/07\/2.png","jetpack-related-posts":[{"id":141414,"url":"https:\/\/errr-magazine.com\/english\/en-tiempo-y-espacio\/","url_meta":{"origin":145489,"position":0},"title":"En tiempo y espacio","author":"Checo Figueroa","date":"03\/05\/2019","format":false,"excerpt":"Esta es la segunda vez que sue\u00f1o contigo y no eras igual , era tu energ\u00eda y era tu calor pero no las mismas manos era tu entrega y la misma pasi\u00f3n al besarme. Pod\u00eda sentir el\u00a0 realismo de tus caricias y las mismas miradas de amor, pero no los\u2026","rel":"","context":"In &quot;Textos&quot;","block_context":{"text":"Textos","link":"https:\/\/errr-magazine.com\/english\/category\/textos\/"},"img":{"alt_text":"","src":"https:\/\/i0.wp.com\/errr-magazine.com\/wp-content\/uploads\/2019\/02\/32818385394_01a8205f4e_o.jpg?resize=350%2C200&ssl=1","width":350,"height":200,"srcset":"https:\/\/i0.wp.com\/errr-magazine.com\/wp-content\/uploads\/2019\/02\/32818385394_01a8205f4e_o.jpg?resize=350%2C200&ssl=1 1x, https:\/\/i0.wp.com\/errr-magazine.com\/wp-content\/uploads\/2019\/02\/32818385394_01a8205f4e_o.jpg?resize=525%2C300&ssl=1 1.5x, https:\/\/i0.wp.com\/errr-magazine.com\/wp-content\/uploads\/2019\/02\/32818385394_01a8205f4e_o.jpg?resize=700%2C400&ssl=1 2x"},"classes":[]},{"id":130987,"url":"https:\/\/errr-magazine.com\/english\/el-dia-que-te-rompi-el-corazon-para-sanar-al-mio\/","url_meta":{"origin":145489,"position":1},"title":"El d\u00eda que te romp\u00ed el coraz\u00f3n para sanar al mio","author":"Spectrosol","date":"03\/17\/2018","format":false,"excerpt":"Probablemente me odies por la manera en que termin\u00e9 contigo, no se te hizo justo c\u00f3mo te dije las cosas o que durante la pl\u00e1tica tratabas de consolarme y te quitaba la mano de mi hombro. No fue justo dejarte con el nudo en la garganta y l\u00e1grimas en los\u2026","rel":"","context":"In &quot;Textos&quot;","block_context":{"text":"Textos","link":"https:\/\/errr-magazine.com\/english\/category\/textos\/"},"img":{"alt_text":"","src":"","width":0,"height":0},"classes":[]},{"id":129951,"url":"https:\/\/errr-magazine.com\/english\/lo-que-yo-queria-contigo\/","url_meta":{"origin":145489,"position":2},"title":"Lo que yo quer\u00eda contigo","author":"Alma D\u00e1vila","date":"03\/17\/2018","format":false,"excerpt":"Quer\u00eda forzar las cosas, ten\u00edamos muchas cosas similares y las que no hac\u00eda que cambiaran para as\u00ed coincidir \u00a0m\u00e1s, escuchaba lo que t\u00fa escuchabas solo para sentirme cerca de ti. Me interesaba todo de ti, quer\u00eda saber que te gustaba, que te disgustaba, tus miedos, tus pasiones, tus fobias, tus\u2026","rel":"","context":"In &quot;Textos&quot;","block_context":{"text":"Textos","link":"https:\/\/errr-magazine.com\/english\/category\/textos\/"},"img":{"alt_text":"","src":"https:\/\/i0.wp.com\/errr-magazine.com\/wp-content\/uploads\/2018\/03\/47820086772_3cf5bc7aab_o.jpg?resize=350%2C200&ssl=1","width":350,"height":200,"srcset":"https:\/\/i0.wp.com\/errr-magazine.com\/wp-content\/uploads\/2018\/03\/47820086772_3cf5bc7aab_o.jpg?resize=350%2C200&ssl=1 1x, https:\/\/i0.wp.com\/errr-magazine.com\/wp-content\/uploads\/2018\/03\/47820086772_3cf5bc7aab_o.jpg?resize=525%2C300&ssl=1 1.5x, https:\/\/i0.wp.com\/errr-magazine.com\/wp-content\/uploads\/2018\/03\/47820086772_3cf5bc7aab_o.jpg?resize=700%2C400&ssl=1 2x, https:\/\/i0.wp.com\/errr-magazine.com\/wp-content\/uploads\/2018\/03\/47820086772_3cf5bc7aab_o.jpg?resize=1050%2C600&ssl=1 3x"},"classes":[]},{"id":138592,"url":"https:\/\/errr-magazine.com\/english\/mi-frida\/","url_meta":{"origin":145489,"position":3},"title":"My Frida","author":"Sebasti\u00e1n Hern\u00e1ndez","date":"12\/13\/2018","format":false,"excerpt":"Mi Frida. Es extra\u00f1o como al mirar el tiempo atr\u00e1s ah\u00ed est\u00e1s, mi Frida. No s\u00e9 qu\u00e9 hice, ni c\u00f3mo, pero tengo suerte de que seas mi Frida y est\u00e9s aqu\u00ed. No lo digo solamente en el sentido de pertenencia, lo digo porque en realidad existen amigos \u00bfpero Fridas?, Dios,\u2026","rel":"","context":"In &quot;Textos&quot;","block_context":{"text":"Textos","link":"https:\/\/errr-magazine.com\/english\/category\/textos\/"},"img":{"alt_text":"","src":"","width":0,"height":0},"classes":[]},{"id":128508,"url":"https:\/\/errr-magazine.com\/english\/cuantos-eres-mientras-duermes\/","url_meta":{"origin":145489,"position":4},"title":"Cu\u00e1ntos eres mientras duermes","author":"Cristian Herrera","date":"01\/23\/2018","format":false,"excerpt":"Antes caminamos\u00a0por\u00a0la ribera, con nuestras manos rozando la hierba, todo huele a hierba y en ella ocultamos suaves toques mientras miramos hacia otro lado.\u00a0Ocultamos nuestros pasos pisando de nuevo en varias direcciones, casi no dejamos rastro y nuestras conversaciones las oculta el ruido del agua y las rocas. Caminamos as\u00ed,\u00a0mirando\u2026","rel":"","context":"In &quot;Textos&quot;","block_context":{"text":"Textos","link":"https:\/\/errr-magazine.com\/english\/category\/textos\/"},"img":{"alt_text":"","src":"","width":0,"height":0},"classes":[]},{"id":143410,"url":"https:\/\/errr-magazine.com\/english\/te-dedico-esto-porque-no-se-que-quiero-pero-te-quiero-querer\/","url_meta":{"origin":145489,"position":5},"title":"Te dedico esto porque no s\u00e9 qu\u00e9 quiero, pero te quiero querer","author":"Paola Iridee","date":"04\/29\/2019","format":false,"excerpt":"Empezar\u00e9 sencillo porque tengo prisa de ganarle a mi cobard\u00eda antes de que se levante, y porque ya estoy cansada de mentir a medias: quiero aprender a decir firme y claro que no tengo ni la m\u00e1s remota idea de lo que va a pasar, pero puedo hablarte de lo\u2026","rel":"","context":"In &quot;Textos&quot;","block_context":{"text":"Textos","link":"https:\/\/errr-magazine.com\/english\/category\/textos\/"},"img":{"alt_text":"","src":"https:\/\/i0.wp.com\/errr-magazine.com\/wp-content\/uploads\/2019\/04\/16-2.png?resize=350%2C200&ssl=1","width":350,"height":200,"srcset":"https:\/\/i0.wp.com\/errr-magazine.com\/wp-content\/uploads\/2019\/04\/16-2.png?resize=350%2C200&ssl=1 1x, https:\/\/i0.wp.com\/errr-magazine.com\/wp-content\/uploads\/2019\/04\/16-2.png?resize=525%2C300&ssl=1 1.5x, https:\/\/i0.wp.com\/errr-magazine.com\/wp-content\/uploads\/2019\/04\/16-2.png?resize=700%2C400&ssl=1 2x"},"classes":[]}],"jetpack_sharing_enabled":true,"mfb_rest_fields":["title","yoast_head","yoast_head_json","jetpack_featured_media_url","jetpack-related-posts","jetpack_sharing_enabled"],"_links":{"self":[{"href":"https:\/\/errr-magazine.com\/english\/wp-json\/wp\/v2\/posts\/145489","targetHints":{"allow":["GET"]}}],"collection":[{"href":"https:\/\/errr-magazine.com\/english\/wp-json\/wp\/v2\/posts"}],"about":[{"href":"https:\/\/errr-magazine.com\/english\/wp-json\/wp\/v2\/types\/post"}],"author":[{"embeddable":true,"href":"https:\/\/errr-magazine.com\/english\/wp-json\/wp\/v2\/users\/6127"}],"replies":[{"embeddable":true,"href":"https:\/\/errr-magazine.com\/english\/wp-json\/wp\/v2\/comments?post=145489"}],"version-history":[{"count":2,"href":"https:\/\/errr-magazine.com\/english\/wp-json\/wp\/v2\/posts\/145489\/revisions"}],"predecessor-version":[{"id":145498,"href":"https:\/\/errr-magazine.com\/english\/wp-json\/wp\/v2\/posts\/145489\/revisions\/145498"}],"wp:featuredmedia":[{"embeddable":true,"href":"https:\/\/errr-magazine.com\/english\/wp-json\/wp\/v2\/media\/145497"}],"wp:attachment":[{"href":"https:\/\/errr-magazine.com\/english\/wp-json\/wp\/v2\/media?parent=145489"}],"wp:term":[{"taxonomy":"category","embeddable":true,"href":"https:\/\/errr-magazine.com\/english\/wp-json\/wp\/v2\/categories?post=145489"},{"taxonomy":"post_tag","embeddable":true,"href":"https:\/\/errr-magazine.com\/english\/wp-json\/wp\/v2\/tags?post=145489"}],"curies":[{"name":"wp","href":"https:\/\/api.w.org\/{rel}","templated":true}]}}