{"id":143270,"date":"2021-02-19T09:10:19","date_gmt":"2021-02-19T15:10:19","guid":{"rendered":"http:\/\/errr-magazine.com\/?p=143270"},"modified":"2022-08-31T00:02:11","modified_gmt":"2022-08-31T05:02:11","slug":"el-orden-geopolitico-de-la-nada","status":"publish","type":"post","link":"https:\/\/errr-magazine.com\/english\/el-orden-geopolitico-de-la-nada\/","title":{"rendered":"El orden geopol\u00edtico de la nada"},"content":{"rendered":"<audio class=\"wp-audio-shortcode\" id=\"audio-143270-1\" preload=\"none\" style=\"width: 100%;\" controls=\"controls\"><source type=\"audio\/mpeg\" src=\"https:\/\/errr-magazine.com\/wp-content\/uploads\/2019\/04\/La-nada.mp3?_=1\" \/><a href=\"https:\/\/errr-magazine.com\/wp-content\/uploads\/2019\/04\/La-nada.mp3\">https:\/\/errr-magazine.com\/wp-content\/uploads\/2019\/04\/La-nada.mp3<\/a><\/audio>\n<p>&nbsp;<\/p>\n<p>Hoy al ver un video promocional de la c\u00e1mara Leika: varios foto-periodistas peleando contra el sistema en esta narrativa hollywodesca en donde los asi\u00e1ticos son malos y los africanos son cazadores furtivos que amenazan con una pistola a este hombre blanco que est\u00e1 tratando de escapar, yo solamente llego a la conclusi\u00f3n de que&#8230;<\/p>\n<p>Photography by\u00a0<a href=\"https:\/\/www.flickr.com\/photos\/james_krupfell\/\">Philipp Samsonov<\/a><\/p>","protected":false},"excerpt":{"rendered":"<p>Hoy al ver un video promocional de la c\u00e1mara Leika: varios foto-periodistas peleando contra el sistema en esta narrativa hollywodesca en donde los asi\u00e1ticos son malos y los africanos son cazadores furtivos que amenazan con una pistola a este hombre blanco que est\u00e1 tratando de escapar, yo solamente llego a la conclusi\u00f3n de que&#8230;<\/p>","protected":false},"author":4912,"featured_media":143273,"comment_status":"closed","ping_status":"closed","sticky":false,"template":"","format":"standard","meta":{"_acf_changed":false,"cybocfi_hide_featured_image":"","_jetpack_memberships_contains_paid_content":false,"footnotes":""},"categories":[7997],"tags":[],"class_list":["post-143270","post","type-post","status-publish","format-standard","has-post-thumbnail","hentry","category-textos"],"acf":[],"mb":[],"yoast_head":"<!-- This site is optimized with the Yoast SEO plugin v27.2 - https:\/\/yoast.com\/product\/yoast-seo-wordpress\/ -->\n<title>El orden geopol\u00edtico de la nada - ERRR MAGAZINE<\/title>\n<meta name=\"robots\" content=\"index, follow, max-snippet:-1, max-image-preview:large, max-video-preview:-1\" \/>\n<link rel=\"canonical\" href=\"https:\/\/errr-magazine.com\/english\/el-orden-geopolitico-de-la-nada\/\" \/>\n<meta property=\"og:locale\" content=\"en_US\" \/>\n<meta property=\"og:type\" content=\"article\" \/>\n<meta property=\"og:title\" content=\"El orden geopol\u00edtico de la nada - ERRR MAGAZINE\" \/>\n<meta property=\"og:description\" content=\"Hoy al ver un video promocional de la c\u00e1mara Leika: varios foto-periodistas peleando contra el sistema en esta narrativa hollywodesca en donde los asi\u00e1ticos son malos y los africanos son cazadores furtivos que amenazan con una pistola a este hombre blanco que est\u00e1 tratando de escapar, yo solamente llego a la conclusi\u00f3n de que...\" \/>\n<meta property=\"og:url\" content=\"https:\/\/errr-magazine.com\/english\/el-orden-geopolitico-de-la-nada\/\" \/>\n<meta property=\"og:site_name\" content=\"ERRR MAGAZINE\" \/>\n<meta property=\"article:published_time\" content=\"2021-02-19T15:10:19+00:00\" \/>\n<meta property=\"article:modified_time\" content=\"2022-08-31T05:02:11+00:00\" \/>\n<meta property=\"og:image\" content=\"https:\/\/errr-magazine.com\/wp-content\/uploads\/2019\/04\/22.png\" \/>\n\t<meta property=\"og:image:width\" content=\"996\" \/>\n\t<meta property=\"og:image:height\" content=\"619\" \/>\n\t<meta property=\"og:image:type\" content=\"image\/png\" \/>\n<meta name=\"author\" content=\"Ra\u00fal Gasque\" \/>\n<meta name=\"twitter:card\" content=\"summary_large_image\" \/>\n<meta name=\"twitter:label1\" content=\"Written by\" \/>\n\t<meta name=\"twitter:data1\" content=\"Ra\u00fal Gasque\" \/>\n<script type=\"application\/ld+json\" class=\"yoast-schema-graph\">{\"@context\":\"https:\/\/schema.org\",\"@graph\":[{\"@type\":\"Article\",\"@id\":\"https:\/\/errr-magazine.com\/el-orden-geopolitico-de-la-nada\/#article\",\"isPartOf\":{\"@id\":\"https:\/\/errr-magazine.com\/el-orden-geopolitico-de-la-nada\/\"},\"author\":{\"name\":\"Ra\u00fal Gasque\",\"@id\":\"https:\/\/errr-magazine.com\/#\/schema\/person\/ab3f11104b007fd7c978756155e662d0\"},\"headline\":\"El orden geopol\u00edtico de la nada\",\"datePublished\":\"2021-02-19T15:10:19+00:00\",\"dateModified\":\"2022-08-31T05:02:11+00:00\",\"mainEntityOfPage\":{\"@id\":\"https:\/\/errr-magazine.com\/el-orden-geopolitico-de-la-nada\/\"},\"wordCount\":80,\"image\":{\"@id\":\"https:\/\/errr-magazine.com\/el-orden-geopolitico-de-la-nada\/#primaryimage\"},\"thumbnailUrl\":\"https:\/\/errr-magazine.com\/wp-content\/uploads\/2019\/04\/22.png\",\"articleSection\":[\"Textos\"],\"inLanguage\":\"en-US\"},{\"@type\":\"WebPage\",\"@id\":\"https:\/\/errr-magazine.com\/el-orden-geopolitico-de-la-nada\/\",\"url\":\"https:\/\/errr-magazine.com\/el-orden-geopolitico-de-la-nada\/\",\"name\":\"El orden geopol\u00edtico de la nada - ERRR MAGAZINE\",\"isPartOf\":{\"@id\":\"https:\/\/errr-magazine.com\/#website\"},\"primaryImageOfPage\":{\"@id\":\"https:\/\/errr-magazine.com\/el-orden-geopolitico-de-la-nada\/#primaryimage\"},\"image\":{\"@id\":\"https:\/\/errr-magazine.com\/el-orden-geopolitico-de-la-nada\/#primaryimage\"},\"thumbnailUrl\":\"https:\/\/errr-magazine.com\/wp-content\/uploads\/2019\/04\/22.png\",\"datePublished\":\"2021-02-19T15:10:19+00:00\",\"dateModified\":\"2022-08-31T05:02:11+00:00\",\"author\":{\"@id\":\"https:\/\/errr-magazine.com\/#\/schema\/person\/ab3f11104b007fd7c978756155e662d0\"},\"breadcrumb\":{\"@id\":\"https:\/\/errr-magazine.com\/el-orden-geopolitico-de-la-nada\/#breadcrumb\"},\"inLanguage\":\"en-US\",\"potentialAction\":[{\"@type\":\"ReadAction\",\"target\":[\"https:\/\/errr-magazine.com\/el-orden-geopolitico-de-la-nada\/\"]}]},{\"@type\":\"ImageObject\",\"inLanguage\":\"en-US\",\"@id\":\"https:\/\/errr-magazine.com\/el-orden-geopolitico-de-la-nada\/#primaryimage\",\"url\":\"https:\/\/errr-magazine.com\/wp-content\/uploads\/2019\/04\/22.png\",\"contentUrl\":\"https:\/\/errr-magazine.com\/wp-content\/uploads\/2019\/04\/22.png\",\"width\":996,\"height\":619},{\"@type\":\"BreadcrumbList\",\"@id\":\"https:\/\/errr-magazine.com\/el-orden-geopolitico-de-la-nada\/#breadcrumb\",\"itemListElement\":[{\"@type\":\"ListItem\",\"position\":1,\"name\":\"Portada\",\"item\":\"https:\/\/errr-magazine.com\/\"},{\"@type\":\"ListItem\",\"position\":2,\"name\":\"El orden geopol\u00edtico de la nada\"}]},{\"@type\":\"WebSite\",\"@id\":\"https:\/\/errr-magazine.com\/#website\",\"url\":\"https:\/\/errr-magazine.com\/\",\"name\":\"ERRR MAGAZINE\",\"description\":\"\",\"potentialAction\":[{\"@type\":\"SearchAction\",\"target\":{\"@type\":\"EntryPoint\",\"urlTemplate\":\"https:\/\/errr-magazine.com\/?s={search_term_string}\"},\"query-input\":{\"@type\":\"PropertyValueSpecification\",\"valueRequired\":true,\"valueName\":\"search_term_string\"}}],\"inLanguage\":\"en-US\"},{\"@type\":\"Person\",\"@id\":\"https:\/\/errr-magazine.com\/#\/schema\/person\/ab3f11104b007fd7c978756155e662d0\",\"name\":\"Ra\u00fal Gasque\",\"image\":{\"@type\":\"ImageObject\",\"inLanguage\":\"en-US\",\"@id\":\"https:\/\/secure.gravatar.com\/avatar\/425d6f4cd4f115d05f2e594481da39473f263a365fcd8bfe561186b74712f4ef?s=96&d=identicon&r=g\",\"url\":\"https:\/\/secure.gravatar.com\/avatar\/425d6f4cd4f115d05f2e594481da39473f263a365fcd8bfe561186b74712f4ef?s=96&d=identicon&r=g\",\"contentUrl\":\"https:\/\/secure.gravatar.com\/avatar\/425d6f4cd4f115d05f2e594481da39473f263a365fcd8bfe561186b74712f4ef?s=96&d=identicon&r=g\",\"caption\":\"Ra\u00fal Gasque\"},\"description\":\"Artista multidisciplinario mexicano que explora la psicolog\u00eda y los fen\u00f3menos sociales a trav\u00e9s del performance, la pintura, la fotograf\u00eda y el texto.\",\"sameAs\":[\"https:\/\/www.instagram.com\/comotraducirunametafora\/\"],\"url\":\"https:\/\/errr-magazine.com\/english\/author\/raulgasque\/\"}]}<\/script>\n<!-- \/ Yoast SEO plugin. -->","yoast_head_json":{"title":"El orden geopol\u00edtico de la nada - ERRR MAGAZINE","robots":{"index":"index","follow":"follow","max-snippet":"max-snippet:-1","max-image-preview":"max-image-preview:large","max-video-preview":"max-video-preview:-1"},"canonical":"https:\/\/errr-magazine.com\/english\/el-orden-geopolitico-de-la-nada\/","og_locale":"en_US","og_type":"article","og_title":"El orden geopol\u00edtico de la nada - ERRR MAGAZINE","og_description":"Hoy al ver un video promocional de la c\u00e1mara Leika: varios foto-periodistas peleando contra el sistema en esta narrativa hollywodesca en donde los asi\u00e1ticos son malos y los africanos son cazadores furtivos que amenazan con una pistola a este hombre blanco que est\u00e1 tratando de escapar, yo solamente llego a la conclusi\u00f3n de que...","og_url":"https:\/\/errr-magazine.com\/english\/el-orden-geopolitico-de-la-nada\/","og_site_name":"ERRR MAGAZINE","article_published_time":"2021-02-19T15:10:19+00:00","article_modified_time":"2022-08-31T05:02:11+00:00","og_image":[{"width":996,"height":619,"url":"https:\/\/errr-magazine.com\/wp-content\/uploads\/2019\/04\/22.png","type":"image\/png"}],"author":"Ra\u00fal Gasque","twitter_card":"summary_large_image","twitter_misc":{"Written by":"Ra\u00fal Gasque"},"schema":{"@context":"https:\/\/schema.org","@graph":[{"@type":"Article","@id":"https:\/\/errr-magazine.com\/el-orden-geopolitico-de-la-nada\/#article","isPartOf":{"@id":"https:\/\/errr-magazine.com\/el-orden-geopolitico-de-la-nada\/"},"author":{"name":"Ra\u00fal Gasque","@id":"https:\/\/errr-magazine.com\/#\/schema\/person\/ab3f11104b007fd7c978756155e662d0"},"headline":"El orden geopol\u00edtico de la nada","datePublished":"2021-02-19T15:10:19+00:00","dateModified":"2022-08-31T05:02:11+00:00","mainEntityOfPage":{"@id":"https:\/\/errr-magazine.com\/el-orden-geopolitico-de-la-nada\/"},"wordCount":80,"image":{"@id":"https:\/\/errr-magazine.com\/el-orden-geopolitico-de-la-nada\/#primaryimage"},"thumbnailUrl":"https:\/\/errr-magazine.com\/wp-content\/uploads\/2019\/04\/22.png","articleSection":["Textos"],"inLanguage":"en-US"},{"@type":"WebPage","@id":"https:\/\/errr-magazine.com\/el-orden-geopolitico-de-la-nada\/","url":"https:\/\/errr-magazine.com\/el-orden-geopolitico-de-la-nada\/","name":"El orden geopol\u00edtico de la nada - ERRR MAGAZINE","isPartOf":{"@id":"https:\/\/errr-magazine.com\/#website"},"primaryImageOfPage":{"@id":"https:\/\/errr-magazine.com\/el-orden-geopolitico-de-la-nada\/#primaryimage"},"image":{"@id":"https:\/\/errr-magazine.com\/el-orden-geopolitico-de-la-nada\/#primaryimage"},"thumbnailUrl":"https:\/\/errr-magazine.com\/wp-content\/uploads\/2019\/04\/22.png","datePublished":"2021-02-19T15:10:19+00:00","dateModified":"2022-08-31T05:02:11+00:00","author":{"@id":"https:\/\/errr-magazine.com\/#\/schema\/person\/ab3f11104b007fd7c978756155e662d0"},"breadcrumb":{"@id":"https:\/\/errr-magazine.com\/el-orden-geopolitico-de-la-nada\/#breadcrumb"},"inLanguage":"en-US","potentialAction":[{"@type":"ReadAction","target":["https:\/\/errr-magazine.com\/el-orden-geopolitico-de-la-nada\/"]}]},{"@type":"ImageObject","inLanguage":"en-US","@id":"https:\/\/errr-magazine.com\/el-orden-geopolitico-de-la-nada\/#primaryimage","url":"https:\/\/errr-magazine.com\/wp-content\/uploads\/2019\/04\/22.png","contentUrl":"https:\/\/errr-magazine.com\/wp-content\/uploads\/2019\/04\/22.png","width":996,"height":619},{"@type":"BreadcrumbList","@id":"https:\/\/errr-magazine.com\/el-orden-geopolitico-de-la-nada\/#breadcrumb","itemListElement":[{"@type":"ListItem","position":1,"name":"Portada","item":"https:\/\/errr-magazine.com\/"},{"@type":"ListItem","position":2,"name":"El orden geopol\u00edtico de la nada"}]},{"@type":"WebSite","@id":"https:\/\/errr-magazine.com\/#website","url":"https:\/\/errr-magazine.com\/","name":"ERRR MAGAZINE","description":"","potentialAction":[{"@type":"SearchAction","target":{"@type":"EntryPoint","urlTemplate":"https:\/\/errr-magazine.com\/?s={search_term_string}"},"query-input":{"@type":"PropertyValueSpecification","valueRequired":true,"valueName":"search_term_string"}}],"inLanguage":"en-US"},{"@type":"Person","@id":"https:\/\/errr-magazine.com\/#\/schema\/person\/ab3f11104b007fd7c978756155e662d0","name":"Ra\u00fal Gasque","image":{"@type":"ImageObject","inLanguage":"en-US","@id":"https:\/\/secure.gravatar.com\/avatar\/425d6f4cd4f115d05f2e594481da39473f263a365fcd8bfe561186b74712f4ef?s=96&d=identicon&r=g","url":"https:\/\/secure.gravatar.com\/avatar\/425d6f4cd4f115d05f2e594481da39473f263a365fcd8bfe561186b74712f4ef?s=96&d=identicon&r=g","contentUrl":"https:\/\/secure.gravatar.com\/avatar\/425d6f4cd4f115d05f2e594481da39473f263a365fcd8bfe561186b74712f4ef?s=96&d=identicon&r=g","caption":"Ra\u00fal Gasque"},"description":"Mexican multidisciplinary artist who explores psychology and social phenomena through performance, painting, photography, and text.","sameAs":["https:\/\/www.instagram.com\/comotraducirunametafora\/"],"url":"https:\/\/errr-magazine.com\/english\/author\/raulgasque\/"}]}},"jetpack_featured_media_url":"https:\/\/errr-magazine.com\/wp-content\/uploads\/2019\/04\/22.png","jetpack-related-posts":[{"id":165710,"url":"https:\/\/errr-magazine.com\/english\/hagamos-una-porno\/","url_meta":{"origin":143270,"position":0},"title":"Hagamos una porno","author":"\u00c1ngel Hern\u00e1ndez","date":"02\/08\/2021","format":false,"excerpt":"El chico viv\u00eda solo en un viejo departamento. No ten\u00eda amigos ni beb\u00eda alcohol. Se la pasaba todo el d\u00eda perdiendo el tiempo en internet. Por las noches se dedicaba a ver pornograf\u00eda. Africanas, rusas, asi\u00e1ticas. El video s\u00f3lo lo satisfac\u00eda si la chica del porno se parec\u00eda a su\u2026","rel":"","context":"In &quot;Textos&quot;","block_context":{"text":"Textos","link":"https:\/\/errr-magazine.com\/english\/category\/textos\/"},"img":{"alt_text":"","src":"https:\/\/i0.wp.com\/errr-magazine.com\/wp-content\/uploads\/2021\/01\/9681472630_a3bddb3ce0_o.jpg?resize=350%2C200&ssl=1","width":350,"height":200,"srcset":"https:\/\/i0.wp.com\/errr-magazine.com\/wp-content\/uploads\/2021\/01\/9681472630_a3bddb3ce0_o.jpg?resize=350%2C200&ssl=1 1x, https:\/\/i0.wp.com\/errr-magazine.com\/wp-content\/uploads\/2021\/01\/9681472630_a3bddb3ce0_o.jpg?resize=525%2C300&ssl=1 1.5x, https:\/\/i0.wp.com\/errr-magazine.com\/wp-content\/uploads\/2021\/01\/9681472630_a3bddb3ce0_o.jpg?resize=700%2C400&ssl=1 2x, https:\/\/i0.wp.com\/errr-magazine.com\/wp-content\/uploads\/2021\/01\/9681472630_a3bddb3ce0_o.jpg?resize=1050%2C600&ssl=1 3x, https:\/\/i0.wp.com\/errr-magazine.com\/wp-content\/uploads\/2021\/01\/9681472630_a3bddb3ce0_o.jpg?resize=1400%2C800&ssl=1 4x"},"classes":[]},{"id":183724,"url":"https:\/\/errr-magazine.com\/english\/como-escrito-por-george-v-higgins\/","url_meta":{"origin":143270,"position":1},"title":"COMO ESCRITO POR GEORGE V. HIGGINS","author":"David Rubio Esquivel","date":"04\/02\/2023","format":false,"excerpt":"Como en una novela negra cojo un cigarrillo mientras espero a que me sirvan el pr\u00f3ximo trago en la barra de un bar de mala muerte. Soy uno de tantos clientes frecuentes que van a expiar sus culpas con un cantinero que bien podr\u00eda transformarse en novelista de tantas historias\u2026","rel":"","context":"In &quot;Writing&quot;","block_context":{"text":"Writing","link":"https:\/\/errr-magazine.com\/english\/category\/writing\/"},"img":{"alt_text":"","src":"https:\/\/i0.wp.com\/errr-magazine.com\/wp-content\/uploads\/2023\/03\/7270546596_0b7efbddb5_o.jpg?resize=350%2C200&ssl=1","width":350,"height":200,"srcset":"https:\/\/i0.wp.com\/errr-magazine.com\/wp-content\/uploads\/2023\/03\/7270546596_0b7efbddb5_o.jpg?resize=350%2C200&ssl=1 1x, https:\/\/i0.wp.com\/errr-magazine.com\/wp-content\/uploads\/2023\/03\/7270546596_0b7efbddb5_o.jpg?resize=525%2C300&ssl=1 1.5x, https:\/\/i0.wp.com\/errr-magazine.com\/wp-content\/uploads\/2023\/03\/7270546596_0b7efbddb5_o.jpg?resize=700%2C400&ssl=1 2x, https:\/\/i0.wp.com\/errr-magazine.com\/wp-content\/uploads\/2023\/03\/7270546596_0b7efbddb5_o.jpg?resize=1050%2C600&ssl=1 3x, https:\/\/i0.wp.com\/errr-magazine.com\/wp-content\/uploads\/2023\/03\/7270546596_0b7efbddb5_o.jpg?resize=1400%2C800&ssl=1 4x"},"classes":[]},{"id":163996,"url":"https:\/\/errr-magazine.com\/english\/documentales\/","url_meta":{"origin":143270,"position":2},"title":"DOCUMENTALES","author":"David Rubio Esquivel","date":"12\/19\/2020","format":false,"excerpt":"Ocurri\u00f3 un lunes por la ma\u00f1ana y no supe c\u00f3mo reaccionar. Me dieron ganas de salir de clases temprano y pasar la tarde llorando. No hab\u00eda perdido a cualquiera. La estaba perdiendo a ella.\u00a0 Los dos meses que dur\u00f3 nuestra relaci\u00f3n no compensaban el a\u00f1o que me hab\u00eda tomado darle\u2026","rel":"","context":"In &quot;Textos&quot;","block_context":{"text":"Textos","link":"https:\/\/errr-magazine.com\/english\/category\/textos\/"},"img":{"alt_text":"","src":"https:\/\/i0.wp.com\/errr-magazine.com\/wp-content\/uploads\/2020\/12\/Captura-de-pantalla-2020-12-19-a-las-14.12.24.png?resize=350%2C200&ssl=1","width":350,"height":200,"srcset":"https:\/\/i0.wp.com\/errr-magazine.com\/wp-content\/uploads\/2020\/12\/Captura-de-pantalla-2020-12-19-a-las-14.12.24.png?resize=350%2C200&ssl=1 1x, https:\/\/i0.wp.com\/errr-magazine.com\/wp-content\/uploads\/2020\/12\/Captura-de-pantalla-2020-12-19-a-las-14.12.24.png?resize=525%2C300&ssl=1 1.5x, https:\/\/i0.wp.com\/errr-magazine.com\/wp-content\/uploads\/2020\/12\/Captura-de-pantalla-2020-12-19-a-las-14.12.24.png?resize=700%2C400&ssl=1 2x, https:\/\/i0.wp.com\/errr-magazine.com\/wp-content\/uploads\/2020\/12\/Captura-de-pantalla-2020-12-19-a-las-14.12.24.png?resize=1050%2C600&ssl=1 3x"},"classes":[]},{"id":197281,"url":"https:\/\/errr-magazine.com\/english\/lilia-is-lilith\/","url_meta":{"origin":143270,"position":3},"title":"Time doesn\u2019t move","author":"Lilia V. Fern\u00e1ndez","date":"01\/11\/2026","format":false,"excerpt":"For me, photography happens in this encounter. The more the other person feels seen, heard, and at ease, the more honest the image becomes. My work seeks to inhabit the threshold between the documentary and the intimate, where light, time, and presence construct a silent narrative.","rel":"","context":"In &quot;Artes visuales&quot;","block_context":{"text":"Artes visuales","link":"https:\/\/errr-magazine.com\/english\/category\/interviews\/artes-visuales\/"},"img":{"alt_text":"","src":"https:\/\/i0.wp.com\/errr-magazine.com\/wp-content\/uploads\/2026\/01\/Photo-Dec-15-2025-7-53-40-AM-scaled.jpg?resize=350%2C200&ssl=1","width":350,"height":200,"srcset":"https:\/\/i0.wp.com\/errr-magazine.com\/wp-content\/uploads\/2026\/01\/Photo-Dec-15-2025-7-53-40-AM-scaled.jpg?resize=350%2C200&ssl=1 1x, https:\/\/i0.wp.com\/errr-magazine.com\/wp-content\/uploads\/2026\/01\/Photo-Dec-15-2025-7-53-40-AM-scaled.jpg?resize=525%2C300&ssl=1 1.5x, https:\/\/i0.wp.com\/errr-magazine.com\/wp-content\/uploads\/2026\/01\/Photo-Dec-15-2025-7-53-40-AM-scaled.jpg?resize=700%2C400&ssl=1 2x, https:\/\/i0.wp.com\/errr-magazine.com\/wp-content\/uploads\/2026\/01\/Photo-Dec-15-2025-7-53-40-AM-scaled.jpg?resize=1050%2C600&ssl=1 3x, https:\/\/i0.wp.com\/errr-magazine.com\/wp-content\/uploads\/2026\/01\/Photo-Dec-15-2025-7-53-40-AM-scaled.jpg?resize=1400%2C800&ssl=1 4x"},"classes":[]},{"id":200775,"url":"https:\/\/errr-magazine.com\/english\/antes-de-que-crezca-el-rio\/","url_meta":{"origin":143270,"position":4},"title":"Before the River Rises","author":"Mar\u00eda Rojas","date":"02\/27\/2026","format":false,"excerpt":"Ghost with wide eyes, wandering in the background of photographs and in the reflection of windows: you often stroll through my mind with your light gait that makes me smile, as if your memory were an inside joke I speak about with myself when I\u2019m alone.","rel":"","context":"In &quot;Narrativa&quot;","block_context":{"text":"Narrativa","link":"https:\/\/errr-magazine.com\/english\/category\/writing\/narrativa\/"},"img":{"alt_text":"","src":"https:\/\/i0.wp.com\/errr-magazine.com\/wp-content\/uploads\/2026\/02\/IMG-Camino.jpg?resize=350%2C200&ssl=1","width":350,"height":200,"srcset":"https:\/\/i0.wp.com\/errr-magazine.com\/wp-content\/uploads\/2026\/02\/IMG-Camino.jpg?resize=350%2C200&ssl=1 1x, https:\/\/i0.wp.com\/errr-magazine.com\/wp-content\/uploads\/2026\/02\/IMG-Camino.jpg?resize=525%2C300&ssl=1 1.5x, https:\/\/i0.wp.com\/errr-magazine.com\/wp-content\/uploads\/2026\/02\/IMG-Camino.jpg?resize=700%2C400&ssl=1 2x, https:\/\/i0.wp.com\/errr-magazine.com\/wp-content\/uploads\/2026\/02\/IMG-Camino.jpg?resize=1050%2C600&ssl=1 3x, https:\/\/i0.wp.com\/errr-magazine.com\/wp-content\/uploads\/2026\/02\/IMG-Camino.jpg?resize=1400%2C800&ssl=1 4x"},"classes":[]},{"id":158667,"url":"https:\/\/errr-magazine.com\/english\/los-dias-menos-frios-del-invierno\/","url_meta":{"origin":143270,"position":5},"title":"Los d\u00edas menos fr\u00edos del invierno","author":"Daniel Abrego","date":"04\/28\/2020","format":false,"excerpt":"Despert\u00e9 a medio dia con los ojos hinchados de tanto dormir. Segunda semana sin trabajo, tercera comiendo arroz blanco. La \u00faltima vez que sal\u00ed al exterior hab\u00eda nevado demasiado, ahora la nieve se derrite y escurre por la ventana o quiz\u00e1 la ventana llora. No quise preguntar pues nunca he\u2026","rel":"","context":"In &quot;Textos&quot;","block_context":{"text":"Textos","link":"https:\/\/errr-magazine.com\/english\/category\/textos\/"},"img":{"alt_text":"","src":"","width":0,"height":0},"classes":[]}],"jetpack_sharing_enabled":true,"mfb_rest_fields":["title","yoast_head","yoast_head_json","jetpack_featured_media_url","jetpack-related-posts","jetpack_sharing_enabled"],"_links":{"self":[{"href":"https:\/\/errr-magazine.com\/english\/wp-json\/wp\/v2\/posts\/143270","targetHints":{"allow":["GET"]}}],"collection":[{"href":"https:\/\/errr-magazine.com\/english\/wp-json\/wp\/v2\/posts"}],"about":[{"href":"https:\/\/errr-magazine.com\/english\/wp-json\/wp\/v2\/types\/post"}],"author":[{"embeddable":true,"href":"https:\/\/errr-magazine.com\/english\/wp-json\/wp\/v2\/users\/4912"}],"replies":[{"embeddable":true,"href":"https:\/\/errr-magazine.com\/english\/wp-json\/wp\/v2\/comments?post=143270"}],"version-history":[{"count":7,"href":"https:\/\/errr-magazine.com\/english\/wp-json\/wp\/v2\/posts\/143270\/revisions"}],"predecessor-version":[{"id":143275,"href":"https:\/\/errr-magazine.com\/english\/wp-json\/wp\/v2\/posts\/143270\/revisions\/143275"}],"wp:featuredmedia":[{"embeddable":true,"href":"https:\/\/errr-magazine.com\/english\/wp-json\/wp\/v2\/media\/143273"}],"wp:attachment":[{"href":"https:\/\/errr-magazine.com\/english\/wp-json\/wp\/v2\/media?parent=143270"}],"wp:term":[{"taxonomy":"category","embeddable":true,"href":"https:\/\/errr-magazine.com\/english\/wp-json\/wp\/v2\/categories?post=143270"},{"taxonomy":"post_tag","embeddable":true,"href":"https:\/\/errr-magazine.com\/english\/wp-json\/wp\/v2\/tags?post=143270"}],"curies":[{"name":"wp","href":"https:\/\/api.w.org\/{rel}","templated":true}]}}