{"id":142662,"date":"2019-04-09T08:57:13","date_gmt":"2019-04-08T22:57:13","guid":{"rendered":"http:\/\/errr-magazine.com\/?p=142662"},"modified":"2022-08-31T01:36:58","modified_gmt":"2022-08-31T06:36:58","slug":"mi-cerebro-fragil-y-frio","status":"publish","type":"post","link":"https:\/\/errr-magazine.com\/english\/mi-cerebro-fragil-y-frio\/","title":{"rendered":"Rodar"},"content":{"rendered":"<p style=\"text-align: left;\">Mi cerebro fr\u00e1gil y fr\u00edo<\/p>\n<p style=\"text-align: left;\">como el cuerpo de una medusa<\/p>\n<p style=\"text-align: left;\">sumergida en el m\u00e1s profundo arrecife azul<\/p>\n<p style=\"text-align: left;\">me apego a los d\u00edas<\/p>\n<p style=\"text-align: left;\">la tierra me gu\u00eda.<\/p>\n<p style=\"text-align: left;\">Las manos moradas<\/p>\n<p style=\"text-align: left;\">traspasan tu ser<\/p>\n<p style=\"text-align: left;\">en el seno de la gente que marcha<\/p>\n<p style=\"text-align: left;\">que maldiga<\/p>\n<p style=\"text-align: left;\">que la luna<\/p>\n<p style=\"text-align: left;\">que los ojos del que no ve<\/p>\n<p style=\"text-align: left;\">y que siempre sean felices<\/p>\n<p style=\"text-align: left;\">para aquellos que no podemos descifrarlo.<\/p>\n<p style=\"text-align: left;\">En la penumbra me camino<\/p>\n<p style=\"text-align: left;\">y reflorezco<\/p>\n<p style=\"text-align: left;\">porque cada sol es un nuevo movimiento<\/p>\n<p style=\"text-align: left;\">esa paz que me trae y te quiero<\/p>\n<p style=\"text-align: left;\">c\u00f3mo te quiero cada vez<\/p>\n<p style=\"text-align: left;\">todos los d\u00edas<\/p>\n<p style=\"text-align: left;\">mis d\u00edas son as\u00ed<\/p>\n<p style=\"text-align: left;\">la foto m\u00e1s hermosa de lo que s\u00f3lo uno ve<\/p>\n<p style=\"text-align: left;\">cuando quiere ver<\/p>\n<p style=\"text-align: left;\">m\u00e1s.<\/p>","protected":false},"excerpt":{"rendered":"<p>Mi cerebro fr\u00e1gil y fr\u00edo como el cuerpo de una medusa sumergida en el m\u00e1s profundo arrecife azul me apego a los d\u00edas la tierra me gu\u00eda. Las manos moradas traspasan tu ser en el seno de la gente que marcha que maldiga que la luna que los ojos del que no ve y que [&hellip;]<\/p>\n","protected":false},"author":6128,"featured_media":0,"comment_status":"closed","ping_status":"closed","sticky":false,"template":"","format":"standard","meta":{"_acf_changed":false,"cybocfi_hide_featured_image":"","_jetpack_memberships_contains_paid_content":false,"footnotes":""},"categories":[7997],"tags":[],"class_list":["post-142662","post","type-post","status-publish","format-standard","hentry","category-textos"],"acf":[],"mb":[],"yoast_head":"<!-- This site is optimized with the Yoast SEO plugin v27.2 - https:\/\/yoast.com\/product\/yoast-seo-wordpress\/ -->\n<title>Rodar - ERRR MAGAZINE<\/title>\n<meta name=\"robots\" content=\"index, follow, max-snippet:-1, max-image-preview:large, max-video-preview:-1\" \/>\n<link rel=\"canonical\" href=\"https:\/\/errr-magazine.com\/english\/mi-cerebro-fragil-y-frio\/\" \/>\n<meta property=\"og:locale\" content=\"en_US\" \/>\n<meta property=\"og:type\" content=\"article\" \/>\n<meta property=\"og:title\" content=\"Rodar - ERRR MAGAZINE\" \/>\n<meta property=\"og:description\" content=\"Mi cerebro fr\u00e1gil y fr\u00edo como el cuerpo de una medusa sumergida en el m\u00e1s profundo arrecife azul me apego a los d\u00edas la tierra me gu\u00eda. Las manos moradas traspasan tu ser en el seno de la gente que marcha que maldiga que la luna que los ojos del que no ve y que [&hellip;]\" \/>\n<meta property=\"og:url\" content=\"https:\/\/errr-magazine.com\/english\/mi-cerebro-fragil-y-frio\/\" \/>\n<meta property=\"og:site_name\" content=\"ERRR MAGAZINE\" \/>\n<meta property=\"article:published_time\" content=\"2019-04-08T22:57:13+00:00\" \/>\n<meta property=\"article:modified_time\" content=\"2022-08-31T06:36:58+00:00\" \/>\n<meta name=\"author\" content=\"Ana Clara Carnicero\" \/>\n<meta name=\"twitter:card\" content=\"summary_large_image\" \/>\n<meta name=\"twitter:label1\" content=\"Written by\" \/>\n\t<meta name=\"twitter:data1\" content=\"Ana Clara Carnicero\" \/>\n\t<meta name=\"twitter:label2\" content=\"Est. reading time\" \/>\n\t<meta name=\"twitter:data2\" content=\"1 minute\" \/>\n<script type=\"application\/ld+json\" class=\"yoast-schema-graph\">{\"@context\":\"https:\/\/schema.org\",\"@graph\":[{\"@type\":\"Article\",\"@id\":\"https:\/\/errr-magazine.com\/mi-cerebro-fragil-y-frio\/#article\",\"isPartOf\":{\"@id\":\"https:\/\/errr-magazine.com\/mi-cerebro-fragil-y-frio\/\"},\"author\":{\"name\":\"Ana Clara Carnicero\",\"@id\":\"https:\/\/errr-magazine.com\/#\/schema\/person\/b287a4f449b66479fab2f7d7b6395e6b\"},\"headline\":\"Rodar\",\"datePublished\":\"2019-04-08T22:57:13+00:00\",\"dateModified\":\"2022-08-31T06:36:58+00:00\",\"mainEntityOfPage\":{\"@id\":\"https:\/\/errr-magazine.com\/mi-cerebro-fragil-y-frio\/\"},\"wordCount\":124,\"articleSection\":[\"Textos\"],\"inLanguage\":\"en-US\"},{\"@type\":\"WebPage\",\"@id\":\"https:\/\/errr-magazine.com\/mi-cerebro-fragil-y-frio\/\",\"url\":\"https:\/\/errr-magazine.com\/mi-cerebro-fragil-y-frio\/\",\"name\":\"Rodar - ERRR MAGAZINE\",\"isPartOf\":{\"@id\":\"https:\/\/errr-magazine.com\/#website\"},\"datePublished\":\"2019-04-08T22:57:13+00:00\",\"dateModified\":\"2022-08-31T06:36:58+00:00\",\"author\":{\"@id\":\"https:\/\/errr-magazine.com\/#\/schema\/person\/b287a4f449b66479fab2f7d7b6395e6b\"},\"breadcrumb\":{\"@id\":\"https:\/\/errr-magazine.com\/mi-cerebro-fragil-y-frio\/#breadcrumb\"},\"inLanguage\":\"en-US\",\"potentialAction\":[{\"@type\":\"ReadAction\",\"target\":[\"https:\/\/errr-magazine.com\/mi-cerebro-fragil-y-frio\/\"]}]},{\"@type\":\"BreadcrumbList\",\"@id\":\"https:\/\/errr-magazine.com\/mi-cerebro-fragil-y-frio\/#breadcrumb\",\"itemListElement\":[{\"@type\":\"ListItem\",\"position\":1,\"name\":\"Portada\",\"item\":\"https:\/\/errr-magazine.com\/\"},{\"@type\":\"ListItem\",\"position\":2,\"name\":\"Rodar\"}]},{\"@type\":\"WebSite\",\"@id\":\"https:\/\/errr-magazine.com\/#website\",\"url\":\"https:\/\/errr-magazine.com\/\",\"name\":\"ERRR MAGAZINE\",\"description\":\"\",\"potentialAction\":[{\"@type\":\"SearchAction\",\"target\":{\"@type\":\"EntryPoint\",\"urlTemplate\":\"https:\/\/errr-magazine.com\/?s={search_term_string}\"},\"query-input\":{\"@type\":\"PropertyValueSpecification\",\"valueRequired\":true,\"valueName\":\"search_term_string\"}}],\"inLanguage\":\"en-US\"},{\"@type\":\"Person\",\"@id\":\"https:\/\/errr-magazine.com\/#\/schema\/person\/b287a4f449b66479fab2f7d7b6395e6b\",\"name\":\"Ana Clara Carnicero\",\"image\":{\"@type\":\"ImageObject\",\"inLanguage\":\"en-US\",\"@id\":\"https:\/\/secure.gravatar.com\/avatar\/e5d08870312df208af9e9f0f7e685d89ba69671624b76bb9813f5f93e1a8d0ab?s=96&d=identicon&r=g\",\"url\":\"https:\/\/secure.gravatar.com\/avatar\/e5d08870312df208af9e9f0f7e685d89ba69671624b76bb9813f5f93e1a8d0ab?s=96&d=identicon&r=g\",\"contentUrl\":\"https:\/\/secure.gravatar.com\/avatar\/e5d08870312df208af9e9f0f7e685d89ba69671624b76bb9813f5f93e1a8d0ab?s=96&d=identicon&r=g\",\"caption\":\"Ana Clara Carnicero\"},\"description\":\"...\",\"url\":\"https:\/\/errr-magazine.com\/english\/author\/anaccarnicero\/\"}]}<\/script>\n<!-- \/ Yoast SEO plugin. -->","yoast_head_json":{"title":"Rodar - ERRR MAGAZINE","robots":{"index":"index","follow":"follow","max-snippet":"max-snippet:-1","max-image-preview":"max-image-preview:large","max-video-preview":"max-video-preview:-1"},"canonical":"https:\/\/errr-magazine.com\/english\/mi-cerebro-fragil-y-frio\/","og_locale":"en_US","og_type":"article","og_title":"Rodar - ERRR MAGAZINE","og_description":"Mi cerebro fr\u00e1gil y fr\u00edo como el cuerpo de una medusa sumergida en el m\u00e1s profundo arrecife azul me apego a los d\u00edas la tierra me gu\u00eda. Las manos moradas traspasan tu ser en el seno de la gente que marcha que maldiga que la luna que los ojos del que no ve y que [&hellip;]","og_url":"https:\/\/errr-magazine.com\/english\/mi-cerebro-fragil-y-frio\/","og_site_name":"ERRR MAGAZINE","article_published_time":"2019-04-08T22:57:13+00:00","article_modified_time":"2022-08-31T06:36:58+00:00","author":"Ana Clara Carnicero","twitter_card":"summary_large_image","twitter_misc":{"Written by":"Ana Clara Carnicero","Est. reading time":"1 minute"},"schema":{"@context":"https:\/\/schema.org","@graph":[{"@type":"Article","@id":"https:\/\/errr-magazine.com\/mi-cerebro-fragil-y-frio\/#article","isPartOf":{"@id":"https:\/\/errr-magazine.com\/mi-cerebro-fragil-y-frio\/"},"author":{"name":"Ana Clara Carnicero","@id":"https:\/\/errr-magazine.com\/#\/schema\/person\/b287a4f449b66479fab2f7d7b6395e6b"},"headline":"Rodar","datePublished":"2019-04-08T22:57:13+00:00","dateModified":"2022-08-31T06:36:58+00:00","mainEntityOfPage":{"@id":"https:\/\/errr-magazine.com\/mi-cerebro-fragil-y-frio\/"},"wordCount":124,"articleSection":["Textos"],"inLanguage":"en-US"},{"@type":"WebPage","@id":"https:\/\/errr-magazine.com\/mi-cerebro-fragil-y-frio\/","url":"https:\/\/errr-magazine.com\/mi-cerebro-fragil-y-frio\/","name":"Rodar - ERRR MAGAZINE","isPartOf":{"@id":"https:\/\/errr-magazine.com\/#website"},"datePublished":"2019-04-08T22:57:13+00:00","dateModified":"2022-08-31T06:36:58+00:00","author":{"@id":"https:\/\/errr-magazine.com\/#\/schema\/person\/b287a4f449b66479fab2f7d7b6395e6b"},"breadcrumb":{"@id":"https:\/\/errr-magazine.com\/mi-cerebro-fragil-y-frio\/#breadcrumb"},"inLanguage":"en-US","potentialAction":[{"@type":"ReadAction","target":["https:\/\/errr-magazine.com\/mi-cerebro-fragil-y-frio\/"]}]},{"@type":"BreadcrumbList","@id":"https:\/\/errr-magazine.com\/mi-cerebro-fragil-y-frio\/#breadcrumb","itemListElement":[{"@type":"ListItem","position":1,"name":"Portada","item":"https:\/\/errr-magazine.com\/"},{"@type":"ListItem","position":2,"name":"Rodar"}]},{"@type":"WebSite","@id":"https:\/\/errr-magazine.com\/#website","url":"https:\/\/errr-magazine.com\/","name":"ERRR MAGAZINE","description":"","potentialAction":[{"@type":"SearchAction","target":{"@type":"EntryPoint","urlTemplate":"https:\/\/errr-magazine.com\/?s={search_term_string}"},"query-input":{"@type":"PropertyValueSpecification","valueRequired":true,"valueName":"search_term_string"}}],"inLanguage":"en-US"},{"@type":"Person","@id":"https:\/\/errr-magazine.com\/#\/schema\/person\/b287a4f449b66479fab2f7d7b6395e6b","name":"Ana Clara Carnicero","image":{"@type":"ImageObject","inLanguage":"en-US","@id":"https:\/\/secure.gravatar.com\/avatar\/e5d08870312df208af9e9f0f7e685d89ba69671624b76bb9813f5f93e1a8d0ab?s=96&d=identicon&r=g","url":"https:\/\/secure.gravatar.com\/avatar\/e5d08870312df208af9e9f0f7e685d89ba69671624b76bb9813f5f93e1a8d0ab?s=96&d=identicon&r=g","contentUrl":"https:\/\/secure.gravatar.com\/avatar\/e5d08870312df208af9e9f0f7e685d89ba69671624b76bb9813f5f93e1a8d0ab?s=96&d=identicon&r=g","caption":"Ana Clara Carnicero"},"description":"...","url":"https:\/\/errr-magazine.com\/english\/author\/anaccarnicero\/"}]}},"jetpack_featured_media_url":"","jetpack-related-posts":[{"id":172031,"url":"https:\/\/errr-magazine.com\/english\/fortuna\/","url_meta":{"origin":142662,"position":0},"title":"Fortuna","author":"Alejandra Canchola","date":"07\/06\/2021","format":false,"excerpt":"Tener la suerte de tenerte, de no esquivarte, de no evitar, que vengas por m\u00ed y me lleves contigo. Quiero tener la ventaja de verte cada d\u00eda. El triunfo de tenerte cada noche, para burlarme de la vida, de quienes te hirieron, de retarles, con mi amor su mala forma\u2026","rel":"","context":"In &quot;Textos&quot;","block_context":{"text":"Textos","link":"https:\/\/errr-magazine.com\/english\/category\/textos\/"},"img":{"alt_text":"","src":"","width":0,"height":0},"classes":[]},{"id":135468,"url":"https:\/\/errr-magazine.com\/english\/un-lunes\/","url_meta":{"origin":142662,"position":1},"title":"Un lunes","author":"Gianella Castagnino","date":"06\/21\/2018","format":false,"excerpt":"Un lunes en la ma\u00f1ana todo pas\u00f3. No s\u00e9 c\u00f3mo pas\u00f3, s\u00f3lo s\u00e9 que no parabas de decirme \u201cte quiero\u201d fuiste suave, seguiste r\u00e1pido. Tu ansiedad, antes pensaba que era una excusa para acelerar las cosas, creo que me equivoqu\u00e9. Tu ansiedad te gana, pero me gustas as\u00ed y esa\u2026","rel":"","context":"In &quot;Textos&quot;","block_context":{"text":"Textos","link":"https:\/\/errr-magazine.com\/english\/category\/textos\/"},"img":{"alt_text":"","src":"https:\/\/i0.wp.com\/errr-magazine.com\/wp-content\/uploads\/2018\/06\/Diktron.jpg?resize=350%2C200&ssl=1","width":350,"height":200,"srcset":"https:\/\/i0.wp.com\/errr-magazine.com\/wp-content\/uploads\/2018\/06\/Diktron.jpg?resize=350%2C200&ssl=1 1x, https:\/\/i0.wp.com\/errr-magazine.com\/wp-content\/uploads\/2018\/06\/Diktron.jpg?resize=525%2C300&ssl=1 1.5x, https:\/\/i0.wp.com\/errr-magazine.com\/wp-content\/uploads\/2018\/06\/Diktron.jpg?resize=700%2C400&ssl=1 2x"},"classes":[]},{"id":145972,"url":"https:\/\/errr-magazine.com\/english\/cada-noche-2\/","url_meta":{"origin":142662,"position":2},"title":"Cada noche","author":"Valeria","date":"08\/19\/2019","format":false,"excerpt":"Cada noche antes de dormir te pienso; Recuerdo cada parte de ti Tus ojos,t\u00fa sonrisa, t\u00fa cabello, tus manos, tus dedos, entrelazados con los m\u00edos. Pienso en ti y en mis deseos contigo... Mas que cualquier deseo carnal,pienso en Ese deseo que Anhela mi alma, ese deseo insaciable de amarte\u2026","rel":"","context":"In &quot;Textos&quot;","block_context":{"text":"Textos","link":"https:\/\/errr-magazine.com\/english\/category\/textos\/"},"img":{"alt_text":"","src":"https:\/\/i0.wp.com\/errr-magazine.com\/wp-content\/uploads\/2019\/07\/5-3.png?resize=350%2C200&ssl=1","width":350,"height":200,"srcset":"https:\/\/i0.wp.com\/errr-magazine.com\/wp-content\/uploads\/2019\/07\/5-3.png?resize=350%2C200&ssl=1 1x, https:\/\/i0.wp.com\/errr-magazine.com\/wp-content\/uploads\/2019\/07\/5-3.png?resize=525%2C300&ssl=1 1.5x, https:\/\/i0.wp.com\/errr-magazine.com\/wp-content\/uploads\/2019\/07\/5-3.png?resize=700%2C400&ssl=1 2x"},"classes":[]},{"id":145975,"url":"https:\/\/errr-magazine.com\/english\/cada-noche\/","url_meta":{"origin":142662,"position":3},"title":"Cada noche","author":"Valeria","date":"07\/24\/2019","format":false,"excerpt":"Cada noche antes de dormir te pienso Recuerdo cada parte de ti Tus ojos,t\u00fa sonrisa, t\u00fa cabello,\u00a0 tus manos, tus dedos, entrelazados con los m\u00edos. Pienso en ti y en mis deseos contigo... Mas que cualquier deseo carnal,pienso en ese deseo que Anhela mi alma, ese deseo insaciable de amarte\u2026","rel":"","context":"In &quot;Textos&quot;","block_context":{"text":"Textos","link":"https:\/\/errr-magazine.com\/english\/category\/textos\/"},"img":{"alt_text":"","src":"https:\/\/i0.wp.com\/errr-magazine.com\/wp-content\/uploads\/2019\/07\/3-3.png?resize=350%2C200&ssl=1","width":350,"height":200,"srcset":"https:\/\/i0.wp.com\/errr-magazine.com\/wp-content\/uploads\/2019\/07\/3-3.png?resize=350%2C200&ssl=1 1x, https:\/\/i0.wp.com\/errr-magazine.com\/wp-content\/uploads\/2019\/07\/3-3.png?resize=525%2C300&ssl=1 1.5x, https:\/\/i0.wp.com\/errr-magazine.com\/wp-content\/uploads\/2019\/07\/3-3.png?resize=700%2C400&ssl=1 2x"},"classes":[]},{"id":181100,"url":"https:\/\/errr-magazine.com\/english\/simplemente\/","url_meta":{"origin":142662,"position":4},"title":"Simplemente","author":"Eduardo Hern\u00e1ndez","date":"08\/02\/2022","format":false,"excerpt":"Ya no quiero ver tus ojos, No es que no me gusten, No es que ya no te quiera, Sino todo lo contrario Te quiero. Y ese es el problema, Que te quiero, No debo, Lo sabes, Lo s\u00e9. Pero cada d\u00eda que los veo Me gustan m\u00e1s Cada d\u00eda\u2026","rel":"","context":"In &quot;Textos&quot;","block_context":{"text":"Textos","link":"https:\/\/errr-magazine.com\/english\/category\/textos\/"},"img":{"alt_text":"","src":"","width":0,"height":0},"classes":[]},{"id":165509,"url":"https:\/\/errr-magazine.com\/english\/pintura-generica\/","url_meta":{"origin":142662,"position":5},"title":"Generic paint","author":"danae","date":"01\/16\/2021","format":false,"excerpt":"Yo no quer\u00eda hablarte, de verdad intent\u00e9 ignorarte y a\u00fan as\u00ed t\u00fa decidiste conquistarme, y lo peor es que lo lograste. \u00bfAhora qu\u00e9 si a los meses me remplazaste y me ignoraste? Antes me pintabas bajo la luna pero le diste la misma pintura a ella pensando que no me\u2026","rel":"","context":"In &quot;Textos&quot;","block_context":{"text":"Textos","link":"https:\/\/errr-magazine.com\/english\/category\/textos\/"},"img":{"alt_text":"","src":"https:\/\/i0.wp.com\/errr-magazine.com\/wp-content\/uploads\/2021\/01\/Captura-de-pantalla-2021-01-20-a-las-15.52.43.png?resize=350%2C200&ssl=1","width":350,"height":200,"srcset":"https:\/\/i0.wp.com\/errr-magazine.com\/wp-content\/uploads\/2021\/01\/Captura-de-pantalla-2021-01-20-a-las-15.52.43.png?resize=350%2C200&ssl=1 1x, https:\/\/i0.wp.com\/errr-magazine.com\/wp-content\/uploads\/2021\/01\/Captura-de-pantalla-2021-01-20-a-las-15.52.43.png?resize=525%2C300&ssl=1 1.5x, https:\/\/i0.wp.com\/errr-magazine.com\/wp-content\/uploads\/2021\/01\/Captura-de-pantalla-2021-01-20-a-las-15.52.43.png?resize=700%2C400&ssl=1 2x"},"classes":[]}],"jetpack_sharing_enabled":true,"mfb_rest_fields":["title","yoast_head","yoast_head_json","jetpack_featured_media_url","jetpack-related-posts","jetpack_sharing_enabled"],"_links":{"self":[{"href":"https:\/\/errr-magazine.com\/english\/wp-json\/wp\/v2\/posts\/142662","targetHints":{"allow":["GET"]}}],"collection":[{"href":"https:\/\/errr-magazine.com\/english\/wp-json\/wp\/v2\/posts"}],"about":[{"href":"https:\/\/errr-magazine.com\/english\/wp-json\/wp\/v2\/types\/post"}],"author":[{"embeddable":true,"href":"https:\/\/errr-magazine.com\/english\/wp-json\/wp\/v2\/users\/6128"}],"replies":[{"embeddable":true,"href":"https:\/\/errr-magazine.com\/english\/wp-json\/wp\/v2\/comments?post=142662"}],"version-history":[{"count":5,"href":"https:\/\/errr-magazine.com\/english\/wp-json\/wp\/v2\/posts\/142662\/revisions"}],"predecessor-version":[{"id":175097,"href":"https:\/\/errr-magazine.com\/english\/wp-json\/wp\/v2\/posts\/142662\/revisions\/175097"}],"wp:attachment":[{"href":"https:\/\/errr-magazine.com\/english\/wp-json\/wp\/v2\/media?parent=142662"}],"wp:term":[{"taxonomy":"category","embeddable":true,"href":"https:\/\/errr-magazine.com\/english\/wp-json\/wp\/v2\/categories?post=142662"},{"taxonomy":"post_tag","embeddable":true,"href":"https:\/\/errr-magazine.com\/english\/wp-json\/wp\/v2\/tags?post=142662"}],"curies":[{"name":"wp","href":"https:\/\/api.w.org\/{rel}","templated":true}]}}