{"id":141328,"date":"2019-03-05T09:05:30","date_gmt":"2019-03-04T22:05:30","guid":{"rendered":"http:\/\/errr-magazine.com\/?p=141328"},"modified":"2022-08-31T01:38:44","modified_gmt":"2022-08-31T06:38:44","slug":"coffee-and-milk-in-the-morning","status":"publish","type":"post","link":"https:\/\/errr-magazine.com\/english\/cafe-y-leche-por-la-manana\/","title":{"rendered":"Coffee and milk in the morning"},"content":{"rendered":"<p style=\"text-align: justify;\"><span style=\"font-weight: 400;\">It's around 9 a.m. and the only thing that manages to wake me up is the aroma of my hot coffee from my now best friend, the coffee pot that my grandfather passed down to me.<\/span><\/p>\n<p style=\"text-align: justify;\"><span style=\"font-weight: 400;\">After 3 sips from the mug, I let the thoughts and tasks of the day invade my head. Trying not to saturate myself, I look out the window and remember the peculiar view I had just before the huge condo came into existence. <\/span><span style=\"font-weight: 400;\">Before I knew it, my cup was empty and I set out to get on with my day. <\/span><\/p>\n<p style=\"text-align: justify;\"><span style=\"font-weight: 400;\">Music, ripped jeans, a black sweatshirt, my <em>sneakers<\/em> and some books in my <em>backpack<\/em> were the perfect choice for any given Sunday. <\/span><\/p>\n<p style=\"text-align: justify;\"><span style=\"font-weight: 400;\">The 6 degrees Celsius kept my hands inside my jacket pockets as I walked block by block through the city.<\/span><\/p>\n<p style=\"text-align: justify;\"><span style=\"font-weight: 400;\">A spontaneous purchase, a rich smell of coffee and drinks that become sensations... so, sip by sip I go into the concrete, the detail, the shadow and the light.<\/span><\/p>\n<p>Photography by <a href=\"https:\/\/www.flickr.com\/photos\/legionphoto\/\">Li Guanqun<\/a><\/p>","protected":false},"excerpt":{"rendered":"<p>Son alrededor de las 9 de la ma\u00f1ana y lo \u00fanico que logra despertarme es el aroma de mi caf\u00e9 caliente de mi ahora mejor amiga, la cafetera que me hered\u00f3 mi abuelo. Tras 3 sorbos a la taza, dejo que los pensamientos y tareas del d\u00eda invadan mi cabeza. Tratando de no saturarme, miro [&hellip;]<\/p>\n","protected":false},"author":2479,"featured_media":141525,"comment_status":"closed","ping_status":"closed","sticky":false,"template":"","format":"standard","meta":{"_acf_changed":false,"cybocfi_hide_featured_image":"","_jetpack_memberships_contains_paid_content":false,"footnotes":""},"categories":[7997],"tags":[],"class_list":["post-141328","post","type-post","status-publish","format-standard","has-post-thumbnail","hentry","category-textos"],"acf":[],"mb":[],"yoast_head":"<!-- This site is optimized with the Yoast SEO plugin v27.2 - https:\/\/yoast.com\/product\/yoast-seo-wordpress\/ -->\n<title>Caf\u00e9 y leche por la ma\u00f1ana - ERRR MAGAZINE<\/title>\n<meta name=\"robots\" content=\"index, follow, max-snippet:-1, max-image-preview:large, max-video-preview:-1\" \/>\n<link rel=\"canonical\" href=\"https:\/\/errr-magazine.com\/english\/coffee-and-milk-in-the-morning\/\" \/>\n<meta property=\"og:locale\" content=\"en_US\" \/>\n<meta property=\"og:type\" content=\"article\" \/>\n<meta property=\"og:title\" content=\"Caf\u00e9 y leche por la ma\u00f1ana - ERRR MAGAZINE\" \/>\n<meta property=\"og:description\" content=\"Son alrededor de las 9 de la ma\u00f1ana y lo \u00fanico que logra despertarme es el aroma de mi caf\u00e9 caliente de mi ahora mejor amiga, la cafetera que me hered\u00f3 mi abuelo. Tras 3 sorbos a la taza, dejo que los pensamientos y tareas del d\u00eda invadan mi cabeza. Tratando de no saturarme, miro [&hellip;]\" \/>\n<meta property=\"og:url\" content=\"https:\/\/errr-magazine.com\/english\/coffee-and-milk-in-the-morning\/\" \/>\n<meta property=\"og:site_name\" content=\"ERRR MAGAZINE\" \/>\n<meta property=\"article:published_time\" content=\"2019-03-04T22:05:30+00:00\" \/>\n<meta property=\"article:modified_time\" content=\"2022-08-31T06:38:44+00:00\" \/>\n<meta property=\"og:image\" content=\"https:\/\/errr-magazine.com\/wp-content\/uploads\/2019\/02\/22204026051_46605563fd_o.jpg\" \/>\n\t<meta property=\"og:image:width\" content=\"800\" \/>\n\t<meta property=\"og:image:height\" content=\"525\" \/>\n\t<meta property=\"og:image:type\" content=\"image\/jpeg\" \/>\n<meta name=\"author\" content=\"Sha Lugo\" \/>\n<meta name=\"twitter:card\" content=\"summary_large_image\" \/>\n<meta name=\"twitter:label1\" content=\"Written by\" \/>\n\t<meta name=\"twitter:data1\" content=\"Sha Lugo\" \/>\n\t<meta name=\"twitter:label2\" content=\"Est. reading time\" \/>\n\t<meta name=\"twitter:data2\" content=\"1 minute\" \/>\n<script type=\"application\/ld+json\" class=\"yoast-schema-graph\">{\"@context\":\"https:\/\/schema.org\",\"@graph\":[{\"@type\":\"Article\",\"@id\":\"https:\/\/errr-magazine.com\/cafe-y-leche-por-la-manana\/#article\",\"isPartOf\":{\"@id\":\"https:\/\/errr-magazine.com\/cafe-y-leche-por-la-manana\/\"},\"author\":{\"name\":\"Sha Lugo\",\"@id\":\"https:\/\/errr-magazine.com\/#\/schema\/person\/102c3924b6d1125bf3a3bda89a13cb51\"},\"headline\":\"Caf\u00e9 y leche por la ma\u00f1ana\",\"datePublished\":\"2019-03-04T22:05:30+00:00\",\"dateModified\":\"2022-08-31T06:38:44+00:00\",\"mainEntityOfPage\":{\"@id\":\"https:\/\/errr-magazine.com\/cafe-y-leche-por-la-manana\/\"},\"wordCount\":182,\"image\":{\"@id\":\"https:\/\/errr-magazine.com\/cafe-y-leche-por-la-manana\/#primaryimage\"},\"thumbnailUrl\":\"https:\/\/errr-magazine.com\/wp-content\/uploads\/2019\/02\/22204026051_46605563fd_o.jpg\",\"articleSection\":[\"Textos\"],\"inLanguage\":\"en-US\"},{\"@type\":\"WebPage\",\"@id\":\"https:\/\/errr-magazine.com\/cafe-y-leche-por-la-manana\/\",\"url\":\"https:\/\/errr-magazine.com\/cafe-y-leche-por-la-manana\/\",\"name\":\"Caf\u00e9 y leche por la ma\u00f1ana - ERRR MAGAZINE\",\"isPartOf\":{\"@id\":\"https:\/\/errr-magazine.com\/#website\"},\"primaryImageOfPage\":{\"@id\":\"https:\/\/errr-magazine.com\/cafe-y-leche-por-la-manana\/#primaryimage\"},\"image\":{\"@id\":\"https:\/\/errr-magazine.com\/cafe-y-leche-por-la-manana\/#primaryimage\"},\"thumbnailUrl\":\"https:\/\/errr-magazine.com\/wp-content\/uploads\/2019\/02\/22204026051_46605563fd_o.jpg\",\"datePublished\":\"2019-03-04T22:05:30+00:00\",\"dateModified\":\"2022-08-31T06:38:44+00:00\",\"author\":{\"@id\":\"https:\/\/errr-magazine.com\/#\/schema\/person\/102c3924b6d1125bf3a3bda89a13cb51\"},\"breadcrumb\":{\"@id\":\"https:\/\/errr-magazine.com\/cafe-y-leche-por-la-manana\/#breadcrumb\"},\"inLanguage\":\"en-US\",\"potentialAction\":[{\"@type\":\"ReadAction\",\"target\":[\"https:\/\/errr-magazine.com\/cafe-y-leche-por-la-manana\/\"]}]},{\"@type\":\"ImageObject\",\"inLanguage\":\"en-US\",\"@id\":\"https:\/\/errr-magazine.com\/cafe-y-leche-por-la-manana\/#primaryimage\",\"url\":\"https:\/\/errr-magazine.com\/wp-content\/uploads\/2019\/02\/22204026051_46605563fd_o.jpg\",\"contentUrl\":\"https:\/\/errr-magazine.com\/wp-content\/uploads\/2019\/02\/22204026051_46605563fd_o.jpg\",\"width\":800,\"height\":525},{\"@type\":\"BreadcrumbList\",\"@id\":\"https:\/\/errr-magazine.com\/cafe-y-leche-por-la-manana\/#breadcrumb\",\"itemListElement\":[{\"@type\":\"ListItem\",\"position\":1,\"name\":\"Portada\",\"item\":\"https:\/\/errr-magazine.com\/\"},{\"@type\":\"ListItem\",\"position\":2,\"name\":\"Caf\u00e9 y leche por la ma\u00f1ana\"}]},{\"@type\":\"WebSite\",\"@id\":\"https:\/\/errr-magazine.com\/#website\",\"url\":\"https:\/\/errr-magazine.com\/\",\"name\":\"ERRR MAGAZINE\",\"description\":\"\",\"potentialAction\":[{\"@type\":\"SearchAction\",\"target\":{\"@type\":\"EntryPoint\",\"urlTemplate\":\"https:\/\/errr-magazine.com\/?s={search_term_string}\"},\"query-input\":{\"@type\":\"PropertyValueSpecification\",\"valueRequired\":true,\"valueName\":\"search_term_string\"}}],\"inLanguage\":\"en-US\"},{\"@type\":\"Person\",\"@id\":\"https:\/\/errr-magazine.com\/#\/schema\/person\/102c3924b6d1125bf3a3bda89a13cb51\",\"name\":\"Sha Lugo\",\"image\":{\"@type\":\"ImageObject\",\"inLanguage\":\"en-US\",\"@id\":\"https:\/\/secure.gravatar.com\/avatar\/7b836ec3e7403b003d156fce7a17352bb251f6a11fa174d781db590a1564e10f?s=96&d=identicon&r=g\",\"url\":\"https:\/\/secure.gravatar.com\/avatar\/7b836ec3e7403b003d156fce7a17352bb251f6a11fa174d781db590a1564e10f?s=96&d=identicon&r=g\",\"contentUrl\":\"https:\/\/secure.gravatar.com\/avatar\/7b836ec3e7403b003d156fce7a17352bb251f6a11fa174d781db590a1564e10f?s=96&d=identicon&r=g\",\"caption\":\"Sha Lugo\"},\"description\":\"Soy el resultado de una combinada personalidad e inexplicable pensamiento. Soy un punto de vista, una manera de hablar, una pasi\u00f3n reflejada en imagen y texto. De personalidad m\u00faltiple pero controlada. Publicista y fot\u00f3grafa; amante del arte, las letras y la cultura visual. Creyente del talento nacional y polea de aquellos que buscan sobresalir a partir de sus pasiones. Con \\\"coraz\u00f3n roto\\\" de nacimiento e inspirada en las nostalgias de la vida en general.\",\"sameAs\":[\"http:\/\/www.facebook.com\/Sha.Lugo.Mx\/\"],\"url\":\"https:\/\/errr-magazine.com\/english\/author\/sharon-lugo\/\"}]}<\/script>\n<!-- \/ Yoast SEO plugin. -->","yoast_head_json":{"title":"Coffee and milk in the morning - ERRR MAGAZINE","robots":{"index":"index","follow":"follow","max-snippet":"max-snippet:-1","max-image-preview":"max-image-preview:large","max-video-preview":"max-video-preview:-1"},"canonical":"https:\/\/errr-magazine.com\/english\/coffee-and-milk-in-the-morning\/","og_locale":"en_US","og_type":"article","og_title":"Caf\u00e9 y leche por la ma\u00f1ana - ERRR MAGAZINE","og_description":"Son alrededor de las 9 de la ma\u00f1ana y lo \u00fanico que logra despertarme es el aroma de mi caf\u00e9 caliente de mi ahora mejor amiga, la cafetera que me hered\u00f3 mi abuelo. Tras 3 sorbos a la taza, dejo que los pensamientos y tareas del d\u00eda invadan mi cabeza. Tratando de no saturarme, miro [&hellip;]","og_url":"https:\/\/errr-magazine.com\/english\/coffee-and-milk-in-the-morning\/","og_site_name":"ERRR MAGAZINE","article_published_time":"2019-03-04T22:05:30+00:00","article_modified_time":"2022-08-31T06:38:44+00:00","og_image":[{"width":800,"height":525,"url":"https:\/\/errr-magazine.com\/wp-content\/uploads\/2019\/02\/22204026051_46605563fd_o.jpg","type":"image\/jpeg"}],"author":"Sha Lugo","twitter_card":"summary_large_image","twitter_misc":{"Written by":"Sha Lugo","Est. reading time":"1 minute"},"schema":{"@context":"https:\/\/schema.org","@graph":[{"@type":"Article","@id":"https:\/\/errr-magazine.com\/cafe-y-leche-por-la-manana\/#article","isPartOf":{"@id":"https:\/\/errr-magazine.com\/cafe-y-leche-por-la-manana\/"},"author":{"name":"Sha Lugo","@id":"https:\/\/errr-magazine.com\/#\/schema\/person\/102c3924b6d1125bf3a3bda89a13cb51"},"headline":"Caf\u00e9 y leche por la ma\u00f1ana","datePublished":"2019-03-04T22:05:30+00:00","dateModified":"2022-08-31T06:38:44+00:00","mainEntityOfPage":{"@id":"https:\/\/errr-magazine.com\/cafe-y-leche-por-la-manana\/"},"wordCount":182,"image":{"@id":"https:\/\/errr-magazine.com\/cafe-y-leche-por-la-manana\/#primaryimage"},"thumbnailUrl":"https:\/\/errr-magazine.com\/wp-content\/uploads\/2019\/02\/22204026051_46605563fd_o.jpg","articleSection":["Textos"],"inLanguage":"en-US"},{"@type":"WebPage","@id":"https:\/\/errr-magazine.com\/cafe-y-leche-por-la-manana\/","url":"https:\/\/errr-magazine.com\/cafe-y-leche-por-la-manana\/","name":"Coffee and milk in the morning - ERRR MAGAZINE","isPartOf":{"@id":"https:\/\/errr-magazine.com\/#website"},"primaryImageOfPage":{"@id":"https:\/\/errr-magazine.com\/cafe-y-leche-por-la-manana\/#primaryimage"},"image":{"@id":"https:\/\/errr-magazine.com\/cafe-y-leche-por-la-manana\/#primaryimage"},"thumbnailUrl":"https:\/\/errr-magazine.com\/wp-content\/uploads\/2019\/02\/22204026051_46605563fd_o.jpg","datePublished":"2019-03-04T22:05:30+00:00","dateModified":"2022-08-31T06:38:44+00:00","author":{"@id":"https:\/\/errr-magazine.com\/#\/schema\/person\/102c3924b6d1125bf3a3bda89a13cb51"},"breadcrumb":{"@id":"https:\/\/errr-magazine.com\/cafe-y-leche-por-la-manana\/#breadcrumb"},"inLanguage":"en-US","potentialAction":[{"@type":"ReadAction","target":["https:\/\/errr-magazine.com\/cafe-y-leche-por-la-manana\/"]}]},{"@type":"ImageObject","inLanguage":"en-US","@id":"https:\/\/errr-magazine.com\/cafe-y-leche-por-la-manana\/#primaryimage","url":"https:\/\/errr-magazine.com\/wp-content\/uploads\/2019\/02\/22204026051_46605563fd_o.jpg","contentUrl":"https:\/\/errr-magazine.com\/wp-content\/uploads\/2019\/02\/22204026051_46605563fd_o.jpg","width":800,"height":525},{"@type":"BreadcrumbList","@id":"https:\/\/errr-magazine.com\/cafe-y-leche-por-la-manana\/#breadcrumb","itemListElement":[{"@type":"ListItem","position":1,"name":"Portada","item":"https:\/\/errr-magazine.com\/"},{"@type":"ListItem","position":2,"name":"Caf\u00e9 y leche por la ma\u00f1ana"}]},{"@type":"WebSite","@id":"https:\/\/errr-magazine.com\/#website","url":"https:\/\/errr-magazine.com\/","name":"ERRR MAGAZINE","description":"","potentialAction":[{"@type":"SearchAction","target":{"@type":"EntryPoint","urlTemplate":"https:\/\/errr-magazine.com\/?s={search_term_string}"},"query-input":{"@type":"PropertyValueSpecification","valueRequired":true,"valueName":"search_term_string"}}],"inLanguage":"en-US"},{"@type":"Person","@id":"https:\/\/errr-magazine.com\/#\/schema\/person\/102c3924b6d1125bf3a3bda89a13cb51","name":"Sha Lugo","image":{"@type":"ImageObject","inLanguage":"en-US","@id":"https:\/\/secure.gravatar.com\/avatar\/7b836ec3e7403b003d156fce7a17352bb251f6a11fa174d781db590a1564e10f?s=96&d=identicon&r=g","url":"https:\/\/secure.gravatar.com\/avatar\/7b836ec3e7403b003d156fce7a17352bb251f6a11fa174d781db590a1564e10f?s=96&d=identicon&r=g","contentUrl":"https:\/\/secure.gravatar.com\/avatar\/7b836ec3e7403b003d156fce7a17352bb251f6a11fa174d781db590a1564e10f?s=96&d=identicon&r=g","caption":"Sha Lugo"},"description":"I am the result of a combined personality and inexplicable thought. I am a point of view, a way of speaking, a passion reflected in image and text. I have a multiple but controlled personality. Publicist and photographer; lover of art, letters and visual culture. Believer of national talent and pulley of those who seek to excel from their passions. With a \"broken heart\" from birth and inspired by the nostalgia of life in general.","sameAs":["http:\/\/www.facebook.com\/Sha.Lugo.Mx\/"],"url":"https:\/\/errr-magazine.com\/english\/author\/sharon-lugo\/"}]}},"jetpack_featured_media_url":"https:\/\/errr-magazine.com\/wp-content\/uploads\/2019\/02\/22204026051_46605563fd_o.jpg","jetpack-related-posts":[{"id":203764,"url":"https:\/\/errr-magazine.com\/english\/padre-cafe\/","url_meta":{"origin":141328,"position":0},"title":"Padre Caf\u00e9","author":"Padre Caf\u00e9","date":"04\/08\/2026","format":false,"excerpt":"What sets us apart is our role as a bridge: we don't just serve coffee, we connect the richness of Mexico's coffee-growing regions directly with the end customer. We are a space where traceability has a human face, and every cup is a pact of respect with the coffee-producing families.","rel":"","context":"In &quot;Cafeterias y panader\u00edas&quot;","block_context":{"text":"Cafeterias y panader\u00edas","link":"https:\/\/errr-magazine.com\/english\/category\/places\/cafeterias-y-panaderias\/"},"img":{"alt_text":"","src":"https:\/\/i0.wp.com\/errr-magazine.com\/wp-content\/uploads\/2026\/04\/padrecafe7-scaled.jpg?resize=350%2C200&ssl=1","width":350,"height":200,"srcset":"https:\/\/i0.wp.com\/errr-magazine.com\/wp-content\/uploads\/2026\/04\/padrecafe7-scaled.jpg?resize=350%2C200&ssl=1 1x, https:\/\/i0.wp.com\/errr-magazine.com\/wp-content\/uploads\/2026\/04\/padrecafe7-scaled.jpg?resize=525%2C300&ssl=1 1.5x, https:\/\/i0.wp.com\/errr-magazine.com\/wp-content\/uploads\/2026\/04\/padrecafe7-scaled.jpg?resize=700%2C400&ssl=1 2x, https:\/\/i0.wp.com\/errr-magazine.com\/wp-content\/uploads\/2026\/04\/padrecafe7-scaled.jpg?resize=1050%2C600&ssl=1 3x, https:\/\/i0.wp.com\/errr-magazine.com\/wp-content\/uploads\/2026\/04\/padrecafe7-scaled.jpg?resize=1400%2C800&ssl=1 4x"},"classes":[]},{"id":201508,"url":"https:\/\/errr-magazine.com\/english\/la-primera-taza-de-cafe\/","url_meta":{"origin":141328,"position":1},"title":"The First Cup of Coffee","author":"Anna Holodna","date":"03\/06\/2026","format":false,"excerpt":"It\u2019s hard to feel like you belong when you\u2019re constantly changing cities, apartments, jobs, and circles of people.","rel":"","context":"In &quot;Personas&quot;","block_context":{"text":"Personas","link":"https:\/\/errr-magazine.com\/english\/category\/interviews\/personas\/"},"img":{"alt_text":"","src":"https:\/\/i0.wp.com\/errr-magazine.com\/wp-content\/uploads\/2026\/03\/104801240038-scaled.jpg?resize=350%2C200&ssl=1","width":350,"height":200,"srcset":"https:\/\/i0.wp.com\/errr-magazine.com\/wp-content\/uploads\/2026\/03\/104801240038-scaled.jpg?resize=350%2C200&ssl=1 1x, https:\/\/i0.wp.com\/errr-magazine.com\/wp-content\/uploads\/2026\/03\/104801240038-scaled.jpg?resize=525%2C300&ssl=1 1.5x, https:\/\/i0.wp.com\/errr-magazine.com\/wp-content\/uploads\/2026\/03\/104801240038-scaled.jpg?resize=700%2C400&ssl=1 2x, https:\/\/i0.wp.com\/errr-magazine.com\/wp-content\/uploads\/2026\/03\/104801240038-scaled.jpg?resize=1050%2C600&ssl=1 3x, https:\/\/i0.wp.com\/errr-magazine.com\/wp-content\/uploads\/2026\/03\/104801240038-scaled.jpg?resize=1400%2C800&ssl=1 4x"},"classes":[]},{"id":193731,"url":"https:\/\/errr-magazine.com\/english\/mandrake-cafe\/","url_meta":{"origin":141328,"position":2},"title":"Mandrake Caf\u00e9","author":"Mandrake Caf\u00e9","date":"09\/30\/2025","format":false,"excerpt":"Interestingly, in Mexico, doctors adopted the name as a verb: \"mandreakear,\" which means to disappear for a moment to take a break. For us, Mandrake represents that small, everyday magic: creating moments of pause and surprise that make every cup of coffee special.","rel":"","context":"In &quot;Cafeterias y panader\u00edas&quot;","block_context":{"text":"Cafeterias y panader\u00edas","link":"https:\/\/errr-magazine.com\/english\/category\/places\/cafeterias-y-panaderias\/"},"img":{"alt_text":"","src":"https:\/\/i0.wp.com\/errr-magazine.com\/wp-content\/uploads\/2025\/09\/DSC_1434-scaled.jpeg?resize=350%2C200&ssl=1","width":350,"height":200,"srcset":"https:\/\/i0.wp.com\/errr-magazine.com\/wp-content\/uploads\/2025\/09\/DSC_1434-scaled.jpeg?resize=350%2C200&ssl=1 1x, https:\/\/i0.wp.com\/errr-magazine.com\/wp-content\/uploads\/2025\/09\/DSC_1434-scaled.jpeg?resize=525%2C300&ssl=1 1.5x, https:\/\/i0.wp.com\/errr-magazine.com\/wp-content\/uploads\/2025\/09\/DSC_1434-scaled.jpeg?resize=700%2C400&ssl=1 2x, https:\/\/i0.wp.com\/errr-magazine.com\/wp-content\/uploads\/2025\/09\/DSC_1434-scaled.jpeg?resize=1050%2C600&ssl=1 3x, https:\/\/i0.wp.com\/errr-magazine.com\/wp-content\/uploads\/2025\/09\/DSC_1434-scaled.jpeg?resize=1400%2C800&ssl=1 4x"},"classes":[]},{"id":198711,"url":"https:\/\/errr-magazine.com\/english\/culto-coffee-co\/","url_meta":{"origin":141328,"position":3},"title":"Culto Coffee Co.","author":"Culto Coffe Co.","date":"01\/30\/2026","format":false,"excerpt":"Our proposal is different. Here, coffee takes center stage, without syrups or added flavors. It has been a challenge, but also a conviction. We have not wanted to change that, even if the path is slower.","rel":"","context":"In &quot;Cafeterias y panader\u00edas&quot;","block_context":{"text":"Cafeterias y panader\u00edas","link":"https:\/\/errr-magazine.com\/english\/category\/places\/cafeterias-y-panaderias\/"},"img":{"alt_text":"","src":"https:\/\/i0.wp.com\/errr-magazine.com\/wp-content\/uploads\/2026\/01\/img01-scaled.jpg?resize=350%2C200&ssl=1","width":350,"height":200,"srcset":"https:\/\/i0.wp.com\/errr-magazine.com\/wp-content\/uploads\/2026\/01\/img01-scaled.jpg?resize=350%2C200&ssl=1 1x, https:\/\/i0.wp.com\/errr-magazine.com\/wp-content\/uploads\/2026\/01\/img01-scaled.jpg?resize=525%2C300&ssl=1 1.5x, https:\/\/i0.wp.com\/errr-magazine.com\/wp-content\/uploads\/2026\/01\/img01-scaled.jpg?resize=700%2C400&ssl=1 2x, https:\/\/i0.wp.com\/errr-magazine.com\/wp-content\/uploads\/2026\/01\/img01-scaled.jpg?resize=1050%2C600&ssl=1 3x, https:\/\/i0.wp.com\/errr-magazine.com\/wp-content\/uploads\/2026\/01\/img01-scaled.jpg?resize=1400%2C800&ssl=1 4x"},"classes":[]},{"id":140199,"url":"https:\/\/errr-magazine.com\/english\/transformacion\/","url_meta":{"origin":141328,"position":4},"title":"TRANSFORMACI\u00d3N","author":"David Rubio Esquivel","date":"01\/07\/2019","format":false,"excerpt":"Esta ma\u00f1ana, mientras beb\u00eda mi primera taza de caf\u00e9, tuve la impresi\u00f3n de no ser yo. No s\u00e9 si me explico: despert\u00e9, me lav\u00e9 los dientes, orin\u00e9 y me ba\u00f1\u00e9 siendo una persona, pero tan pronto beb\u00ed el primer sorbo de caf\u00e9 me convert\u00ed en otra. En la antig\u00fcedad se\u2026","rel":"","context":"In &quot;Textos&quot;","block_context":{"text":"Textos","link":"https:\/\/errr-magazine.com\/english\/category\/textos\/"},"img":{"alt_text":"","src":"","width":0,"height":0},"classes":[]},{"id":144025,"url":"https:\/\/errr-magazine.com\/english\/blender\/","url_meta":{"origin":141328,"position":5},"title":"Blender","author":"Charly, la que conoces.","date":"05\/24\/2019","format":false,"excerpt":"Solo hay una diferencia entre la plata y el oro y eso solo se distingue al mirarlos brillar. Acerc\u00e1ndote de frente fue como haber visto tu cara un mill\u00f3n de veces antes, y llegaste, como un viento recio en una tarde lluviosa al pie del mar; y lo peor es\u2026","rel":"","context":"In &quot;Textos&quot;","block_context":{"text":"Textos","link":"https:\/\/errr-magazine.com\/english\/category\/textos\/"},"img":{"alt_text":"","src":"https:\/\/i0.wp.com\/errr-magazine.com\/wp-content\/uploads\/2019\/05\/6.png?resize=350%2C200&ssl=1","width":350,"height":200,"srcset":"https:\/\/i0.wp.com\/errr-magazine.com\/wp-content\/uploads\/2019\/05\/6.png?resize=350%2C200&ssl=1 1x, https:\/\/i0.wp.com\/errr-magazine.com\/wp-content\/uploads\/2019\/05\/6.png?resize=525%2C300&ssl=1 1.5x, https:\/\/i0.wp.com\/errr-magazine.com\/wp-content\/uploads\/2019\/05\/6.png?resize=700%2C400&ssl=1 2x"},"classes":[]}],"jetpack_sharing_enabled":true,"mfb_rest_fields":["title","yoast_head","yoast_head_json","jetpack_featured_media_url","jetpack-related-posts","jetpack_sharing_enabled"],"_links":{"self":[{"href":"https:\/\/errr-magazine.com\/english\/wp-json\/wp\/v2\/posts\/141328","targetHints":{"allow":["GET"]}}],"collection":[{"href":"https:\/\/errr-magazine.com\/english\/wp-json\/wp\/v2\/posts"}],"about":[{"href":"https:\/\/errr-magazine.com\/english\/wp-json\/wp\/v2\/types\/post"}],"author":[{"embeddable":true,"href":"https:\/\/errr-magazine.com\/english\/wp-json\/wp\/v2\/users\/2479"}],"replies":[{"embeddable":true,"href":"https:\/\/errr-magazine.com\/english\/wp-json\/wp\/v2\/comments?post=141328"}],"version-history":[{"count":3,"href":"https:\/\/errr-magazine.com\/english\/wp-json\/wp\/v2\/posts\/141328\/revisions"}],"predecessor-version":[{"id":141552,"href":"https:\/\/errr-magazine.com\/english\/wp-json\/wp\/v2\/posts\/141328\/revisions\/141552"}],"wp:featuredmedia":[{"embeddable":true,"href":"https:\/\/errr-magazine.com\/english\/wp-json\/wp\/v2\/media\/141525"}],"wp:attachment":[{"href":"https:\/\/errr-magazine.com\/english\/wp-json\/wp\/v2\/media?parent=141328"}],"wp:term":[{"taxonomy":"category","embeddable":true,"href":"https:\/\/errr-magazine.com\/english\/wp-json\/wp\/v2\/categories?post=141328"},{"taxonomy":"post_tag","embeddable":true,"href":"https:\/\/errr-magazine.com\/english\/wp-json\/wp\/v2\/tags?post=141328"}],"curies":[{"name":"wp","href":"https:\/\/api.w.org\/{rel}","templated":true}]}}