{"id":141311,"date":"2019-03-05T09:03:55","date_gmt":"2019-03-04T22:03:55","guid":{"rendered":"http:\/\/errr-magazine.com\/?p=141311"},"modified":"2022-08-31T01:38:48","modified_gmt":"2022-08-31T06:38:48","slug":"extracto-de-un-cuaderno-o-flujo-natural-del-pensamiento","status":"publish","type":"post","link":"https:\/\/errr-magazine.com\/english\/extracto-de-un-cuaderno-o-flujo-natural-del-pensamiento\/","title":{"rendered":"(extracto de un cuaderno o flujo natural del pensamiento)"},"content":{"rendered":"<p>Pues tenemos vida, dentro de lo que cabe. Digo que tenemos, como si fu\u00e9ramos qui\u00e9nes,<br \/>\n\u00bfqui\u00e9nes?<\/p>\n<p>La alquimia es un acto solitario que demanda no s\u00e9 qu\u00e9 cosas sobre entes que quiz\u00e1 no son sino nosotros mismos.<\/p>\n<p>Es mejor que se detengan todos mientras suenan las voces del tiempo desaparecido,<br \/>\nde las que tanto se habla, de las que tanto nos equivocamos.<\/p>\n<p>Qu\u00e9 fr\u00edo este fr\u00edo, pero claro. Qu\u00e9 viento el viento o qu\u00e9 noche la noche;<br \/>\neste el testimonio de una muerte que nos aguarda a todos.<br \/>\nMuerte de la que ni la m\u00e1s sincera poes\u00eda se salvar\u00e1.<br \/>\nPerpetuo desvanecimiento<br \/>\nde las sonrisas, de la suposici\u00f3n-luz, derroche de alegr\u00eda que es falsedad que es\u2026 qu\u00e9 s\u00e9 yo.<br \/>\nYo estoy en paz mientras haya m\u00fasica, mientras haya recipientes donde vomitar<br \/>\ndonde una y varias eternidades nacen y mueren con el baile sagrado.<br \/>\nEl s\u00e1nscrito de los sabios, yo no lo entiendo.<br \/>\nEl andar de los magos incomprendidos es mi andar, aunque yo no s\u00e9 nada de magia.<br \/>\nTampoco s\u00e9 de p\u00e1jaros ni de fuegos, aunque tampoco creo en nada.<\/p>\n<p>Son muchos los minutos que llevamos perdidos. Pero \u00bfqu\u00e9 los diferencia de los a\u00f1os?<br \/>\n\u00bfQu\u00e9 me hace diferente a m\u00ed de los \u00e1rboles y criaturas que aqu\u00ed me acompa\u00f1an?<br \/>\n\u00bfConciencia?<br \/>\nNo: s\u00e9 que ellos tienen la propia.<br \/>\nEs posible,<br \/>\nfuera de la simbolog\u00eda del entendimiento que es todos los entendimientos.<br \/>\nAfuera y adentro, como un coito intergal\u00e1ctico en el que no interfiere nada m\u00e1s que una armon\u00eda invisible.<br \/>\nLas interrupciones se mantienen como hordas violentas.<\/p>\n<p>Interrumpimos el programa para llorar a ciegas: lloramos a ciegas y cantamos con la lengua cortada.<br \/>\nEllos,<br \/>\nfantasmas m\u00edos,<br \/>\ny este que creo que soy.<br \/>\nFantasmas m\u00edos,<br \/>\ncanten para siempre.<\/p>\n<p>Photography by <a href=\"https:\/\/www.flickr.com\/photos\/legionphoto\/\">Li Guanqun<\/a><\/p>","protected":false},"excerpt":{"rendered":"<p>Pues tenemos vida, dentro de lo que cabe. Digo que tenemos, como si fu\u00e9ramos qui\u00e9nes, \u00bfqui\u00e9nes? La alquimia es un acto solitario que demanda no s\u00e9 qu\u00e9 cosas sobre entes que quiz\u00e1 no son sino nosotros mismos. Es mejor que se detengan todos mientras suenan las voces del tiempo desaparecido, de las que tanto se [&hellip;]<\/p>\n","protected":false},"author":5411,"featured_media":141507,"comment_status":"closed","ping_status":"closed","sticky":false,"template":"","format":"standard","meta":{"_acf_changed":false,"cybocfi_hide_featured_image":"","_jetpack_memberships_contains_paid_content":false,"footnotes":""},"categories":[7997],"tags":[],"class_list":["post-141311","post","type-post","status-publish","format-standard","has-post-thumbnail","hentry","category-textos"],"acf":[],"mb":[],"yoast_head":"<!-- This site is optimized with the Yoast SEO plugin v27.2 - https:\/\/yoast.com\/product\/yoast-seo-wordpress\/ -->\n<title>(extracto de un cuaderno o flujo natural del pensamiento) - ERRR MAGAZINE<\/title>\n<meta name=\"robots\" content=\"index, follow, max-snippet:-1, max-image-preview:large, max-video-preview:-1\" \/>\n<link rel=\"canonical\" href=\"https:\/\/errr-magazine.com\/english\/extracto-de-un-cuaderno-o-flujo-natural-del-pensamiento\/\" \/>\n<meta property=\"og:locale\" content=\"en_US\" \/>\n<meta property=\"og:type\" content=\"article\" \/>\n<meta property=\"og:title\" content=\"(extracto de un cuaderno o flujo natural del pensamiento) - ERRR MAGAZINE\" \/>\n<meta property=\"og:description\" content=\"Pues tenemos vida, dentro de lo que cabe. Digo que tenemos, como si fu\u00e9ramos qui\u00e9nes, \u00bfqui\u00e9nes? La alquimia es un acto solitario que demanda no s\u00e9 qu\u00e9 cosas sobre entes que quiz\u00e1 no son sino nosotros mismos. Es mejor que se detengan todos mientras suenan las voces del tiempo desaparecido, de las que tanto se [&hellip;]\" \/>\n<meta property=\"og:url\" content=\"https:\/\/errr-magazine.com\/english\/extracto-de-un-cuaderno-o-flujo-natural-del-pensamiento\/\" \/>\n<meta property=\"og:site_name\" content=\"ERRR MAGAZINE\" \/>\n<meta property=\"article:published_time\" content=\"2019-03-04T22:03:55+00:00\" \/>\n<meta property=\"article:modified_time\" content=\"2022-08-31T06:38:48+00:00\" \/>\n<meta property=\"og:image\" content=\"https:\/\/errr-magazine.com\/wp-content\/uploads\/2019\/02\/19796257904_32b761f2b4_o.jpg\" \/>\n\t<meta property=\"og:image:width\" content=\"800\" \/>\n\t<meta property=\"og:image:height\" content=\"540\" \/>\n\t<meta property=\"og:image:type\" content=\"image\/jpeg\" \/>\n<meta name=\"author\" content=\"Mart\u00edn Avechuco\" \/>\n<meta name=\"twitter:card\" content=\"summary_large_image\" \/>\n<meta name=\"twitter:creator\" content=\"@_martinavechuco\" \/>\n<meta name=\"twitter:label1\" content=\"Written by\" \/>\n\t<meta name=\"twitter:data1\" content=\"Mart\u00edn Avechuco\" \/>\n\t<meta name=\"twitter:label2\" content=\"Est. reading time\" \/>\n\t<meta name=\"twitter:data2\" content=\"2 minutes\" \/>\n<script type=\"application\/ld+json\" class=\"yoast-schema-graph\">{\"@context\":\"https:\/\/schema.org\",\"@graph\":[{\"@type\":\"Article\",\"@id\":\"https:\/\/errr-magazine.com\/extracto-de-un-cuaderno-o-flujo-natural-del-pensamiento\/#article\",\"isPartOf\":{\"@id\":\"https:\/\/errr-magazine.com\/extracto-de-un-cuaderno-o-flujo-natural-del-pensamiento\/\"},\"author\":{\"name\":\"Mart\u00edn Avechuco\",\"@id\":\"https:\/\/errr-magazine.com\/#\/schema\/person\/13c7184ce6284726f31c1c89d0aa5380\"},\"headline\":\"(extracto de un cuaderno o flujo natural del pensamiento)\",\"datePublished\":\"2019-03-04T22:03:55+00:00\",\"dateModified\":\"2022-08-31T06:38:48+00:00\",\"mainEntityOfPage\":{\"@id\":\"https:\/\/errr-magazine.com\/extracto-de-un-cuaderno-o-flujo-natural-del-pensamiento\/\"},\"wordCount\":318,\"image\":{\"@id\":\"https:\/\/errr-magazine.com\/extracto-de-un-cuaderno-o-flujo-natural-del-pensamiento\/#primaryimage\"},\"thumbnailUrl\":\"https:\/\/errr-magazine.com\/wp-content\/uploads\/2019\/02\/19796257904_32b761f2b4_o.jpg\",\"articleSection\":[\"Textos\"],\"inLanguage\":\"en-US\"},{\"@type\":\"WebPage\",\"@id\":\"https:\/\/errr-magazine.com\/extracto-de-un-cuaderno-o-flujo-natural-del-pensamiento\/\",\"url\":\"https:\/\/errr-magazine.com\/extracto-de-un-cuaderno-o-flujo-natural-del-pensamiento\/\",\"name\":\"(extracto de un cuaderno o flujo natural del pensamiento) - ERRR MAGAZINE\",\"isPartOf\":{\"@id\":\"https:\/\/errr-magazine.com\/#website\"},\"primaryImageOfPage\":{\"@id\":\"https:\/\/errr-magazine.com\/extracto-de-un-cuaderno-o-flujo-natural-del-pensamiento\/#primaryimage\"},\"image\":{\"@id\":\"https:\/\/errr-magazine.com\/extracto-de-un-cuaderno-o-flujo-natural-del-pensamiento\/#primaryimage\"},\"thumbnailUrl\":\"https:\/\/errr-magazine.com\/wp-content\/uploads\/2019\/02\/19796257904_32b761f2b4_o.jpg\",\"datePublished\":\"2019-03-04T22:03:55+00:00\",\"dateModified\":\"2022-08-31T06:38:48+00:00\",\"author\":{\"@id\":\"https:\/\/errr-magazine.com\/#\/schema\/person\/13c7184ce6284726f31c1c89d0aa5380\"},\"breadcrumb\":{\"@id\":\"https:\/\/errr-magazine.com\/extracto-de-un-cuaderno-o-flujo-natural-del-pensamiento\/#breadcrumb\"},\"inLanguage\":\"en-US\",\"potentialAction\":[{\"@type\":\"ReadAction\",\"target\":[\"https:\/\/errr-magazine.com\/extracto-de-un-cuaderno-o-flujo-natural-del-pensamiento\/\"]}]},{\"@type\":\"ImageObject\",\"inLanguage\":\"en-US\",\"@id\":\"https:\/\/errr-magazine.com\/extracto-de-un-cuaderno-o-flujo-natural-del-pensamiento\/#primaryimage\",\"url\":\"https:\/\/errr-magazine.com\/wp-content\/uploads\/2019\/02\/19796257904_32b761f2b4_o.jpg\",\"contentUrl\":\"https:\/\/errr-magazine.com\/wp-content\/uploads\/2019\/02\/19796257904_32b761f2b4_o.jpg\",\"width\":800,\"height\":540},{\"@type\":\"BreadcrumbList\",\"@id\":\"https:\/\/errr-magazine.com\/extracto-de-un-cuaderno-o-flujo-natural-del-pensamiento\/#breadcrumb\",\"itemListElement\":[{\"@type\":\"ListItem\",\"position\":1,\"name\":\"Portada\",\"item\":\"https:\/\/errr-magazine.com\/\"},{\"@type\":\"ListItem\",\"position\":2,\"name\":\"(extracto de un cuaderno o flujo natural del pensamiento)\"}]},{\"@type\":\"WebSite\",\"@id\":\"https:\/\/errr-magazine.com\/#website\",\"url\":\"https:\/\/errr-magazine.com\/\",\"name\":\"ERRR MAGAZINE\",\"description\":\"\",\"potentialAction\":[{\"@type\":\"SearchAction\",\"target\":{\"@type\":\"EntryPoint\",\"urlTemplate\":\"https:\/\/errr-magazine.com\/?s={search_term_string}\"},\"query-input\":{\"@type\":\"PropertyValueSpecification\",\"valueRequired\":true,\"valueName\":\"search_term_string\"}}],\"inLanguage\":\"en-US\"},{\"@type\":\"Person\",\"@id\":\"https:\/\/errr-magazine.com\/#\/schema\/person\/13c7184ce6284726f31c1c89d0aa5380\",\"name\":\"Mart\u00edn Avechuco\",\"image\":{\"@type\":\"ImageObject\",\"inLanguage\":\"en-US\",\"@id\":\"https:\/\/secure.gravatar.com\/avatar\/4362a2fa296b823b12f3f49b9808fee3d8a1c70e278cd5e710b71668094beaa7?s=96&d=identicon&r=g\",\"url\":\"https:\/\/secure.gravatar.com\/avatar\/4362a2fa296b823b12f3f49b9808fee3d8a1c70e278cd5e710b71668094beaa7?s=96&d=identicon&r=g\",\"contentUrl\":\"https:\/\/secure.gravatar.com\/avatar\/4362a2fa296b823b12f3f49b9808fee3d8a1c70e278cd5e710b71668094beaa7?s=96&d=identicon&r=g\",\"caption\":\"Mart\u00edn Avechuco\"},\"description\":\"blablabla\",\"sameAs\":[\"https:\/\/twitter.com\/_martinavechuco\",\"https:\/\/www.instagram.com\/martinavechuco\/\",\"https:\/\/x.com\/_martinavechuco\"],\"url\":\"https:\/\/errr-magazine.com\/english\/author\/_martinavechuco\/\"}]}<\/script>\n<!-- \/ Yoast SEO plugin. -->","yoast_head_json":{"title":"(extracto de un cuaderno o flujo natural del pensamiento) - ERRR MAGAZINE","robots":{"index":"index","follow":"follow","max-snippet":"max-snippet:-1","max-image-preview":"max-image-preview:large","max-video-preview":"max-video-preview:-1"},"canonical":"https:\/\/errr-magazine.com\/english\/extracto-de-un-cuaderno-o-flujo-natural-del-pensamiento\/","og_locale":"en_US","og_type":"article","og_title":"(extracto de un cuaderno o flujo natural del pensamiento) - ERRR MAGAZINE","og_description":"Pues tenemos vida, dentro de lo que cabe. Digo que tenemos, como si fu\u00e9ramos qui\u00e9nes, \u00bfqui\u00e9nes? La alquimia es un acto solitario que demanda no s\u00e9 qu\u00e9 cosas sobre entes que quiz\u00e1 no son sino nosotros mismos. Es mejor que se detengan todos mientras suenan las voces del tiempo desaparecido, de las que tanto se [&hellip;]","og_url":"https:\/\/errr-magazine.com\/english\/extracto-de-un-cuaderno-o-flujo-natural-del-pensamiento\/","og_site_name":"ERRR MAGAZINE","article_published_time":"2019-03-04T22:03:55+00:00","article_modified_time":"2022-08-31T06:38:48+00:00","og_image":[{"width":800,"height":540,"url":"https:\/\/errr-magazine.com\/wp-content\/uploads\/2019\/02\/19796257904_32b761f2b4_o.jpg","type":"image\/jpeg"}],"author":"Mart\u00edn Avechuco","twitter_card":"summary_large_image","twitter_creator":"@_martinavechuco","twitter_misc":{"Written by":"Mart\u00edn Avechuco","Est. reading time":"2 minutes"},"schema":{"@context":"https:\/\/schema.org","@graph":[{"@type":"Article","@id":"https:\/\/errr-magazine.com\/extracto-de-un-cuaderno-o-flujo-natural-del-pensamiento\/#article","isPartOf":{"@id":"https:\/\/errr-magazine.com\/extracto-de-un-cuaderno-o-flujo-natural-del-pensamiento\/"},"author":{"name":"Mart\u00edn Avechuco","@id":"https:\/\/errr-magazine.com\/#\/schema\/person\/13c7184ce6284726f31c1c89d0aa5380"},"headline":"(extracto de un cuaderno o flujo natural del pensamiento)","datePublished":"2019-03-04T22:03:55+00:00","dateModified":"2022-08-31T06:38:48+00:00","mainEntityOfPage":{"@id":"https:\/\/errr-magazine.com\/extracto-de-un-cuaderno-o-flujo-natural-del-pensamiento\/"},"wordCount":318,"image":{"@id":"https:\/\/errr-magazine.com\/extracto-de-un-cuaderno-o-flujo-natural-del-pensamiento\/#primaryimage"},"thumbnailUrl":"https:\/\/errr-magazine.com\/wp-content\/uploads\/2019\/02\/19796257904_32b761f2b4_o.jpg","articleSection":["Textos"],"inLanguage":"en-US"},{"@type":"WebPage","@id":"https:\/\/errr-magazine.com\/extracto-de-un-cuaderno-o-flujo-natural-del-pensamiento\/","url":"https:\/\/errr-magazine.com\/extracto-de-un-cuaderno-o-flujo-natural-del-pensamiento\/","name":"(extracto de un cuaderno o flujo natural del pensamiento) - ERRR MAGAZINE","isPartOf":{"@id":"https:\/\/errr-magazine.com\/#website"},"primaryImageOfPage":{"@id":"https:\/\/errr-magazine.com\/extracto-de-un-cuaderno-o-flujo-natural-del-pensamiento\/#primaryimage"},"image":{"@id":"https:\/\/errr-magazine.com\/extracto-de-un-cuaderno-o-flujo-natural-del-pensamiento\/#primaryimage"},"thumbnailUrl":"https:\/\/errr-magazine.com\/wp-content\/uploads\/2019\/02\/19796257904_32b761f2b4_o.jpg","datePublished":"2019-03-04T22:03:55+00:00","dateModified":"2022-08-31T06:38:48+00:00","author":{"@id":"https:\/\/errr-magazine.com\/#\/schema\/person\/13c7184ce6284726f31c1c89d0aa5380"},"breadcrumb":{"@id":"https:\/\/errr-magazine.com\/extracto-de-un-cuaderno-o-flujo-natural-del-pensamiento\/#breadcrumb"},"inLanguage":"en-US","potentialAction":[{"@type":"ReadAction","target":["https:\/\/errr-magazine.com\/extracto-de-un-cuaderno-o-flujo-natural-del-pensamiento\/"]}]},{"@type":"ImageObject","inLanguage":"en-US","@id":"https:\/\/errr-magazine.com\/extracto-de-un-cuaderno-o-flujo-natural-del-pensamiento\/#primaryimage","url":"https:\/\/errr-magazine.com\/wp-content\/uploads\/2019\/02\/19796257904_32b761f2b4_o.jpg","contentUrl":"https:\/\/errr-magazine.com\/wp-content\/uploads\/2019\/02\/19796257904_32b761f2b4_o.jpg","width":800,"height":540},{"@type":"BreadcrumbList","@id":"https:\/\/errr-magazine.com\/extracto-de-un-cuaderno-o-flujo-natural-del-pensamiento\/#breadcrumb","itemListElement":[{"@type":"ListItem","position":1,"name":"Portada","item":"https:\/\/errr-magazine.com\/"},{"@type":"ListItem","position":2,"name":"(extracto de un cuaderno o flujo natural del pensamiento)"}]},{"@type":"WebSite","@id":"https:\/\/errr-magazine.com\/#website","url":"https:\/\/errr-magazine.com\/","name":"ERRR MAGAZINE","description":"","potentialAction":[{"@type":"SearchAction","target":{"@type":"EntryPoint","urlTemplate":"https:\/\/errr-magazine.com\/?s={search_term_string}"},"query-input":{"@type":"PropertyValueSpecification","valueRequired":true,"valueName":"search_term_string"}}],"inLanguage":"en-US"},{"@type":"Person","@id":"https:\/\/errr-magazine.com\/#\/schema\/person\/13c7184ce6284726f31c1c89d0aa5380","name":"Martin Avechuco","image":{"@type":"ImageObject","inLanguage":"en-US","@id":"https:\/\/secure.gravatar.com\/avatar\/4362a2fa296b823b12f3f49b9808fee3d8a1c70e278cd5e710b71668094beaa7?s=96&d=identicon&r=g","url":"https:\/\/secure.gravatar.com\/avatar\/4362a2fa296b823b12f3f49b9808fee3d8a1c70e278cd5e710b71668094beaa7?s=96&d=identicon&r=g","contentUrl":"https:\/\/secure.gravatar.com\/avatar\/4362a2fa296b823b12f3f49b9808fee3d8a1c70e278cd5e710b71668094beaa7?s=96&d=identicon&r=g","caption":"Mart\u00edn Avechuco"},"description":"blablabla","sameAs":["https:\/\/twitter.com\/_martinavechuco","https:\/\/www.instagram.com\/martinavechuco\/","https:\/\/x.com\/_martinavechuco"],"url":"https:\/\/errr-magazine.com\/english\/author\/_martinavechuco\/"}]}},"jetpack_featured_media_url":"https:\/\/errr-magazine.com\/wp-content\/uploads\/2019\/02\/19796257904_32b761f2b4_o.jpg","jetpack-related-posts":[{"id":136533,"url":"https:\/\/errr-magazine.com\/english\/lo-que-encontre-llegando-al-mar\/","url_meta":{"origin":141311,"position":0},"title":"Lo que encontr\u00e9 llegando al mar","author":"Eduardo Pantoja","date":"07\/15\/2018","format":false,"excerpt":"Estaba, para mi asombro, en medio de una tormenta, yo no sab\u00eda mirando desde la costa si ella sobrevivir\u00eda o no a tremenda tempestad, solo s\u00e9 que la vida me trajo al mar para verla naufragar. El primer grito lo di yo, pero supuse que estaba bien, porque no me\u2026","rel":"","context":"In &quot;Textos&quot;","block_context":{"text":"Textos","link":"https:\/\/errr-magazine.com\/english\/category\/textos\/"},"img":{"alt_text":"","src":"https:\/\/i0.wp.com\/errr-magazine.com\/wp-content\/uploads\/2018\/07\/Captura-de-pantalla-2018-07-15-a-las-16.27.59.png?resize=350%2C200&ssl=1","width":350,"height":200,"srcset":"https:\/\/i0.wp.com\/errr-magazine.com\/wp-content\/uploads\/2018\/07\/Captura-de-pantalla-2018-07-15-a-las-16.27.59.png?resize=350%2C200&ssl=1 1x, https:\/\/i0.wp.com\/errr-magazine.com\/wp-content\/uploads\/2018\/07\/Captura-de-pantalla-2018-07-15-a-las-16.27.59.png?resize=525%2C300&ssl=1 1.5x"},"classes":[]},{"id":136066,"url":"https:\/\/errr-magazine.com\/english\/siempre-quise-que-volaramos-juntos\/","url_meta":{"origin":141311,"position":1},"title":"Siempre quise que vol\u00e1ramos juntos","author":"Diana Monta\u00f1a","date":"07\/07\/2018","format":false,"excerpt":"Y siempre quise que vol\u00e1ramos juntos. Quise contigo Madrid, Par\u00eds, Barcelona o New York. Que me explicaras como usar un mapa y no me dejaras perder, no s\u00f3lo en m\u00ed, sino tambi\u00e9n en alguna enorme ciudad. Besarte despacio en un metro mientras los dem\u00e1s nos miran. Ver desde el cielo\u2026","rel":"","context":"In &quot;Textos&quot;","block_context":{"text":"Textos","link":"https:\/\/errr-magazine.com\/english\/category\/textos\/"},"img":{"alt_text":"","src":"https:\/\/i0.wp.com\/errr-magazine.com\/wp-content\/uploads\/2018\/07\/13b.jpg?resize=350%2C200&ssl=1","width":350,"height":200,"srcset":"https:\/\/i0.wp.com\/errr-magazine.com\/wp-content\/uploads\/2018\/07\/13b.jpg?resize=350%2C200&ssl=1 1x, https:\/\/i0.wp.com\/errr-magazine.com\/wp-content\/uploads\/2018\/07\/13b.jpg?resize=525%2C300&ssl=1 1.5x"},"classes":[]},{"id":143979,"url":"https:\/\/errr-magazine.com\/english\/el-soneto-del-diablo\/","url_meta":{"origin":141311,"position":2},"title":"El soneto del diablo","author":"Mart\u00edn Avechuco","date":"05\/24\/2019","format":false,"excerpt":"A posteriori: un canto febril remordimiento se alza Aclamando bestialidad, el asfixio perpetuo Tan ajeno y venenoso Esfum\u00e1ndose fantasma \u00bfNi salvaci\u00f3n ni condena? El oc\u00e9ano se nos derrama Sangre y esp\u00edritu; ceguera Que la noche me alumbra abismos Tacto belleza luz luna musicalidad destituida Hierven p\u00farpuras flamas en el coraz\u00f3n\u2026","rel":"","context":"In &quot;Textos&quot;","block_context":{"text":"Textos","link":"https:\/\/errr-magazine.com\/english\/category\/textos\/"},"img":{"alt_text":"","src":"https:\/\/i0.wp.com\/errr-magazine.com\/wp-content\/uploads\/2019\/05\/14.png?resize=350%2C200&ssl=1","width":350,"height":200,"srcset":"https:\/\/i0.wp.com\/errr-magazine.com\/wp-content\/uploads\/2019\/05\/14.png?resize=350%2C200&ssl=1 1x, https:\/\/i0.wp.com\/errr-magazine.com\/wp-content\/uploads\/2019\/05\/14.png?resize=525%2C300&ssl=1 1.5x, https:\/\/i0.wp.com\/errr-magazine.com\/wp-content\/uploads\/2019\/05\/14.png?resize=700%2C400&ssl=1 2x"},"classes":[]},{"id":127654,"url":"https:\/\/errr-magazine.com\/english\/la-maldicion-del-lobo\/","url_meta":{"origin":141311,"position":3},"title":"La maldici\u00f3n del lobo","author":"Gato Kaizer","date":"01\/22\/2018","format":false,"excerpt":"En un principio el hombre y la bestia viv\u00edan bajo ley de paz. Era la ley de la tierra y era as\u00ed. Pero el hombre ten\u00eda otros planes. Un d\u00eda, Chim\u00eaq el guerrero, desat\u00f3 la guerra entre los hombres al robar las tierras de su vecino. \u00c3tla la tierra, al\u2026","rel":"","context":"In &quot;Textos&quot;","block_context":{"text":"Textos","link":"https:\/\/errr-magazine.com\/english\/category\/textos\/"},"img":{"alt_text":"","src":"","width":0,"height":0},"classes":[]},{"id":144751,"url":"https:\/\/errr-magazine.com\/english\/como-yo-te-veo\/","url_meta":{"origin":141311,"position":4},"title":"Como yo te veo","author":"Montserrat Ruiz Ibarra","date":"06\/19\/2019","format":false,"excerpt":"Eres la rosa m\u00e1s blanca del campo\u00a0vida entre muerte, \u00bfC\u00f3mo no voy a quererte? fr\u00edo de invierno calor de verano,te llevar\u00eda a Mercurio quiz\u00e1s a Urano. \u00a0 Mi estrella favorita entre lo oscuro,\u00a0mi recuerdo futuro, eres como el eco de un grito adolorido esparcido como ceniza en el viento, eres\u2026","rel":"","context":"In &quot;Textos&quot;","block_context":{"text":"Textos","link":"https:\/\/errr-magazine.com\/english\/category\/textos\/"},"img":{"alt_text":"","src":"https:\/\/i0.wp.com\/errr-magazine.com\/wp-content\/uploads\/2019\/06\/5.png?resize=350%2C200&ssl=1","width":350,"height":200,"srcset":"https:\/\/i0.wp.com\/errr-magazine.com\/wp-content\/uploads\/2019\/06\/5.png?resize=350%2C200&ssl=1 1x, https:\/\/i0.wp.com\/errr-magazine.com\/wp-content\/uploads\/2019\/06\/5.png?resize=525%2C300&ssl=1 1.5x, https:\/\/i0.wp.com\/errr-magazine.com\/wp-content\/uploads\/2019\/06\/5.png?resize=700%2C400&ssl=1 2x"},"classes":[]},{"id":135943,"url":"https:\/\/errr-magazine.com\/english\/lo-que-me-aterra\/","url_meta":{"origin":141311,"position":5},"title":"What terrifies me","author":"Sweet Sorrow","date":"07\/01\/2018","format":false,"excerpt":"Nunca he logrado entender el p\u00e1nico que le tienen algunos a la muerte. Lo cierto es que yo no tengo miedo a morir, si es lo que soy, una superviviente dentro de la vida. Lo que me aterra es vivir. Lo que me aterra son los d\u00edas fr\u00edos de invierno,\u2026","rel":"","context":"In &quot;Textos&quot;","block_context":{"text":"Textos","link":"https:\/\/errr-magazine.com\/english\/category\/textos\/"},"img":{"alt_text":"","src":"https:\/\/i0.wp.com\/errr-magazine.com\/wp-content\/uploads\/2018\/06\/11105825556_7291daac71_o.jpg?resize=350%2C200&ssl=1","width":350,"height":200,"srcset":"https:\/\/i0.wp.com\/errr-magazine.com\/wp-content\/uploads\/2018\/06\/11105825556_7291daac71_o.jpg?resize=350%2C200&ssl=1 1x, https:\/\/i0.wp.com\/errr-magazine.com\/wp-content\/uploads\/2018\/06\/11105825556_7291daac71_o.jpg?resize=525%2C300&ssl=1 1.5x, https:\/\/i0.wp.com\/errr-magazine.com\/wp-content\/uploads\/2018\/06\/11105825556_7291daac71_o.jpg?resize=700%2C400&ssl=1 2x, https:\/\/i0.wp.com\/errr-magazine.com\/wp-content\/uploads\/2018\/06\/11105825556_7291daac71_o.jpg?resize=1050%2C600&ssl=1 3x, https:\/\/i0.wp.com\/errr-magazine.com\/wp-content\/uploads\/2018\/06\/11105825556_7291daac71_o.jpg?resize=1400%2C800&ssl=1 4x"},"classes":[]}],"jetpack_sharing_enabled":true,"mfb_rest_fields":["title","yoast_head","yoast_head_json","jetpack_featured_media_url","jetpack-related-posts","jetpack_sharing_enabled"],"_links":{"self":[{"href":"https:\/\/errr-magazine.com\/english\/wp-json\/wp\/v2\/posts\/141311","targetHints":{"allow":["GET"]}}],"collection":[{"href":"https:\/\/errr-magazine.com\/english\/wp-json\/wp\/v2\/posts"}],"about":[{"href":"https:\/\/errr-magazine.com\/english\/wp-json\/wp\/v2\/types\/post"}],"author":[{"embeddable":true,"href":"https:\/\/errr-magazine.com\/english\/wp-json\/wp\/v2\/users\/5411"}],"replies":[{"embeddable":true,"href":"https:\/\/errr-magazine.com\/english\/wp-json\/wp\/v2\/comments?post=141311"}],"version-history":[{"count":3,"href":"https:\/\/errr-magazine.com\/english\/wp-json\/wp\/v2\/posts\/141311\/revisions"}],"predecessor-version":[{"id":141540,"href":"https:\/\/errr-magazine.com\/english\/wp-json\/wp\/v2\/posts\/141311\/revisions\/141540"}],"wp:featuredmedia":[{"embeddable":true,"href":"https:\/\/errr-magazine.com\/english\/wp-json\/wp\/v2\/media\/141507"}],"wp:attachment":[{"href":"https:\/\/errr-magazine.com\/english\/wp-json\/wp\/v2\/media?parent=141311"}],"wp:term":[{"taxonomy":"category","embeddable":true,"href":"https:\/\/errr-magazine.com\/english\/wp-json\/wp\/v2\/categories?post=141311"},{"taxonomy":"post_tag","embeddable":true,"href":"https:\/\/errr-magazine.com\/english\/wp-json\/wp\/v2\/tags?post=141311"}],"curies":[{"name":"wp","href":"https:\/\/api.w.org\/{rel}","templated":true}]}}