{"id":139163,"date":"2019-01-16T14:28:37","date_gmt":"2019-01-16T03:28:37","guid":{"rendered":"http:\/\/errr-magazine.com\/?p=139163"},"modified":"2022-08-31T01:40:11","modified_gmt":"2022-08-31T06:40:11","slug":"las-rosas-en-las-calles","status":"publish","type":"post","link":"https:\/\/errr-magazine.com\/english\/las-rosas-en-las-calles\/","title":{"rendered":"Las rosas en las calles"},"content":{"rendered":"<blockquote><p><em>&#8220;Siempre sent\u00eda demasiado fr\u00edo por fuera, y demasiado vac\u00edo por dentro.&#8221;<\/em><\/p>\n<p><em>-Golda Meir<\/em><\/p><\/blockquote>\n<p>El tiempo pasa muy lento. El tiempo no espera a nadie, pero todos esperamos el tiempo.<\/p>\n<p>Camino en est\u00e1s calles fr\u00edas, llenas de recuerdos sin sentido. Cada paso es una espina que se entierra en mi zapato&#8230; Mientras m\u00e1s larga se vuelve la noche, el fri\u00f3 va congelando mis sentidos; las rosas de aquel jard\u00edn no sufren como yo por ti. Ellas saben que el dolor es parte de su vida, pues en alg\u00fan momento ser\u00e1n cortadas y entregadas a un alma con el af\u00e1n de\u00a0 cortejarla y volverse una misma.<\/p>\n<p>Pareciera que todos tenemos una rosa como alma, pero no todos son cortados. Sin embargo s\u00ed entregados.<\/p>\n<p>En est\u00e1s calles, las almas que vagan -como la m\u00eda- se van secando, porque el sol ya no sale, el agua no existe y el amor con la que se cuida&#8230; es solo un sue\u00f1o.<\/p>\n<p>El fr\u00edo hace m\u00e1s lenta mi respiraci\u00f3n. El vac\u00edo me esta consumiendo poco a poco. \u00bfPor qu\u00e9 nunca llegaste? Ahora me derretir\u00e9 como un cubo de hielo en est\u00e1s calles con las dem\u00e1s rosas abandonadas.<\/p>\n<p>Photography by <a href=\"https:\/\/www.flickr.com\/photos\/canovix\/\">Martin Canova<\/a><\/p>","protected":false},"excerpt":{"rendered":"<p>&#8220;Siempre sent\u00eda demasiado fr\u00edo por fuera, y demasiado vac\u00edo por dentro.&#8221; -Golda Meir El tiempo pasa muy lento. El tiempo no espera a nadie, pero todos esperamos el tiempo. Camino en est\u00e1s calles fr\u00edas, llenas de recuerdos sin sentido. Cada paso es una espina que se entierra en mi zapato&#8230; Mientras m\u00e1s larga se vuelve [&hellip;]<\/p>\n","protected":false},"author":6136,"featured_media":0,"comment_status":"closed","ping_status":"closed","sticky":false,"template":"","format":"standard","meta":{"_acf_changed":false,"cybocfi_hide_featured_image":"","_jetpack_memberships_contains_paid_content":false,"footnotes":""},"categories":[7997],"tags":[],"class_list":["post-139163","post","type-post","status-publish","format-standard","hentry","category-textos"],"acf":[],"mb":[],"yoast_head":"<!-- This site is optimized with the Yoast SEO plugin v27.2 - https:\/\/yoast.com\/product\/yoast-seo-wordpress\/ -->\n<title>Las rosas en las calles - ERRR MAGAZINE<\/title>\n<meta name=\"robots\" content=\"index, follow, max-snippet:-1, max-image-preview:large, max-video-preview:-1\" \/>\n<link rel=\"canonical\" href=\"https:\/\/errr-magazine.com\/english\/las-rosas-en-las-calles\/\" \/>\n<meta property=\"og:locale\" content=\"en_US\" \/>\n<meta property=\"og:type\" content=\"article\" \/>\n<meta property=\"og:title\" content=\"Las rosas en las calles - ERRR MAGAZINE\" \/>\n<meta property=\"og:description\" content=\"&#8220;Siempre sent\u00eda demasiado fr\u00edo por fuera, y demasiado vac\u00edo por dentro.&#8221; -Golda Meir El tiempo pasa muy lento. El tiempo no espera a nadie, pero todos esperamos el tiempo. Camino en est\u00e1s calles fr\u00edas, llenas de recuerdos sin sentido. Cada paso es una espina que se entierra en mi zapato&#8230; Mientras m\u00e1s larga se vuelve [&hellip;]\" \/>\n<meta property=\"og:url\" content=\"https:\/\/errr-magazine.com\/english\/las-rosas-en-las-calles\/\" \/>\n<meta property=\"og:site_name\" content=\"ERRR MAGAZINE\" \/>\n<meta property=\"article:published_time\" content=\"2019-01-16T03:28:37+00:00\" \/>\n<meta property=\"article:modified_time\" content=\"2022-08-31T06:40:11+00:00\" \/>\n<meta name=\"author\" content=\"Fany vaE\" \/>\n<meta name=\"twitter:card\" content=\"summary_large_image\" \/>\n<meta name=\"twitter:label1\" content=\"Written by\" \/>\n\t<meta name=\"twitter:data1\" content=\"Fany vaE\" \/>\n\t<meta name=\"twitter:label2\" content=\"Est. reading time\" \/>\n\t<meta name=\"twitter:data2\" content=\"1 minute\" \/>\n<script type=\"application\/ld+json\" class=\"yoast-schema-graph\">{\"@context\":\"https:\/\/schema.org\",\"@graph\":[{\"@type\":\"Article\",\"@id\":\"https:\/\/errr-magazine.com\/las-rosas-en-las-calles\/#article\",\"isPartOf\":{\"@id\":\"https:\/\/errr-magazine.com\/las-rosas-en-las-calles\/\"},\"author\":{\"name\":\"Fany vaE\",\"@id\":\"https:\/\/errr-magazine.com\/#\/schema\/person\/03ee9ff402498420b59bd32fec97f03c\"},\"headline\":\"Las rosas en las calles\",\"datePublished\":\"2019-01-16T03:28:37+00:00\",\"dateModified\":\"2022-08-31T06:40:11+00:00\",\"mainEntityOfPage\":{\"@id\":\"https:\/\/errr-magazine.com\/las-rosas-en-las-calles\/\"},\"wordCount\":220,\"articleSection\":[\"Textos\"],\"inLanguage\":\"en-US\"},{\"@type\":\"WebPage\",\"@id\":\"https:\/\/errr-magazine.com\/las-rosas-en-las-calles\/\",\"url\":\"https:\/\/errr-magazine.com\/las-rosas-en-las-calles\/\",\"name\":\"Las rosas en las calles - ERRR MAGAZINE\",\"isPartOf\":{\"@id\":\"https:\/\/errr-magazine.com\/#website\"},\"datePublished\":\"2019-01-16T03:28:37+00:00\",\"dateModified\":\"2022-08-31T06:40:11+00:00\",\"author\":{\"@id\":\"https:\/\/errr-magazine.com\/#\/schema\/person\/03ee9ff402498420b59bd32fec97f03c\"},\"breadcrumb\":{\"@id\":\"https:\/\/errr-magazine.com\/las-rosas-en-las-calles\/#breadcrumb\"},\"inLanguage\":\"en-US\",\"potentialAction\":[{\"@type\":\"ReadAction\",\"target\":[\"https:\/\/errr-magazine.com\/las-rosas-en-las-calles\/\"]}]},{\"@type\":\"BreadcrumbList\",\"@id\":\"https:\/\/errr-magazine.com\/las-rosas-en-las-calles\/#breadcrumb\",\"itemListElement\":[{\"@type\":\"ListItem\",\"position\":1,\"name\":\"Portada\",\"item\":\"https:\/\/errr-magazine.com\/\"},{\"@type\":\"ListItem\",\"position\":2,\"name\":\"Las rosas en las calles\"}]},{\"@type\":\"WebSite\",\"@id\":\"https:\/\/errr-magazine.com\/#website\",\"url\":\"https:\/\/errr-magazine.com\/\",\"name\":\"ERRR MAGAZINE\",\"description\":\"\",\"potentialAction\":[{\"@type\":\"SearchAction\",\"target\":{\"@type\":\"EntryPoint\",\"urlTemplate\":\"https:\/\/errr-magazine.com\/?s={search_term_string}\"},\"query-input\":{\"@type\":\"PropertyValueSpecification\",\"valueRequired\":true,\"valueName\":\"search_term_string\"}}],\"inLanguage\":\"en-US\"},{\"@type\":\"Person\",\"@id\":\"https:\/\/errr-magazine.com\/#\/schema\/person\/03ee9ff402498420b59bd32fec97f03c\",\"name\":\"Fany vaE\",\"image\":{\"@type\":\"ImageObject\",\"inLanguage\":\"en-US\",\"@id\":\"https:\/\/secure.gravatar.com\/avatar\/b656cd3d821862d6b3997fec74968cc8881f2465593ba3216bc091e77588e87e?s=96&d=identicon&r=g\",\"url\":\"https:\/\/secure.gravatar.com\/avatar\/b656cd3d821862d6b3997fec74968cc8881f2465593ba3216bc091e77588e87e?s=96&d=identicon&r=g\",\"contentUrl\":\"https:\/\/secure.gravatar.com\/avatar\/b656cd3d821862d6b3997fec74968cc8881f2465593ba3216bc091e77588e87e?s=96&d=identicon&r=g\",\"caption\":\"Fany vaE\"},\"description\":\"Orgullosamente Comunic\u00f3loga, amante de la pizza y las buenas historias. Fot\u00f3grafa por amor, escritora cuando se puede y cin\u00e9fila cuando se requiere.\",\"url\":\"https:\/\/errr-magazine.com\/english\/author\/fanyvae\/\"}]}<\/script>\n<!-- \/ Yoast SEO plugin. -->","yoast_head_json":{"title":"Las rosas en las calles - ERRR MAGAZINE","robots":{"index":"index","follow":"follow","max-snippet":"max-snippet:-1","max-image-preview":"max-image-preview:large","max-video-preview":"max-video-preview:-1"},"canonical":"https:\/\/errr-magazine.com\/english\/las-rosas-en-las-calles\/","og_locale":"en_US","og_type":"article","og_title":"Las rosas en las calles - ERRR MAGAZINE","og_description":"&#8220;Siempre sent\u00eda demasiado fr\u00edo por fuera, y demasiado vac\u00edo por dentro.&#8221; -Golda Meir El tiempo pasa muy lento. El tiempo no espera a nadie, pero todos esperamos el tiempo. Camino en est\u00e1s calles fr\u00edas, llenas de recuerdos sin sentido. Cada paso es una espina que se entierra en mi zapato&#8230; Mientras m\u00e1s larga se vuelve [&hellip;]","og_url":"https:\/\/errr-magazine.com\/english\/las-rosas-en-las-calles\/","og_site_name":"ERRR MAGAZINE","article_published_time":"2019-01-16T03:28:37+00:00","article_modified_time":"2022-08-31T06:40:11+00:00","author":"Fany vaE","twitter_card":"summary_large_image","twitter_misc":{"Written by":"Fany vaE","Est. reading time":"1 minute"},"schema":{"@context":"https:\/\/schema.org","@graph":[{"@type":"Article","@id":"https:\/\/errr-magazine.com\/las-rosas-en-las-calles\/#article","isPartOf":{"@id":"https:\/\/errr-magazine.com\/las-rosas-en-las-calles\/"},"author":{"name":"Fany vaE","@id":"https:\/\/errr-magazine.com\/#\/schema\/person\/03ee9ff402498420b59bd32fec97f03c"},"headline":"Las rosas en las calles","datePublished":"2019-01-16T03:28:37+00:00","dateModified":"2022-08-31T06:40:11+00:00","mainEntityOfPage":{"@id":"https:\/\/errr-magazine.com\/las-rosas-en-las-calles\/"},"wordCount":220,"articleSection":["Textos"],"inLanguage":"en-US"},{"@type":"WebPage","@id":"https:\/\/errr-magazine.com\/las-rosas-en-las-calles\/","url":"https:\/\/errr-magazine.com\/las-rosas-en-las-calles\/","name":"Las rosas en las calles - ERRR MAGAZINE","isPartOf":{"@id":"https:\/\/errr-magazine.com\/#website"},"datePublished":"2019-01-16T03:28:37+00:00","dateModified":"2022-08-31T06:40:11+00:00","author":{"@id":"https:\/\/errr-magazine.com\/#\/schema\/person\/03ee9ff402498420b59bd32fec97f03c"},"breadcrumb":{"@id":"https:\/\/errr-magazine.com\/las-rosas-en-las-calles\/#breadcrumb"},"inLanguage":"en-US","potentialAction":[{"@type":"ReadAction","target":["https:\/\/errr-magazine.com\/las-rosas-en-las-calles\/"]}]},{"@type":"BreadcrumbList","@id":"https:\/\/errr-magazine.com\/las-rosas-en-las-calles\/#breadcrumb","itemListElement":[{"@type":"ListItem","position":1,"name":"Portada","item":"https:\/\/errr-magazine.com\/"},{"@type":"ListItem","position":2,"name":"Las rosas en las calles"}]},{"@type":"WebSite","@id":"https:\/\/errr-magazine.com\/#website","url":"https:\/\/errr-magazine.com\/","name":"ERRR MAGAZINE","description":"","potentialAction":[{"@type":"SearchAction","target":{"@type":"EntryPoint","urlTemplate":"https:\/\/errr-magazine.com\/?s={search_term_string}"},"query-input":{"@type":"PropertyValueSpecification","valueRequired":true,"valueName":"search_term_string"}}],"inLanguage":"en-US"},{"@type":"Person","@id":"https:\/\/errr-magazine.com\/#\/schema\/person\/03ee9ff402498420b59bd32fec97f03c","name":"Fany vaE","image":{"@type":"ImageObject","inLanguage":"en-US","@id":"https:\/\/secure.gravatar.com\/avatar\/b656cd3d821862d6b3997fec74968cc8881f2465593ba3216bc091e77588e87e?s=96&d=identicon&r=g","url":"https:\/\/secure.gravatar.com\/avatar\/b656cd3d821862d6b3997fec74968cc8881f2465593ba3216bc091e77588e87e?s=96&d=identicon&r=g","contentUrl":"https:\/\/secure.gravatar.com\/avatar\/b656cd3d821862d6b3997fec74968cc8881f2465593ba3216bc091e77588e87e?s=96&d=identicon&r=g","caption":"Fany vaE"},"description":"Orgullosamente Comunic\u00f3loga, amante de la pizza y las buenas historias. Fot\u00f3grafa por amor, escritora cuando se puede y cin\u00e9fila cuando se requiere.","url":"https:\/\/errr-magazine.com\/english\/author\/fanyvae\/"}]}},"jetpack_featured_media_url":"","jetpack-related-posts":[{"id":160322,"url":"https:\/\/errr-magazine.com\/english\/diario-del-bucle-de-las-maledicencias\/","url_meta":{"origin":139163,"position":0},"title":"Diario del bucle de las maledicencias","author":"Sealtiel Lindero","date":"05\/31\/2020","format":false,"excerpt":"Esta fue la muerte m\u00e1s extra\u00f1a que he tenido. Por alguna raz\u00f3n, hab\u00edamos coincidido en un restaurante, pero t\u00fa no te hab\u00edas dado cuenta de mi presencia, como siempre. Era entendible, porque ambos est\u00e1bamos con nuestra familia y honestamente, pienso que siempre he sido una especie rara de fantasma para\u2026","rel":"","context":"In &quot;Textos&quot;","block_context":{"text":"Textos","link":"https:\/\/errr-magazine.com\/english\/category\/textos\/"},"img":{"alt_text":"","src":"","width":0,"height":0},"classes":[]},{"id":158667,"url":"https:\/\/errr-magazine.com\/english\/los-dias-menos-frios-del-invierno\/","url_meta":{"origin":139163,"position":1},"title":"Los d\u00edas menos fr\u00edos del invierno","author":"Daniel Abrego","date":"04\/28\/2020","format":false,"excerpt":"Despert\u00e9 a medio dia con los ojos hinchados de tanto dormir. Segunda semana sin trabajo, tercera comiendo arroz blanco. La \u00faltima vez que sal\u00ed al exterior hab\u00eda nevado demasiado, ahora la nieve se derrite y escurre por la ventana o quiz\u00e1 la ventana llora. No quise preguntar pues nunca he\u2026","rel":"","context":"In &quot;Textos&quot;","block_context":{"text":"Textos","link":"https:\/\/errr-magazine.com\/english\/category\/textos\/"},"img":{"alt_text":"","src":"","width":0,"height":0},"classes":[]},{"id":147056,"url":"https:\/\/errr-magazine.com\/english\/147056-2\/","url_meta":{"origin":139163,"position":2},"title":"Tengo de los pies colgados\u2026","author":"Asztrea","date":"08\/28\/2019","format":false,"excerpt":"Tengo de los pies colgados dos hilitos delgaditos, muy finitos, tanto que ni si quiera yo los puedo ver, a\u00fan as\u00ed los siento, y atraviesan la ciudad, recorren banquetas y llegan hasta donde me est\u00e1 prohibido volver a entrar. La puerta est\u00e1 cerrada, y sale vapor, debajo de ella sale\u2026","rel":"","context":"In &quot;Textos&quot;","block_context":{"text":"Textos","link":"https:\/\/errr-magazine.com\/english\/category\/textos\/"},"img":{"alt_text":"","src":"https:\/\/i0.wp.com\/errr-magazine.com\/wp-content\/uploads\/2019\/08\/28-1.png?resize=350%2C200&ssl=1","width":350,"height":200,"srcset":"https:\/\/i0.wp.com\/errr-magazine.com\/wp-content\/uploads\/2019\/08\/28-1.png?resize=350%2C200&ssl=1 1x, https:\/\/i0.wp.com\/errr-magazine.com\/wp-content\/uploads\/2019\/08\/28-1.png?resize=525%2C300&ssl=1 1.5x, https:\/\/i0.wp.com\/errr-magazine.com\/wp-content\/uploads\/2019\/08\/28-1.png?resize=700%2C400&ssl=1 2x"},"classes":[]},{"id":159692,"url":"https:\/\/errr-magazine.com\/english\/condena-2\/","url_meta":{"origin":139163,"position":3},"title":"Condena","author":"Osvaldo Mojica Hernandez","date":"06\/06\/2020","format":false,"excerpt":"Y hab\u00eda sido cautivo de mis propios errores, fui el prisionero que buscaba la libertad de entre las sombras para as\u00ed volver a defraudar mis aires de autonom\u00eda, que precipitados en busca de atrapar la vida con una sola mano desgarraron mis alas para no poder volver a volar. Cada\u2026","rel":"","context":"In &quot;Textos&quot;","block_context":{"text":"Textos","link":"https:\/\/errr-magazine.com\/english\/category\/textos\/"},"img":{"alt_text":"","src":"","width":0,"height":0},"classes":[]},{"id":132859,"url":"https:\/\/errr-magazine.com\/english\/volk-lxiii\/","url_meta":{"origin":139163,"position":4},"title":"Volk LXIII","author":"Fernando Percino","date":"05\/25\/2018","format":false,"excerpt":"Nunca es demasiado cuando de hablar de Jessi, mi vecina veterinaria, se trata: Yo la conoc\u00ed cuando el fuego de la noche se hab\u00eda extinguido, sus ojos eran minerales \u00e1ureos en los que reptaba la tristeza. Me dieron ganas de abrazarla y alejar el fr\u00edo de su peque\u00f1o cuerpo de\u2026","rel":"","context":"In &quot;Textos&quot;","block_context":{"text":"Textos","link":"https:\/\/errr-magazine.com\/english\/category\/textos\/"},"img":{"alt_text":"","src":"https:\/\/i0.wp.com\/errr-magazine.com\/wp-content\/uploads\/2018\/04\/21_40_01616-copy-8-1.jpg?resize=350%2C200&ssl=1","width":350,"height":200,"srcset":"https:\/\/i0.wp.com\/errr-magazine.com\/wp-content\/uploads\/2018\/04\/21_40_01616-copy-8-1.jpg?resize=350%2C200&ssl=1 1x, https:\/\/i0.wp.com\/errr-magazine.com\/wp-content\/uploads\/2018\/04\/21_40_01616-copy-8-1.jpg?resize=525%2C300&ssl=1 1.5x, https:\/\/i0.wp.com\/errr-magazine.com\/wp-content\/uploads\/2018\/04\/21_40_01616-copy-8-1.jpg?resize=700%2C400&ssl=1 2x"},"classes":[]},{"id":182570,"url":"https:\/\/errr-magazine.com\/english\/el-chico-gris\/","url_meta":{"origin":139163,"position":5},"title":"EL CHICO GRIS","author":"daniel lara","date":"08\/30\/2022","format":false,"excerpt":"Es un chico gris con sentimientos en tonos rosas, lleva una corona imaginaria sobre su cabeza y dice que \u00e9l es el rey, pero a veces se encierra en su cuarto y llora porque se odia. Ama los d\u00edas nublados y los viajes en autob\u00fas, solo, sin demasiados pasajeros. Y\u2026","rel":"","context":"In &quot;Textos&quot;","block_context":{"text":"Textos","link":"https:\/\/errr-magazine.com\/english\/category\/textos\/"},"img":{"alt_text":"","src":"","width":0,"height":0},"classes":[]}],"jetpack_sharing_enabled":true,"mfb_rest_fields":["title","yoast_head","yoast_head_json","jetpack_featured_media_url","jetpack-related-posts","jetpack_sharing_enabled"],"_links":{"self":[{"href":"https:\/\/errr-magazine.com\/english\/wp-json\/wp\/v2\/posts\/139163","targetHints":{"allow":["GET"]}}],"collection":[{"href":"https:\/\/errr-magazine.com\/english\/wp-json\/wp\/v2\/posts"}],"about":[{"href":"https:\/\/errr-magazine.com\/english\/wp-json\/wp\/v2\/types\/post"}],"author":[{"embeddable":true,"href":"https:\/\/errr-magazine.com\/english\/wp-json\/wp\/v2\/users\/6136"}],"replies":[{"embeddable":true,"href":"https:\/\/errr-magazine.com\/english\/wp-json\/wp\/v2\/comments?post=139163"}],"version-history":[{"count":4,"href":"https:\/\/errr-magazine.com\/english\/wp-json\/wp\/v2\/posts\/139163\/revisions"}],"predecessor-version":[{"id":151641,"href":"https:\/\/errr-magazine.com\/english\/wp-json\/wp\/v2\/posts\/139163\/revisions\/151641"}],"wp:attachment":[{"href":"https:\/\/errr-magazine.com\/english\/wp-json\/wp\/v2\/media?parent=139163"}],"wp:term":[{"taxonomy":"category","embeddable":true,"href":"https:\/\/errr-magazine.com\/english\/wp-json\/wp\/v2\/categories?post=139163"},{"taxonomy":"post_tag","embeddable":true,"href":"https:\/\/errr-magazine.com\/english\/wp-json\/wp\/v2\/tags?post=139163"}],"curies":[{"name":"wp","href":"https:\/\/api.w.org\/{rel}","templated":true}]}}