{"id":139034,"date":"2018-11-05T10:25:40","date_gmt":"2018-11-04T23:25:40","guid":{"rendered":"http:\/\/errr-magazine.com\/?p=139034"},"modified":"2022-08-31T01:48:53","modified_gmt":"2022-08-31T06:48:53","slug":"como-iba-a-saber-que-seria-la-ultima-vez","status":"publish","type":"post","link":"https:\/\/errr-magazine.com\/english\/como-iba-a-saber-que-seria-la-ultima-vez\/","title":{"rendered":"\u00bfC\u00f3mo iba a saber que ser\u00eda la \u00faltima vez?"},"content":{"rendered":"<p>Son muy tristes las despedidas, sobre todo cuando la persona no ha muerto; es un duelo distinto pero no menos doloroso. Marie Curie, por ejemplo nunca se imagin\u00f3 que ver\u00eda a su Pierre por \u00faltima vez aquella ma\u00f1ana y que despu\u00e9s estar\u00eda frente a su cuerpo ensangrentando, llorando sin piedad.\u00a0 Yo, en cambio, cre\u00ed que esa \u00faltima vez que nos enrollamos entre las s\u00e1banas, ese domingo nublado en donde la lluvia amenazaba, esa tarde en donde me qued\u00e9 dormida en tu pecho mientras t\u00fa ve\u00edas una pel\u00edcula; como Marie tampoco alcanc\u00e9 a atisbar que t\u00fa, as\u00ed como la lluvia, amenazabas con dejarme.<\/p>\n<p>Durante casi dos a\u00f1os te he esperado horas mortales, he esperado un mensaje, una llamada. Sedienta, esperaba a que alg\u00fan d\u00eda dijeras que que quer\u00edas verme. Hay noches que lloro genuinamente, sin ning\u00fan est\u00edmulo, es decir, no lloro escuchando canciones melanc\u00f3licas o leyendo conversaciones pasadas, lloro as\u00ed, porque te extra\u00f1o, porque dentro me cruje el coraz\u00f3n, extra\u00f1o incluso \u201cla nada\u201d eso que nos pertenec\u00eda, esa nada que fue complice pero que tambi\u00e9n nos destruy\u00f3<\/p>\n<p>\u00bfMe iba a imaginar que esa ser\u00eda la \u00faltima vez que me abrazar\u00edas? \u00bfc\u00f3mo iba yo a imaginarme que aquella noche en la que fui a verte ser\u00eda la \u00faltima en la que te apretar\u00eda de la mano mientras cog\u00edamos?. No me pas\u00f3 por la cabeza, porque despu\u00e9s de eso me dijiste que no podr\u00edas dejarme.<\/p>\n<p>Te extra\u00f1o todos los d\u00edas y no puedo reemplazarte por m\u00e1s que lo intente, no quiero empezar a olvidarte aunque t\u00fa ya lo hayas hecho.<\/p>\n<p>Marie Curie, dec\u00eda en su diario que ella no iba a poder seguir sin Pierre, porque era grandioso, porque era una mente brillante, porque la hab\u00eda elegido; el amor de ella hacia Pierre era puro, no depend\u00eda de nada. Yo te puedo decir que el amor o cari\u00f1o que te tengo es igual de puro, no tan brillante porque yo no soy una mujer valiosa ni espectacular, pero te quiero sobre muchas cosas, incluso te quiero m\u00e1s all\u00e1 de tu ausencia.<\/p>\n<p>Parece que todas las veces que toqu\u00e9 el tema sobre el temor feroz que sent\u00eda por perderte para siempre se hizo realidad, no quer\u00eda nada de ti, incluso podr\u00eda verte de frente y decirte lo mismo \u201cno quiero nada de ti, ni tu l\u00e1stima, ni tu amor, solo quisiera saberte presente\u201d. \u00bfTe acuerdas cuando ya no \u00e9ramos nada pero sab\u00edamos que nos quer\u00edamos y que de alguna forma nos ten\u00edamos? bueno, pues me come las entra\u00f1as que ya no quede nada de eso, m\u00e1s que el polvo, m\u00e1s que los restos de los que siempre hablo al referirme de ti.<\/p>\n<p>Marie Curie jam\u00e1s pudo recuperar a Pierre, despu\u00e9s de su muerte ella tampoco pudo recuperarse, solo logr\u00f3 tener un poco de Pierre, cosas significativas como su reloj o su cartera. Yo no tengo nada tuyo m\u00e1s que el recuerdo; por eso me encargu\u00e9 de que t\u00fa si te quedaras con algo m\u00edo para que en alg\u00fan momento recordaras. Gracias por ser mi mar y mi ancla, gracias por a\u00fan quedarte en mi memoria, te pido por favor que no desaparezcas de ah\u00ed, porque estoy segura de que no lo soportar\u00eda. Gracias por inspirarme a seguir escribiendo y a llorar cada vez que lo hago porque es aqu\u00ed cuando s\u00e9 que todav\u00eda me queda un poco de ti, gracias porque sin ti no podr\u00eda nadar en lo m\u00e1s oscuro de mi coraz\u00f3n y aunque s\u00e9 que son aguas peligrosas, aqu\u00ed me tienes y me vas a tener siempre. Y mientras te quedes ah\u00ed, seguir\u00e9 escribiendo, la angustia, el des\u00e1nimo, y el amor profundo que te guardo.<\/p>\n<p>A\u00fan si volvieras a aparecer cualquier d\u00eda, a cualquier hora yo estar\u00eda ah\u00ed, porque te lo promet\u00ed; no s\u00e9 en que circunstancias pero no suelo romper las promesas que hago con tanta convicci\u00f3n. Tu no me rompiste, solo quebraste ese hilo que sostuvo lo que nos dijimos mucho y eso cari\u00f1o, eso es lo que me sigue doliendo. No me duele que est\u00e9s con alguien m\u00e1s, porque no te quiero para mi, no me duelen muchas cosas, solo me hiela la sangre que no est\u00e9s, que te vayas para siempre, me sostiene del cuello esa idea rid\u00edcula de no volver a verte nunca m\u00e1s.<\/p>\n<p>Photography by <a href=\"https:\/\/www.flickr.com\/photos\/canovix\/\">Martin Canova<\/a><\/p>","protected":false},"excerpt":{"rendered":"<p>Son muy tristes las despedidas, sobre todo cuando la persona no ha muerto; es un duelo distinto pero no menos doloroso. Marie Curie, por ejemplo nunca se imagin\u00f3 que ver\u00eda a su Pierre por \u00faltima vez aquella ma\u00f1ana y que despu\u00e9s estar\u00eda frente a su cuerpo ensangrentando, llorando sin piedad.\u00a0 Yo, en cambio, cre\u00ed que [&hellip;]<\/p>\n","protected":false},"author":3785,"featured_media":0,"comment_status":"closed","ping_status":"closed","sticky":false,"template":"","format":"standard","meta":{"_acf_changed":false,"cybocfi_hide_featured_image":"","_jetpack_memberships_contains_paid_content":false,"footnotes":""},"categories":[7997],"tags":[],"class_list":["post-139034","post","type-post","status-publish","format-standard","hentry","category-textos"],"acf":[],"mb":[],"yoast_head":"<!-- This site is optimized with the Yoast SEO plugin v27.2 - https:\/\/yoast.com\/product\/yoast-seo-wordpress\/ -->\n<title>\u00bfC\u00f3mo iba a saber que ser\u00eda la \u00faltima vez? - ERRR MAGAZINE<\/title>\n<meta name=\"robots\" content=\"index, follow, max-snippet:-1, max-image-preview:large, max-video-preview:-1\" \/>\n<link rel=\"canonical\" href=\"https:\/\/errr-magazine.com\/english\/como-iba-a-saber-que-seria-la-ultima-vez\/\" \/>\n<meta property=\"og:locale\" content=\"en_US\" \/>\n<meta property=\"og:type\" content=\"article\" \/>\n<meta property=\"og:title\" content=\"\u00bfC\u00f3mo iba a saber que ser\u00eda la \u00faltima vez? - ERRR MAGAZINE\" \/>\n<meta property=\"og:description\" content=\"Son muy tristes las despedidas, sobre todo cuando la persona no ha muerto; es un duelo distinto pero no menos doloroso. Marie Curie, por ejemplo nunca se imagin\u00f3 que ver\u00eda a su Pierre por \u00faltima vez aquella ma\u00f1ana y que despu\u00e9s estar\u00eda frente a su cuerpo ensangrentando, llorando sin piedad.\u00a0 Yo, en cambio, cre\u00ed que [&hellip;]\" \/>\n<meta property=\"og:url\" content=\"https:\/\/errr-magazine.com\/english\/como-iba-a-saber-que-seria-la-ultima-vez\/\" \/>\n<meta property=\"og:site_name\" content=\"ERRR MAGAZINE\" \/>\n<meta property=\"article:published_time\" content=\"2018-11-04T23:25:40+00:00\" \/>\n<meta property=\"article:modified_time\" content=\"2022-08-31T06:48:53+00:00\" \/>\n<meta name=\"author\" content=\"Ale Flores\" \/>\n<meta name=\"twitter:card\" content=\"summary_large_image\" \/>\n<meta name=\"twitter:label1\" content=\"Written by\" \/>\n\t<meta name=\"twitter:data1\" content=\"Ale Flores\" \/>\n\t<meta name=\"twitter:label2\" content=\"Est. reading time\" \/>\n\t<meta name=\"twitter:data2\" content=\"4 minutes\" \/>\n<script type=\"application\/ld+json\" class=\"yoast-schema-graph\">{\"@context\":\"https:\/\/schema.org\",\"@graph\":[{\"@type\":\"Article\",\"@id\":\"https:\/\/errr-magazine.com\/como-iba-a-saber-que-seria-la-ultima-vez\/#article\",\"isPartOf\":{\"@id\":\"https:\/\/errr-magazine.com\/como-iba-a-saber-que-seria-la-ultima-vez\/\"},\"author\":{\"name\":\"Ale Flores\",\"@id\":\"https:\/\/errr-magazine.com\/#\/schema\/person\/911ffa7dbdb9f04da4018a096b63edcd\"},\"headline\":\"\u00bfC\u00f3mo iba a saber que ser\u00eda la \u00faltima vez?\",\"datePublished\":\"2018-11-04T23:25:40+00:00\",\"dateModified\":\"2022-08-31T06:48:53+00:00\",\"mainEntityOfPage\":{\"@id\":\"https:\/\/errr-magazine.com\/como-iba-a-saber-que-seria-la-ultima-vez\/\"},\"wordCount\":790,\"articleSection\":[\"Textos\"],\"inLanguage\":\"en-US\"},{\"@type\":\"WebPage\",\"@id\":\"https:\/\/errr-magazine.com\/como-iba-a-saber-que-seria-la-ultima-vez\/\",\"url\":\"https:\/\/errr-magazine.com\/como-iba-a-saber-que-seria-la-ultima-vez\/\",\"name\":\"\u00bfC\u00f3mo iba a saber que ser\u00eda la \u00faltima vez? - ERRR MAGAZINE\",\"isPartOf\":{\"@id\":\"https:\/\/errr-magazine.com\/#website\"},\"datePublished\":\"2018-11-04T23:25:40+00:00\",\"dateModified\":\"2022-08-31T06:48:53+00:00\",\"author\":{\"@id\":\"https:\/\/errr-magazine.com\/#\/schema\/person\/911ffa7dbdb9f04da4018a096b63edcd\"},\"breadcrumb\":{\"@id\":\"https:\/\/errr-magazine.com\/como-iba-a-saber-que-seria-la-ultima-vez\/#breadcrumb\"},\"inLanguage\":\"en-US\",\"potentialAction\":[{\"@type\":\"ReadAction\",\"target\":[\"https:\/\/errr-magazine.com\/como-iba-a-saber-que-seria-la-ultima-vez\/\"]}]},{\"@type\":\"BreadcrumbList\",\"@id\":\"https:\/\/errr-magazine.com\/como-iba-a-saber-que-seria-la-ultima-vez\/#breadcrumb\",\"itemListElement\":[{\"@type\":\"ListItem\",\"position\":1,\"name\":\"Portada\",\"item\":\"https:\/\/errr-magazine.com\/\"},{\"@type\":\"ListItem\",\"position\":2,\"name\":\"\u00bfC\u00f3mo iba a saber que ser\u00eda la \u00faltima vez?\"}]},{\"@type\":\"WebSite\",\"@id\":\"https:\/\/errr-magazine.com\/#website\",\"url\":\"https:\/\/errr-magazine.com\/\",\"name\":\"ERRR MAGAZINE\",\"description\":\"\",\"potentialAction\":[{\"@type\":\"SearchAction\",\"target\":{\"@type\":\"EntryPoint\",\"urlTemplate\":\"https:\/\/errr-magazine.com\/?s={search_term_string}\"},\"query-input\":{\"@type\":\"PropertyValueSpecification\",\"valueRequired\":true,\"valueName\":\"search_term_string\"}}],\"inLanguage\":\"en-US\"},{\"@type\":\"Person\",\"@id\":\"https:\/\/errr-magazine.com\/#\/schema\/person\/911ffa7dbdb9f04da4018a096b63edcd\",\"name\":\"Ale Flores\",\"image\":{\"@type\":\"ImageObject\",\"inLanguage\":\"en-US\",\"@id\":\"https:\/\/secure.gravatar.com\/avatar\/172e03138aa090bdbc9fb3701ccef86039dfadc66daec7bf5ef93c476298193c?s=96&d=identicon&r=g\",\"url\":\"https:\/\/secure.gravatar.com\/avatar\/172e03138aa090bdbc9fb3701ccef86039dfadc66daec7bf5ef93c476298193c?s=96&d=identicon&r=g\",\"contentUrl\":\"https:\/\/secure.gravatar.com\/avatar\/172e03138aa090bdbc9fb3701ccef86039dfadc66daec7bf5ef93c476298193c?s=96&d=identicon&r=g\",\"caption\":\"Ale Flores\"},\"url\":\"https:\/\/errr-magazine.com\/english\/author\/aleteknicolor\/\"}]}<\/script>\n<!-- \/ Yoast SEO plugin. -->","yoast_head_json":{"title":"\u00bfC\u00f3mo iba a saber que ser\u00eda la \u00faltima vez? - ERRR MAGAZINE","robots":{"index":"index","follow":"follow","max-snippet":"max-snippet:-1","max-image-preview":"max-image-preview:large","max-video-preview":"max-video-preview:-1"},"canonical":"https:\/\/errr-magazine.com\/english\/como-iba-a-saber-que-seria-la-ultima-vez\/","og_locale":"en_US","og_type":"article","og_title":"\u00bfC\u00f3mo iba a saber que ser\u00eda la \u00faltima vez? - ERRR MAGAZINE","og_description":"Son muy tristes las despedidas, sobre todo cuando la persona no ha muerto; es un duelo distinto pero no menos doloroso. Marie Curie, por ejemplo nunca se imagin\u00f3 que ver\u00eda a su Pierre por \u00faltima vez aquella ma\u00f1ana y que despu\u00e9s estar\u00eda frente a su cuerpo ensangrentando, llorando sin piedad.\u00a0 Yo, en cambio, cre\u00ed que [&hellip;]","og_url":"https:\/\/errr-magazine.com\/english\/como-iba-a-saber-que-seria-la-ultima-vez\/","og_site_name":"ERRR MAGAZINE","article_published_time":"2018-11-04T23:25:40+00:00","article_modified_time":"2022-08-31T06:48:53+00:00","author":"Ale Flores","twitter_card":"summary_large_image","twitter_misc":{"Written by":"Ale Flores","Est. reading time":"4 minutes"},"schema":{"@context":"https:\/\/schema.org","@graph":[{"@type":"Article","@id":"https:\/\/errr-magazine.com\/como-iba-a-saber-que-seria-la-ultima-vez\/#article","isPartOf":{"@id":"https:\/\/errr-magazine.com\/como-iba-a-saber-que-seria-la-ultima-vez\/"},"author":{"name":"Ale Flores","@id":"https:\/\/errr-magazine.com\/#\/schema\/person\/911ffa7dbdb9f04da4018a096b63edcd"},"headline":"\u00bfC\u00f3mo iba a saber que ser\u00eda la \u00faltima vez?","datePublished":"2018-11-04T23:25:40+00:00","dateModified":"2022-08-31T06:48:53+00:00","mainEntityOfPage":{"@id":"https:\/\/errr-magazine.com\/como-iba-a-saber-que-seria-la-ultima-vez\/"},"wordCount":790,"articleSection":["Textos"],"inLanguage":"en-US"},{"@type":"WebPage","@id":"https:\/\/errr-magazine.com\/como-iba-a-saber-que-seria-la-ultima-vez\/","url":"https:\/\/errr-magazine.com\/como-iba-a-saber-que-seria-la-ultima-vez\/","name":"\u00bfC\u00f3mo iba a saber que ser\u00eda la \u00faltima vez? - ERRR MAGAZINE","isPartOf":{"@id":"https:\/\/errr-magazine.com\/#website"},"datePublished":"2018-11-04T23:25:40+00:00","dateModified":"2022-08-31T06:48:53+00:00","author":{"@id":"https:\/\/errr-magazine.com\/#\/schema\/person\/911ffa7dbdb9f04da4018a096b63edcd"},"breadcrumb":{"@id":"https:\/\/errr-magazine.com\/como-iba-a-saber-que-seria-la-ultima-vez\/#breadcrumb"},"inLanguage":"en-US","potentialAction":[{"@type":"ReadAction","target":["https:\/\/errr-magazine.com\/como-iba-a-saber-que-seria-la-ultima-vez\/"]}]},{"@type":"BreadcrumbList","@id":"https:\/\/errr-magazine.com\/como-iba-a-saber-que-seria-la-ultima-vez\/#breadcrumb","itemListElement":[{"@type":"ListItem","position":1,"name":"Portada","item":"https:\/\/errr-magazine.com\/"},{"@type":"ListItem","position":2,"name":"\u00bfC\u00f3mo iba a saber que ser\u00eda la \u00faltima vez?"}]},{"@type":"WebSite","@id":"https:\/\/errr-magazine.com\/#website","url":"https:\/\/errr-magazine.com\/","name":"ERRR MAGAZINE","description":"","potentialAction":[{"@type":"SearchAction","target":{"@type":"EntryPoint","urlTemplate":"https:\/\/errr-magazine.com\/?s={search_term_string}"},"query-input":{"@type":"PropertyValueSpecification","valueRequired":true,"valueName":"search_term_string"}}],"inLanguage":"en-US"},{"@type":"Person","@id":"https:\/\/errr-magazine.com\/#\/schema\/person\/911ffa7dbdb9f04da4018a096b63edcd","name":"Ale Flores","image":{"@type":"ImageObject","inLanguage":"en-US","@id":"https:\/\/secure.gravatar.com\/avatar\/172e03138aa090bdbc9fb3701ccef86039dfadc66daec7bf5ef93c476298193c?s=96&d=identicon&r=g","url":"https:\/\/secure.gravatar.com\/avatar\/172e03138aa090bdbc9fb3701ccef86039dfadc66daec7bf5ef93c476298193c?s=96&d=identicon&r=g","contentUrl":"https:\/\/secure.gravatar.com\/avatar\/172e03138aa090bdbc9fb3701ccef86039dfadc66daec7bf5ef93c476298193c?s=96&d=identicon&r=g","caption":"Ale Flores"},"url":"https:\/\/errr-magazine.com\/english\/author\/aleteknicolor\/"}]}},"jetpack_featured_media_url":"","jetpack-related-posts":[{"id":138951,"url":"https:\/\/errr-magazine.com\/english\/las-tardes-de-lluvia-me-da-por-llorar\/","url_meta":{"origin":139034,"position":0},"title":"Las tardes de lluvia me da por llorar","author":"Poly Cg","date":"11\/05\/2018","format":false,"excerpt":"Me da por llorar, por llorar de todo y de nada. Llorar porque parece ser la acci\u00f3n que encaja perfectamente con la tormenta. Porque mi coraz\u00f3n se nubla, se torna gris y melanc\u00f3lico, concuerda con el diluvio que ocurre afuera. Por las ventanas veo el cielo correrse, desplomarse en miles\u2026","rel":"","context":"In &quot;Textos&quot;","block_context":{"text":"Textos","link":"https:\/\/errr-magazine.com\/english\/category\/textos\/"},"img":{"alt_text":"","src":"","width":0,"height":0},"classes":[]},{"id":130229,"url":"https:\/\/errr-magazine.com\/english\/lolita\/","url_meta":{"origin":139034,"position":1},"title":"Lolita","author":"NayeliSolorio","date":"03\/17\/2018","format":false,"excerpt":"Ella sali\u00f3 por un poco de lluvia, en busca de sentimientos, en busca del arco\u00edris, en busca de agua para sanar las heridas de su coraz\u00f3n. Ella sali\u00f3 por un poco de lluvia, para sentirse viva otra vez y lo \u00fanico que obtuvo, fue un cuerpo cortado y agotado, tumbado\u2026","rel":"","context":"In &quot;Textos&quot;","block_context":{"text":"Textos","link":"https:\/\/errr-magazine.com\/english\/category\/textos\/"},"img":{"alt_text":"","src":"","width":0,"height":0},"classes":[]},{"id":171802,"url":"https:\/\/errr-magazine.com\/english\/calabobos\/","url_meta":{"origin":139034,"position":2},"title":"Calabobos","author":"Aldo Serna Ram\u00edrez","date":"07\/06\/2021","format":false,"excerpt":"A veces se nubla el cielo de mi hogar, me miro al espejo y llora mi reflejo tu ausencia. \u00bfRecuerdas la \u00faltima vez que juntos vimos llover? Fue un domingo como hoy, pero tan lejano ya, que apenas puedo asegurar que en verdad pas\u00f3, que no fue un sue\u00f1o. La\u2026","rel":"","context":"In &quot;Textos&quot;","block_context":{"text":"Textos","link":"https:\/\/errr-magazine.com\/english\/category\/textos\/"},"img":{"alt_text":"","src":"https:\/\/i0.wp.com\/errr-magazine.com\/wp-content\/uploads\/2021\/07\/12467592104_60e928e3a7_k.jpg?resize=350%2C200&ssl=1","width":350,"height":200,"srcset":"https:\/\/i0.wp.com\/errr-magazine.com\/wp-content\/uploads\/2021\/07\/12467592104_60e928e3a7_k.jpg?resize=350%2C200&ssl=1 1x, https:\/\/i0.wp.com\/errr-magazine.com\/wp-content\/uploads\/2021\/07\/12467592104_60e928e3a7_k.jpg?resize=525%2C300&ssl=1 1.5x, https:\/\/i0.wp.com\/errr-magazine.com\/wp-content\/uploads\/2021\/07\/12467592104_60e928e3a7_k.jpg?resize=700%2C400&ssl=1 2x, https:\/\/i0.wp.com\/errr-magazine.com\/wp-content\/uploads\/2021\/07\/12467592104_60e928e3a7_k.jpg?resize=1050%2C600&ssl=1 3x, https:\/\/i0.wp.com\/errr-magazine.com\/wp-content\/uploads\/2021\/07\/12467592104_60e928e3a7_k.jpg?resize=1400%2C800&ssl=1 4x"},"classes":[]},{"id":153629,"url":"https:\/\/errr-magazine.com\/english\/5-antipoemas-suburbanos-de-cristian-leyva\/","url_meta":{"origin":139034,"position":3},"title":"5 antipoemas suburbanos de Cristian Leyva","author":"Cristian Felipe Leyva Meneses","date":"01\/02\/2019","format":false,"excerpt":"Introducci\u00f3n prosaica \u00a0 Madrugas, te duchas, te pones tu mejor ropa, sales, pedaleas, compras papeles, pones tu mejor cara, te sacan una foto, gastaste tus \u00faltimos ahorros, llenas los papeles, tu madre te llama, reza por ti, esperas, pedaleas un poco m\u00e1s, te empapas de lluvia y de sudor pero\u2026","rel":"","context":"In &quot;Textos&quot;","block_context":{"text":"Textos","link":"https:\/\/errr-magazine.com\/english\/category\/textos\/"},"img":{"alt_text":"","src":"","width":0,"height":0},"classes":[]},{"id":159808,"url":"https:\/\/errr-magazine.com\/english\/desenganos\/","url_meta":{"origin":139034,"position":4},"title":"Desenga\u00f1os","author":"Geovani Santillan Gonz\u00e1lez","date":"06\/06\/2020","format":false,"excerpt":"No me ames mi amor, si lo \u00faltimo que escuchaste de mi fue un \u201cte amo\u201d. El tiempo no corre tan r\u00e1pido y por extra\u00f1as razones nos separa, porque s\u00e9 que han pasado meses y, s\u00e9 tambi\u00e9n, que no te he amado menos, o tal vez te ame m\u00e1s Ahora\u2026","rel":"","context":"In &quot;Textos&quot;","block_context":{"text":"Textos","link":"https:\/\/errr-magazine.com\/english\/category\/textos\/"},"img":{"alt_text":"","src":"","width":0,"height":0},"classes":[]},{"id":131837,"url":"https:\/\/errr-magazine.com\/english\/volk-xiv\/","url_meta":{"origin":139034,"position":5},"title":"Volk XIV","author":"Fernando Percino","date":"03\/25\/2018","format":false,"excerpt":"Era como si las nubes tuvieran unos artefactos malignos que provocaran la lluvia. En el rostro de ella se arrastraron algunas l\u00e1grimas silenciosas. \u00bfQu\u00e9 m\u00e1quinas tramposas eran las que se escond\u00edan en las nubes? Ella las maldijo por su exactitud. Fue exacto recordar la ocasi\u00f3n en que ese Persino al\u2026","rel":"","context":"In &quot;Textos&quot;","block_context":{"text":"Textos","link":"https:\/\/errr-magazine.com\/english\/category\/textos\/"},"img":{"alt_text":"","src":"https:\/\/i0.wp.com\/errr-magazine.com\/wp-content\/uploads\/2018\/03\/16_Screen-Shot-2017-06-18-at-9_55_45-PM.jpg?resize=350%2C200&ssl=1","width":350,"height":200,"srcset":"https:\/\/i0.wp.com\/errr-magazine.com\/wp-content\/uploads\/2018\/03\/16_Screen-Shot-2017-06-18-at-9_55_45-PM.jpg?resize=350%2C200&ssl=1 1x, https:\/\/i0.wp.com\/errr-magazine.com\/wp-content\/uploads\/2018\/03\/16_Screen-Shot-2017-06-18-at-9_55_45-PM.jpg?resize=525%2C300&ssl=1 1.5x, https:\/\/i0.wp.com\/errr-magazine.com\/wp-content\/uploads\/2018\/03\/16_Screen-Shot-2017-06-18-at-9_55_45-PM.jpg?resize=700%2C400&ssl=1 2x"},"classes":[]}],"jetpack_sharing_enabled":true,"mfb_rest_fields":["title","yoast_head","yoast_head_json","jetpack_featured_media_url","jetpack-related-posts","jetpack_sharing_enabled"],"_links":{"self":[{"href":"https:\/\/errr-magazine.com\/english\/wp-json\/wp\/v2\/posts\/139034","targetHints":{"allow":["GET"]}}],"collection":[{"href":"https:\/\/errr-magazine.com\/english\/wp-json\/wp\/v2\/posts"}],"about":[{"href":"https:\/\/errr-magazine.com\/english\/wp-json\/wp\/v2\/types\/post"}],"author":[{"embeddable":true,"href":"https:\/\/errr-magazine.com\/english\/wp-json\/wp\/v2\/users\/3785"}],"replies":[{"embeddable":true,"href":"https:\/\/errr-magazine.com\/english\/wp-json\/wp\/v2\/comments?post=139034"}],"version-history":[{"count":3,"href":"https:\/\/errr-magazine.com\/english\/wp-json\/wp\/v2\/posts\/139034\/revisions"}],"predecessor-version":[{"id":151518,"href":"https:\/\/errr-magazine.com\/english\/wp-json\/wp\/v2\/posts\/139034\/revisions\/151518"}],"wp:attachment":[{"href":"https:\/\/errr-magazine.com\/english\/wp-json\/wp\/v2\/media?parent=139034"}],"wp:term":[{"taxonomy":"category","embeddable":true,"href":"https:\/\/errr-magazine.com\/english\/wp-json\/wp\/v2\/categories?post=139034"},{"taxonomy":"post_tag","embeddable":true,"href":"https:\/\/errr-magazine.com\/english\/wp-json\/wp\/v2\/tags?post=139034"}],"curies":[{"name":"wp","href":"https:\/\/api.w.org\/{rel}","templated":true}]}}