{"id":136530,"date":"2018-07-15T01:26:00","date_gmt":"2018-07-15T07:26:00","guid":{"rendered":"http:\/\/errr-magazine.com\/?p=136530"},"modified":"2022-08-31T01:52:41","modified_gmt":"2022-08-31T06:52:41","slug":"el-peor-momento-para-decidir-tomar-un-trago","status":"publish","type":"post","link":"https:\/\/errr-magazine.com\/english\/el-peor-momento-para-decidir-tomar-un-trago\/","title":{"rendered":"El peor momento para decidir tomar un trago"},"content":{"rendered":"<p>Suena la alarma que puse hace dos a\u00f1os. \u201cElla te est\u00e1 dejando de querer\u201d. Tras la cortina un claro de luz que proyecta rayitos de motas en polvo de nuestras pieles muriendo me dice que son las\u00a0 quince horas de un d\u00eda cualquiera en \u00a0julio y la \u00faltima vez que te vi tuvimos el merecido final. Tu coraz\u00f3n ya estaba demasiado amargo cuando lo prob\u00e9 y el m\u00edo demasiado duro, frio y roto. Para que tuvieras ganas de entrar. Pero all\u00ed estaba yo mir\u00e1ndote, y all\u00ed estabas t\u00fa, escuch\u00e1ndome.<\/p>\n<p>Nos vamos?, te pregunte.<\/p>\n<p>S\u00ed, me respondiste.<\/p>\n<p>Se me ocurri\u00f3 enamorarme, creo que fue en noviembre del 2015, de ti. Pero t\u00fa estabas perdidamente enamorada de alguien m\u00e1s. Y a\u00fan lo estar\u00edas si yo no lo hubiese notado. Me adapte a una ecuaci\u00f3n en la que no deb\u00eda existir, creyendo que eso ser\u00eda suficiente para romper la realidad. Pero solo cambie. A la fuerza me puse entre t\u00fa, la espada y la pared. No sabr\u00eda decir en qu\u00e9 posici\u00f3n me encontraba yo pero ha sido la m\u00e1s grande vor\u00e1gine que mi ser pueda llegar a tener. Y ahora solo puedo pensar en ti mientras estoy destapando esta cerveza.<\/p>\n<p>Te odio por un motivo: No te enamoraste de m\u00ed, te desenamoraste de \u00e9l, conmigo.<\/p>\n<p>Photographers: <a href=\"https:\/\/www.flickr.com\/photos\/crimeamazles\/\">mosthvost<\/a><\/p>","protected":false},"excerpt":{"rendered":"<p>Suena la alarma que puse hace dos a\u00f1os. \u201cElla te est\u00e1 dejando de querer\u201d. Tras la cortina un claro de luz que proyecta rayitos de motas en polvo de nuestras pieles muriendo me dice que son las\u00a0 quince horas de un d\u00eda cualquiera en \u00a0julio y la \u00faltima vez que te vi tuvimos el merecido [&hellip;]<\/p>\n","protected":false},"author":6078,"featured_media":136675,"comment_status":"closed","ping_status":"closed","sticky":false,"template":"","format":"standard","meta":{"_acf_changed":false,"cybocfi_hide_featured_image":"","_jetpack_memberships_contains_paid_content":false,"footnotes":""},"categories":[7997],"tags":[],"class_list":["post-136530","post","type-post","status-publish","format-standard","has-post-thumbnail","hentry","category-textos"],"acf":[],"mb":[],"yoast_head":"<!-- This site is optimized with the Yoast SEO plugin v27.2 - https:\/\/yoast.com\/product\/yoast-seo-wordpress\/ -->\n<title>El peor momento para decidir tomar un trago - ERRR MAGAZINE<\/title>\n<meta name=\"robots\" content=\"index, follow, max-snippet:-1, max-image-preview:large, max-video-preview:-1\" \/>\n<link rel=\"canonical\" href=\"https:\/\/errr-magazine.com\/english\/el-peor-momento-para-decidir-tomar-un-trago\/\" \/>\n<meta property=\"og:locale\" content=\"en_US\" \/>\n<meta property=\"og:type\" content=\"article\" \/>\n<meta property=\"og:title\" content=\"El peor momento para decidir tomar un trago - ERRR MAGAZINE\" \/>\n<meta property=\"og:description\" content=\"Suena la alarma que puse hace dos a\u00f1os. \u201cElla te est\u00e1 dejando de querer\u201d. Tras la cortina un claro de luz que proyecta rayitos de motas en polvo de nuestras pieles muriendo me dice que son las\u00a0 quince horas de un d\u00eda cualquiera en \u00a0julio y la \u00faltima vez que te vi tuvimos el merecido [&hellip;]\" \/>\n<meta property=\"og:url\" content=\"https:\/\/errr-magazine.com\/english\/el-peor-momento-para-decidir-tomar-un-trago\/\" \/>\n<meta property=\"og:site_name\" content=\"ERRR MAGAZINE\" \/>\n<meta property=\"article:published_time\" content=\"2018-07-15T07:26:00+00:00\" \/>\n<meta property=\"article:modified_time\" content=\"2022-08-31T06:52:41+00:00\" \/>\n<meta property=\"og:image\" content=\"https:\/\/errr-magazine.com\/wp-content\/uploads\/2018\/07\/Captura-de-pantalla-2018-07-15-a-las-16.29.09.png\" \/>\n\t<meta property=\"og:image:width\" content=\"668\" \/>\n\t<meta property=\"og:image:height\" content=\"439\" \/>\n\t<meta property=\"og:image:type\" content=\"image\/png\" \/>\n<meta name=\"author\" content=\"Eduardo Pantoja\" \/>\n<meta name=\"twitter:card\" content=\"summary_large_image\" \/>\n<meta name=\"twitter:label1\" content=\"Written by\" \/>\n\t<meta name=\"twitter:data1\" content=\"Eduardo Pantoja\" \/>\n\t<meta name=\"twitter:label2\" content=\"Est. reading time\" \/>\n\t<meta name=\"twitter:data2\" content=\"1 minute\" \/>\n<script type=\"application\/ld+json\" class=\"yoast-schema-graph\">{\"@context\":\"https:\/\/schema.org\",\"@graph\":[{\"@type\":\"Article\",\"@id\":\"https:\/\/errr-magazine.com\/el-peor-momento-para-decidir-tomar-un-trago\/#article\",\"isPartOf\":{\"@id\":\"https:\/\/errr-magazine.com\/el-peor-momento-para-decidir-tomar-un-trago\/\"},\"author\":{\"name\":\"Eduardo Pantoja\",\"@id\":\"https:\/\/errr-magazine.com\/#\/schema\/person\/2fedb90fdd69a9d6dc672951ee777594\"},\"headline\":\"El peor momento para decidir tomar un trago\",\"datePublished\":\"2018-07-15T07:26:00+00:00\",\"dateModified\":\"2022-08-31T06:52:41+00:00\",\"mainEntityOfPage\":{\"@id\":\"https:\/\/errr-magazine.com\/el-peor-momento-para-decidir-tomar-un-trago\/\"},\"wordCount\":238,\"image\":{\"@id\":\"https:\/\/errr-magazine.com\/el-peor-momento-para-decidir-tomar-un-trago\/#primaryimage\"},\"thumbnailUrl\":\"https:\/\/errr-magazine.com\/wp-content\/uploads\/2018\/07\/Captura-de-pantalla-2018-07-15-a-las-16.29.09.png\",\"articleSection\":[\"Textos\"],\"inLanguage\":\"en-US\"},{\"@type\":\"WebPage\",\"@id\":\"https:\/\/errr-magazine.com\/el-peor-momento-para-decidir-tomar-un-trago\/\",\"url\":\"https:\/\/errr-magazine.com\/el-peor-momento-para-decidir-tomar-un-trago\/\",\"name\":\"El peor momento para decidir tomar un trago - ERRR MAGAZINE\",\"isPartOf\":{\"@id\":\"https:\/\/errr-magazine.com\/#website\"},\"primaryImageOfPage\":{\"@id\":\"https:\/\/errr-magazine.com\/el-peor-momento-para-decidir-tomar-un-trago\/#primaryimage\"},\"image\":{\"@id\":\"https:\/\/errr-magazine.com\/el-peor-momento-para-decidir-tomar-un-trago\/#primaryimage\"},\"thumbnailUrl\":\"https:\/\/errr-magazine.com\/wp-content\/uploads\/2018\/07\/Captura-de-pantalla-2018-07-15-a-las-16.29.09.png\",\"datePublished\":\"2018-07-15T07:26:00+00:00\",\"dateModified\":\"2022-08-31T06:52:41+00:00\",\"author\":{\"@id\":\"https:\/\/errr-magazine.com\/#\/schema\/person\/2fedb90fdd69a9d6dc672951ee777594\"},\"breadcrumb\":{\"@id\":\"https:\/\/errr-magazine.com\/el-peor-momento-para-decidir-tomar-un-trago\/#breadcrumb\"},\"inLanguage\":\"en-US\",\"potentialAction\":[{\"@type\":\"ReadAction\",\"target\":[\"https:\/\/errr-magazine.com\/el-peor-momento-para-decidir-tomar-un-trago\/\"]}]},{\"@type\":\"ImageObject\",\"inLanguage\":\"en-US\",\"@id\":\"https:\/\/errr-magazine.com\/el-peor-momento-para-decidir-tomar-un-trago\/#primaryimage\",\"url\":\"https:\/\/errr-magazine.com\/wp-content\/uploads\/2018\/07\/Captura-de-pantalla-2018-07-15-a-las-16.29.09.png\",\"contentUrl\":\"https:\/\/errr-magazine.com\/wp-content\/uploads\/2018\/07\/Captura-de-pantalla-2018-07-15-a-las-16.29.09.png\",\"width\":668,\"height\":439},{\"@type\":\"BreadcrumbList\",\"@id\":\"https:\/\/errr-magazine.com\/el-peor-momento-para-decidir-tomar-un-trago\/#breadcrumb\",\"itemListElement\":[{\"@type\":\"ListItem\",\"position\":1,\"name\":\"Portada\",\"item\":\"https:\/\/errr-magazine.com\/\"},{\"@type\":\"ListItem\",\"position\":2,\"name\":\"El peor momento para decidir tomar un trago\"}]},{\"@type\":\"WebSite\",\"@id\":\"https:\/\/errr-magazine.com\/#website\",\"url\":\"https:\/\/errr-magazine.com\/\",\"name\":\"ERRR MAGAZINE\",\"description\":\"\",\"potentialAction\":[{\"@type\":\"SearchAction\",\"target\":{\"@type\":\"EntryPoint\",\"urlTemplate\":\"https:\/\/errr-magazine.com\/?s={search_term_string}\"},\"query-input\":{\"@type\":\"PropertyValueSpecification\",\"valueRequired\":true,\"valueName\":\"search_term_string\"}}],\"inLanguage\":\"en-US\"},{\"@type\":\"Person\",\"@id\":\"https:\/\/errr-magazine.com\/#\/schema\/person\/2fedb90fdd69a9d6dc672951ee777594\",\"name\":\"Eduardo Pantoja\",\"image\":{\"@type\":\"ImageObject\",\"inLanguage\":\"en-US\",\"@id\":\"https:\/\/secure.gravatar.com\/avatar\/aaf122e43dbba33879e0028b8caabd0e0aec34b16d1566d02eee759a18fbd490?s=96&d=identicon&r=g\",\"url\":\"https:\/\/secure.gravatar.com\/avatar\/aaf122e43dbba33879e0028b8caabd0e0aec34b16d1566d02eee759a18fbd490?s=96&d=identicon&r=g\",\"contentUrl\":\"https:\/\/secure.gravatar.com\/avatar\/aaf122e43dbba33879e0028b8caabd0e0aec34b16d1566d02eee759a18fbd490?s=96&d=identicon&r=g\",\"caption\":\"Eduardo Pantoja\"},\"description\":\"Vida cotidiana.\",\"sameAs\":[\"https:\/\/www.instagram.com\/eduardonubeoscura\"],\"url\":\"https:\/\/errr-magazine.com\/english\/author\/eduardo-pantoja\/\"}]}<\/script>\n<!-- \/ Yoast SEO plugin. -->","yoast_head_json":{"title":"El peor momento para decidir tomar un trago - ERRR MAGAZINE","robots":{"index":"index","follow":"follow","max-snippet":"max-snippet:-1","max-image-preview":"max-image-preview:large","max-video-preview":"max-video-preview:-1"},"canonical":"https:\/\/errr-magazine.com\/english\/el-peor-momento-para-decidir-tomar-un-trago\/","og_locale":"en_US","og_type":"article","og_title":"El peor momento para decidir tomar un trago - ERRR MAGAZINE","og_description":"Suena la alarma que puse hace dos a\u00f1os. \u201cElla te est\u00e1 dejando de querer\u201d. Tras la cortina un claro de luz que proyecta rayitos de motas en polvo de nuestras pieles muriendo me dice que son las\u00a0 quince horas de un d\u00eda cualquiera en \u00a0julio y la \u00faltima vez que te vi tuvimos el merecido [&hellip;]","og_url":"https:\/\/errr-magazine.com\/english\/el-peor-momento-para-decidir-tomar-un-trago\/","og_site_name":"ERRR MAGAZINE","article_published_time":"2018-07-15T07:26:00+00:00","article_modified_time":"2022-08-31T06:52:41+00:00","og_image":[{"width":668,"height":439,"url":"https:\/\/errr-magazine.com\/wp-content\/uploads\/2018\/07\/Captura-de-pantalla-2018-07-15-a-las-16.29.09.png","type":"image\/png"}],"author":"Eduardo Pantoja","twitter_card":"summary_large_image","twitter_misc":{"Written by":"Eduardo Pantoja","Est. reading time":"1 minute"},"schema":{"@context":"https:\/\/schema.org","@graph":[{"@type":"Article","@id":"https:\/\/errr-magazine.com\/el-peor-momento-para-decidir-tomar-un-trago\/#article","isPartOf":{"@id":"https:\/\/errr-magazine.com\/el-peor-momento-para-decidir-tomar-un-trago\/"},"author":{"name":"Eduardo Pantoja","@id":"https:\/\/errr-magazine.com\/#\/schema\/person\/2fedb90fdd69a9d6dc672951ee777594"},"headline":"El peor momento para decidir tomar un trago","datePublished":"2018-07-15T07:26:00+00:00","dateModified":"2022-08-31T06:52:41+00:00","mainEntityOfPage":{"@id":"https:\/\/errr-magazine.com\/el-peor-momento-para-decidir-tomar-un-trago\/"},"wordCount":238,"image":{"@id":"https:\/\/errr-magazine.com\/el-peor-momento-para-decidir-tomar-un-trago\/#primaryimage"},"thumbnailUrl":"https:\/\/errr-magazine.com\/wp-content\/uploads\/2018\/07\/Captura-de-pantalla-2018-07-15-a-las-16.29.09.png","articleSection":["Textos"],"inLanguage":"en-US"},{"@type":"WebPage","@id":"https:\/\/errr-magazine.com\/el-peor-momento-para-decidir-tomar-un-trago\/","url":"https:\/\/errr-magazine.com\/el-peor-momento-para-decidir-tomar-un-trago\/","name":"El peor momento para decidir tomar un trago - ERRR MAGAZINE","isPartOf":{"@id":"https:\/\/errr-magazine.com\/#website"},"primaryImageOfPage":{"@id":"https:\/\/errr-magazine.com\/el-peor-momento-para-decidir-tomar-un-trago\/#primaryimage"},"image":{"@id":"https:\/\/errr-magazine.com\/el-peor-momento-para-decidir-tomar-un-trago\/#primaryimage"},"thumbnailUrl":"https:\/\/errr-magazine.com\/wp-content\/uploads\/2018\/07\/Captura-de-pantalla-2018-07-15-a-las-16.29.09.png","datePublished":"2018-07-15T07:26:00+00:00","dateModified":"2022-08-31T06:52:41+00:00","author":{"@id":"https:\/\/errr-magazine.com\/#\/schema\/person\/2fedb90fdd69a9d6dc672951ee777594"},"breadcrumb":{"@id":"https:\/\/errr-magazine.com\/el-peor-momento-para-decidir-tomar-un-trago\/#breadcrumb"},"inLanguage":"en-US","potentialAction":[{"@type":"ReadAction","target":["https:\/\/errr-magazine.com\/el-peor-momento-para-decidir-tomar-un-trago\/"]}]},{"@type":"ImageObject","inLanguage":"en-US","@id":"https:\/\/errr-magazine.com\/el-peor-momento-para-decidir-tomar-un-trago\/#primaryimage","url":"https:\/\/errr-magazine.com\/wp-content\/uploads\/2018\/07\/Captura-de-pantalla-2018-07-15-a-las-16.29.09.png","contentUrl":"https:\/\/errr-magazine.com\/wp-content\/uploads\/2018\/07\/Captura-de-pantalla-2018-07-15-a-las-16.29.09.png","width":668,"height":439},{"@type":"BreadcrumbList","@id":"https:\/\/errr-magazine.com\/el-peor-momento-para-decidir-tomar-un-trago\/#breadcrumb","itemListElement":[{"@type":"ListItem","position":1,"name":"Portada","item":"https:\/\/errr-magazine.com\/"},{"@type":"ListItem","position":2,"name":"El peor momento para decidir tomar un trago"}]},{"@type":"WebSite","@id":"https:\/\/errr-magazine.com\/#website","url":"https:\/\/errr-magazine.com\/","name":"ERRR MAGAZINE","description":"","potentialAction":[{"@type":"SearchAction","target":{"@type":"EntryPoint","urlTemplate":"https:\/\/errr-magazine.com\/?s={search_term_string}"},"query-input":{"@type":"PropertyValueSpecification","valueRequired":true,"valueName":"search_term_string"}}],"inLanguage":"en-US"},{"@type":"Person","@id":"https:\/\/errr-magazine.com\/#\/schema\/person\/2fedb90fdd69a9d6dc672951ee777594","name":"Eduardo Pantoja","image":{"@type":"ImageObject","inLanguage":"en-US","@id":"https:\/\/secure.gravatar.com\/avatar\/aaf122e43dbba33879e0028b8caabd0e0aec34b16d1566d02eee759a18fbd490?s=96&d=identicon&r=g","url":"https:\/\/secure.gravatar.com\/avatar\/aaf122e43dbba33879e0028b8caabd0e0aec34b16d1566d02eee759a18fbd490?s=96&d=identicon&r=g","contentUrl":"https:\/\/secure.gravatar.com\/avatar\/aaf122e43dbba33879e0028b8caabd0e0aec34b16d1566d02eee759a18fbd490?s=96&d=identicon&r=g","caption":"Eduardo Pantoja"},"description":"Daily life.","sameAs":["https:\/\/www.instagram.com\/eduardonubeoscura"],"url":"https:\/\/errr-magazine.com\/english\/author\/eduardo-pantoja\/"}]}},"jetpack_featured_media_url":"https:\/\/errr-magazine.com\/wp-content\/uploads\/2018\/07\/Captura-de-pantalla-2018-07-15-a-las-16.29.09.png","jetpack-related-posts":[{"id":153040,"url":"https:\/\/errr-magazine.com\/english\/if-u-really-love-nothing\/","url_meta":{"origin":136530,"position":0},"title":"If u really love nothing","author":"Paulina Parra","date":"01\/02\/2020","format":false,"excerpt":"Todos los fines de semana suelo ir al Am\u00e9ricas con mi roomie, se llama Adri\u00e1n. A veces se me pierde a la mitad de la noche entre la luz roja del lugar y ya no lo veo hasta al d\u00eda siguiente en el depa cuando sale a la cocina semidesnudo\u2026","rel":"","context":"In &quot;Textos&quot;","block_context":{"text":"Textos","link":"https:\/\/errr-magazine.com\/english\/category\/textos\/"},"img":{"alt_text":"","src":"","width":0,"height":0},"classes":[]},{"id":134635,"url":"https:\/\/errr-magazine.com\/english\/confusion\/","url_meta":{"origin":136530,"position":1},"title":"Confusi\u00f3n","author":"Fernanda Ortiz Lop","date":"06\/02\/2018","format":false,"excerpt":"A\u00fan no logro descifrar si me enamor\u00e9 de ti. Pero de lo que si estoy segura es de que te quise y te mostr\u00e9 una parte de m\u00ed que no he dejado que alguien m\u00e1s vea. Odio pensar que no me quisiste, que s\u00f3lo eras demasiado amable y que por\u2026","rel":"","context":"In &quot;Textos&quot;","block_context":{"text":"Textos","link":"https:\/\/errr-magazine.com\/english\/category\/textos\/"},"img":{"alt_text":"","src":"https:\/\/i0.wp.com\/errr-magazine.com\/wp-content\/uploads\/2018\/05\/tumblr_nxln1wm0U61ugqsrco1_1280.jpg?resize=350%2C200&ssl=1","width":350,"height":200,"srcset":"https:\/\/i0.wp.com\/errr-magazine.com\/wp-content\/uploads\/2018\/05\/tumblr_nxln1wm0U61ugqsrco1_1280.jpg?resize=350%2C200&ssl=1 1x, https:\/\/i0.wp.com\/errr-magazine.com\/wp-content\/uploads\/2018\/05\/tumblr_nxln1wm0U61ugqsrco1_1280.jpg?resize=525%2C300&ssl=1 1.5x, https:\/\/i0.wp.com\/errr-magazine.com\/wp-content\/uploads\/2018\/05\/tumblr_nxln1wm0U61ugqsrco1_1280.jpg?resize=700%2C400&ssl=1 2x, https:\/\/i0.wp.com\/errr-magazine.com\/wp-content\/uploads\/2018\/05\/tumblr_nxln1wm0U61ugqsrco1_1280.jpg?resize=1050%2C600&ssl=1 3x"},"classes":[]},{"id":198046,"url":"https:\/\/errr-magazine.com\/english\/wings-of-a-dove\/","url_meta":{"origin":136530,"position":2},"title":"Wings of a dove","author":"Vitalik Melnikov","date":"01\/22\/2026","format":false,"excerpt":"I always try to look for a story in photos. I really like pictures where you can see a part of documenting, personality, reflection, emotions. Now I\u2019d like to capture life as it is \u2014 to try not to push too much.","rel":"","context":"In &quot;Artes visuales&quot;","block_context":{"text":"Artes visuales","link":"https:\/\/errr-magazine.com\/english\/category\/interviews\/artes-visuales\/"},"img":{"alt_text":"","src":"https:\/\/i0.wp.com\/errr-magazine.com\/wp-content\/uploads\/2026\/01\/V_-055-scaled.jpg?resize=350%2C200&ssl=1","width":350,"height":200,"srcset":"https:\/\/i0.wp.com\/errr-magazine.com\/wp-content\/uploads\/2026\/01\/V_-055-scaled.jpg?resize=350%2C200&ssl=1 1x, https:\/\/i0.wp.com\/errr-magazine.com\/wp-content\/uploads\/2026\/01\/V_-055-scaled.jpg?resize=525%2C300&ssl=1 1.5x, https:\/\/i0.wp.com\/errr-magazine.com\/wp-content\/uploads\/2026\/01\/V_-055-scaled.jpg?resize=700%2C400&ssl=1 2x, https:\/\/i0.wp.com\/errr-magazine.com\/wp-content\/uploads\/2026\/01\/V_-055-scaled.jpg?resize=1050%2C600&ssl=1 3x, https:\/\/i0.wp.com\/errr-magazine.com\/wp-content\/uploads\/2026\/01\/V_-055-scaled.jpg?resize=1400%2C800&ssl=1 4x"},"classes":[]},{"id":159235,"url":"https:\/\/errr-magazine.com\/english\/mi-chica-ideal\/","url_meta":{"origin":136530,"position":3},"title":"Mi chica ideal","author":"\u00c1ngel Hern\u00e1ndez","date":"05\/08\/2020","format":false,"excerpt":"\u201cBuenos d\u00edas. Usted es la chica perfecta para m\u00ed.\u201d Haruki Murakami \u00a0 Supe que ella ser\u00eda mi chica ideal desde que la vi caminar por la calle. Ya s\u00e9 lo que usted dir\u00e1 y no, esto no es una historia de amor. Ojal\u00e1 lo fuera. Soy sincero. Pens\u00e9 que ser\u00eda\u2026","rel":"","context":"In &quot;Textos&quot;","block_context":{"text":"Textos","link":"https:\/\/errr-magazine.com\/english\/category\/textos\/"},"img":{"alt_text":"","src":"","width":0,"height":0},"classes":[]},{"id":129077,"url":"https:\/\/errr-magazine.com\/english\/lejania\/","url_meta":{"origin":136530,"position":4},"title":"Lejan\u00eda","author":"Lupz","date":"03\/17\/2018","format":false,"excerpt":"\u00c9l se enamora de todo lo lejano y yo estoy demasiado cerca. Fotograf\u00eda por Isa Gelb","rel":"","context":"In &quot;Textos&quot;","block_context":{"text":"Textos","link":"https:\/\/errr-magazine.com\/english\/category\/textos\/"},"img":{"alt_text":"","src":"","width":0,"height":0},"classes":[]},{"id":158376,"url":"https:\/\/errr-magazine.com\/english\/belleza\/","url_meta":{"origin":136530,"position":5},"title":"Belleza","author":"Brenda Lopez Gomez","date":"04\/24\/2020","format":false,"excerpt":"\u00bfCu\u00e1l es tu palabra favorita?: Belleza Relata alg\u00fan sue\u00f1o reciente del que te acuerdes.: Para m\u00ed es casi imposible recordar lo que sue\u00f1o. En el \u00faltimo fragmento de sue\u00f1o que recuerdo, sosten\u00eda a un beb\u00e9 en mis brazos, m\u00edo no era, no recuerdo su rostro, s\u00f3lo s\u00e9 que era var\u00f3n,\u2026","rel":"","context":"In &quot;Textos&quot;","block_context":{"text":"Textos","link":"https:\/\/errr-magazine.com\/english\/category\/textos\/"},"img":{"alt_text":"","src":"https:\/\/i0.wp.com\/errr-magazine.com\/wp-content\/uploads\/2020\/04\/Captura-de-pantalla-2020-11-12-a-las-15.14.42.png?resize=350%2C200&ssl=1","width":350,"height":200,"srcset":"https:\/\/i0.wp.com\/errr-magazine.com\/wp-content\/uploads\/2020\/04\/Captura-de-pantalla-2020-11-12-a-las-15.14.42.png?resize=350%2C200&ssl=1 1x, https:\/\/i0.wp.com\/errr-magazine.com\/wp-content\/uploads\/2020\/04\/Captura-de-pantalla-2020-11-12-a-las-15.14.42.png?resize=525%2C300&ssl=1 1.5x, https:\/\/i0.wp.com\/errr-magazine.com\/wp-content\/uploads\/2020\/04\/Captura-de-pantalla-2020-11-12-a-las-15.14.42.png?resize=700%2C400&ssl=1 2x"},"classes":[]}],"jetpack_sharing_enabled":true,"mfb_rest_fields":["title","yoast_head","yoast_head_json","jetpack_featured_media_url","jetpack-related-posts","jetpack_sharing_enabled"],"_links":{"self":[{"href":"https:\/\/errr-magazine.com\/english\/wp-json\/wp\/v2\/posts\/136530","targetHints":{"allow":["GET"]}}],"collection":[{"href":"https:\/\/errr-magazine.com\/english\/wp-json\/wp\/v2\/posts"}],"about":[{"href":"https:\/\/errr-magazine.com\/english\/wp-json\/wp\/v2\/types\/post"}],"author":[{"embeddable":true,"href":"https:\/\/errr-magazine.com\/english\/wp-json\/wp\/v2\/users\/6078"}],"replies":[{"embeddable":true,"href":"https:\/\/errr-magazine.com\/english\/wp-json\/wp\/v2\/comments?post=136530"}],"version-history":[{"count":4,"href":"https:\/\/errr-magazine.com\/english\/wp-json\/wp\/v2\/posts\/136530\/revisions"}],"predecessor-version":[{"id":136679,"href":"https:\/\/errr-magazine.com\/english\/wp-json\/wp\/v2\/posts\/136530\/revisions\/136679"}],"wp:featuredmedia":[{"embeddable":true,"href":"https:\/\/errr-magazine.com\/english\/wp-json\/wp\/v2\/media\/136675"}],"wp:attachment":[{"href":"https:\/\/errr-magazine.com\/english\/wp-json\/wp\/v2\/media?parent=136530"}],"wp:term":[{"taxonomy":"category","embeddable":true,"href":"https:\/\/errr-magazine.com\/english\/wp-json\/wp\/v2\/categories?post=136530"},{"taxonomy":"post_tag","embeddable":true,"href":"https:\/\/errr-magazine.com\/english\/wp-json\/wp\/v2\/tags?post=136530"}],"curies":[{"name":"wp","href":"https:\/\/api.w.org\/{rel}","templated":true}]}}