{"id":135166,"date":"2018-06-15T21:17:02","date_gmt":"2018-06-16T03:17:02","guid":{"rendered":"http:\/\/errr-magazine.com\/?p=135166"},"modified":"2022-08-31T01:53:35","modified_gmt":"2022-08-31T06:53:35","slug":"como-sucede-el-despojo-caso-del-bosque-en-arboledas-sur","status":"publish","type":"post","link":"https:\/\/errr-magazine.com\/english\/como-sucede-el-despojo-caso-del-bosque-en-arboledas-sur\/","title":{"rendered":"\u00bfC\u00f3mo sucede el despojo? Caso del Bosque en Arboledas Sur"},"content":{"rendered":"<p><span style=\"font-weight: 400;\">Viviendo en un pa\u00eds tan polarizado como M\u00e9xico, muchas veces entra la pregunta de por qu\u00e9 existe gente viviendo en pobreza extrema que comparte territorio nacional con uno de los hombres m\u00e1s ricos del mundo. Pensando de manera m\u00e1s espec\u00edfica en un lugar como la zona metropolitana de Guadalajara, \u00bfpor qu\u00e9 las partes c\u00e9ntricas de la ciudad son de las clases altas y entre m\u00e1s a la periferia est\u00e1n las colonias, m\u00e1s violentas las calles y en peores condiciones est\u00e1n casas?<\/span><\/p>\n<p><span style=\"font-weight: 400;\">El famoso fen\u00f3meno de la gentrificaci\u00f3n o del blanqueamiento por despojo se trata justamente de sacar a las y los habitantes de sus colonias y llenarlas de nuevos inquilinos de clases sociales m\u00e1s altas, pero es de esperar que este proceso no ocurra de la noche a la ma\u00f1ana ni de manera expl\u00edcitamente agresiva. Lentamente, con sutilezas pol\u00edticas, econ\u00f3micas y sociales, las zonas se vac\u00edan, suben las rentas por medio de construcciones que dan plusval\u00eda a la colonia y llega la clase social que puede pagar esos nuevos costos. <\/span><\/p>\n<p><span style=\"font-weight: 400;\">Para ilustrar este fen\u00f3meno no se me ocurre mejor ejemplo que el del Bosque en Arboledas Sur, cerca de la colonia del Sauz. A pocas cuadras del perif\u00e9rico, la colonia que vio crecer al bosque est\u00e1 llena de inseguridad, tr\u00e1fico, pandillas, etc. Al pie del cerro del cuatro y a unas pocas cuadras del tren ligero, esta colonia hab\u00eda sido conocida por ser una zona roja de la ciudad por varios a\u00f1os. <\/span><\/p>\n<p><span style=\"font-weight: 400;\">Las y los vecinos del bosque se dedicaron a plantar, cuidar, regar y limpiarlo, creando un sentido de comunidad por medio de la naturaleza verdaderamente envidiable. A diferencia de las zonas llenas de fraccionamientos en la ciudad, las personas que viven aqu\u00ed se conocen entre ellas, pues tienen un proyecto en com\u00fan: no dejarlo morir. <\/span><\/p>\n<p><span style=\"font-weight: 400;\">Ahora bien, si esta colonia tiene un sentido de comunidad tan fuerte, \u00bfc\u00f3mo podr\u00edan despojarlos? <\/span><\/p>\n<p><span style=\"font-weight: 400;\">Para empezar, la violencia en la zona no es ninguna casualidad. Nadie puede vivir tranquilo sabiendo que el crimen organizado habita la casa de al lado. Las personas que han vivido ah\u00ed por generaciones dejan el nido familiar para poder cuidar a sus hijos, buscando as\u00ed otra renta que puedan pagar <\/span><i><span style=\"font-weight: 400;\">&#8211; probablemente todav\u00eda m\u00e1s al margen de la ciudad. &#8211;<\/span><\/i><\/p>\n<p><span style=\"font-weight: 400;\">El problema de la inseguridad no es ning\u00fan secreto, la asociaci\u00f3n de vecinos ha reportado y pedido a las autoridades vigilancia, pero si algo es seguro sobre la polic\u00eda de este pa\u00eds es que no representan ning\u00fan sentido de seguridad. Las mismas personas que asaltan son las que detienen los asaltos, as\u00ed que no queda de otra m\u00e1s que moverse a un lugar menos peligroso. <\/span><\/p>\n<p><span style=\"font-weight: 400;\">Otra manera de hacer inhabitable Arboledas Sur es mandando a empresas privadas a tirar su basura en franjas naturales del Bosque que los mismos vecinos hicieron. Una vez m\u00e1s, la asociaci\u00f3n de vecinos pidi\u00f3 a las autoridades que mandaran equipos p\u00fablicos de limpieza, \u00a1pero si son ellos mismos los que ensucian\u00a1 Las autoridades han permitido que uno de los pulmones m\u00e1s importantes de la ciudad se vuelva un basurero con tal de sacar a las familias que han vivido ah\u00ed desde siempre, \u00bfpero de qu\u00e9 le sirve \u00e9sto al gobierno?<\/span><\/p>\n<p><span style=\"font-weight: 400;\">Este mes comenzaron las construcciones dentro del bosque, excus\u00e1ndose por medio la necesidad de pavimentar para volver la zona recreativa m\u00e1s inclusiva. La constructora de la familia Errej\u00f3n Alfaro <\/span><i><span style=\"font-weight: 400;\">-as\u00ed es, la constructora del presidente de Guadalajara-<\/span><\/i><span style=\"font-weight: 400;\"> se dedican a destruir el bosque. Tala de \u00e1rboles, impedimento de absorci\u00f3n del agua por medio del pavimento, todo tipo de ecocidio que d\u00e9 valor a la zona. <\/span><\/p>\n<p><span style=\"font-weight: 400;\">No es lo mismo vivir por el cerro que vivir por un parque p\u00fablico hermoso y gigante, las rentas van a subir y los Alfaro lo saben. Una vez que la colonia sea cara y valiosa, entonces vale la pena hacer departamentos para las clases sociales m\u00e1s altas que les interese vivir ah\u00ed. <\/span><\/p>\n<p><span style=\"font-weight: 400;\">Desde la violencia extrema hasta el ecocidio, todo con planes de plusval\u00eda y despojo. \u00bfA d\u00f3nde se va a ir la gente que vive el d\u00eda de hoy en Arboledas Sur? M\u00e1s a la periferia, hasta que ah\u00ed tambi\u00e9n se vuelva una zona de inter\u00e9s para la clase alta. <\/span><\/p>\n<p><span style=\"font-weight: 400;\">A pesar de que ya existe un amparo sobre el bosque, los proyectos de construcci\u00f3n siguen el d\u00eda de hoy. Se est\u00e1 comenzando a instalar tuber\u00eda, romper el suelo, debilitar las ra\u00edces de los \u00e1rboles para que se caigan solos y no se les tache de ecocidas. La comunidad vecinal protesta, se aferra a su territorio como es debido. Saben que es la guerra por habitar, o pelean hoy o se mudan ma\u00f1ana.<\/span><\/p>\n<p>Photographers: <a href=\"http:\/\/bernardoaldana.portfoliobox.me\/\">Bernardo Aldana<\/a><\/p>","protected":false},"excerpt":{"rendered":"<p>Viviendo en un pa\u00eds tan polarizado como M\u00e9xico, muchas veces entra la pregunta de por qu\u00e9 existe gente viviendo en pobreza extrema que comparte territorio nacional con uno de los hombres m\u00e1s ricos del mundo. Pensando de manera m\u00e1s espec\u00edfica en un lugar como la zona metropolitana de Guadalajara, \u00bfpor qu\u00e9 las partes c\u00e9ntricas de [&hellip;]<\/p>\n","protected":false},"author":4037,"featured_media":135253,"comment_status":"closed","ping_status":"closed","sticky":false,"template":"","format":"standard","meta":{"_acf_changed":false,"cybocfi_hide_featured_image":"","_jetpack_memberships_contains_paid_content":false,"footnotes":""},"categories":[7997],"tags":[],"class_list":["post-135166","post","type-post","status-publish","format-standard","has-post-thumbnail","hentry","category-textos"],"acf":[],"mb":[],"yoast_head":"<!-- This site is optimized with the Yoast SEO plugin v27.2 - https:\/\/yoast.com\/product\/yoast-seo-wordpress\/ -->\n<title>\u00bfC\u00f3mo sucede el despojo? Caso del Bosque en Arboledas Sur - ERRR MAGAZINE<\/title>\n<meta name=\"robots\" content=\"index, follow, max-snippet:-1, max-image-preview:large, max-video-preview:-1\" \/>\n<link rel=\"canonical\" href=\"https:\/\/errr-magazine.com\/english\/como-sucede-el-despojo-caso-del-bosque-en-arboledas-sur\/\" \/>\n<meta property=\"og:locale\" content=\"en_US\" \/>\n<meta property=\"og:type\" content=\"article\" \/>\n<meta property=\"og:title\" content=\"\u00bfC\u00f3mo sucede el despojo? Caso del Bosque en Arboledas Sur - ERRR MAGAZINE\" \/>\n<meta property=\"og:description\" content=\"Viviendo en un pa\u00eds tan polarizado como M\u00e9xico, muchas veces entra la pregunta de por qu\u00e9 existe gente viviendo en pobreza extrema que comparte territorio nacional con uno de los hombres m\u00e1s ricos del mundo. Pensando de manera m\u00e1s espec\u00edfica en un lugar como la zona metropolitana de Guadalajara, \u00bfpor qu\u00e9 las partes c\u00e9ntricas de [&hellip;]\" \/>\n<meta property=\"og:url\" content=\"https:\/\/errr-magazine.com\/english\/como-sucede-el-despojo-caso-del-bosque-en-arboledas-sur\/\" \/>\n<meta property=\"og:site_name\" content=\"ERRR MAGAZINE\" \/>\n<meta property=\"article:published_time\" content=\"2018-06-16T03:17:02+00:00\" \/>\n<meta property=\"article:modified_time\" content=\"2022-08-31T06:53:35+00:00\" \/>\n<meta property=\"og:image\" content=\"https:\/\/errr-magazine.com\/wp-content\/uploads\/2018\/06\/Captura-de-pantalla-2018-06-16-a-las-12.48.30.png\" \/>\n\t<meta property=\"og:image:width\" content=\"805\" \/>\n\t<meta property=\"og:image:height\" content=\"494\" \/>\n\t<meta property=\"og:image:type\" content=\"image\/png\" \/>\n<meta name=\"author\" content=\"ZetaBerrueta\" \/>\n<meta name=\"twitter:card\" content=\"summary_large_image\" \/>\n<meta name=\"twitter:label1\" content=\"Written by\" \/>\n\t<meta name=\"twitter:data1\" content=\"ZetaBerrueta\" \/>\n\t<meta name=\"twitter:label2\" content=\"Est. reading time\" \/>\n\t<meta name=\"twitter:data2\" content=\"4 minutes\" \/>\n<script type=\"application\/ld+json\" class=\"yoast-schema-graph\">{\"@context\":\"https:\/\/schema.org\",\"@graph\":[{\"@type\":\"Article\",\"@id\":\"https:\/\/errr-magazine.com\/como-sucede-el-despojo-caso-del-bosque-en-arboledas-sur\/#article\",\"isPartOf\":{\"@id\":\"https:\/\/errr-magazine.com\/como-sucede-el-despojo-caso-del-bosque-en-arboledas-sur\/\"},\"author\":{\"name\":\"ZetaBerrueta\",\"@id\":\"https:\/\/errr-magazine.com\/#\/schema\/person\/6d09ae8cad26d1dd2650fa41c797550d\"},\"headline\":\"\u00bfC\u00f3mo sucede el despojo? Caso del Bosque en Arboledas Sur\",\"datePublished\":\"2018-06-16T03:17:02+00:00\",\"dateModified\":\"2022-08-31T06:53:35+00:00\",\"mainEntityOfPage\":{\"@id\":\"https:\/\/errr-magazine.com\/como-sucede-el-despojo-caso-del-bosque-en-arboledas-sur\/\"},\"wordCount\":839,\"image\":{\"@id\":\"https:\/\/errr-magazine.com\/como-sucede-el-despojo-caso-del-bosque-en-arboledas-sur\/#primaryimage\"},\"thumbnailUrl\":\"https:\/\/errr-magazine.com\/wp-content\/uploads\/2018\/06\/Captura-de-pantalla-2018-06-16-a-las-12.48.30.png\",\"articleSection\":[\"Textos\"],\"inLanguage\":\"en-US\"},{\"@type\":\"WebPage\",\"@id\":\"https:\/\/errr-magazine.com\/como-sucede-el-despojo-caso-del-bosque-en-arboledas-sur\/\",\"url\":\"https:\/\/errr-magazine.com\/como-sucede-el-despojo-caso-del-bosque-en-arboledas-sur\/\",\"name\":\"\u00bfC\u00f3mo sucede el despojo? Caso del Bosque en Arboledas Sur - ERRR MAGAZINE\",\"isPartOf\":{\"@id\":\"https:\/\/errr-magazine.com\/#website\"},\"primaryImageOfPage\":{\"@id\":\"https:\/\/errr-magazine.com\/como-sucede-el-despojo-caso-del-bosque-en-arboledas-sur\/#primaryimage\"},\"image\":{\"@id\":\"https:\/\/errr-magazine.com\/como-sucede-el-despojo-caso-del-bosque-en-arboledas-sur\/#primaryimage\"},\"thumbnailUrl\":\"https:\/\/errr-magazine.com\/wp-content\/uploads\/2018\/06\/Captura-de-pantalla-2018-06-16-a-las-12.48.30.png\",\"datePublished\":\"2018-06-16T03:17:02+00:00\",\"dateModified\":\"2022-08-31T06:53:35+00:00\",\"author\":{\"@id\":\"https:\/\/errr-magazine.com\/#\/schema\/person\/6d09ae8cad26d1dd2650fa41c797550d\"},\"breadcrumb\":{\"@id\":\"https:\/\/errr-magazine.com\/como-sucede-el-despojo-caso-del-bosque-en-arboledas-sur\/#breadcrumb\"},\"inLanguage\":\"en-US\",\"potentialAction\":[{\"@type\":\"ReadAction\",\"target\":[\"https:\/\/errr-magazine.com\/como-sucede-el-despojo-caso-del-bosque-en-arboledas-sur\/\"]}]},{\"@type\":\"ImageObject\",\"inLanguage\":\"en-US\",\"@id\":\"https:\/\/errr-magazine.com\/como-sucede-el-despojo-caso-del-bosque-en-arboledas-sur\/#primaryimage\",\"url\":\"https:\/\/errr-magazine.com\/wp-content\/uploads\/2018\/06\/Captura-de-pantalla-2018-06-16-a-las-12.48.30.png\",\"contentUrl\":\"https:\/\/errr-magazine.com\/wp-content\/uploads\/2018\/06\/Captura-de-pantalla-2018-06-16-a-las-12.48.30.png\",\"width\":805,\"height\":494},{\"@type\":\"BreadcrumbList\",\"@id\":\"https:\/\/errr-magazine.com\/como-sucede-el-despojo-caso-del-bosque-en-arboledas-sur\/#breadcrumb\",\"itemListElement\":[{\"@type\":\"ListItem\",\"position\":1,\"name\":\"Portada\",\"item\":\"https:\/\/errr-magazine.com\/\"},{\"@type\":\"ListItem\",\"position\":2,\"name\":\"\u00bfC\u00f3mo sucede el despojo? Caso del Bosque en Arboledas Sur\"}]},{\"@type\":\"WebSite\",\"@id\":\"https:\/\/errr-magazine.com\/#website\",\"url\":\"https:\/\/errr-magazine.com\/\",\"name\":\"ERRR MAGAZINE\",\"description\":\"\",\"potentialAction\":[{\"@type\":\"SearchAction\",\"target\":{\"@type\":\"EntryPoint\",\"urlTemplate\":\"https:\/\/errr-magazine.com\/?s={search_term_string}\"},\"query-input\":{\"@type\":\"PropertyValueSpecification\",\"valueRequired\":true,\"valueName\":\"search_term_string\"}}],\"inLanguage\":\"en-US\"},{\"@type\":\"Person\",\"@id\":\"https:\/\/errr-magazine.com\/#\/schema\/person\/6d09ae8cad26d1dd2650fa41c797550d\",\"name\":\"ZetaBerrueta\",\"image\":{\"@type\":\"ImageObject\",\"inLanguage\":\"en-US\",\"@id\":\"https:\/\/secure.gravatar.com\/avatar\/4380c87e3a3f11c10ceb9bf0b1b56ee929b3dca24816341dd524101ee8ead075?s=96&d=identicon&r=g\",\"url\":\"https:\/\/secure.gravatar.com\/avatar\/4380c87e3a3f11c10ceb9bf0b1b56ee929b3dca24816341dd524101ee8ead075?s=96&d=identicon&r=g\",\"contentUrl\":\"https:\/\/secure.gravatar.com\/avatar\/4380c87e3a3f11c10ceb9bf0b1b56ee929b3dca24816341dd524101ee8ead075?s=96&d=identicon&r=g\",\"caption\":\"ZetaBerrueta\"},\"url\":\"https:\/\/errr-magazine.com\/english\/author\/zetaberrueta\/\"}]}<\/script>\n<!-- \/ Yoast SEO plugin. -->","yoast_head_json":{"title":"\u00bfC\u00f3mo sucede el despojo? Caso del Bosque en Arboledas Sur - ERRR MAGAZINE","robots":{"index":"index","follow":"follow","max-snippet":"max-snippet:-1","max-image-preview":"max-image-preview:large","max-video-preview":"max-video-preview:-1"},"canonical":"https:\/\/errr-magazine.com\/english\/como-sucede-el-despojo-caso-del-bosque-en-arboledas-sur\/","og_locale":"en_US","og_type":"article","og_title":"\u00bfC\u00f3mo sucede el despojo? Caso del Bosque en Arboledas Sur - ERRR MAGAZINE","og_description":"Viviendo en un pa\u00eds tan polarizado como M\u00e9xico, muchas veces entra la pregunta de por qu\u00e9 existe gente viviendo en pobreza extrema que comparte territorio nacional con uno de los hombres m\u00e1s ricos del mundo. Pensando de manera m\u00e1s espec\u00edfica en un lugar como la zona metropolitana de Guadalajara, \u00bfpor qu\u00e9 las partes c\u00e9ntricas de [&hellip;]","og_url":"https:\/\/errr-magazine.com\/english\/como-sucede-el-despojo-caso-del-bosque-en-arboledas-sur\/","og_site_name":"ERRR MAGAZINE","article_published_time":"2018-06-16T03:17:02+00:00","article_modified_time":"2022-08-31T06:53:35+00:00","og_image":[{"width":805,"height":494,"url":"https:\/\/errr-magazine.com\/wp-content\/uploads\/2018\/06\/Captura-de-pantalla-2018-06-16-a-las-12.48.30.png","type":"image\/png"}],"author":"ZetaBerrueta","twitter_card":"summary_large_image","twitter_misc":{"Written by":"ZetaBerrueta","Est. reading time":"4 minutes"},"schema":{"@context":"https:\/\/schema.org","@graph":[{"@type":"Article","@id":"https:\/\/errr-magazine.com\/como-sucede-el-despojo-caso-del-bosque-en-arboledas-sur\/#article","isPartOf":{"@id":"https:\/\/errr-magazine.com\/como-sucede-el-despojo-caso-del-bosque-en-arboledas-sur\/"},"author":{"name":"ZetaBerrueta","@id":"https:\/\/errr-magazine.com\/#\/schema\/person\/6d09ae8cad26d1dd2650fa41c797550d"},"headline":"\u00bfC\u00f3mo sucede el despojo? Caso del Bosque en Arboledas Sur","datePublished":"2018-06-16T03:17:02+00:00","dateModified":"2022-08-31T06:53:35+00:00","mainEntityOfPage":{"@id":"https:\/\/errr-magazine.com\/como-sucede-el-despojo-caso-del-bosque-en-arboledas-sur\/"},"wordCount":839,"image":{"@id":"https:\/\/errr-magazine.com\/como-sucede-el-despojo-caso-del-bosque-en-arboledas-sur\/#primaryimage"},"thumbnailUrl":"https:\/\/errr-magazine.com\/wp-content\/uploads\/2018\/06\/Captura-de-pantalla-2018-06-16-a-las-12.48.30.png","articleSection":["Textos"],"inLanguage":"en-US"},{"@type":"WebPage","@id":"https:\/\/errr-magazine.com\/como-sucede-el-despojo-caso-del-bosque-en-arboledas-sur\/","url":"https:\/\/errr-magazine.com\/como-sucede-el-despojo-caso-del-bosque-en-arboledas-sur\/","name":"\u00bfC\u00f3mo sucede el despojo? Caso del Bosque en Arboledas Sur - ERRR MAGAZINE","isPartOf":{"@id":"https:\/\/errr-magazine.com\/#website"},"primaryImageOfPage":{"@id":"https:\/\/errr-magazine.com\/como-sucede-el-despojo-caso-del-bosque-en-arboledas-sur\/#primaryimage"},"image":{"@id":"https:\/\/errr-magazine.com\/como-sucede-el-despojo-caso-del-bosque-en-arboledas-sur\/#primaryimage"},"thumbnailUrl":"https:\/\/errr-magazine.com\/wp-content\/uploads\/2018\/06\/Captura-de-pantalla-2018-06-16-a-las-12.48.30.png","datePublished":"2018-06-16T03:17:02+00:00","dateModified":"2022-08-31T06:53:35+00:00","author":{"@id":"https:\/\/errr-magazine.com\/#\/schema\/person\/6d09ae8cad26d1dd2650fa41c797550d"},"breadcrumb":{"@id":"https:\/\/errr-magazine.com\/como-sucede-el-despojo-caso-del-bosque-en-arboledas-sur\/#breadcrumb"},"inLanguage":"en-US","potentialAction":[{"@type":"ReadAction","target":["https:\/\/errr-magazine.com\/como-sucede-el-despojo-caso-del-bosque-en-arboledas-sur\/"]}]},{"@type":"ImageObject","inLanguage":"en-US","@id":"https:\/\/errr-magazine.com\/como-sucede-el-despojo-caso-del-bosque-en-arboledas-sur\/#primaryimage","url":"https:\/\/errr-magazine.com\/wp-content\/uploads\/2018\/06\/Captura-de-pantalla-2018-06-16-a-las-12.48.30.png","contentUrl":"https:\/\/errr-magazine.com\/wp-content\/uploads\/2018\/06\/Captura-de-pantalla-2018-06-16-a-las-12.48.30.png","width":805,"height":494},{"@type":"BreadcrumbList","@id":"https:\/\/errr-magazine.com\/como-sucede-el-despojo-caso-del-bosque-en-arboledas-sur\/#breadcrumb","itemListElement":[{"@type":"ListItem","position":1,"name":"Portada","item":"https:\/\/errr-magazine.com\/"},{"@type":"ListItem","position":2,"name":"\u00bfC\u00f3mo sucede el despojo? Caso del Bosque en Arboledas Sur"}]},{"@type":"WebSite","@id":"https:\/\/errr-magazine.com\/#website","url":"https:\/\/errr-magazine.com\/","name":"ERRR MAGAZINE","description":"","potentialAction":[{"@type":"SearchAction","target":{"@type":"EntryPoint","urlTemplate":"https:\/\/errr-magazine.com\/?s={search_term_string}"},"query-input":{"@type":"PropertyValueSpecification","valueRequired":true,"valueName":"search_term_string"}}],"inLanguage":"en-US"},{"@type":"Person","@id":"https:\/\/errr-magazine.com\/#\/schema\/person\/6d09ae8cad26d1dd2650fa41c797550d","name":"ZetaBerrueta","image":{"@type":"ImageObject","inLanguage":"en-US","@id":"https:\/\/secure.gravatar.com\/avatar\/4380c87e3a3f11c10ceb9bf0b1b56ee929b3dca24816341dd524101ee8ead075?s=96&d=identicon&r=g","url":"https:\/\/secure.gravatar.com\/avatar\/4380c87e3a3f11c10ceb9bf0b1b56ee929b3dca24816341dd524101ee8ead075?s=96&d=identicon&r=g","contentUrl":"https:\/\/secure.gravatar.com\/avatar\/4380c87e3a3f11c10ceb9bf0b1b56ee929b3dca24816341dd524101ee8ead075?s=96&d=identicon&r=g","caption":"ZetaBerrueta"},"url":"https:\/\/errr-magazine.com\/english\/author\/zetaberrueta\/"}]}},"jetpack_featured_media_url":"https:\/\/errr-magazine.com\/wp-content\/uploads\/2018\/06\/Captura-de-pantalla-2018-06-16-a-las-12.48.30.png","jetpack-related-posts":[{"id":201244,"url":"https:\/\/errr-magazine.com\/english\/grijaw-coffee\/","url_meta":{"origin":135166,"position":0},"title":"Grijaw Coffee","author":"Grijaw Coffee","date":"02\/27\/2026","format":false,"excerpt":"As a coffee bar set up in my home, it\u2019s defined by being an intimate space where people are received with warmth. It\u2019s about showing that quality is never compromised, even without large infrastructure.","rel":"","context":"In &quot;Cafeterias y panader\u00edas&quot;","block_context":{"text":"Cafeterias y panader\u00edas","link":"https:\/\/errr-magazine.com\/english\/category\/places\/cafeterias-y-panaderias\/"},"img":{"alt_text":"","src":"https:\/\/i0.wp.com\/errr-magazine.com\/wp-content\/uploads\/2026\/02\/MG_5728-1.jpg?resize=350%2C200&ssl=1","width":350,"height":200,"srcset":"https:\/\/i0.wp.com\/errr-magazine.com\/wp-content\/uploads\/2026\/02\/MG_5728-1.jpg?resize=350%2C200&ssl=1 1x, https:\/\/i0.wp.com\/errr-magazine.com\/wp-content\/uploads\/2026\/02\/MG_5728-1.jpg?resize=525%2C300&ssl=1 1.5x, https:\/\/i0.wp.com\/errr-magazine.com\/wp-content\/uploads\/2026\/02\/MG_5728-1.jpg?resize=700%2C400&ssl=1 2x, https:\/\/i0.wp.com\/errr-magazine.com\/wp-content\/uploads\/2026\/02\/MG_5728-1.jpg?resize=1050%2C600&ssl=1 3x, https:\/\/i0.wp.com\/errr-magazine.com\/wp-content\/uploads\/2026\/02\/MG_5728-1.jpg?resize=1400%2C800&ssl=1 4x"},"classes":[]},{"id":202892,"url":"https:\/\/errr-magazine.com\/english\/glaciar-libros-helados\/","url_meta":{"origin":135166,"position":1},"title":"Glacier: frozen books","author":"Glaciar: libros helados","date":"03\/22\/2026","format":false,"excerpt":"We realized that in our area there wasn\u2019t a place where you could buy books from independent publishers, contemporary Mexican women writers, art books, fanzines, and design and illustration items like stickers and prints.","rel":"","context":"In &quot;Librer\u00edas&quot;","block_context":{"text":"Librer\u00edas","link":"https:\/\/errr-magazine.com\/english\/category\/places\/librerias\/"},"img":{"alt_text":"","src":"https:\/\/i0.wp.com\/errr-magazine.com\/wp-content\/uploads\/2026\/03\/IMG_0227-scaled.jpg?resize=350%2C200&ssl=1","width":350,"height":200,"srcset":"https:\/\/i0.wp.com\/errr-magazine.com\/wp-content\/uploads\/2026\/03\/IMG_0227-scaled.jpg?resize=350%2C200&ssl=1 1x, https:\/\/i0.wp.com\/errr-magazine.com\/wp-content\/uploads\/2026\/03\/IMG_0227-scaled.jpg?resize=525%2C300&ssl=1 1.5x, https:\/\/i0.wp.com\/errr-magazine.com\/wp-content\/uploads\/2026\/03\/IMG_0227-scaled.jpg?resize=700%2C400&ssl=1 2x, https:\/\/i0.wp.com\/errr-magazine.com\/wp-content\/uploads\/2026\/03\/IMG_0227-scaled.jpg?resize=1050%2C600&ssl=1 3x, https:\/\/i0.wp.com\/errr-magazine.com\/wp-content\/uploads\/2026\/03\/IMG_0227-scaled.jpg?resize=1400%2C800&ssl=1 4x"},"classes":[]},{"id":200026,"url":"https:\/\/errr-magazine.com\/english\/crei-avanzar-y-lo-perdi\/","url_meta":{"origin":135166,"position":2},"title":"I Thought I Was Moving Forward and Lost It","author":"N\u00e9stor Mart\u00ednez","date":"02\/24\/2026","format":false,"excerpt":"I\u2019m not looking for perfect compositions, angles, or polished technique. My photographer self, unlike my writer self, emerged from the need for people to see what I see and how I see it: situations, emotions, people.","rel":"","context":"In &quot;Artes visuales&quot;","block_context":{"text":"Artes visuales","link":"https:\/\/errr-magazine.com\/english\/category\/interviews\/artes-visuales\/"},"img":{"alt_text":"","src":"https:\/\/i0.wp.com\/errr-magazine.com\/wp-content\/uploads\/2026\/02\/0b2c874f-5360-416f-b71c-595b666af8bc.jpeg?resize=350%2C200&ssl=1","width":350,"height":200,"srcset":"https:\/\/i0.wp.com\/errr-magazine.com\/wp-content\/uploads\/2026\/02\/0b2c874f-5360-416f-b71c-595b666af8bc.jpeg?resize=350%2C200&ssl=1 1x, https:\/\/i0.wp.com\/errr-magazine.com\/wp-content\/uploads\/2026\/02\/0b2c874f-5360-416f-b71c-595b666af8bc.jpeg?resize=525%2C300&ssl=1 1.5x, https:\/\/i0.wp.com\/errr-magazine.com\/wp-content\/uploads\/2026\/02\/0b2c874f-5360-416f-b71c-595b666af8bc.jpeg?resize=700%2C400&ssl=1 2x, https:\/\/i0.wp.com\/errr-magazine.com\/wp-content\/uploads\/2026\/02\/0b2c874f-5360-416f-b71c-595b666af8bc.jpeg?resize=1050%2C600&ssl=1 3x"},"classes":[]},{"id":200177,"url":"https:\/\/errr-magazine.com\/english\/la-helena\/","url_meta":{"origin":135166,"position":3},"title":"La Helena","author":"La Helena","date":"02\/14\/2026","format":false,"excerpt":"There were no nearby projects offering coffees from other parts of Mexico, and that seemed like a huge challenge. I didn\u2019t know if the neighborhood would take it well, but the goal was clear: to create a decentralized project and build a community.\u00a0","rel":"","context":"In &quot;Cafeterias y panader\u00edas&quot;","block_context":{"text":"Cafeterias y panader\u00edas","link":"https:\/\/errr-magazine.com\/english\/category\/places\/cafeterias-y-panaderias\/"},"img":{"alt_text":"","src":"https:\/\/i0.wp.com\/errr-magazine.com\/wp-content\/uploads\/2026\/02\/IMG-20260212-WA0008.jpg?resize=350%2C200&ssl=1","width":350,"height":200,"srcset":"https:\/\/i0.wp.com\/errr-magazine.com\/wp-content\/uploads\/2026\/02\/IMG-20260212-WA0008.jpg?resize=350%2C200&ssl=1 1x, https:\/\/i0.wp.com\/errr-magazine.com\/wp-content\/uploads\/2026\/02\/IMG-20260212-WA0008.jpg?resize=525%2C300&ssl=1 1.5x, https:\/\/i0.wp.com\/errr-magazine.com\/wp-content\/uploads\/2026\/02\/IMG-20260212-WA0008.jpg?resize=700%2C400&ssl=1 2x, https:\/\/i0.wp.com\/errr-magazine.com\/wp-content\/uploads\/2026\/02\/IMG-20260212-WA0008.jpg?resize=1050%2C600&ssl=1 3x, https:\/\/i0.wp.com\/errr-magazine.com\/wp-content\/uploads\/2026\/02\/IMG-20260212-WA0008.jpg?resize=1400%2C800&ssl=1 4x"},"classes":[]},{"id":167747,"url":"https:\/\/errr-magazine.com\/english\/hay-dias-en-que-se-hace-muy-dificil-vivir-aqui\/","url_meta":{"origin":135166,"position":4},"title":"Hay d\u00edas en que se hace muy dif\u00edcil vivir aqu\u00ed&#8230;","author":"Jos\u00e9 H. Granados","date":"03\/29\/2021","format":false,"excerpt":"...Cuando todo esto empez\u00f3, parec\u00eda ajeno, incre\u00edble. Sab\u00edamos que tendr\u00edamos que cuidarnos y mantenernos distantes un tiempo. Quince d\u00edas que se han convertido en ocho meses. Los planes se han desvanecido en la lejan\u00eda. La distancia se vuelve chiclosa. Nos vemos y no nos vemos. Gracias a las videollamadas, encontramos\u2026","rel":"","context":"In &quot;Textos&quot;","block_context":{"text":"Textos","link":"https:\/\/errr-magazine.com\/english\/category\/textos\/"},"img":{"alt_text":"","src":"https:\/\/i0.wp.com\/errr-magazine.com\/wp-content\/uploads\/2021\/03\/49947177923_cff9f7a753_o.jpg?resize=350%2C200&ssl=1","width":350,"height":200,"srcset":"https:\/\/i0.wp.com\/errr-magazine.com\/wp-content\/uploads\/2021\/03\/49947177923_cff9f7a753_o.jpg?resize=350%2C200&ssl=1 1x, https:\/\/i0.wp.com\/errr-magazine.com\/wp-content\/uploads\/2021\/03\/49947177923_cff9f7a753_o.jpg?resize=525%2C300&ssl=1 1.5x, https:\/\/i0.wp.com\/errr-magazine.com\/wp-content\/uploads\/2021\/03\/49947177923_cff9f7a753_o.jpg?resize=700%2C400&ssl=1 2x, https:\/\/i0.wp.com\/errr-magazine.com\/wp-content\/uploads\/2021\/03\/49947177923_cff9f7a753_o.jpg?resize=1050%2C600&ssl=1 3x, https:\/\/i0.wp.com\/errr-magazine.com\/wp-content\/uploads\/2021\/03\/49947177923_cff9f7a753_o.jpg?resize=1400%2C800&ssl=1 4x"},"classes":[]},{"id":145520,"url":"https:\/\/errr-magazine.com\/english\/breve-semblanza-de-cualquier-ciudad\/","url_meta":{"origin":135166,"position":5},"title":"Breve semblanza de cualquier ciudad","author":"Yair Hern\u00e1ndez C\u00e1rdenas","date":"07\/05\/2019","format":false,"excerpt":"Vivo en una ciudad donde la \u00fanica esperanza es morir por causas naturales antes de que alguien te mate. Donde la gente mira al cielo no para apreciar nubes sino para evitar las gotas. Una ciudad que es varias ciudades que se confronta a diario. La dividen bajos camellones que\u2026","rel":"","context":"In &quot;Textos&quot;","block_context":{"text":"Textos","link":"https:\/\/errr-magazine.com\/english\/category\/textos\/"},"img":{"alt_text":"","src":"https:\/\/i0.wp.com\/errr-magazine.com\/wp-content\/uploads\/2019\/07\/8.png?resize=350%2C200&ssl=1","width":350,"height":200,"srcset":"https:\/\/i0.wp.com\/errr-magazine.com\/wp-content\/uploads\/2019\/07\/8.png?resize=350%2C200&ssl=1 1x, https:\/\/i0.wp.com\/errr-magazine.com\/wp-content\/uploads\/2019\/07\/8.png?resize=525%2C300&ssl=1 1.5x, https:\/\/i0.wp.com\/errr-magazine.com\/wp-content\/uploads\/2019\/07\/8.png?resize=700%2C400&ssl=1 2x"},"classes":[]}],"jetpack_sharing_enabled":true,"mfb_rest_fields":["title","yoast_head","yoast_head_json","jetpack_featured_media_url","jetpack-related-posts","jetpack_sharing_enabled"],"_links":{"self":[{"href":"https:\/\/errr-magazine.com\/english\/wp-json\/wp\/v2\/posts\/135166","targetHints":{"allow":["GET"]}}],"collection":[{"href":"https:\/\/errr-magazine.com\/english\/wp-json\/wp\/v2\/posts"}],"about":[{"href":"https:\/\/errr-magazine.com\/english\/wp-json\/wp\/v2\/types\/post"}],"author":[{"embeddable":true,"href":"https:\/\/errr-magazine.com\/english\/wp-json\/wp\/v2\/users\/4037"}],"replies":[{"embeddable":true,"href":"https:\/\/errr-magazine.com\/english\/wp-json\/wp\/v2\/comments?post=135166"}],"version-history":[{"count":3,"href":"https:\/\/errr-magazine.com\/english\/wp-json\/wp\/v2\/posts\/135166\/revisions"}],"predecessor-version":[{"id":135300,"href":"https:\/\/errr-magazine.com\/english\/wp-json\/wp\/v2\/posts\/135166\/revisions\/135300"}],"wp:featuredmedia":[{"embeddable":true,"href":"https:\/\/errr-magazine.com\/english\/wp-json\/wp\/v2\/media\/135253"}],"wp:attachment":[{"href":"https:\/\/errr-magazine.com\/english\/wp-json\/wp\/v2\/media?parent=135166"}],"wp:term":[{"taxonomy":"category","embeddable":true,"href":"https:\/\/errr-magazine.com\/english\/wp-json\/wp\/v2\/categories?post=135166"},{"taxonomy":"post_tag","embeddable":true,"href":"https:\/\/errr-magazine.com\/english\/wp-json\/wp\/v2\/tags?post=135166"}],"curies":[{"name":"wp","href":"https:\/\/api.w.org\/{rel}","templated":true}]}}