{"id":133617,"date":"2018-05-20T02:36:26","date_gmt":"2018-05-20T08:36:26","guid":{"rendered":"http:\/\/errr-magazine.com\/?p=133617"},"modified":"2022-08-31T01:57:42","modified_gmt":"2022-08-31T06:57:42","slug":"el-opuesto-de-la-flor","status":"publish","type":"post","link":"https:\/\/errr-magazine.com\/english\/el-opuesto-de-la-flor\/","title":{"rendered":"El opuesto de la flor"},"content":{"rendered":"<div class=\"la-jornada-semanal-nitf-content\">\n<p align=\"justify\">Despu\u00e9s de un magn\u00edfico libro (<i>The cable wound<\/i>, 2015) y una serie de brillantes publicaciones, el poeta Bruno Dar\u00edo ha dado a las prensas un peque\u00f1o volumen notable por su sencillez y su belleza. En <i>El opuesto de la flor <\/i>(Taller Ditoria, 2016) se manifiesta una voz sin ambig\u00fcedades, cuyo \u00fanico est\u00edmulo parece encontrarse en la voluntad del trazo. La l\u00ednea es el horizonte que distribuye los versos a lo largo de las hojas apaisadas de este libro, de apenas cincuenta y ocho p\u00e1ginas. L\u00edneas que se van sucediendo, como trazos sobre la superficie de un papel algodonoso. L\u00edneas que van formando las terrazas de un jard\u00edn, o l\u00edneas que se van apilando una encima de la otra para formar las losas de un edificio, abundante por su transparencia y su brevedad:<\/p>\n<p align=\"justify\">Bajo la cama<\/p>\n<p align=\"justify\">duerme otra cama<\/p>\n<p align=\"justify\">La casa se mantiene de puntitas<\/p>\n<p align=\"justify\">pues los obreros<\/p>\n<p align=\"justify\">escultores del ruido<\/p>\n<p align=\"justify\">tejieron el cemento con los ojos<\/p>\n<p align=\"justify\">Se sacuden las campanas solas<\/p>\n<p align=\"justify\">en el ocaso de m\u00ed mismo<\/p>\n<p align=\"justify\">La primera l\u00ednea (en casi todos estos poemas) supone una disyuntiva; los dos versos finales, una fuga. El pensamiento po\u00e9tico procede necesariamente por fragmentaciones y fracturas, si bien aqu\u00ed hay resabios de una sensibilidad dispersa, que a\u00fan no acaba de acoplarse a s\u00ed misma. Hay, sin embargo, un verso notable, un verso que vale el poema: \u201c\u2026los obreros\/ escultores del ruido\u201d L\u00f3pez Velarde hubiera se\u00f1alado el acierto, como aquel de las \u201cpecosas peras\u201d que rescat\u00f3 del joven Villaurrutia.<\/p>\n<p align=\"justify\">Hay demasiada juventud todav\u00eda, hay lecturas de tiempos pasados y otras culturas, pero hay hallazgos de una transparencia y una sinceridad que no dejan de llamar la atenci\u00f3n de quien escucha: \u201ccon mis flores de flores te\u00f1idas\/\/ agito las banderas del auxilio\/ clavo un clavo con la mirada\u201d. El enga\u00f1oso azar de las repeticiones, que pone de relieve la voluntad de lo significado.<\/p>\n<p align=\"justify\">O este otro ejemplo, no menos transparente, pero acaso m\u00e1s conceptual, m\u00e1s sobrio, m\u00e1s inteligente:<\/p>\n<p align=\"justify\">La ruptura<\/p>\n<p align=\"justify\">del acuerdo entre el verbo y el sujeto:<\/p>\n<p align=\"justify\">je plui dans le coeur de ma ch\u00eare<\/p>\n<p align=\"justify\">Espanta la huella<\/p>\n<p align=\"justify\">que deja un abanico sobre el aire<\/p>\n<p align=\"justify\">Uno tiene que escarbar y asentar lo precedente para apuntalar el hallazgo (la huella del abanico en el aire). Hay una demora innecesaria. El joven Bruno Dar\u00edo tendr\u00eda que esforzarse a\u00fan m\u00e1s con la goma de borrar para eliminar la rebaba de los esbeltos campos de sus poemas. En un poema de corte baudeleriano, Bruno Dar\u00edo se autorretrata en una habitaci\u00f3n nocturna, como un \u201cenmascarado\/ que trafica recuerdos\/\/ llev\u00e1ndolos en trenes vestidos de novia\/ hasta la orilla de lo presente\u201d.<\/p>\n<p align=\"justify\">Dentro de este contexto, \u00bfcu\u00e1l ser\u00eda el opuesto de la flor? \u00bfPor qu\u00e9 \u201cel\u201d en lugar de \u201clo\u201d? (El art\u00edculo \u2013masculino\u2013 en lugar del art\u00edculo \u2013neutro\u2013 parece ya de por s\u00ed significativo.) La respuesta, a mi juicio, podr\u00eda encontrarse en la violencia temperada de un joven poeta, que se anula a s\u00ed mismo en el espejo de una sensibilidad que se ha vuelto para siempre id\u00e9ntica a s\u00ed misma.<\/p>\n<p align=\"justify\">Fuente: La Jornada<br \/>\nPhotographers: <a href=\"https:\/\/www.flickr.com\/photos\/eastwestlost\/\">Dima Semenovykh\u00a0<\/a><\/p>\n<\/div>","protected":false},"excerpt":{"rendered":"<p>Despu\u00e9s de un magn\u00edfico libro (La herida del cable, 2015) y una serie de brillantes publicaciones, el poeta Bruno Dar\u00edo ha dado a las prensas un peque\u00f1o volumen notable por su sencillez y su belleza. En El opuesto de la flor (Taller Ditoria, 2016) se manifiesta una voz sin ambig\u00fcedades, cuyo \u00fanico est\u00edmulo parece encontrarse [&hellip;]<\/p>\n","protected":false},"author":2718,"featured_media":133623,"comment_status":"closed","ping_status":"closed","sticky":false,"template":"","format":"standard","meta":{"_acf_changed":false,"cybocfi_hide_featured_image":"","_jetpack_memberships_contains_paid_content":false,"footnotes":""},"categories":[7997],"tags":[],"class_list":["post-133617","post","type-post","status-publish","format-standard","has-post-thumbnail","hentry","category-textos"],"acf":[],"mb":[],"yoast_head":"<!-- This site is optimized with the Yoast SEO plugin v27.2 - https:\/\/yoast.com\/product\/yoast-seo-wordpress\/ -->\n<title>El opuesto de la flor - ERRR MAGAZINE<\/title>\n<meta name=\"robots\" content=\"index, follow, max-snippet:-1, max-image-preview:large, max-video-preview:-1\" \/>\n<link rel=\"canonical\" href=\"https:\/\/errr-magazine.com\/english\/el-opuesto-de-la-flor\/\" \/>\n<meta property=\"og:locale\" content=\"en_US\" \/>\n<meta property=\"og:type\" content=\"article\" \/>\n<meta property=\"og:title\" content=\"El opuesto de la flor - ERRR MAGAZINE\" \/>\n<meta property=\"og:description\" content=\"Despu\u00e9s de un magn\u00edfico libro (La herida del cable, 2015) y una serie de brillantes publicaciones, el poeta Bruno Dar\u00edo ha dado a las prensas un peque\u00f1o volumen notable por su sencillez y su belleza. En El opuesto de la flor (Taller Ditoria, 2016) se manifiesta una voz sin ambig\u00fcedades, cuyo \u00fanico est\u00edmulo parece encontrarse [&hellip;]\" \/>\n<meta property=\"og:url\" content=\"https:\/\/errr-magazine.com\/english\/el-opuesto-de-la-flor\/\" \/>\n<meta property=\"og:site_name\" content=\"ERRR MAGAZINE\" \/>\n<meta property=\"article:published_time\" content=\"2018-05-20T08:36:26+00:00\" \/>\n<meta property=\"article:modified_time\" content=\"2022-08-31T06:57:42+00:00\" \/>\n<meta property=\"og:image\" content=\"https:\/\/errr-magazine.com\/wp-content\/uploads\/2018\/05\/Captura-de-pantalla-2018-05-20-a-las-18.33.27.png\" \/>\n\t<meta property=\"og:image:width\" content=\"683\" \/>\n\t<meta property=\"og:image:height\" content=\"451\" \/>\n\t<meta property=\"og:image:type\" content=\"image\/png\" \/>\n<meta name=\"author\" content=\"Gabriel Bernal Granados\" \/>\n<meta name=\"twitter:card\" content=\"summary_large_image\" \/>\n<meta name=\"twitter:label1\" content=\"Written by\" \/>\n\t<meta name=\"twitter:data1\" content=\"Gabriel Bernal Granados\" \/>\n\t<meta name=\"twitter:label2\" content=\"Est. reading time\" \/>\n\t<meta name=\"twitter:data2\" content=\"3 minutes\" \/>\n<script type=\"application\/ld+json\" class=\"yoast-schema-graph\">{\"@context\":\"https:\/\/schema.org\",\"@graph\":[{\"@type\":\"Article\",\"@id\":\"https:\/\/errr-magazine.com\/el-opuesto-de-la-flor\/#article\",\"isPartOf\":{\"@id\":\"https:\/\/errr-magazine.com\/el-opuesto-de-la-flor\/\"},\"author\":{\"name\":\"Gabriel Bernal Granados\",\"@id\":\"https:\/\/errr-magazine.com\/#\/schema\/person\/371f6acd793a4bcd9063b291396dd584\"},\"headline\":\"El opuesto de la flor\",\"datePublished\":\"2018-05-20T08:36:26+00:00\",\"dateModified\":\"2022-08-31T06:57:42+00:00\",\"mainEntityOfPage\":{\"@id\":\"https:\/\/errr-magazine.com\/el-opuesto-de-la-flor\/\"},\"wordCount\":549,\"image\":{\"@id\":\"https:\/\/errr-magazine.com\/el-opuesto-de-la-flor\/#primaryimage\"},\"thumbnailUrl\":\"https:\/\/errr-magazine.com\/wp-content\/uploads\/2018\/05\/Captura-de-pantalla-2018-05-20-a-las-18.33.27.png\",\"articleSection\":[\"Textos\"],\"inLanguage\":\"en-US\"},{\"@type\":\"WebPage\",\"@id\":\"https:\/\/errr-magazine.com\/el-opuesto-de-la-flor\/\",\"url\":\"https:\/\/errr-magazine.com\/el-opuesto-de-la-flor\/\",\"name\":\"El opuesto de la flor - ERRR MAGAZINE\",\"isPartOf\":{\"@id\":\"https:\/\/errr-magazine.com\/#website\"},\"primaryImageOfPage\":{\"@id\":\"https:\/\/errr-magazine.com\/el-opuesto-de-la-flor\/#primaryimage\"},\"image\":{\"@id\":\"https:\/\/errr-magazine.com\/el-opuesto-de-la-flor\/#primaryimage\"},\"thumbnailUrl\":\"https:\/\/errr-magazine.com\/wp-content\/uploads\/2018\/05\/Captura-de-pantalla-2018-05-20-a-las-18.33.27.png\",\"datePublished\":\"2018-05-20T08:36:26+00:00\",\"dateModified\":\"2022-08-31T06:57:42+00:00\",\"author\":{\"@id\":\"https:\/\/errr-magazine.com\/#\/schema\/person\/371f6acd793a4bcd9063b291396dd584\"},\"breadcrumb\":{\"@id\":\"https:\/\/errr-magazine.com\/el-opuesto-de-la-flor\/#breadcrumb\"},\"inLanguage\":\"en-US\",\"potentialAction\":[{\"@type\":\"ReadAction\",\"target\":[\"https:\/\/errr-magazine.com\/el-opuesto-de-la-flor\/\"]}]},{\"@type\":\"ImageObject\",\"inLanguage\":\"en-US\",\"@id\":\"https:\/\/errr-magazine.com\/el-opuesto-de-la-flor\/#primaryimage\",\"url\":\"https:\/\/errr-magazine.com\/wp-content\/uploads\/2018\/05\/Captura-de-pantalla-2018-05-20-a-las-18.33.27.png\",\"contentUrl\":\"https:\/\/errr-magazine.com\/wp-content\/uploads\/2018\/05\/Captura-de-pantalla-2018-05-20-a-las-18.33.27.png\",\"width\":683,\"height\":451},{\"@type\":\"BreadcrumbList\",\"@id\":\"https:\/\/errr-magazine.com\/el-opuesto-de-la-flor\/#breadcrumb\",\"itemListElement\":[{\"@type\":\"ListItem\",\"position\":1,\"name\":\"Portada\",\"item\":\"https:\/\/errr-magazine.com\/\"},{\"@type\":\"ListItem\",\"position\":2,\"name\":\"El opuesto de la flor\"}]},{\"@type\":\"WebSite\",\"@id\":\"https:\/\/errr-magazine.com\/#website\",\"url\":\"https:\/\/errr-magazine.com\/\",\"name\":\"ERRR MAGAZINE\",\"description\":\"\",\"potentialAction\":[{\"@type\":\"SearchAction\",\"target\":{\"@type\":\"EntryPoint\",\"urlTemplate\":\"https:\/\/errr-magazine.com\/?s={search_term_string}\"},\"query-input\":{\"@type\":\"PropertyValueSpecification\",\"valueRequired\":true,\"valueName\":\"search_term_string\"}}],\"inLanguage\":\"en-US\"},{\"@type\":\"Person\",\"@id\":\"https:\/\/errr-magazine.com\/#\/schema\/person\/371f6acd793a4bcd9063b291396dd584\",\"name\":\"Gabriel Bernal Granados\",\"image\":{\"@type\":\"ImageObject\",\"inLanguage\":\"en-US\",\"@id\":\"https:\/\/secure.gravatar.com\/avatar\/5da4061b45a01b6f3d82289a9dd84d1fb790a64752da31e1b02ee5d1d12e16d6?s=96&d=identicon&r=g\",\"url\":\"https:\/\/secure.gravatar.com\/avatar\/5da4061b45a01b6f3d82289a9dd84d1fb790a64752da31e1b02ee5d1d12e16d6?s=96&d=identicon&r=g\",\"contentUrl\":\"https:\/\/secure.gravatar.com\/avatar\/5da4061b45a01b6f3d82289a9dd84d1fb790a64752da31e1b02ee5d1d12e16d6?s=96&d=identicon&r=g\",\"caption\":\"Gabriel Bernal Granados\"},\"description\":\"Naci\u00f3 en la ciudad de M\u00e9xico en 1973. Es autor de Detritos (M\u00e9xico, 2015) y Murallas (M\u00e9xico, 2015), entre otros t\u00edtulos. Fue editor en M\u00e9xico de la revista Mandorla: Nueva Escritura de las Am\u00e9ricas. Es director fundador del sello Libros Magenta.\",\"sameAs\":[\"https:\/\/www.instagram.com\/gabrielbernalgranados\/\"],\"url\":\"https:\/\/errr-magazine.com\/english\/author\/gabrielbernal\/\"}]}<\/script>\n<!-- \/ Yoast SEO plugin. -->","yoast_head_json":{"title":"El opuesto de la flor - ERRR MAGAZINE","robots":{"index":"index","follow":"follow","max-snippet":"max-snippet:-1","max-image-preview":"max-image-preview:large","max-video-preview":"max-video-preview:-1"},"canonical":"https:\/\/errr-magazine.com\/english\/el-opuesto-de-la-flor\/","og_locale":"en_US","og_type":"article","og_title":"El opuesto de la flor - ERRR MAGAZINE","og_description":"Despu\u00e9s de un magn\u00edfico libro (La herida del cable, 2015) y una serie de brillantes publicaciones, el poeta Bruno Dar\u00edo ha dado a las prensas un peque\u00f1o volumen notable por su sencillez y su belleza. En El opuesto de la flor (Taller Ditoria, 2016) se manifiesta una voz sin ambig\u00fcedades, cuyo \u00fanico est\u00edmulo parece encontrarse [&hellip;]","og_url":"https:\/\/errr-magazine.com\/english\/el-opuesto-de-la-flor\/","og_site_name":"ERRR MAGAZINE","article_published_time":"2018-05-20T08:36:26+00:00","article_modified_time":"2022-08-31T06:57:42+00:00","og_image":[{"width":683,"height":451,"url":"https:\/\/errr-magazine.com\/wp-content\/uploads\/2018\/05\/Captura-de-pantalla-2018-05-20-a-las-18.33.27.png","type":"image\/png"}],"author":"Gabriel Bernal Granados","twitter_card":"summary_large_image","twitter_misc":{"Written by":"Gabriel Bernal Granados","Est. reading time":"3 minutes"},"schema":{"@context":"https:\/\/schema.org","@graph":[{"@type":"Article","@id":"https:\/\/errr-magazine.com\/el-opuesto-de-la-flor\/#article","isPartOf":{"@id":"https:\/\/errr-magazine.com\/el-opuesto-de-la-flor\/"},"author":{"name":"Gabriel Bernal Granados","@id":"https:\/\/errr-magazine.com\/#\/schema\/person\/371f6acd793a4bcd9063b291396dd584"},"headline":"El opuesto de la flor","datePublished":"2018-05-20T08:36:26+00:00","dateModified":"2022-08-31T06:57:42+00:00","mainEntityOfPage":{"@id":"https:\/\/errr-magazine.com\/el-opuesto-de-la-flor\/"},"wordCount":549,"image":{"@id":"https:\/\/errr-magazine.com\/el-opuesto-de-la-flor\/#primaryimage"},"thumbnailUrl":"https:\/\/errr-magazine.com\/wp-content\/uploads\/2018\/05\/Captura-de-pantalla-2018-05-20-a-las-18.33.27.png","articleSection":["Textos"],"inLanguage":"en-US"},{"@type":"WebPage","@id":"https:\/\/errr-magazine.com\/el-opuesto-de-la-flor\/","url":"https:\/\/errr-magazine.com\/el-opuesto-de-la-flor\/","name":"El opuesto de la flor - ERRR MAGAZINE","isPartOf":{"@id":"https:\/\/errr-magazine.com\/#website"},"primaryImageOfPage":{"@id":"https:\/\/errr-magazine.com\/el-opuesto-de-la-flor\/#primaryimage"},"image":{"@id":"https:\/\/errr-magazine.com\/el-opuesto-de-la-flor\/#primaryimage"},"thumbnailUrl":"https:\/\/errr-magazine.com\/wp-content\/uploads\/2018\/05\/Captura-de-pantalla-2018-05-20-a-las-18.33.27.png","datePublished":"2018-05-20T08:36:26+00:00","dateModified":"2022-08-31T06:57:42+00:00","author":{"@id":"https:\/\/errr-magazine.com\/#\/schema\/person\/371f6acd793a4bcd9063b291396dd584"},"breadcrumb":{"@id":"https:\/\/errr-magazine.com\/el-opuesto-de-la-flor\/#breadcrumb"},"inLanguage":"en-US","potentialAction":[{"@type":"ReadAction","target":["https:\/\/errr-magazine.com\/el-opuesto-de-la-flor\/"]}]},{"@type":"ImageObject","inLanguage":"en-US","@id":"https:\/\/errr-magazine.com\/el-opuesto-de-la-flor\/#primaryimage","url":"https:\/\/errr-magazine.com\/wp-content\/uploads\/2018\/05\/Captura-de-pantalla-2018-05-20-a-las-18.33.27.png","contentUrl":"https:\/\/errr-magazine.com\/wp-content\/uploads\/2018\/05\/Captura-de-pantalla-2018-05-20-a-las-18.33.27.png","width":683,"height":451},{"@type":"BreadcrumbList","@id":"https:\/\/errr-magazine.com\/el-opuesto-de-la-flor\/#breadcrumb","itemListElement":[{"@type":"ListItem","position":1,"name":"Portada","item":"https:\/\/errr-magazine.com\/"},{"@type":"ListItem","position":2,"name":"El opuesto de la flor"}]},{"@type":"WebSite","@id":"https:\/\/errr-magazine.com\/#website","url":"https:\/\/errr-magazine.com\/","name":"ERRR MAGAZINE","description":"","potentialAction":[{"@type":"SearchAction","target":{"@type":"EntryPoint","urlTemplate":"https:\/\/errr-magazine.com\/?s={search_term_string}"},"query-input":{"@type":"PropertyValueSpecification","valueRequired":true,"valueName":"search_term_string"}}],"inLanguage":"en-US"},{"@type":"Person","@id":"https:\/\/errr-magazine.com\/#\/schema\/person\/371f6acd793a4bcd9063b291396dd584","name":"Gabriel Bernal Granados","image":{"@type":"ImageObject","inLanguage":"en-US","@id":"https:\/\/secure.gravatar.com\/avatar\/5da4061b45a01b6f3d82289a9dd84d1fb790a64752da31e1b02ee5d1d12e16d6?s=96&d=identicon&r=g","url":"https:\/\/secure.gravatar.com\/avatar\/5da4061b45a01b6f3d82289a9dd84d1fb790a64752da31e1b02ee5d1d12e16d6?s=96&d=identicon&r=g","contentUrl":"https:\/\/secure.gravatar.com\/avatar\/5da4061b45a01b6f3d82289a9dd84d1fb790a64752da31e1b02ee5d1d12e16d6?s=96&d=identicon&r=g","caption":"Gabriel Bernal Granados"},"description":"Naci\u00f3 en la ciudad de M\u00e9xico en 1973. Es autor de Detritos (M\u00e9xico, 2015) y Murallas (M\u00e9xico, 2015), entre otros t\u00edtulos. Fue editor en M\u00e9xico de la revista Mandorla: Nueva Escritura de las Am\u00e9ricas. Es director fundador del sello Libros Magenta.","sameAs":["https:\/\/www.instagram.com\/gabrielbernalgranados\/"],"url":"https:\/\/errr-magazine.com\/english\/author\/gabrielbernal\/"}]}},"jetpack_featured_media_url":"https:\/\/errr-magazine.com\/wp-content\/uploads\/2018\/05\/Captura-de-pantalla-2018-05-20-a-las-18.33.27.png","jetpack-related-posts":[{"id":192622,"url":"https:\/\/errr-magazine.com\/english\/herbolaria\/","url_meta":{"origin":133617,"position":0},"title":"Herbolaria","author":"Kitty Ramos","date":"09\/04\/2025","format":false,"excerpt":"Algo que no puedo dejar de lado han sido todas las conversaciones silenciosas al ver a mi hija pintar sin gui\u00f3n. Ver desde d\u00f3nde nace la necesidad de expresar sin instrucci\u00f3n ni sesgada por la t\u00e9cnica, te sacude la cabeza como artista y te invita a desaprender.\u00a0","rel":"","context":"In &quot;Artes visuales&quot;","block_context":{"text":"Artes visuales","link":"https:\/\/errr-magazine.com\/english\/category\/interviews\/artes-visuales\/"},"img":{"alt_text":"","src":"https:\/\/i0.wp.com\/errr-magazine.com\/wp-content\/uploads\/2025\/09\/kit0002%C2%A9MG2025-scaled.jpg?resize=350%2C200&ssl=1","width":350,"height":200,"srcset":"https:\/\/i0.wp.com\/errr-magazine.com\/wp-content\/uploads\/2025\/09\/kit0002%C2%A9MG2025-scaled.jpg?resize=350%2C200&ssl=1 1x, https:\/\/i0.wp.com\/errr-magazine.com\/wp-content\/uploads\/2025\/09\/kit0002%C2%A9MG2025-scaled.jpg?resize=525%2C300&ssl=1 1.5x, https:\/\/i0.wp.com\/errr-magazine.com\/wp-content\/uploads\/2025\/09\/kit0002%C2%A9MG2025-scaled.jpg?resize=700%2C400&ssl=1 2x, https:\/\/i0.wp.com\/errr-magazine.com\/wp-content\/uploads\/2025\/09\/kit0002%C2%A9MG2025-scaled.jpg?resize=1050%2C600&ssl=1 3x, https:\/\/i0.wp.com\/errr-magazine.com\/wp-content\/uploads\/2025\/09\/kit0002%C2%A9MG2025-scaled.jpg?resize=1400%2C800&ssl=1 4x"},"classes":[]},{"id":170937,"url":"https:\/\/errr-magazine.com\/english\/reflexiones-en-lo-cotidiano\/","url_meta":{"origin":133617,"position":1},"title":"Reflexiones en lo cotidiano","author":"Mar\u00eda Jos\u00e9 Palomo","date":"07\/06\/2021","format":false,"excerpt":"Oda a ti... porque mis ojos, mi mente y mi alma te ven en tantas caras y en tantas voces, que en conjunto empezaron a sobre analizar los peque\u00f1os detalles al estar frente a ti. Detesto tu inevitable costumbre por hacer las cosas complicadas, pero amo tu manera de retarte\u2026","rel":"","context":"In &quot;Textos&quot;","block_context":{"text":"Textos","link":"https:\/\/errr-magazine.com\/english\/category\/textos\/"},"img":{"alt_text":"","src":"","width":0,"height":0},"classes":[]},{"id":129690,"url":"https:\/\/errr-magazine.com\/english\/ellos\/","url_meta":{"origin":133617,"position":2},"title":"Ellos","author":"Axel Pacheco","date":"05\/25\/2018","format":false,"excerpt":"Me enamor\u00e9 de ti, S\u00ed, me enamor\u00e9. Me enamor\u00e9 de tu forma de fluir, De esa forma particular de sonre\u00edr con tintes melanc\u00f3licos. Me enamor\u00e9 de la fuerza de tu piel, Esa que abordaba mi ser en parpadeos. Me enamor\u00e9 de tu movimiento, De las l\u00edneas que se dibujaban con\u2026","rel":"","context":"In &quot;Textos&quot;","block_context":{"text":"Textos","link":"https:\/\/errr-magazine.com\/english\/category\/textos\/"},"img":{"alt_text":"","src":"https:\/\/i0.wp.com\/errr-magazine.com\/wp-content\/uploads\/2018\/01\/23_01430015-copy.jpg?resize=350%2C200&ssl=1","width":350,"height":200,"srcset":"https:\/\/i0.wp.com\/errr-magazine.com\/wp-content\/uploads\/2018\/01\/23_01430015-copy.jpg?resize=350%2C200&ssl=1 1x, https:\/\/i0.wp.com\/errr-magazine.com\/wp-content\/uploads\/2018\/01\/23_01430015-copy.jpg?resize=525%2C300&ssl=1 1.5x, https:\/\/i0.wp.com\/errr-magazine.com\/wp-content\/uploads\/2018\/01\/23_01430015-copy.jpg?resize=700%2C400&ssl=1 2x"},"classes":[]},{"id":177774,"url":"https:\/\/errr-magazine.com\/english\/soneto-de-lo-mio\/","url_meta":{"origin":133617,"position":3},"title":"Soneto de lo m\u00edo","author":"Eduardo Rocha","date":"06\/05\/2022","format":false,"excerpt":"Palpita una sombra en mi pecho, grita un camino de angustia. Y una sirena que canta, mustia, describe la tristeza de mi trecho. No llev\u00e9 nunca camino derecho. Soy hombre a pesar de la lluvia. Ni padre ni madre ni astucia. Mi luna de soledad al acecho. Ahora la sombra\u2026","rel":"","context":"In &quot;Textos&quot;","block_context":{"text":"Textos","link":"https:\/\/errr-magazine.com\/english\/category\/textos\/"},"img":{"alt_text":"","src":"https:\/\/i0.wp.com\/errr-magazine.com\/wp-content\/uploads\/2022\/06\/ct2f-2022-04-24-160802.153.jpg?resize=350%2C200&ssl=1","width":350,"height":200,"srcset":"https:\/\/i0.wp.com\/errr-magazine.com\/wp-content\/uploads\/2022\/06\/ct2f-2022-04-24-160802.153.jpg?resize=350%2C200&ssl=1 1x, https:\/\/i0.wp.com\/errr-magazine.com\/wp-content\/uploads\/2022\/06\/ct2f-2022-04-24-160802.153.jpg?resize=525%2C300&ssl=1 1.5x, https:\/\/i0.wp.com\/errr-magazine.com\/wp-content\/uploads\/2022\/06\/ct2f-2022-04-24-160802.153.jpg?resize=700%2C400&ssl=1 2x"},"classes":[]},{"id":129693,"url":"https:\/\/errr-magazine.com\/english\/al-menos-le-llamaba-amor\/","url_meta":{"origin":133617,"position":4},"title":"Al menos le llamaba amor","author":"Axel Pacheco","date":"03\/14\/2018","format":false,"excerpt":"Me enamor\u00e9 de ti, s\u00ed, me enamor\u00e9. Me enamor\u00e9 de tu forma de fluir, de esa forma particular de sonre\u00edr con tintes melanc\u00f3licos. Me enamor\u00e9 de la fuerza de tu piel, la que abordaba mi ser en parpadeos. Me enamor\u00e9 de tu movimiento, de las l\u00edneas que se dibujaban con\u2026","rel":"","context":"In &quot;Textos&quot;","block_context":{"text":"Textos","link":"https:\/\/errr-magazine.com\/english\/category\/textos\/"},"img":{"alt_text":"","src":"","width":0,"height":0},"classes":[]},{"id":200074,"url":"https:\/\/errr-magazine.com\/english\/soledad-barrett\/","url_meta":{"origin":133617,"position":5},"title":"Soledad Barrett","author":"Maria Ivanna","date":"02\/21\/2026","format":false,"excerpt":"Soledad, a story that never ends, legs whose history I must cry out. Those six lines that ended your freedom. Your name profaned, your life profaned, the light born from your voice profaned.","rel":"","context":"In &quot;Poes\u00eda&quot;","block_context":{"text":"Poes\u00eda","link":"https:\/\/errr-magazine.com\/english\/category\/writing\/poesia\/"},"img":{"alt_text":"","src":"https:\/\/i0.wp.com\/errr-magazine.com\/wp-content\/uploads\/2026\/02\/Copia-de-IMG_8721.jpg?resize=350%2C200&ssl=1","width":350,"height":200,"srcset":"https:\/\/i0.wp.com\/errr-magazine.com\/wp-content\/uploads\/2026\/02\/Copia-de-IMG_8721.jpg?resize=350%2C200&ssl=1 1x, https:\/\/i0.wp.com\/errr-magazine.com\/wp-content\/uploads\/2026\/02\/Copia-de-IMG_8721.jpg?resize=525%2C300&ssl=1 1.5x, https:\/\/i0.wp.com\/errr-magazine.com\/wp-content\/uploads\/2026\/02\/Copia-de-IMG_8721.jpg?resize=700%2C400&ssl=1 2x, https:\/\/i0.wp.com\/errr-magazine.com\/wp-content\/uploads\/2026\/02\/Copia-de-IMG_8721.jpg?resize=1050%2C600&ssl=1 3x, https:\/\/i0.wp.com\/errr-magazine.com\/wp-content\/uploads\/2026\/02\/Copia-de-IMG_8721.jpg?resize=1400%2C800&ssl=1 4x"},"classes":[]}],"jetpack_sharing_enabled":true,"mfb_rest_fields":["title","yoast_head","yoast_head_json","jetpack_featured_media_url","jetpack-related-posts","jetpack_sharing_enabled"],"_links":{"self":[{"href":"https:\/\/errr-magazine.com\/english\/wp-json\/wp\/v2\/posts\/133617","targetHints":{"allow":["GET"]}}],"collection":[{"href":"https:\/\/errr-magazine.com\/english\/wp-json\/wp\/v2\/posts"}],"about":[{"href":"https:\/\/errr-magazine.com\/english\/wp-json\/wp\/v2\/types\/post"}],"author":[{"embeddable":true,"href":"https:\/\/errr-magazine.com\/english\/wp-json\/wp\/v2\/users\/2718"}],"replies":[{"embeddable":true,"href":"https:\/\/errr-magazine.com\/english\/wp-json\/wp\/v2\/comments?post=133617"}],"version-history":[{"count":4,"href":"https:\/\/errr-magazine.com\/english\/wp-json\/wp\/v2\/posts\/133617\/revisions"}],"predecessor-version":[{"id":133625,"href":"https:\/\/errr-magazine.com\/english\/wp-json\/wp\/v2\/posts\/133617\/revisions\/133625"}],"wp:featuredmedia":[{"embeddable":true,"href":"https:\/\/errr-magazine.com\/english\/wp-json\/wp\/v2\/media\/133623"}],"wp:attachment":[{"href":"https:\/\/errr-magazine.com\/english\/wp-json\/wp\/v2\/media?parent=133617"}],"wp:term":[{"taxonomy":"category","embeddable":true,"href":"https:\/\/errr-magazine.com\/english\/wp-json\/wp\/v2\/categories?post=133617"},{"taxonomy":"post_tag","embeddable":true,"href":"https:\/\/errr-magazine.com\/english\/wp-json\/wp\/v2\/tags?post=133617"}],"curies":[{"name":"wp","href":"https:\/\/api.w.org\/{rel}","templated":true}]}}