{"id":132143,"date":"2018-04-06T19:40:20","date_gmt":"2018-04-07T01:40:20","guid":{"rendered":"http:\/\/errr-magazine.com\/?p=132143"},"modified":"2022-08-31T02:00:36","modified_gmt":"2022-08-31T07:00:36","slug":"volk-xlii","status":"publish","type":"post","link":"https:\/\/errr-magazine.com\/english\/volk-xlii\/","title":{"rendered":"Volk XLII"},"content":{"rendered":"<p style=\"text-align: justify;\">Cuba era un lugar para follar a gusto y en abundancia; el \u201cmaestro\u201d Persino, su amigo el Pez y quiz\u00e1 otro cabr\u00f3n se fueron a vagar para reparar avionetas, seducir cubanas frondosas y tomarse una foto con el comandante Fidel en alguna marabunta local; Cuba apestaba a ron y el grupo de amigos se lo quer\u00edan beber todo mientras caminaban por la playa contemplando un horizonte nocturno y voraz, mientras sus esposas e hijos estaban del otro lado de aquel inmenso charco haciendo sabr\u00e1 Dios qu\u00e9.<\/p>\n<p>Photographers: <a href=\"http:\/\/www.johnkilar.com\/\">John Kilar<\/a> | <a href=\"https:\/\/www.instagram.com\/johnkilar\/\">Instagram<\/a><\/p>","protected":false},"excerpt":{"rendered":"<p>Cuba era un lugar para follar a gusto y en abundancia; el \u201cmaestro\u201d Persino, su amigo el Pez y quiz\u00e1 otro cabr\u00f3n se fueron a vagar para reparar avionetas, seducir cubanas frondosas y tomarse una foto con el comandante Fidel en alguna marabunta local; Cuba apestaba a ron y el grupo de amigos se lo [&hellip;]<\/p>\n","protected":false},"author":2376,"featured_media":134230,"comment_status":"closed","ping_status":"open","sticky":false,"template":"","format":"standard","meta":{"_acf_changed":false,"cybocfi_hide_featured_image":"","_jetpack_memberships_contains_paid_content":false,"footnotes":""},"categories":[7997],"tags":[],"class_list":["post-132143","post","type-post","status-publish","format-standard","has-post-thumbnail","hentry","category-textos"],"acf":[],"mb":[],"yoast_head":"<!-- This site is optimized with the Yoast SEO plugin v27.2 - https:\/\/yoast.com\/product\/yoast-seo-wordpress\/ -->\n<title>Volk XLII - ERRR MAGAZINE<\/title>\n<meta name=\"robots\" content=\"index, follow, max-snippet:-1, max-image-preview:large, max-video-preview:-1\" \/>\n<link rel=\"canonical\" href=\"https:\/\/errr-magazine.com\/english\/volk-xlii\/\" \/>\n<meta property=\"og:locale\" content=\"en_US\" \/>\n<meta property=\"og:type\" content=\"article\" \/>\n<meta property=\"og:title\" content=\"Volk XLII - ERRR MAGAZINE\" \/>\n<meta property=\"og:description\" content=\"Cuba era un lugar para follar a gusto y en abundancia; el \u201cmaestro\u201d Persino, su amigo el Pez y quiz\u00e1 otro cabr\u00f3n se fueron a vagar para reparar avionetas, seducir cubanas frondosas y tomarse una foto con el comandante Fidel en alguna marabunta local; Cuba apestaba a ron y el grupo de amigos se lo [&hellip;]\" \/>\n<meta property=\"og:url\" content=\"https:\/\/errr-magazine.com\/english\/volk-xlii\/\" \/>\n<meta property=\"og:site_name\" content=\"ERRR MAGAZINE\" \/>\n<meta property=\"article:published_time\" content=\"2018-04-07T01:40:20+00:00\" \/>\n<meta property=\"article:modified_time\" content=\"2022-08-31T07:00:36+00:00\" \/>\n<meta property=\"og:image\" content=\"https:\/\/errr-magazine.com\/wp-content\/uploads\/2018\/04\/23_01240023-copy.jpg\" \/>\n\t<meta property=\"og:image:width\" content=\"904\" \/>\n\t<meta property=\"og:image:height\" content=\"600\" \/>\n\t<meta property=\"og:image:type\" content=\"image\/jpeg\" \/>\n<meta name=\"author\" content=\"Fernando Percino\" \/>\n<meta name=\"twitter:card\" content=\"summary_large_image\" \/>\n<meta name=\"twitter:label1\" content=\"Written by\" \/>\n\t<meta name=\"twitter:data1\" content=\"Fernando Percino\" \/>\n<script type=\"application\/ld+json\" class=\"yoast-schema-graph\">{\"@context\":\"https:\/\/schema.org\",\"@graph\":[{\"@type\":\"Article\",\"@id\":\"https:\/\/errr-magazine.com\/volk-xlii\/#article\",\"isPartOf\":{\"@id\":\"https:\/\/errr-magazine.com\/volk-xlii\/\"},\"author\":{\"name\":\"Fernando Percino\",\"@id\":\"https:\/\/errr-magazine.com\/#\/schema\/person\/e50dcdcedc57835478e869aac3da93f5\"},\"headline\":\"Volk XLII\",\"datePublished\":\"2018-04-07T01:40:20+00:00\",\"dateModified\":\"2022-08-31T07:00:36+00:00\",\"mainEntityOfPage\":{\"@id\":\"https:\/\/errr-magazine.com\/volk-xlii\/\"},\"wordCount\":95,\"image\":{\"@id\":\"https:\/\/errr-magazine.com\/volk-xlii\/#primaryimage\"},\"thumbnailUrl\":\"https:\/\/errr-magazine.com\/wp-content\/uploads\/2018\/04\/23_01240023-copy.jpg\",\"articleSection\":[\"Textos\"],\"inLanguage\":\"en-US\"},{\"@type\":\"WebPage\",\"@id\":\"https:\/\/errr-magazine.com\/volk-xlii\/\",\"url\":\"https:\/\/errr-magazine.com\/volk-xlii\/\",\"name\":\"Volk XLII - ERRR MAGAZINE\",\"isPartOf\":{\"@id\":\"https:\/\/errr-magazine.com\/#website\"},\"primaryImageOfPage\":{\"@id\":\"https:\/\/errr-magazine.com\/volk-xlii\/#primaryimage\"},\"image\":{\"@id\":\"https:\/\/errr-magazine.com\/volk-xlii\/#primaryimage\"},\"thumbnailUrl\":\"https:\/\/errr-magazine.com\/wp-content\/uploads\/2018\/04\/23_01240023-copy.jpg\",\"datePublished\":\"2018-04-07T01:40:20+00:00\",\"dateModified\":\"2022-08-31T07:00:36+00:00\",\"author\":{\"@id\":\"https:\/\/errr-magazine.com\/#\/schema\/person\/e50dcdcedc57835478e869aac3da93f5\"},\"breadcrumb\":{\"@id\":\"https:\/\/errr-magazine.com\/volk-xlii\/#breadcrumb\"},\"inLanguage\":\"en-US\",\"potentialAction\":[{\"@type\":\"ReadAction\",\"target\":[\"https:\/\/errr-magazine.com\/volk-xlii\/\"]}]},{\"@type\":\"ImageObject\",\"inLanguage\":\"en-US\",\"@id\":\"https:\/\/errr-magazine.com\/volk-xlii\/#primaryimage\",\"url\":\"https:\/\/errr-magazine.com\/wp-content\/uploads\/2018\/04\/23_01240023-copy.jpg\",\"contentUrl\":\"https:\/\/errr-magazine.com\/wp-content\/uploads\/2018\/04\/23_01240023-copy.jpg\",\"width\":904,\"height\":600},{\"@type\":\"BreadcrumbList\",\"@id\":\"https:\/\/errr-magazine.com\/volk-xlii\/#breadcrumb\",\"itemListElement\":[{\"@type\":\"ListItem\",\"position\":1,\"name\":\"Portada\",\"item\":\"https:\/\/errr-magazine.com\/\"},{\"@type\":\"ListItem\",\"position\":2,\"name\":\"Volk XLII\"}]},{\"@type\":\"WebSite\",\"@id\":\"https:\/\/errr-magazine.com\/#website\",\"url\":\"https:\/\/errr-magazine.com\/\",\"name\":\"ERRR MAGAZINE\",\"description\":\"\",\"potentialAction\":[{\"@type\":\"SearchAction\",\"target\":{\"@type\":\"EntryPoint\",\"urlTemplate\":\"https:\/\/errr-magazine.com\/?s={search_term_string}\"},\"query-input\":{\"@type\":\"PropertyValueSpecification\",\"valueRequired\":true,\"valueName\":\"search_term_string\"}}],\"inLanguage\":\"en-US\"},{\"@type\":\"Person\",\"@id\":\"https:\/\/errr-magazine.com\/#\/schema\/person\/e50dcdcedc57835478e869aac3da93f5\",\"name\":\"Fernando Percino\",\"image\":{\"@type\":\"ImageObject\",\"inLanguage\":\"en-US\",\"@id\":\"https:\/\/secure.gravatar.com\/avatar\/213322bd1a505a0ea92b7dd9f94986422853d53c197009e578089909a0982541?s=96&d=identicon&r=g\",\"url\":\"https:\/\/secure.gravatar.com\/avatar\/213322bd1a505a0ea92b7dd9f94986422853d53c197009e578089909a0982541?s=96&d=identicon&r=g\",\"contentUrl\":\"https:\/\/secure.gravatar.com\/avatar\/213322bd1a505a0ea92b7dd9f94986422853d53c197009e578089909a0982541?s=96&d=identicon&r=g\",\"caption\":\"Fernando Percino\"},\"description\":\"Fernando Percino es mexicano y naci\u00f3 en alg\u00fan momento de los a\u00f1os ochenta; adem\u00e1s es licenciado en Administraci\u00f3n P\u00fablica por la Benem\u00e9rita Universidad Aut\u00f3noma de Puebla. Ha publicado cuentos en el suplemento cultural \\\"Catedral\\\" del diario \\\"S\u00edntesis\\\", la novela \\\"Velvet Cabaret\\\" (2015), el libro de cuentos \\\"Lucina\\\" (2016), el libro de cr\u00f3nicas \\\"Diarios de Teca\\\" (2016)y actualmente escribe el libro de notas \\\"Volk\\\" en ERRR Magazine. Fue miembro del consejo editorial de las revistas: \\\"Chido BUAP\\\" y \\\"Vanguardia: Todas las expresiones\\\". Ha trabajado como funcionario p\u00fablico en la Administraci\u00f3n P\u00fablica Estatal y Federal y se desempe\u00f1\u00f3 en diversos puestos, por m\u00e1s de 7 a\u00f1os, en el ramo de las microfinanzas.\",\"sameAs\":[\"https:\/\/www.facebook.com\/demonlupu\"],\"url\":\"https:\/\/errr-magazine.com\/english\/author\/fernando-percino\/\"}]}<\/script>\n<!-- \/ Yoast SEO plugin. -->","yoast_head_json":{"title":"Volk XLII - ERRR MAGAZINE","robots":{"index":"index","follow":"follow","max-snippet":"max-snippet:-1","max-image-preview":"max-image-preview:large","max-video-preview":"max-video-preview:-1"},"canonical":"https:\/\/errr-magazine.com\/english\/volk-xlii\/","og_locale":"en_US","og_type":"article","og_title":"Volk XLII - ERRR MAGAZINE","og_description":"Cuba era un lugar para follar a gusto y en abundancia; el \u201cmaestro\u201d Persino, su amigo el Pez y quiz\u00e1 otro cabr\u00f3n se fueron a vagar para reparar avionetas, seducir cubanas frondosas y tomarse una foto con el comandante Fidel en alguna marabunta local; Cuba apestaba a ron y el grupo de amigos se lo [&hellip;]","og_url":"https:\/\/errr-magazine.com\/english\/volk-xlii\/","og_site_name":"ERRR MAGAZINE","article_published_time":"2018-04-07T01:40:20+00:00","article_modified_time":"2022-08-31T07:00:36+00:00","og_image":[{"width":904,"height":600,"url":"https:\/\/errr-magazine.com\/wp-content\/uploads\/2018\/04\/23_01240023-copy.jpg","type":"image\/jpeg"}],"author":"Fernando Percino","twitter_card":"summary_large_image","twitter_misc":{"Written by":"Fernando Percino"},"schema":{"@context":"https:\/\/schema.org","@graph":[{"@type":"Article","@id":"https:\/\/errr-magazine.com\/volk-xlii\/#article","isPartOf":{"@id":"https:\/\/errr-magazine.com\/volk-xlii\/"},"author":{"name":"Fernando Percino","@id":"https:\/\/errr-magazine.com\/#\/schema\/person\/e50dcdcedc57835478e869aac3da93f5"},"headline":"Volk XLII","datePublished":"2018-04-07T01:40:20+00:00","dateModified":"2022-08-31T07:00:36+00:00","mainEntityOfPage":{"@id":"https:\/\/errr-magazine.com\/volk-xlii\/"},"wordCount":95,"image":{"@id":"https:\/\/errr-magazine.com\/volk-xlii\/#primaryimage"},"thumbnailUrl":"https:\/\/errr-magazine.com\/wp-content\/uploads\/2018\/04\/23_01240023-copy.jpg","articleSection":["Textos"],"inLanguage":"en-US"},{"@type":"WebPage","@id":"https:\/\/errr-magazine.com\/volk-xlii\/","url":"https:\/\/errr-magazine.com\/volk-xlii\/","name":"Volk XLII - ERRR MAGAZINE","isPartOf":{"@id":"https:\/\/errr-magazine.com\/#website"},"primaryImageOfPage":{"@id":"https:\/\/errr-magazine.com\/volk-xlii\/#primaryimage"},"image":{"@id":"https:\/\/errr-magazine.com\/volk-xlii\/#primaryimage"},"thumbnailUrl":"https:\/\/errr-magazine.com\/wp-content\/uploads\/2018\/04\/23_01240023-copy.jpg","datePublished":"2018-04-07T01:40:20+00:00","dateModified":"2022-08-31T07:00:36+00:00","author":{"@id":"https:\/\/errr-magazine.com\/#\/schema\/person\/e50dcdcedc57835478e869aac3da93f5"},"breadcrumb":{"@id":"https:\/\/errr-magazine.com\/volk-xlii\/#breadcrumb"},"inLanguage":"en-US","potentialAction":[{"@type":"ReadAction","target":["https:\/\/errr-magazine.com\/volk-xlii\/"]}]},{"@type":"ImageObject","inLanguage":"en-US","@id":"https:\/\/errr-magazine.com\/volk-xlii\/#primaryimage","url":"https:\/\/errr-magazine.com\/wp-content\/uploads\/2018\/04\/23_01240023-copy.jpg","contentUrl":"https:\/\/errr-magazine.com\/wp-content\/uploads\/2018\/04\/23_01240023-copy.jpg","width":904,"height":600},{"@type":"BreadcrumbList","@id":"https:\/\/errr-magazine.com\/volk-xlii\/#breadcrumb","itemListElement":[{"@type":"ListItem","position":1,"name":"Portada","item":"https:\/\/errr-magazine.com\/"},{"@type":"ListItem","position":2,"name":"Volk XLII"}]},{"@type":"WebSite","@id":"https:\/\/errr-magazine.com\/#website","url":"https:\/\/errr-magazine.com\/","name":"ERRR MAGAZINE","description":"","potentialAction":[{"@type":"SearchAction","target":{"@type":"EntryPoint","urlTemplate":"https:\/\/errr-magazine.com\/?s={search_term_string}"},"query-input":{"@type":"PropertyValueSpecification","valueRequired":true,"valueName":"search_term_string"}}],"inLanguage":"en-US"},{"@type":"Person","@id":"https:\/\/errr-magazine.com\/#\/schema\/person\/e50dcdcedc57835478e869aac3da93f5","name":"Fernando Percino","image":{"@type":"ImageObject","inLanguage":"en-US","@id":"https:\/\/secure.gravatar.com\/avatar\/213322bd1a505a0ea92b7dd9f94986422853d53c197009e578089909a0982541?s=96&d=identicon&r=g","url":"https:\/\/secure.gravatar.com\/avatar\/213322bd1a505a0ea92b7dd9f94986422853d53c197009e578089909a0982541?s=96&d=identicon&r=g","contentUrl":"https:\/\/secure.gravatar.com\/avatar\/213322bd1a505a0ea92b7dd9f94986422853d53c197009e578089909a0982541?s=96&d=identicon&r=g","caption":"Fernando Percino"},"description":"Fernando Percino is Mexican and was born sometime in the eighties; he also has a degree in Public Administration from the Benem\u00e9rita Universidad Aut\u00f3noma de Puebla. He has published short stories in the cultural supplement \"Catedral\" of the newspaper \"S\u00edntesis\", the novel \"Velvet Cabaret\" (2015), the book of short stories \"Lucina\" (2016), the book of chronicles \"Diarios de Teca\" (2016)and currently writes the book of notes \"Volk\" in ERRR Magazine. He was a member of the editorial board of the magazines: \"Chido BUAP\" and \"Vanguardia: Todas las expresiones\". He has worked as a public official in the State and Federal Public Administration and served in various positions, for more than 7 years, in the microfinance industry.","sameAs":["https:\/\/www.facebook.com\/demonlupu"],"url":"https:\/\/errr-magazine.com\/english\/author\/fernando-percino\/"}]}},"jetpack_featured_media_url":"https:\/\/errr-magazine.com\/wp-content\/uploads\/2018\/04\/23_01240023-copy.jpg","jetpack-related-posts":[{"id":168577,"url":"https:\/\/errr-magazine.com\/english\/ojala-el-campo-tambien-me-viera-de-regreso\/","url_meta":{"origin":132143,"position":0},"title":"Ojal\u00e1 el campo tambi\u00e9n me viera de regreso","author":"Daniela Ruiz","date":"03\/11\/2021","format":false,"excerpt":"Pas\u00e9 la mayor parte de mi vida viendo hacia esa ventana, ojal\u00e1 el campo tambi\u00e9n me viera de regreso. Mi amigo Levi siempre fue muy cuidadoso con su espacio, nos ten\u00edamos que quitar los zapatos para no hacer tanto ruido y ninguna reuni\u00f3n se pod\u00eda extender hasta tarde. Ese d\u00eda\u2026","rel":"","context":"In &quot;Textos&quot;","block_context":{"text":"Textos","link":"https:\/\/errr-magazine.com\/english\/category\/textos\/"},"img":{"alt_text":"","src":"https:\/\/i0.wp.com\/errr-magazine.com\/wp-content\/uploads\/2021\/03\/imagen-5-2-scaled.jpg?resize=350%2C200&ssl=1","width":350,"height":200,"srcset":"https:\/\/i0.wp.com\/errr-magazine.com\/wp-content\/uploads\/2021\/03\/imagen-5-2-scaled.jpg?resize=350%2C200&ssl=1 1x, https:\/\/i0.wp.com\/errr-magazine.com\/wp-content\/uploads\/2021\/03\/imagen-5-2-scaled.jpg?resize=525%2C300&ssl=1 1.5x, https:\/\/i0.wp.com\/errr-magazine.com\/wp-content\/uploads\/2021\/03\/imagen-5-2-scaled.jpg?resize=700%2C400&ssl=1 2x, https:\/\/i0.wp.com\/errr-magazine.com\/wp-content\/uploads\/2021\/03\/imagen-5-2-scaled.jpg?resize=1050%2C600&ssl=1 3x, https:\/\/i0.wp.com\/errr-magazine.com\/wp-content\/uploads\/2021\/03\/imagen-5-2-scaled.jpg?resize=1400%2C800&ssl=1 4x"},"classes":[]},{"id":176861,"url":"https:\/\/errr-magazine.com\/english\/esto-no-es-it-was-a-good-day-de-ice-cube\/","url_meta":{"origin":132143,"position":1},"title":"Esto no es &#8220;It was a good day&#8221; de Ice Cube","author":"Jennifer Gonz\u00e1lez Ortiz","date":"02\/17\/2022","format":false,"excerpt":"Solo dorm\u00ed una hora y media, mi perro se levant\u00f3 a las siete de la ma\u00f1ana y tuve que salir a pasearlo, durante la madrugada \u00e9l ronco lo m\u00e1s que pudo mientras yo me mov\u00eda por toda la cama sin poder lograr que mi cerebro cediera al sue\u00f1o. Llegando a\u2026","rel":"","context":"In &quot;Writing&quot;","block_context":{"text":"Writing","link":"https:\/\/errr-magazine.com\/english\/category\/writing\/"},"img":{"alt_text":"","src":"https:\/\/i0.wp.com\/errr-magazine.com\/wp-content\/uploads\/2022\/02\/15168447700_1339197dfb_o.jpg?resize=350%2C200&ssl=1","width":350,"height":200,"srcset":"https:\/\/i0.wp.com\/errr-magazine.com\/wp-content\/uploads\/2022\/02\/15168447700_1339197dfb_o.jpg?resize=350%2C200&ssl=1 1x, https:\/\/i0.wp.com\/errr-magazine.com\/wp-content\/uploads\/2022\/02\/15168447700_1339197dfb_o.jpg?resize=525%2C300&ssl=1 1.5x, https:\/\/i0.wp.com\/errr-magazine.com\/wp-content\/uploads\/2022\/02\/15168447700_1339197dfb_o.jpg?resize=700%2C400&ssl=1 2x, https:\/\/i0.wp.com\/errr-magazine.com\/wp-content\/uploads\/2022\/02\/15168447700_1339197dfb_o.jpg?resize=1050%2C600&ssl=1 3x, https:\/\/i0.wp.com\/errr-magazine.com\/wp-content\/uploads\/2022\/02\/15168447700_1339197dfb_o.jpg?resize=1400%2C800&ssl=1 4x"},"classes":[]},{"id":167249,"url":"https:\/\/errr-magazine.com\/english\/cuba\/","url_meta":{"origin":132143,"position":2},"title":"Cuba","author":"Pedro Assam","date":"02\/16\/2021","format":false,"excerpt":"Muchas de mis actitudes son como las que tendr\u00eda un ni\u00f1o chiquito, mi obra va y viene entre un ni\u00f1o peque\u00f1o y un adulto, un ni\u00f1o al que le gusta dibujar sobre los libros y que el sarcasmo forma parte de su d\u00eda a d\u00eda...","rel":"","context":"In &quot;Interview&quot;","block_context":{"text":"Interview","link":"https:\/\/errr-magazine.com\/english\/category\/interviews\/"},"img":{"alt_text":"","src":"https:\/\/i0.wp.com\/errr-magazine.com\/wp-content\/uploads\/2021\/02\/imagen002-bomba-scaled.jpg?resize=350%2C200&ssl=1","width":350,"height":200,"srcset":"https:\/\/i0.wp.com\/errr-magazine.com\/wp-content\/uploads\/2021\/02\/imagen002-bomba-scaled.jpg?resize=350%2C200&ssl=1 1x, https:\/\/i0.wp.com\/errr-magazine.com\/wp-content\/uploads\/2021\/02\/imagen002-bomba-scaled.jpg?resize=525%2C300&ssl=1 1.5x, https:\/\/i0.wp.com\/errr-magazine.com\/wp-content\/uploads\/2021\/02\/imagen002-bomba-scaled.jpg?resize=700%2C400&ssl=1 2x, https:\/\/i0.wp.com\/errr-magazine.com\/wp-content\/uploads\/2021\/02\/imagen002-bomba-scaled.jpg?resize=1050%2C600&ssl=1 3x, https:\/\/i0.wp.com\/errr-magazine.com\/wp-content\/uploads\/2021\/02\/imagen002-bomba-scaled.jpg?resize=1400%2C800&ssl=1 4x"},"classes":[]},{"id":139163,"url":"https:\/\/errr-magazine.com\/english\/las-rosas-en-las-calles\/","url_meta":{"origin":132143,"position":3},"title":"Las rosas en las calles","author":"Fany vaE","date":"01\/16\/2019","format":false,"excerpt":"\"Siempre sent\u00eda demasiado fr\u00edo por fuera, y demasiado vac\u00edo por dentro.\" -Golda Meir El tiempo pasa muy lento. El tiempo no espera a nadie, pero todos esperamos el tiempo. Camino en est\u00e1s calles fr\u00edas, llenas de recuerdos sin sentido. Cada paso es una espina que se entierra en mi zapato...\u2026","rel":"","context":"In &quot;Textos&quot;","block_context":{"text":"Textos","link":"https:\/\/errr-magazine.com\/english\/category\/textos\/"},"img":{"alt_text":"","src":"","width":0,"height":0},"classes":[]},{"id":173435,"url":"https:\/\/errr-magazine.com\/english\/resistencia-sentimental\/","url_meta":{"origin":132143,"position":4},"title":"Resistencia sentimental","author":"Sha Lugo","date":"08\/11\/2021","format":false,"excerpt":"Siempre he sido de pensamientos fuertes, feroces, contrastantes y conflictivos.\u00a0La mayor\u00eda de mi vida he apagado pensamientos y creencias propias para no salirme de esa caja tibia en donde la mayor\u00eda encuentra sentido. \"No seas intensa\", \"que exagerada\", \"no pasa nada\", \"no podemos hacer nada\", \"nadie espera nada\", \"solo a\u2026","rel":"","context":"In &quot;Textos&quot;","block_context":{"text":"Textos","link":"https:\/\/errr-magazine.com\/english\/category\/textos\/"},"img":{"alt_text":"","src":"https:\/\/i0.wp.com\/errr-magazine.com\/wp-content\/uploads\/2021\/08\/51323250765_7cc7a5e9c2_c.jpg?resize=350%2C200&ssl=1","width":350,"height":200,"srcset":"https:\/\/i0.wp.com\/errr-magazine.com\/wp-content\/uploads\/2021\/08\/51323250765_7cc7a5e9c2_c.jpg?resize=350%2C200&ssl=1 1x, https:\/\/i0.wp.com\/errr-magazine.com\/wp-content\/uploads\/2021\/08\/51323250765_7cc7a5e9c2_c.jpg?resize=525%2C300&ssl=1 1.5x, https:\/\/i0.wp.com\/errr-magazine.com\/wp-content\/uploads\/2021\/08\/51323250765_7cc7a5e9c2_c.jpg?resize=700%2C400&ssl=1 2x"},"classes":[]},{"id":156013,"url":"https:\/\/errr-magazine.com\/english\/hazlo-2\/","url_meta":{"origin":132143,"position":5},"title":"Hazlo","author":"Osvaldo Mojica Hernandez","date":"03\/03\/2020","format":false,"excerpt":"1. \u00bfCu\u00e1l es tu palabra favorita? Lealtad. Creo que la lealtad es un valor fundamental para la vida personal y social, siendo leales a nuestras convicciones, sue\u00f1os, valores, etc., podemos conseguir la plenitud 2. \u00bfQu\u00e9 so\u00f1aste anoche? No fue anoche pero alguna vez so\u00f1\u00e9 que perd\u00eda a una persona importante\u2026","rel":"","context":"In &quot;Textos&quot;","block_context":{"text":"Textos","link":"https:\/\/errr-magazine.com\/english\/category\/textos\/"},"img":{"alt_text":"","src":"","width":0,"height":0},"classes":[]}],"jetpack_sharing_enabled":true,"mfb_rest_fields":["title","yoast_head","yoast_head_json","jetpack_featured_media_url","jetpack-related-posts","jetpack_sharing_enabled"],"_links":{"self":[{"href":"https:\/\/errr-magazine.com\/english\/wp-json\/wp\/v2\/posts\/132143","targetHints":{"allow":["GET"]}}],"collection":[{"href":"https:\/\/errr-magazine.com\/english\/wp-json\/wp\/v2\/posts"}],"about":[{"href":"https:\/\/errr-magazine.com\/english\/wp-json\/wp\/v2\/types\/post"}],"author":[{"embeddable":true,"href":"https:\/\/errr-magazine.com\/english\/wp-json\/wp\/v2\/users\/2376"}],"replies":[{"embeddable":true,"href":"https:\/\/errr-magazine.com\/english\/wp-json\/wp\/v2\/comments?post=132143"}],"version-history":[{"count":5,"href":"https:\/\/errr-magazine.com\/english\/wp-json\/wp\/v2\/posts\/132143\/revisions"}],"predecessor-version":[{"id":134266,"href":"https:\/\/errr-magazine.com\/english\/wp-json\/wp\/v2\/posts\/132143\/revisions\/134266"}],"wp:featuredmedia":[{"embeddable":true,"href":"https:\/\/errr-magazine.com\/english\/wp-json\/wp\/v2\/media\/134230"}],"wp:attachment":[{"href":"https:\/\/errr-magazine.com\/english\/wp-json\/wp\/v2\/media?parent=132143"}],"wp:term":[{"taxonomy":"category","embeddable":true,"href":"https:\/\/errr-magazine.com\/english\/wp-json\/wp\/v2\/categories?post=132143"},{"taxonomy":"post_tag","embeddable":true,"href":"https:\/\/errr-magazine.com\/english\/wp-json\/wp\/v2\/tags?post=132143"}],"curies":[{"name":"wp","href":"https:\/\/api.w.org\/{rel}","templated":true}]}}