{"id":130732,"date":"2018-03-17T01:53:01","date_gmt":"2018-03-17T07:53:01","guid":{"rendered":"http:\/\/errr-magazine.com\/?p=130732"},"modified":"2022-08-31T02:02:15","modified_gmt":"2022-08-31T07:02:15","slug":"si-es-temporal-puede-ser-eterno","status":"publish","type":"post","link":"https:\/\/errr-magazine.com\/english\/si-es-temporal-puede-ser-eterno\/","title":{"rendered":"Si es temporal, puede ser eterno"},"content":{"rendered":"<p>Fue una tormenta que inici\u00f3 en mis ojos, testigo fue la luna. Prepar\u00e9 un lienzo en el que dejaste incompleta la obra. \u201cFuiste\u201d, la palabra que m\u00e1s se recordar\u00e1 pues existir\u00e1 una a\u00f1oranza, pero no creo que de ambas partes. Soltaste a velocidad, llamaste tan r\u00e1pido al olvido cuando de tus versos emigraba un supuesto amor. Piel que das a otro, besos que compartes, tiempo que ya no es el m\u00edo, porque ya no me perteneces. Pertenecer, palabra fuerte para una persona que quiere ser libre, pero a su vez no conoce la libertad, pues perdi\u00f3 el sentido, no entendi\u00f3 el concepto.<\/p>\n<p>Photographers: <a href=\"http:\/\/www.terrymagsonphotography.com\/\">Terry Magson<\/a><\/p>","protected":false},"excerpt":{"rendered":"<p>Fue una tormenta que inici\u00f3 en mis ojos, testigo fue la luna. Prepar\u00e9 un lienzo en el que dejaste incompleta la obra. \u201cFuiste\u201d, la palabra que m\u00e1s se recordar\u00e1 pues existir\u00e1 una a\u00f1oranza, pero no creo que de ambas partes. Soltaste a velocidad, llamaste tan r\u00e1pido al olvido cuando de tus versos emigraba un supuesto [&hellip;]<\/p>\n","protected":false},"author":5147,"featured_media":0,"comment_status":"closed","ping_status":"closed","sticky":false,"template":"","format":"standard","meta":{"_acf_changed":false,"cybocfi_hide_featured_image":"","_jetpack_memberships_contains_paid_content":false,"footnotes":""},"categories":[7997],"tags":[],"class_list":["post-130732","post","type-post","status-publish","format-standard","hentry","category-textos"],"acf":[],"mb":[],"yoast_head":"<!-- This site is optimized with the Yoast SEO plugin v27.2 - https:\/\/yoast.com\/product\/yoast-seo-wordpress\/ -->\n<title>Si es temporal, puede ser eterno - ERRR MAGAZINE<\/title>\n<meta name=\"robots\" content=\"index, follow, max-snippet:-1, max-image-preview:large, max-video-preview:-1\" \/>\n<link rel=\"canonical\" href=\"https:\/\/errr-magazine.com\/english\/si-es-temporal-puede-ser-eterno\/\" \/>\n<meta property=\"og:locale\" content=\"en_US\" \/>\n<meta property=\"og:type\" content=\"article\" \/>\n<meta property=\"og:title\" content=\"Si es temporal, puede ser eterno - ERRR MAGAZINE\" \/>\n<meta property=\"og:description\" content=\"Fue una tormenta que inici\u00f3 en mis ojos, testigo fue la luna. Prepar\u00e9 un lienzo en el que dejaste incompleta la obra. \u201cFuiste\u201d, la palabra que m\u00e1s se recordar\u00e1 pues existir\u00e1 una a\u00f1oranza, pero no creo que de ambas partes. Soltaste a velocidad, llamaste tan r\u00e1pido al olvido cuando de tus versos emigraba un supuesto [&hellip;]\" \/>\n<meta property=\"og:url\" content=\"https:\/\/errr-magazine.com\/english\/si-es-temporal-puede-ser-eterno\/\" \/>\n<meta property=\"og:site_name\" content=\"ERRR MAGAZINE\" \/>\n<meta property=\"article:published_time\" content=\"2018-03-17T07:53:01+00:00\" \/>\n<meta property=\"article:modified_time\" content=\"2022-08-31T07:02:15+00:00\" \/>\n<meta name=\"author\" content=\"Pare Garcia\" \/>\n<meta name=\"twitter:card\" content=\"summary_large_image\" \/>\n<meta name=\"twitter:label1\" content=\"Written by\" \/>\n\t<meta name=\"twitter:data1\" content=\"Pare Garcia\" \/>\n\t<meta name=\"twitter:label2\" content=\"Est. reading time\" \/>\n\t<meta name=\"twitter:data2\" content=\"1 minute\" \/>\n<script type=\"application\/ld+json\" class=\"yoast-schema-graph\">{\"@context\":\"https:\/\/schema.org\",\"@graph\":[{\"@type\":\"Article\",\"@id\":\"https:\/\/errr-magazine.com\/si-es-temporal-puede-ser-eterno\/#article\",\"isPartOf\":{\"@id\":\"https:\/\/errr-magazine.com\/si-es-temporal-puede-ser-eterno\/\"},\"author\":{\"name\":\"Pare Garcia\",\"@id\":\"https:\/\/errr-magazine.com\/#\/schema\/person\/58cc71dc379626edd4eba8c403fd09a9\"},\"headline\":\"Si es temporal, puede ser eterno\",\"datePublished\":\"2018-03-17T07:53:01+00:00\",\"dateModified\":\"2022-08-31T07:02:15+00:00\",\"mainEntityOfPage\":{\"@id\":\"https:\/\/errr-magazine.com\/si-es-temporal-puede-ser-eterno\/\"},\"wordCount\":116,\"articleSection\":[\"Textos\"],\"inLanguage\":\"en-US\"},{\"@type\":\"WebPage\",\"@id\":\"https:\/\/errr-magazine.com\/si-es-temporal-puede-ser-eterno\/\",\"url\":\"https:\/\/errr-magazine.com\/si-es-temporal-puede-ser-eterno\/\",\"name\":\"Si es temporal, puede ser eterno - ERRR MAGAZINE\",\"isPartOf\":{\"@id\":\"https:\/\/errr-magazine.com\/#website\"},\"datePublished\":\"2018-03-17T07:53:01+00:00\",\"dateModified\":\"2022-08-31T07:02:15+00:00\",\"author\":{\"@id\":\"https:\/\/errr-magazine.com\/#\/schema\/person\/58cc71dc379626edd4eba8c403fd09a9\"},\"breadcrumb\":{\"@id\":\"https:\/\/errr-magazine.com\/si-es-temporal-puede-ser-eterno\/#breadcrumb\"},\"inLanguage\":\"en-US\",\"potentialAction\":[{\"@type\":\"ReadAction\",\"target\":[\"https:\/\/errr-magazine.com\/si-es-temporal-puede-ser-eterno\/\"]}]},{\"@type\":\"BreadcrumbList\",\"@id\":\"https:\/\/errr-magazine.com\/si-es-temporal-puede-ser-eterno\/#breadcrumb\",\"itemListElement\":[{\"@type\":\"ListItem\",\"position\":1,\"name\":\"Portada\",\"item\":\"https:\/\/errr-magazine.com\/\"},{\"@type\":\"ListItem\",\"position\":2,\"name\":\"Si es temporal, puede ser eterno\"}]},{\"@type\":\"WebSite\",\"@id\":\"https:\/\/errr-magazine.com\/#website\",\"url\":\"https:\/\/errr-magazine.com\/\",\"name\":\"ERRR MAGAZINE\",\"description\":\"\",\"potentialAction\":[{\"@type\":\"SearchAction\",\"target\":{\"@type\":\"EntryPoint\",\"urlTemplate\":\"https:\/\/errr-magazine.com\/?s={search_term_string}\"},\"query-input\":{\"@type\":\"PropertyValueSpecification\",\"valueRequired\":true,\"valueName\":\"search_term_string\"}}],\"inLanguage\":\"en-US\"},{\"@type\":\"Person\",\"@id\":\"https:\/\/errr-magazine.com\/#\/schema\/person\/58cc71dc379626edd4eba8c403fd09a9\",\"name\":\"Pare Garcia\",\"image\":{\"@type\":\"ImageObject\",\"inLanguage\":\"en-US\",\"@id\":\"https:\/\/secure.gravatar.com\/avatar\/3cbf6dbbd57480336b9951bc8f77884a8c757a1e0cc0eef90b3081a173731fae?s=96&d=identicon&r=g\",\"url\":\"https:\/\/secure.gravatar.com\/avatar\/3cbf6dbbd57480336b9951bc8f77884a8c757a1e0cc0eef90b3081a173731fae?s=96&d=identicon&r=g\",\"contentUrl\":\"https:\/\/secure.gravatar.com\/avatar\/3cbf6dbbd57480336b9951bc8f77884a8c757a1e0cc0eef90b3081a173731fae?s=96&d=identicon&r=g\",\"caption\":\"Pare Garcia\"},\"url\":\"https:\/\/errr-magazine.com\/english\/author\/pare-garcia\/\"}]}<\/script>\n<!-- \/ Yoast SEO plugin. -->","yoast_head_json":{"title":"Si es temporal, puede ser eterno - ERRR MAGAZINE","robots":{"index":"index","follow":"follow","max-snippet":"max-snippet:-1","max-image-preview":"max-image-preview:large","max-video-preview":"max-video-preview:-1"},"canonical":"https:\/\/errr-magazine.com\/english\/si-es-temporal-puede-ser-eterno\/","og_locale":"en_US","og_type":"article","og_title":"Si es temporal, puede ser eterno - ERRR MAGAZINE","og_description":"Fue una tormenta que inici\u00f3 en mis ojos, testigo fue la luna. Prepar\u00e9 un lienzo en el que dejaste incompleta la obra. \u201cFuiste\u201d, la palabra que m\u00e1s se recordar\u00e1 pues existir\u00e1 una a\u00f1oranza, pero no creo que de ambas partes. Soltaste a velocidad, llamaste tan r\u00e1pido al olvido cuando de tus versos emigraba un supuesto [&hellip;]","og_url":"https:\/\/errr-magazine.com\/english\/si-es-temporal-puede-ser-eterno\/","og_site_name":"ERRR MAGAZINE","article_published_time":"2018-03-17T07:53:01+00:00","article_modified_time":"2022-08-31T07:02:15+00:00","author":"Pare Garcia","twitter_card":"summary_large_image","twitter_misc":{"Written by":"Pare Garcia","Est. reading time":"1 minute"},"schema":{"@context":"https:\/\/schema.org","@graph":[{"@type":"Article","@id":"https:\/\/errr-magazine.com\/si-es-temporal-puede-ser-eterno\/#article","isPartOf":{"@id":"https:\/\/errr-magazine.com\/si-es-temporal-puede-ser-eterno\/"},"author":{"name":"Pare Garcia","@id":"https:\/\/errr-magazine.com\/#\/schema\/person\/58cc71dc379626edd4eba8c403fd09a9"},"headline":"Si es temporal, puede ser eterno","datePublished":"2018-03-17T07:53:01+00:00","dateModified":"2022-08-31T07:02:15+00:00","mainEntityOfPage":{"@id":"https:\/\/errr-magazine.com\/si-es-temporal-puede-ser-eterno\/"},"wordCount":116,"articleSection":["Textos"],"inLanguage":"en-US"},{"@type":"WebPage","@id":"https:\/\/errr-magazine.com\/si-es-temporal-puede-ser-eterno\/","url":"https:\/\/errr-magazine.com\/si-es-temporal-puede-ser-eterno\/","name":"Si es temporal, puede ser eterno - ERRR MAGAZINE","isPartOf":{"@id":"https:\/\/errr-magazine.com\/#website"},"datePublished":"2018-03-17T07:53:01+00:00","dateModified":"2022-08-31T07:02:15+00:00","author":{"@id":"https:\/\/errr-magazine.com\/#\/schema\/person\/58cc71dc379626edd4eba8c403fd09a9"},"breadcrumb":{"@id":"https:\/\/errr-magazine.com\/si-es-temporal-puede-ser-eterno\/#breadcrumb"},"inLanguage":"en-US","potentialAction":[{"@type":"ReadAction","target":["https:\/\/errr-magazine.com\/si-es-temporal-puede-ser-eterno\/"]}]},{"@type":"BreadcrumbList","@id":"https:\/\/errr-magazine.com\/si-es-temporal-puede-ser-eterno\/#breadcrumb","itemListElement":[{"@type":"ListItem","position":1,"name":"Portada","item":"https:\/\/errr-magazine.com\/"},{"@type":"ListItem","position":2,"name":"Si es temporal, puede ser eterno"}]},{"@type":"WebSite","@id":"https:\/\/errr-magazine.com\/#website","url":"https:\/\/errr-magazine.com\/","name":"ERRR MAGAZINE","description":"","potentialAction":[{"@type":"SearchAction","target":{"@type":"EntryPoint","urlTemplate":"https:\/\/errr-magazine.com\/?s={search_term_string}"},"query-input":{"@type":"PropertyValueSpecification","valueRequired":true,"valueName":"search_term_string"}}],"inLanguage":"en-US"},{"@type":"Person","@id":"https:\/\/errr-magazine.com\/#\/schema\/person\/58cc71dc379626edd4eba8c403fd09a9","name":"Pare Garcia","image":{"@type":"ImageObject","inLanguage":"en-US","@id":"https:\/\/secure.gravatar.com\/avatar\/3cbf6dbbd57480336b9951bc8f77884a8c757a1e0cc0eef90b3081a173731fae?s=96&d=identicon&r=g","url":"https:\/\/secure.gravatar.com\/avatar\/3cbf6dbbd57480336b9951bc8f77884a8c757a1e0cc0eef90b3081a173731fae?s=96&d=identicon&r=g","contentUrl":"https:\/\/secure.gravatar.com\/avatar\/3cbf6dbbd57480336b9951bc8f77884a8c757a1e0cc0eef90b3081a173731fae?s=96&d=identicon&r=g","caption":"Pare Garcia"},"url":"https:\/\/errr-magazine.com\/english\/author\/pare-garcia\/"}]}},"jetpack_featured_media_url":"","jetpack-related-posts":[{"id":201452,"url":"https:\/\/errr-magazine.com\/english\/las-palabras-son-como-el-agua\/","url_meta":{"origin":130732,"position":0},"title":"Words Are Like Water","author":"Jacob Elizarraraz","date":"03\/05\/2026","format":false,"excerpt":"I hold great affection for this version of myself: the writer capable of convincing others through words, yet incapable of convincing himself.","rel":"","context":"In &quot;Narrativa&quot;","block_context":{"text":"Narrativa","link":"https:\/\/errr-magazine.com\/english\/category\/writing\/narrativa\/"},"img":{"alt_text":"","src":"https:\/\/i0.wp.com\/errr-magazine.com\/wp-content\/uploads\/2026\/03\/Copia-de-DSCF0522-scaled.jpg?resize=350%2C200&ssl=1","width":350,"height":200,"srcset":"https:\/\/i0.wp.com\/errr-magazine.com\/wp-content\/uploads\/2026\/03\/Copia-de-DSCF0522-scaled.jpg?resize=350%2C200&ssl=1 1x, https:\/\/i0.wp.com\/errr-magazine.com\/wp-content\/uploads\/2026\/03\/Copia-de-DSCF0522-scaled.jpg?resize=525%2C300&ssl=1 1.5x, https:\/\/i0.wp.com\/errr-magazine.com\/wp-content\/uploads\/2026\/03\/Copia-de-DSCF0522-scaled.jpg?resize=700%2C400&ssl=1 2x, https:\/\/i0.wp.com\/errr-magazine.com\/wp-content\/uploads\/2026\/03\/Copia-de-DSCF0522-scaled.jpg?resize=1050%2C600&ssl=1 3x, https:\/\/i0.wp.com\/errr-magazine.com\/wp-content\/uploads\/2026\/03\/Copia-de-DSCF0522-scaled.jpg?resize=1400%2C800&ssl=1 4x"},"classes":[]},{"id":205356,"url":"https:\/\/errr-magazine.com\/english\/escribir-el-cuerpo-en-el-instante-agua-viva-de-clarice-lispector\/","url_meta":{"origin":130732,"position":1},"title":"Writing the body in the instant: \u201cAgua viva\u201d by Clarice Lispector","author":"Jimena Cherry","date":"04\/24\/2026","format":false,"excerpt":"Writing is operating on the vibration of the instant like someone sewing a resisting edge; a language that does not represent the world but produces it, where the word is always a fragment of something that is never fully said and escapes while being written.","rel":"","context":"In &quot;Ensayo&quot;","block_context":{"text":"Ensayo","link":"https:\/\/errr-magazine.com\/english\/category\/writing\/ensayo\/"},"img":{"alt_text":"","src":"","width":0,"height":0},"classes":[]},{"id":166010,"url":"https:\/\/errr-magazine.com\/english\/sabes-a-donde-perteneces\/","url_meta":{"origin":130732,"position":2},"title":"\u00bfSabes a d\u00f3nde perteneces?","author":"Ann Rodr","date":"02\/08\/2021","format":false,"excerpt":"-\u00bfSabes a d\u00f3nde perteneces? Me pregunt\u00f3 el otro d\u00eda mi psic\u00f3loga en terapia. Lo dude bastante antes de decir algo... trat\u00e9 de articular las palabras: -No estoy segura, por mucho tiempo pens\u00e9 que pertenec\u00eda a alguien m\u00e1s, que mi lugar estaba con otra persona, es decir, que en el momento\u2026","rel":"","context":"In &quot;Textos&quot;","block_context":{"text":"Textos","link":"https:\/\/errr-magazine.com\/english\/category\/textos\/"},"img":{"alt_text":"","src":"https:\/\/i0.wp.com\/errr-magazine.com\/wp-content\/uploads\/2021\/01\/15540893508_8f9f18a8ee_o.jpg?resize=350%2C200&ssl=1","width":350,"height":200,"srcset":"https:\/\/i0.wp.com\/errr-magazine.com\/wp-content\/uploads\/2021\/01\/15540893508_8f9f18a8ee_o.jpg?resize=350%2C200&ssl=1 1x, https:\/\/i0.wp.com\/errr-magazine.com\/wp-content\/uploads\/2021\/01\/15540893508_8f9f18a8ee_o.jpg?resize=525%2C300&ssl=1 1.5x, https:\/\/i0.wp.com\/errr-magazine.com\/wp-content\/uploads\/2021\/01\/15540893508_8f9f18a8ee_o.jpg?resize=700%2C400&ssl=1 2x, https:\/\/i0.wp.com\/errr-magazine.com\/wp-content\/uploads\/2021\/01\/15540893508_8f9f18a8ee_o.jpg?resize=1050%2C600&ssl=1 3x, https:\/\/i0.wp.com\/errr-magazine.com\/wp-content\/uploads\/2021\/01\/15540893508_8f9f18a8ee_o.jpg?resize=1400%2C800&ssl=1 4x"},"classes":[]},{"id":199867,"url":"https:\/\/errr-magazine.com\/english\/el-pais-donde-todo-te-pertenece\/","url_meta":{"origin":130732,"position":3},"title":"The country where everything belongs to you","author":"Jos\u00e9 Mar\u00eda V\u00e1zquez Cabanillas","date":"02\/13\/2026","format":false,"excerpt":"On the other side of the continent, on the other side of the ocean, on the other side of the world. In the farthest place that exists, there is a country where everything belongs to you.","rel":"","context":"In &quot;Poes\u00eda&quot;","block_context":{"text":"Poes\u00eda","link":"https:\/\/errr-magazine.com\/english\/category\/writing\/poesia\/"},"img":{"alt_text":"","src":"https:\/\/i0.wp.com\/errr-magazine.com\/wp-content\/uploads\/2026\/02\/IZTA-1-2-1.jpg?resize=350%2C200&ssl=1","width":350,"height":200,"srcset":"https:\/\/i0.wp.com\/errr-magazine.com\/wp-content\/uploads\/2026\/02\/IZTA-1-2-1.jpg?resize=350%2C200&ssl=1 1x, https:\/\/i0.wp.com\/errr-magazine.com\/wp-content\/uploads\/2026\/02\/IZTA-1-2-1.jpg?resize=525%2C300&ssl=1 1.5x, https:\/\/i0.wp.com\/errr-magazine.com\/wp-content\/uploads\/2026\/02\/IZTA-1-2-1.jpg?resize=700%2C400&ssl=1 2x, https:\/\/i0.wp.com\/errr-magazine.com\/wp-content\/uploads\/2026\/02\/IZTA-1-2-1.jpg?resize=1050%2C600&ssl=1 3x, https:\/\/i0.wp.com\/errr-magazine.com\/wp-content\/uploads\/2026\/02\/IZTA-1-2-1.jpg?resize=1400%2C800&ssl=1 4x"},"classes":[]},{"id":165565,"url":"https:\/\/errr-magazine.com\/english\/tu-9\/","url_meta":{"origin":130732,"position":4},"title":"You","author":"Geovani Santillan Gonz\u00e1lez","date":"02\/14\/2021","format":false,"excerpt":"Existes t\u00fa: perfecci\u00f3n Con sonrisa suave y hermosa por completo, cada que curvea esa delicada boca, tiene dos opciones, te mata de tremenda felicidad y admiraci\u00f3n, o de una fatal tristeza, porque con una sonrisa ilumina miles de corazones, pero cuando la curva se desliza para el lado contrario, y\u2026","rel":"","context":"In &quot;Textos&quot;","block_context":{"text":"Textos","link":"https:\/\/errr-magazine.com\/english\/category\/textos\/"},"img":{"alt_text":"","src":"https:\/\/i0.wp.com\/errr-magazine.com\/wp-content\/uploads\/2021\/02\/Captura-de-pantalla-2021-02-11-a-las-11.25.31.png?resize=350%2C200&ssl=1","width":350,"height":200,"srcset":"https:\/\/i0.wp.com\/errr-magazine.com\/wp-content\/uploads\/2021\/02\/Captura-de-pantalla-2021-02-11-a-las-11.25.31.png?resize=350%2C200&ssl=1 1x, https:\/\/i0.wp.com\/errr-magazine.com\/wp-content\/uploads\/2021\/02\/Captura-de-pantalla-2021-02-11-a-las-11.25.31.png?resize=525%2C300&ssl=1 1.5x, https:\/\/i0.wp.com\/errr-magazine.com\/wp-content\/uploads\/2021\/02\/Captura-de-pantalla-2021-02-11-a-las-11.25.31.png?resize=700%2C400&ssl=1 2x"},"classes":[]},{"id":202491,"url":"https:\/\/errr-magazine.com\/english\/tiempos-de-sequia\/","url_meta":{"origin":130732,"position":5},"title":"Drought Times","author":"Azul Mv\u00e1","date":"03\/16\/2026","format":false,"excerpt":"I allowed myself to wither in times of drought, when your words were not constant, and I stretched out my hands to see if I could reach a little of your attention, like someone searching for something in a drawer that has been stirred up over time, knowing they will never find it.","rel":"","context":"In &quot;Narrativa&quot;","block_context":{"text":"Narrativa","link":"https:\/\/errr-magazine.com\/english\/category\/writing\/narrativa\/"},"img":{"alt_text":"","src":"https:\/\/i0.wp.com\/errr-magazine.com\/wp-content\/uploads\/2026\/03\/Copia-de-IMG_7212.jpg?resize=350%2C200&ssl=1","width":350,"height":200,"srcset":"https:\/\/i0.wp.com\/errr-magazine.com\/wp-content\/uploads\/2026\/03\/Copia-de-IMG_7212.jpg?resize=350%2C200&ssl=1 1x, https:\/\/i0.wp.com\/errr-magazine.com\/wp-content\/uploads\/2026\/03\/Copia-de-IMG_7212.jpg?resize=525%2C300&ssl=1 1.5x, https:\/\/i0.wp.com\/errr-magazine.com\/wp-content\/uploads\/2026\/03\/Copia-de-IMG_7212.jpg?resize=700%2C400&ssl=1 2x, https:\/\/i0.wp.com\/errr-magazine.com\/wp-content\/uploads\/2026\/03\/Copia-de-IMG_7212.jpg?resize=1050%2C600&ssl=1 3x"},"classes":[]}],"jetpack_sharing_enabled":true,"mfb_rest_fields":["title","yoast_head","yoast_head_json","jetpack_featured_media_url","jetpack-related-posts","jetpack_sharing_enabled"],"_links":{"self":[{"href":"https:\/\/errr-magazine.com\/english\/wp-json\/wp\/v2\/posts\/130732","targetHints":{"allow":["GET"]}}],"collection":[{"href":"https:\/\/errr-magazine.com\/english\/wp-json\/wp\/v2\/posts"}],"about":[{"href":"https:\/\/errr-magazine.com\/english\/wp-json\/wp\/v2\/types\/post"}],"author":[{"embeddable":true,"href":"https:\/\/errr-magazine.com\/english\/wp-json\/wp\/v2\/users\/5147"}],"replies":[{"embeddable":true,"href":"https:\/\/errr-magazine.com\/english\/wp-json\/wp\/v2\/comments?post=130732"}],"version-history":[{"count":3,"href":"https:\/\/errr-magazine.com\/english\/wp-json\/wp\/v2\/posts\/130732\/revisions"}],"predecessor-version":[{"id":131196,"href":"https:\/\/errr-magazine.com\/english\/wp-json\/wp\/v2\/posts\/130732\/revisions\/131196"}],"wp:attachment":[{"href":"https:\/\/errr-magazine.com\/english\/wp-json\/wp\/v2\/media?parent=130732"}],"wp:term":[{"taxonomy":"category","embeddable":true,"href":"https:\/\/errr-magazine.com\/english\/wp-json\/wp\/v2\/categories?post=130732"},{"taxonomy":"post_tag","embeddable":true,"href":"https:\/\/errr-magazine.com\/english\/wp-json\/wp\/v2\/tags?post=130732"}],"curies":[{"name":"wp","href":"https:\/\/api.w.org\/{rel}","templated":true}]}}