{"id":130637,"date":"2018-04-07T17:01:10","date_gmt":"2018-04-07T23:01:10","guid":{"rendered":"http:\/\/errr-magazine.com\/?p=130637"},"modified":"2022-08-31T02:00:22","modified_gmt":"2022-08-31T07:00:22","slug":"crater-es-mi-craneo","status":"publish","type":"post","link":"https:\/\/errr-magazine.com\/english\/crater-es-mi-craneo\/","title":{"rendered":"Cr\u00e1ter es mi cr\u00e1neo"},"content":{"rendered":"<p>Cr\u00e1ter de carne y hueso<br \/>\nmi voz es la incandescencia mi interior<br \/>\nla erupci\u00f3n de mi alfabeto<\/p>\n<p>Y es acento<br \/>\nla magma de mi intelecto<\/p>\n<p>Y es volc\u00e1n<br \/>\nel impulso de lo que pienso<\/p>\n<p>Y es infierno<br \/>\n(recalcitrante Averno)<br \/>\nel n\u00facleo de mi cerebro<\/p>\n<p>Photographers: <a href=\"https:\/\/www.flickr.com\/photos\/dennisschnieber\/\">Dennis Schnieber<\/a><\/p>","protected":false},"excerpt":{"rendered":"<p>Cr\u00e1ter de carne y hueso mi voz es la incandescencia mi interior la erupci\u00f3n de mi alfabeto Y es acento la magma de mi intelecto Y es volc\u00e1n el impulso de lo que pienso Y es infierno (recalcitrante Averno) el n\u00facleo de mi cerebro Fotograf\u00eda: Dennis Schnieber<\/p>","protected":false},"author":1700,"featured_media":0,"comment_status":"closed","ping_status":"closed","sticky":false,"template":"","format":"standard","meta":{"_acf_changed":false,"cybocfi_hide_featured_image":"","_jetpack_memberships_contains_paid_content":false,"footnotes":""},"categories":[7997],"tags":[],"class_list":["post-130637","post","type-post","status-publish","format-standard","hentry","category-textos"],"acf":[],"mb":[],"yoast_head":"<!-- This site is optimized with the Yoast SEO plugin v27.2 - https:\/\/yoast.com\/product\/yoast-seo-wordpress\/ -->\n<title>Cr\u00e1ter es mi cr\u00e1neo - ERRR MAGAZINE<\/title>\n<meta name=\"robots\" content=\"index, follow, max-snippet:-1, max-image-preview:large, max-video-preview:-1\" \/>\n<link rel=\"canonical\" href=\"https:\/\/errr-magazine.com\/english\/crater-es-mi-craneo\/\" \/>\n<meta property=\"og:locale\" content=\"en_US\" \/>\n<meta property=\"og:type\" content=\"article\" \/>\n<meta property=\"og:title\" content=\"Cr\u00e1ter es mi cr\u00e1neo - ERRR MAGAZINE\" \/>\n<meta property=\"og:description\" content=\"Cr\u00e1ter de carne y hueso mi voz es la incandescencia mi interior la erupci\u00f3n de mi alfabeto Y es acento la magma de mi intelecto Y es volc\u00e1n el impulso de lo que pienso Y es infierno (recalcitrante Averno) el n\u00facleo de mi cerebro Fotograf\u00eda: Dennis Schnieber\" \/>\n<meta property=\"og:url\" content=\"https:\/\/errr-magazine.com\/english\/crater-es-mi-craneo\/\" \/>\n<meta property=\"og:site_name\" content=\"ERRR MAGAZINE\" \/>\n<meta property=\"article:published_time\" content=\"2018-04-07T23:01:10+00:00\" \/>\n<meta property=\"article:modified_time\" content=\"2022-08-31T07:00:22+00:00\" \/>\n<meta name=\"author\" content=\"Paco Carre\u00f3n\" \/>\n<meta name=\"twitter:card\" content=\"summary_large_image\" \/>\n<meta name=\"twitter:label1\" content=\"Written by\" \/>\n\t<meta name=\"twitter:data1\" content=\"Paco Carre\u00f3n\" \/>\n<script type=\"application\/ld+json\" class=\"yoast-schema-graph\">{\"@context\":\"https:\/\/schema.org\",\"@graph\":[{\"@type\":\"Article\",\"@id\":\"https:\/\/errr-magazine.com\/crater-es-mi-craneo\/#article\",\"isPartOf\":{\"@id\":\"https:\/\/errr-magazine.com\/crater-es-mi-craneo\/\"},\"author\":{\"name\":\"Paco Carre\u00f3n\",\"@id\":\"https:\/\/errr-magazine.com\/#\/schema\/person\/0c8527bc7db1f897bb12c64d1a2d5aa0\"},\"headline\":\"Cr\u00e1ter es mi cr\u00e1neo\",\"datePublished\":\"2018-04-07T23:01:10+00:00\",\"dateModified\":\"2022-08-31T07:00:22+00:00\",\"mainEntityOfPage\":{\"@id\":\"https:\/\/errr-magazine.com\/crater-es-mi-craneo\/\"},\"wordCount\":58,\"articleSection\":[\"Textos\"],\"inLanguage\":\"en-US\"},{\"@type\":\"WebPage\",\"@id\":\"https:\/\/errr-magazine.com\/crater-es-mi-craneo\/\",\"url\":\"https:\/\/errr-magazine.com\/crater-es-mi-craneo\/\",\"name\":\"Cr\u00e1ter es mi cr\u00e1neo - ERRR MAGAZINE\",\"isPartOf\":{\"@id\":\"https:\/\/errr-magazine.com\/#website\"},\"datePublished\":\"2018-04-07T23:01:10+00:00\",\"dateModified\":\"2022-08-31T07:00:22+00:00\",\"author\":{\"@id\":\"https:\/\/errr-magazine.com\/#\/schema\/person\/0c8527bc7db1f897bb12c64d1a2d5aa0\"},\"breadcrumb\":{\"@id\":\"https:\/\/errr-magazine.com\/crater-es-mi-craneo\/#breadcrumb\"},\"inLanguage\":\"en-US\",\"potentialAction\":[{\"@type\":\"ReadAction\",\"target\":[\"https:\/\/errr-magazine.com\/crater-es-mi-craneo\/\"]}]},{\"@type\":\"BreadcrumbList\",\"@id\":\"https:\/\/errr-magazine.com\/crater-es-mi-craneo\/#breadcrumb\",\"itemListElement\":[{\"@type\":\"ListItem\",\"position\":1,\"name\":\"Portada\",\"item\":\"https:\/\/errr-magazine.com\/\"},{\"@type\":\"ListItem\",\"position\":2,\"name\":\"Cr\u00e1ter es mi cr\u00e1neo\"}]},{\"@type\":\"WebSite\",\"@id\":\"https:\/\/errr-magazine.com\/#website\",\"url\":\"https:\/\/errr-magazine.com\/\",\"name\":\"ERRR MAGAZINE\",\"description\":\"\",\"potentialAction\":[{\"@type\":\"SearchAction\",\"target\":{\"@type\":\"EntryPoint\",\"urlTemplate\":\"https:\/\/errr-magazine.com\/?s={search_term_string}\"},\"query-input\":{\"@type\":\"PropertyValueSpecification\",\"valueRequired\":true,\"valueName\":\"search_term_string\"}}],\"inLanguage\":\"en-US\"},{\"@type\":\"Person\",\"@id\":\"https:\/\/errr-magazine.com\/#\/schema\/person\/0c8527bc7db1f897bb12c64d1a2d5aa0\",\"name\":\"Paco Carre\u00f3n\",\"image\":{\"@type\":\"ImageObject\",\"inLanguage\":\"en-US\",\"@id\":\"https:\/\/secure.gravatar.com\/avatar\/254eff7ef0f7c2d38ecbc6e438e7795b03f6e3e50d2f39321355bd615e1b0d40?s=96&d=identicon&r=g\",\"url\":\"https:\/\/secure.gravatar.com\/avatar\/254eff7ef0f7c2d38ecbc6e438e7795b03f6e3e50d2f39321355bd615e1b0d40?s=96&d=identicon&r=g\",\"contentUrl\":\"https:\/\/secure.gravatar.com\/avatar\/254eff7ef0f7c2d38ecbc6e438e7795b03f6e3e50d2f39321355bd615e1b0d40?s=96&d=identicon&r=g\",\"caption\":\"Paco Carre\u00f3n\"},\"description\":\"Paco Carre\u00f3n naci\u00f3 en la Cuna de la Naci\u00f3n en el a\u00f1o de 1989, en el hospital de la Loma, atemporal y bajo el signo de Libra. Es Poeta autodidacta. Ha colaborado en diversos medios: impresos, p\u00fablicos y digitales. El Regional Informativo (Tlaxcala), Revista Velvet (Puebla), ERRR MAGAZINE (CDMX). En 2018 particip\u00f3 en dos recitales po\u00e9ticos en el underground tlaxcalteca. Actualmente escribe s\u00f3lo en su libreta.\",\"sameAs\":[\"https:\/\/www.instagram.com\/paco.malacara\/\",\"https:\/\/instagram.com\/paco.carreon?igshid=1qqdcqe0mdvjd\"],\"url\":\"https:\/\/errr-magazine.com\/english\/author\/el-insolente\/\"}]}<\/script>\n<!-- \/ Yoast SEO plugin. -->","yoast_head_json":{"title":"Cr\u00e1ter es mi cr\u00e1neo - ERRR MAGAZINE","robots":{"index":"index","follow":"follow","max-snippet":"max-snippet:-1","max-image-preview":"max-image-preview:large","max-video-preview":"max-video-preview:-1"},"canonical":"https:\/\/errr-magazine.com\/english\/crater-es-mi-craneo\/","og_locale":"en_US","og_type":"article","og_title":"Cr\u00e1ter es mi cr\u00e1neo - ERRR MAGAZINE","og_description":"Cr\u00e1ter de carne y hueso mi voz es la incandescencia mi interior la erupci\u00f3n de mi alfabeto Y es acento la magma de mi intelecto Y es volc\u00e1n el impulso de lo que pienso Y es infierno (recalcitrante Averno) el n\u00facleo de mi cerebro Fotograf\u00eda: Dennis Schnieber","og_url":"https:\/\/errr-magazine.com\/english\/crater-es-mi-craneo\/","og_site_name":"ERRR MAGAZINE","article_published_time":"2018-04-07T23:01:10+00:00","article_modified_time":"2022-08-31T07:00:22+00:00","author":"Paco Carre\u00f3n","twitter_card":"summary_large_image","twitter_misc":{"Written by":"Paco Carre\u00f3n"},"schema":{"@context":"https:\/\/schema.org","@graph":[{"@type":"Article","@id":"https:\/\/errr-magazine.com\/crater-es-mi-craneo\/#article","isPartOf":{"@id":"https:\/\/errr-magazine.com\/crater-es-mi-craneo\/"},"author":{"name":"Paco Carre\u00f3n","@id":"https:\/\/errr-magazine.com\/#\/schema\/person\/0c8527bc7db1f897bb12c64d1a2d5aa0"},"headline":"Cr\u00e1ter es mi cr\u00e1neo","datePublished":"2018-04-07T23:01:10+00:00","dateModified":"2022-08-31T07:00:22+00:00","mainEntityOfPage":{"@id":"https:\/\/errr-magazine.com\/crater-es-mi-craneo\/"},"wordCount":58,"articleSection":["Textos"],"inLanguage":"en-US"},{"@type":"WebPage","@id":"https:\/\/errr-magazine.com\/crater-es-mi-craneo\/","url":"https:\/\/errr-magazine.com\/crater-es-mi-craneo\/","name":"Cr\u00e1ter es mi cr\u00e1neo - ERRR MAGAZINE","isPartOf":{"@id":"https:\/\/errr-magazine.com\/#website"},"datePublished":"2018-04-07T23:01:10+00:00","dateModified":"2022-08-31T07:00:22+00:00","author":{"@id":"https:\/\/errr-magazine.com\/#\/schema\/person\/0c8527bc7db1f897bb12c64d1a2d5aa0"},"breadcrumb":{"@id":"https:\/\/errr-magazine.com\/crater-es-mi-craneo\/#breadcrumb"},"inLanguage":"en-US","potentialAction":[{"@type":"ReadAction","target":["https:\/\/errr-magazine.com\/crater-es-mi-craneo\/"]}]},{"@type":"BreadcrumbList","@id":"https:\/\/errr-magazine.com\/crater-es-mi-craneo\/#breadcrumb","itemListElement":[{"@type":"ListItem","position":1,"name":"Portada","item":"https:\/\/errr-magazine.com\/"},{"@type":"ListItem","position":2,"name":"Cr\u00e1ter es mi cr\u00e1neo"}]},{"@type":"WebSite","@id":"https:\/\/errr-magazine.com\/#website","url":"https:\/\/errr-magazine.com\/","name":"ERRR MAGAZINE","description":"","potentialAction":[{"@type":"SearchAction","target":{"@type":"EntryPoint","urlTemplate":"https:\/\/errr-magazine.com\/?s={search_term_string}"},"query-input":{"@type":"PropertyValueSpecification","valueRequired":true,"valueName":"search_term_string"}}],"inLanguage":"en-US"},{"@type":"Person","@id":"https:\/\/errr-magazine.com\/#\/schema\/person\/0c8527bc7db1f897bb12c64d1a2d5aa0","name":"Paco Carreon","image":{"@type":"ImageObject","inLanguage":"en-US","@id":"https:\/\/secure.gravatar.com\/avatar\/254eff7ef0f7c2d38ecbc6e438e7795b03f6e3e50d2f39321355bd615e1b0d40?s=96&d=identicon&r=g","url":"https:\/\/secure.gravatar.com\/avatar\/254eff7ef0f7c2d38ecbc6e438e7795b03f6e3e50d2f39321355bd615e1b0d40?s=96&d=identicon&r=g","contentUrl":"https:\/\/secure.gravatar.com\/avatar\/254eff7ef0f7c2d38ecbc6e438e7795b03f6e3e50d2f39321355bd615e1b0d40?s=96&d=identicon&r=g","caption":"Paco Carre\u00f3n"},"description":"Paco Carre\u00f3n was born in the Cradle of the Nation in 1989, in the hospital of La Loma, timeless and under the sign of Libra. He is a self-taught poet. He has collaborated in various media: print, public and digital. El Regional Informativo (Tlaxcala), Revista Velvet (Puebla), ERRR MAGAZINE (CDMX). In 2018 she participated in two poetry recitals in the Tlaxcalan underground. She currently writes only in her notebook.","sameAs":["https:\/\/www.instagram.com\/paco.malacara\/","https:\/\/instagram.com\/paco.carreon?igshid=1qqdcqe0mdvjd"],"url":"https:\/\/errr-magazine.com\/english\/author\/el-insolente\/"}]}},"jetpack_featured_media_url":"","jetpack-related-posts":[{"id":140118,"url":"https:\/\/errr-magazine.com\/english\/pastel\/","url_meta":{"origin":130637,"position":0},"title":"Pastel","author":"Jennifer Gonz\u00e1lez Ortiz","date":"12\/17\/2018","format":false,"excerpt":"Una relaci\u00f3n sentimental es como un pastel. Glorioso se ve por fuera, pero por dentro todo esta comprimido esperando estallar y ese es el momento donde dicen: \"\u00a1Mor-di-da, Mor-di-da!\". D\u00e1ndole as\u00ed la verdadera apariencia a tu pastel, un lado bonito y otro feo, con ese cr\u00e1ter llamado \"Mordida\". Lloras al\u2026","rel":"","context":"In &quot;Textos&quot;","block_context":{"text":"Textos","link":"https:\/\/errr-magazine.com\/english\/category\/textos\/"},"img":{"alt_text":"","src":"","width":0,"height":0},"classes":[]},{"id":176022,"url":"https:\/\/errr-magazine.com\/english\/huellas-mnemicas-27\/","url_meta":{"origin":130637,"position":1},"title":"Huellas mn\u00e9micas (27+)","author":"Alan Josu\u00e9 V\u00e1zquez","date":"11\/07\/2021","format":false,"excerpt":"De ni\u00f1o escrib\u00ed un poema en una libreta vieja, un canto de sinrazones escrito con dos crayones. De ni\u00f1o escrib\u00ed un poema que era de un h\u00edbrido arte: una mezcla entre epopeyas y gu\u00edas de alunizajes. Hablaba de cosas bellas: de las manos de mi abuela... hablaba de mis temores,\u2026","rel":"","context":"In &quot;Textos&quot;","block_context":{"text":"Textos","link":"https:\/\/errr-magazine.com\/english\/category\/textos\/"},"img":{"alt_text":"","src":"https:\/\/i0.wp.com\/errr-magazine.com\/wp-content\/uploads\/2021\/11\/8AEDBC74-2E8F-4BBE-A358-6C8E088EB3B6-scaled.jpg?resize=350%2C200&ssl=1","width":350,"height":200,"srcset":"https:\/\/i0.wp.com\/errr-magazine.com\/wp-content\/uploads\/2021\/11\/8AEDBC74-2E8F-4BBE-A358-6C8E088EB3B6-scaled.jpg?resize=350%2C200&ssl=1 1x, https:\/\/i0.wp.com\/errr-magazine.com\/wp-content\/uploads\/2021\/11\/8AEDBC74-2E8F-4BBE-A358-6C8E088EB3B6-scaled.jpg?resize=525%2C300&ssl=1 1.5x, https:\/\/i0.wp.com\/errr-magazine.com\/wp-content\/uploads\/2021\/11\/8AEDBC74-2E8F-4BBE-A358-6C8E088EB3B6-scaled.jpg?resize=700%2C400&ssl=1 2x, https:\/\/i0.wp.com\/errr-magazine.com\/wp-content\/uploads\/2021\/11\/8AEDBC74-2E8F-4BBE-A358-6C8E088EB3B6-scaled.jpg?resize=1050%2C600&ssl=1 3x, https:\/\/i0.wp.com\/errr-magazine.com\/wp-content\/uploads\/2021\/11\/8AEDBC74-2E8F-4BBE-A358-6C8E088EB3B6-scaled.jpg?resize=1400%2C800&ssl=1 4x"},"classes":[]},{"id":177483,"url":"https:\/\/errr-magazine.com\/english\/amuleto-de-sol-1\/","url_meta":{"origin":130637,"position":2},"title":"Amuleto de Sol #1","author":"Francisco Gil","date":"05\/11\/2022","format":false,"excerpt":"Sin darme cuenta el sol me dejo de molestar, as\u00ed como sin darme cuenta las ra\u00edces comenzaron a crecer en esta tierra que cre\u00eda inf\u00e9rtil al punto de dejar frutos por montones con lo que podr\u00eda llenar costales de alimento, alimento para el alma Eres un sol que no quema,\u2026","rel":"","context":"In &quot;Textos&quot;","block_context":{"text":"Textos","link":"https:\/\/errr-magazine.com\/english\/category\/textos\/"},"img":{"alt_text":"","src":"https:\/\/i0.wp.com\/errr-magazine.com\/wp-content\/uploads\/2022\/05\/IMG_0075-scaled.jpg?resize=350%2C200&ssl=1","width":350,"height":200,"srcset":"https:\/\/i0.wp.com\/errr-magazine.com\/wp-content\/uploads\/2022\/05\/IMG_0075-scaled.jpg?resize=350%2C200&ssl=1 1x, https:\/\/i0.wp.com\/errr-magazine.com\/wp-content\/uploads\/2022\/05\/IMG_0075-scaled.jpg?resize=525%2C300&ssl=1 1.5x, https:\/\/i0.wp.com\/errr-magazine.com\/wp-content\/uploads\/2022\/05\/IMG_0075-scaled.jpg?resize=700%2C400&ssl=1 2x, https:\/\/i0.wp.com\/errr-magazine.com\/wp-content\/uploads\/2022\/05\/IMG_0075-scaled.jpg?resize=1050%2C600&ssl=1 3x, https:\/\/i0.wp.com\/errr-magazine.com\/wp-content\/uploads\/2022\/05\/IMG_0075-scaled.jpg?resize=1400%2C800&ssl=1 4x"},"classes":[]},{"id":190995,"url":"https:\/\/errr-magazine.com\/english\/mendelevio-101\/","url_meta":{"origin":130637,"position":3},"title":"Mendelevio (101)","author":"Cris Winters","date":"07\/15\/2025","format":false,"excerpt":"Un cuento. La vasta regi\u00f3n geogr\u00e1fica nombrada Siberia. Rusia Asi\u00e1tica. De los Montes Urales hasta el Oc\u00e9ano Pac\u00edfico. En mi imaginario, el reino de Putin. El \u00c1rtico, Kazajist\u00e1n, Mongolia, Corea del Norte y China.\u00a0Peste\u00a0a conflicto nuclear.","rel":"","context":"In &quot;Writing&quot;","block_context":{"text":"Writing","link":"https:\/\/errr-magazine.com\/english\/category\/writing\/"},"img":{"alt_text":"","src":"https:\/\/i0.wp.com\/errr-magazine.com\/wp-content\/uploads\/2025\/07\/dclassic-2025-07-15-085116.036-scaled.jpg?resize=350%2C200&ssl=1","width":350,"height":200,"srcset":"https:\/\/i0.wp.com\/errr-magazine.com\/wp-content\/uploads\/2025\/07\/dclassic-2025-07-15-085116.036-scaled.jpg?resize=350%2C200&ssl=1 1x, https:\/\/i0.wp.com\/errr-magazine.com\/wp-content\/uploads\/2025\/07\/dclassic-2025-07-15-085116.036-scaled.jpg?resize=525%2C300&ssl=1 1.5x, https:\/\/i0.wp.com\/errr-magazine.com\/wp-content\/uploads\/2025\/07\/dclassic-2025-07-15-085116.036-scaled.jpg?resize=700%2C400&ssl=1 2x, https:\/\/i0.wp.com\/errr-magazine.com\/wp-content\/uploads\/2025\/07\/dclassic-2025-07-15-085116.036-scaled.jpg?resize=1050%2C600&ssl=1 3x, https:\/\/i0.wp.com\/errr-magazine.com\/wp-content\/uploads\/2025\/07\/dclassic-2025-07-15-085116.036-scaled.jpg?resize=1400%2C800&ssl=1 4x"},"classes":[]},{"id":145338,"url":"https:\/\/errr-magazine.com\/english\/el-primer-hombre-en-la-luna\/","url_meta":{"origin":130637,"position":4},"title":"El primer hombre en la luna","author":"PacheIll","date":"06\/28\/2019","format":false,"excerpt":"El primer hombre en la luna fum\u00f3 un cigarro sentado en un cr\u00e1ter usando ropa normal. Obviamente no llevaba un casco. Se tomaba su caf\u00e9 y paseaba por all\u00ed. El descubrimiento de Am\u00e9rica fue en avi\u00f3n\u00a0 y el continente ya ten\u00eda una muralla que separaba a Estados Unidos del resto.\u2026","rel":"","context":"In &quot;Textos&quot;","block_context":{"text":"Textos","link":"https:\/\/errr-magazine.com\/english\/category\/textos\/"},"img":{"alt_text":"","src":"https:\/\/i0.wp.com\/errr-magazine.com\/wp-content\/uploads\/2019\/06\/26280540468_4732bc3a75_o.jpg?resize=350%2C200&ssl=1","width":350,"height":200,"srcset":"https:\/\/i0.wp.com\/errr-magazine.com\/wp-content\/uploads\/2019\/06\/26280540468_4732bc3a75_o.jpg?resize=350%2C200&ssl=1 1x, https:\/\/i0.wp.com\/errr-magazine.com\/wp-content\/uploads\/2019\/06\/26280540468_4732bc3a75_o.jpg?resize=525%2C300&ssl=1 1.5x, https:\/\/i0.wp.com\/errr-magazine.com\/wp-content\/uploads\/2019\/06\/26280540468_4732bc3a75_o.jpg?resize=700%2C400&ssl=1 2x, https:\/\/i0.wp.com\/errr-magazine.com\/wp-content\/uploads\/2019\/06\/26280540468_4732bc3a75_o.jpg?resize=1050%2C600&ssl=1 3x"},"classes":[]},{"id":153847,"url":"https:\/\/errr-magazine.com\/english\/la-fosa\/","url_meta":{"origin":130637,"position":5},"title":"La Fosa","author":"Emanuel Pablo Ernesto Vivas","date":"01\/22\/2019","format":false,"excerpt":"\"In a universe of electrons and selfish genes, blind physical forces and genetic replication, some people are going to get hurt, other people are going to get lucky, and you won't find any rhyme or reason in it, nor any justice. The universe that we observe has precisely the properties\u2026","rel":"","context":"In &quot;Textos&quot;","block_context":{"text":"Textos","link":"https:\/\/errr-magazine.com\/english\/category\/textos\/"},"img":{"alt_text":"","src":"","width":0,"height":0},"classes":[]}],"jetpack_sharing_enabled":true,"mfb_rest_fields":["title","yoast_head","yoast_head_json","jetpack_featured_media_url","jetpack-related-posts","jetpack_sharing_enabled"],"_links":{"self":[{"href":"https:\/\/errr-magazine.com\/english\/wp-json\/wp\/v2\/posts\/130637","targetHints":{"allow":["GET"]}}],"collection":[{"href":"https:\/\/errr-magazine.com\/english\/wp-json\/wp\/v2\/posts"}],"about":[{"href":"https:\/\/errr-magazine.com\/english\/wp-json\/wp\/v2\/types\/post"}],"author":[{"embeddable":true,"href":"https:\/\/errr-magazine.com\/english\/wp-json\/wp\/v2\/users\/1700"}],"replies":[{"embeddable":true,"href":"https:\/\/errr-magazine.com\/english\/wp-json\/wp\/v2\/comments?post=130637"}],"version-history":[{"count":3,"href":"https:\/\/errr-magazine.com\/english\/wp-json\/wp\/v2\/posts\/130637\/revisions"}],"predecessor-version":[{"id":132290,"href":"https:\/\/errr-magazine.com\/english\/wp-json\/wp\/v2\/posts\/130637\/revisions\/132290"}],"wp:attachment":[{"href":"https:\/\/errr-magazine.com\/english\/wp-json\/wp\/v2\/media?parent=130637"}],"wp:term":[{"taxonomy":"category","embeddable":true,"href":"https:\/\/errr-magazine.com\/english\/wp-json\/wp\/v2\/categories?post=130637"},{"taxonomy":"post_tag","embeddable":true,"href":"https:\/\/errr-magazine.com\/english\/wp-json\/wp\/v2\/tags?post=130637"}],"curies":[{"name":"wp","href":"https:\/\/api.w.org\/{rel}","templated":true}]}}