{"id":130340,"date":"2018-04-16T00:19:03","date_gmt":"2018-04-16T06:19:03","guid":{"rendered":"http:\/\/errr-magazine.com\/?p=130340"},"modified":"2022-08-31T02:00:09","modified_gmt":"2022-08-31T07:00:09","slug":"el-primero-de-los-dos-que-dijo-te-quiero","status":"publish","type":"post","link":"https:\/\/errr-magazine.com\/english\/el-primero-de-los-dos-que-dijo-te-quiero\/","title":{"rendered":"El primero de los dos que dijo \u201cte quiero\u201d"},"content":{"rendered":"<p>Un accidente<\/p>\n<p>Al llegar a emergencias, entro y veo a sus amigos en la sala de espera<\/p>\n<p>me dicen en que habitaci\u00f3n est\u00e1<\/p>\n<p>Corro hacia donde \u00e9l se encontraba y lo beso apasionadamente<\/p>\n<p>Como las pel\u00edculas<\/p>\n<p>Luego de que me explica como ocurri\u00f3 el accidente<\/p>\n<p>En cuesti\u00f3n de minutos, luego de que el doctor lo analiza, nos dejan solos en la habitaci\u00f3n<\/p>\n<p>\u00c9l est\u00e1 acostado en la camilla<\/p>\n<p>Yo estoy a un costado<\/p>\n<p>Le agarro la mejilla y me le quedo mirando<\/p>\n<p>Esos segundos de eternidad<\/p>\n<p>Cuando me pierdo en el universo<\/p>\n<p>De sus ojos<\/p>\n<p>Por primera vez le escucho decir<\/p>\n<p>\u201cTe quiero\u201d<\/p>\n<p>Y me quedo perpleja<\/p>\n<p>Tres eternos minutos<\/p>\n<p>Pensativa<\/p>\n<p>Sin saber que decir<\/p>\n<p>Con un mill\u00f3n de miedos<\/p>\n<p>Al saber que sab\u00eda que se pod\u00eda acabar r\u00e1pido<\/p>\n<p>Que sab\u00eda que se pod\u00eda ir<\/p>\n<p>Que me daba miedo<\/p>\n<p>lanzarme al fuego<\/p>\n<p>De su piel<\/p>\n<p>Estaba en el precipicio<\/p>\n<p>Y decid\u00ed lanzarme<\/p>\n<p>Respond\u00ed<\/p>\n<p>\u201cYo tambi\u00e9n te quiero\u201d<\/p>\n<p>Qui\u00e9n dir\u00eda<\/p>\n<p>El primero que dijo te quiero<\/p>\n<p>Es el primero que se va.<\/p>\n<p>Photographers: <a href=\"https:\/\/www.venelina.me\/\">Venelina Preininger<\/a><\/p>","protected":false},"excerpt":{"rendered":"<p>Un accidente Al llegar a emergencias, entro y veo a sus amigos en la sala de espera me dicen en que habitaci\u00f3n est\u00e1 Corro hacia donde \u00e9l se encontraba y lo beso apasionadamente Como las pel\u00edculas Luego de que me explica como ocurri\u00f3 el accidente En cuesti\u00f3n de minutos, luego de que el doctor lo [&hellip;]<\/p>\n","protected":false},"author":4628,"featured_media":132598,"comment_status":"closed","ping_status":"closed","sticky":false,"template":"","format":"standard","meta":{"_acf_changed":false,"cybocfi_hide_featured_image":"","_jetpack_memberships_contains_paid_content":false,"footnotes":""},"categories":[7997],"tags":[],"class_list":["post-130340","post","type-post","status-publish","format-standard","has-post-thumbnail","hentry","category-textos"],"acf":[],"mb":[],"yoast_head":"<!-- This site is optimized with the Yoast SEO plugin v27.2 - https:\/\/yoast.com\/product\/yoast-seo-wordpress\/ -->\n<title>El primero de los dos que dijo \u201cte quiero\u201d - ERRR MAGAZINE<\/title>\n<meta name=\"robots\" content=\"index, follow, max-snippet:-1, max-image-preview:large, max-video-preview:-1\" \/>\n<link rel=\"canonical\" href=\"https:\/\/errr-magazine.com\/english\/el-primero-de-los-dos-que-dijo-te-quiero\/\" \/>\n<meta property=\"og:locale\" content=\"en_US\" \/>\n<meta property=\"og:type\" content=\"article\" \/>\n<meta property=\"og:title\" content=\"El primero de los dos que dijo \u201cte quiero\u201d - ERRR MAGAZINE\" \/>\n<meta property=\"og:description\" content=\"Un accidente Al llegar a emergencias, entro y veo a sus amigos en la sala de espera me dicen en que habitaci\u00f3n est\u00e1 Corro hacia donde \u00e9l se encontraba y lo beso apasionadamente Como las pel\u00edculas Luego de que me explica como ocurri\u00f3 el accidente En cuesti\u00f3n de minutos, luego de que el doctor lo [&hellip;]\" \/>\n<meta property=\"og:url\" content=\"https:\/\/errr-magazine.com\/english\/el-primero-de-los-dos-que-dijo-te-quiero\/\" \/>\n<meta property=\"og:site_name\" content=\"ERRR MAGAZINE\" \/>\n<meta property=\"article:published_time\" content=\"2018-04-16T06:19:03+00:00\" \/>\n<meta property=\"article:modified_time\" content=\"2022-08-31T07:00:09+00:00\" \/>\n<meta property=\"og:image\" content=\"https:\/\/errr-magazine.com\/wp-content\/uploads\/2018\/02\/P1011267-Edit-4-L.jpg\" \/>\n\t<meta property=\"og:image:width\" content=\"800\" \/>\n\t<meta property=\"og:image:height\" content=\"534\" \/>\n\t<meta property=\"og:image:type\" content=\"image\/jpeg\" \/>\n<meta name=\"author\" content=\"Rashel Wojcikiewicz\" \/>\n<meta name=\"twitter:card\" content=\"summary_large_image\" \/>\n<meta name=\"twitter:label1\" content=\"Written by\" \/>\n\t<meta name=\"twitter:data1\" content=\"Rashel Wojcikiewicz\" \/>\n\t<meta name=\"twitter:label2\" content=\"Est. reading time\" \/>\n\t<meta name=\"twitter:data2\" content=\"1 minute\" \/>\n<script type=\"application\/ld+json\" class=\"yoast-schema-graph\">{\"@context\":\"https:\/\/schema.org\",\"@graph\":[{\"@type\":\"Article\",\"@id\":\"https:\/\/errr-magazine.com\/el-primero-de-los-dos-que-dijo-te-quiero\/#article\",\"isPartOf\":{\"@id\":\"https:\/\/errr-magazine.com\/el-primero-de-los-dos-que-dijo-te-quiero\/\"},\"author\":{\"name\":\"Rashel Wojcikiewicz\",\"@id\":\"https:\/\/errr-magazine.com\/#\/schema\/person\/f3f5559e850f057cdbe97cbf6c47430c\"},\"headline\":\"El primero de los dos que dijo \u201cte quiero\u201d\",\"datePublished\":\"2018-04-16T06:19:03+00:00\",\"dateModified\":\"2022-08-31T07:00:09+00:00\",\"mainEntityOfPage\":{\"@id\":\"https:\/\/errr-magazine.com\/el-primero-de-los-dos-que-dijo-te-quiero\/\"},\"wordCount\":197,\"image\":{\"@id\":\"https:\/\/errr-magazine.com\/el-primero-de-los-dos-que-dijo-te-quiero\/#primaryimage\"},\"thumbnailUrl\":\"https:\/\/errr-magazine.com\/wp-content\/uploads\/2018\/02\/P1011267-Edit-4-L.jpg\",\"articleSection\":[\"Textos\"],\"inLanguage\":\"en-US\"},{\"@type\":\"WebPage\",\"@id\":\"https:\/\/errr-magazine.com\/el-primero-de-los-dos-que-dijo-te-quiero\/\",\"url\":\"https:\/\/errr-magazine.com\/el-primero-de-los-dos-que-dijo-te-quiero\/\",\"name\":\"El primero de los dos que dijo \u201cte quiero\u201d - ERRR MAGAZINE\",\"isPartOf\":{\"@id\":\"https:\/\/errr-magazine.com\/#website\"},\"primaryImageOfPage\":{\"@id\":\"https:\/\/errr-magazine.com\/el-primero-de-los-dos-que-dijo-te-quiero\/#primaryimage\"},\"image\":{\"@id\":\"https:\/\/errr-magazine.com\/el-primero-de-los-dos-que-dijo-te-quiero\/#primaryimage\"},\"thumbnailUrl\":\"https:\/\/errr-magazine.com\/wp-content\/uploads\/2018\/02\/P1011267-Edit-4-L.jpg\",\"datePublished\":\"2018-04-16T06:19:03+00:00\",\"dateModified\":\"2022-08-31T07:00:09+00:00\",\"author\":{\"@id\":\"https:\/\/errr-magazine.com\/#\/schema\/person\/f3f5559e850f057cdbe97cbf6c47430c\"},\"breadcrumb\":{\"@id\":\"https:\/\/errr-magazine.com\/el-primero-de-los-dos-que-dijo-te-quiero\/#breadcrumb\"},\"inLanguage\":\"en-US\",\"potentialAction\":[{\"@type\":\"ReadAction\",\"target\":[\"https:\/\/errr-magazine.com\/el-primero-de-los-dos-que-dijo-te-quiero\/\"]}]},{\"@type\":\"ImageObject\",\"inLanguage\":\"en-US\",\"@id\":\"https:\/\/errr-magazine.com\/el-primero-de-los-dos-que-dijo-te-quiero\/#primaryimage\",\"url\":\"https:\/\/errr-magazine.com\/wp-content\/uploads\/2018\/02\/P1011267-Edit-4-L.jpg\",\"contentUrl\":\"https:\/\/errr-magazine.com\/wp-content\/uploads\/2018\/02\/P1011267-Edit-4-L.jpg\",\"width\":800,\"height\":534},{\"@type\":\"BreadcrumbList\",\"@id\":\"https:\/\/errr-magazine.com\/el-primero-de-los-dos-que-dijo-te-quiero\/#breadcrumb\",\"itemListElement\":[{\"@type\":\"ListItem\",\"position\":1,\"name\":\"Portada\",\"item\":\"https:\/\/errr-magazine.com\/\"},{\"@type\":\"ListItem\",\"position\":2,\"name\":\"El primero de los dos que dijo \u201cte quiero\u201d\"}]},{\"@type\":\"WebSite\",\"@id\":\"https:\/\/errr-magazine.com\/#website\",\"url\":\"https:\/\/errr-magazine.com\/\",\"name\":\"ERRR MAGAZINE\",\"description\":\"\",\"potentialAction\":[{\"@type\":\"SearchAction\",\"target\":{\"@type\":\"EntryPoint\",\"urlTemplate\":\"https:\/\/errr-magazine.com\/?s={search_term_string}\"},\"query-input\":{\"@type\":\"PropertyValueSpecification\",\"valueRequired\":true,\"valueName\":\"search_term_string\"}}],\"inLanguage\":\"en-US\"},{\"@type\":\"Person\",\"@id\":\"https:\/\/errr-magazine.com\/#\/schema\/person\/f3f5559e850f057cdbe97cbf6c47430c\",\"name\":\"Rashel Wojcikiewicz\",\"image\":{\"@type\":\"ImageObject\",\"inLanguage\":\"en-US\",\"@id\":\"https:\/\/secure.gravatar.com\/avatar\/65eb67a274d7b854b5a42b474e10916c37ab4ae09265e66dffb4560fb572d087?s=96&d=identicon&r=g\",\"url\":\"https:\/\/secure.gravatar.com\/avatar\/65eb67a274d7b854b5a42b474e10916c37ab4ae09265e66dffb4560fb572d087?s=96&d=identicon&r=g\",\"contentUrl\":\"https:\/\/secure.gravatar.com\/avatar\/65eb67a274d7b854b5a42b474e10916c37ab4ae09265e66dffb4560fb572d087?s=96&d=identicon&r=g\",\"caption\":\"Rashel Wojcikiewicz\"},\"description\":\"Escribir es mi pasatiempo, al igual que tomar fotos. Mi trabajo es ser ni\u00f1era, busco a dos ni\u00f1os al colegio y los cuido en su casa hasta que lleguen sus padres. Antes sol\u00eda dedicarme a ser profesora de ingl\u00e9s de 2do grado.\",\"sameAs\":[\"https:\/\/www.instagram.com\/rashartphoto\/\"],\"url\":\"https:\/\/errr-magazine.com\/english\/author\/rashelwojcikiewicz\/\"}]}<\/script>\n<!-- \/ Yoast SEO plugin. -->","yoast_head_json":{"title":"El primero de los dos que dijo \u201cte quiero\u201d - ERRR MAGAZINE","robots":{"index":"index","follow":"follow","max-snippet":"max-snippet:-1","max-image-preview":"max-image-preview:large","max-video-preview":"max-video-preview:-1"},"canonical":"https:\/\/errr-magazine.com\/english\/el-primero-de-los-dos-que-dijo-te-quiero\/","og_locale":"en_US","og_type":"article","og_title":"El primero de los dos que dijo \u201cte quiero\u201d - ERRR MAGAZINE","og_description":"Un accidente Al llegar a emergencias, entro y veo a sus amigos en la sala de espera me dicen en que habitaci\u00f3n est\u00e1 Corro hacia donde \u00e9l se encontraba y lo beso apasionadamente Como las pel\u00edculas Luego de que me explica como ocurri\u00f3 el accidente En cuesti\u00f3n de minutos, luego de que el doctor lo [&hellip;]","og_url":"https:\/\/errr-magazine.com\/english\/el-primero-de-los-dos-que-dijo-te-quiero\/","og_site_name":"ERRR MAGAZINE","article_published_time":"2018-04-16T06:19:03+00:00","article_modified_time":"2022-08-31T07:00:09+00:00","og_image":[{"width":800,"height":534,"url":"https:\/\/errr-magazine.com\/wp-content\/uploads\/2018\/02\/P1011267-Edit-4-L.jpg","type":"image\/jpeg"}],"author":"Rashel Wojcikiewicz","twitter_card":"summary_large_image","twitter_misc":{"Written by":"Rashel Wojcikiewicz","Est. reading time":"1 minute"},"schema":{"@context":"https:\/\/schema.org","@graph":[{"@type":"Article","@id":"https:\/\/errr-magazine.com\/el-primero-de-los-dos-que-dijo-te-quiero\/#article","isPartOf":{"@id":"https:\/\/errr-magazine.com\/el-primero-de-los-dos-que-dijo-te-quiero\/"},"author":{"name":"Rashel Wojcikiewicz","@id":"https:\/\/errr-magazine.com\/#\/schema\/person\/f3f5559e850f057cdbe97cbf6c47430c"},"headline":"El primero de los dos que dijo \u201cte quiero\u201d","datePublished":"2018-04-16T06:19:03+00:00","dateModified":"2022-08-31T07:00:09+00:00","mainEntityOfPage":{"@id":"https:\/\/errr-magazine.com\/el-primero-de-los-dos-que-dijo-te-quiero\/"},"wordCount":197,"image":{"@id":"https:\/\/errr-magazine.com\/el-primero-de-los-dos-que-dijo-te-quiero\/#primaryimage"},"thumbnailUrl":"https:\/\/errr-magazine.com\/wp-content\/uploads\/2018\/02\/P1011267-Edit-4-L.jpg","articleSection":["Textos"],"inLanguage":"en-US"},{"@type":"WebPage","@id":"https:\/\/errr-magazine.com\/el-primero-de-los-dos-que-dijo-te-quiero\/","url":"https:\/\/errr-magazine.com\/el-primero-de-los-dos-que-dijo-te-quiero\/","name":"El primero de los dos que dijo \u201cte quiero\u201d - ERRR MAGAZINE","isPartOf":{"@id":"https:\/\/errr-magazine.com\/#website"},"primaryImageOfPage":{"@id":"https:\/\/errr-magazine.com\/el-primero-de-los-dos-que-dijo-te-quiero\/#primaryimage"},"image":{"@id":"https:\/\/errr-magazine.com\/el-primero-de-los-dos-que-dijo-te-quiero\/#primaryimage"},"thumbnailUrl":"https:\/\/errr-magazine.com\/wp-content\/uploads\/2018\/02\/P1011267-Edit-4-L.jpg","datePublished":"2018-04-16T06:19:03+00:00","dateModified":"2022-08-31T07:00:09+00:00","author":{"@id":"https:\/\/errr-magazine.com\/#\/schema\/person\/f3f5559e850f057cdbe97cbf6c47430c"},"breadcrumb":{"@id":"https:\/\/errr-magazine.com\/el-primero-de-los-dos-que-dijo-te-quiero\/#breadcrumb"},"inLanguage":"en-US","potentialAction":[{"@type":"ReadAction","target":["https:\/\/errr-magazine.com\/el-primero-de-los-dos-que-dijo-te-quiero\/"]}]},{"@type":"ImageObject","inLanguage":"en-US","@id":"https:\/\/errr-magazine.com\/el-primero-de-los-dos-que-dijo-te-quiero\/#primaryimage","url":"https:\/\/errr-magazine.com\/wp-content\/uploads\/2018\/02\/P1011267-Edit-4-L.jpg","contentUrl":"https:\/\/errr-magazine.com\/wp-content\/uploads\/2018\/02\/P1011267-Edit-4-L.jpg","width":800,"height":534},{"@type":"BreadcrumbList","@id":"https:\/\/errr-magazine.com\/el-primero-de-los-dos-que-dijo-te-quiero\/#breadcrumb","itemListElement":[{"@type":"ListItem","position":1,"name":"Portada","item":"https:\/\/errr-magazine.com\/"},{"@type":"ListItem","position":2,"name":"El primero de los dos que dijo \u201cte quiero\u201d"}]},{"@type":"WebSite","@id":"https:\/\/errr-magazine.com\/#website","url":"https:\/\/errr-magazine.com\/","name":"ERRR MAGAZINE","description":"","potentialAction":[{"@type":"SearchAction","target":{"@type":"EntryPoint","urlTemplate":"https:\/\/errr-magazine.com\/?s={search_term_string}"},"query-input":{"@type":"PropertyValueSpecification","valueRequired":true,"valueName":"search_term_string"}}],"inLanguage":"en-US"},{"@type":"Person","@id":"https:\/\/errr-magazine.com\/#\/schema\/person\/f3f5559e850f057cdbe97cbf6c47430c","name":"Rashel Wojcikiewicz","image":{"@type":"ImageObject","inLanguage":"en-US","@id":"https:\/\/secure.gravatar.com\/avatar\/65eb67a274d7b854b5a42b474e10916c37ab4ae09265e66dffb4560fb572d087?s=96&d=identicon&r=g","url":"https:\/\/secure.gravatar.com\/avatar\/65eb67a274d7b854b5a42b474e10916c37ab4ae09265e66dffb4560fb572d087?s=96&d=identicon&r=g","contentUrl":"https:\/\/secure.gravatar.com\/avatar\/65eb67a274d7b854b5a42b474e10916c37ab4ae09265e66dffb4560fb572d087?s=96&d=identicon&r=g","caption":"Rashel Wojcikiewicz"},"description":"Writing is my hobby, as well as taking pictures. My job is babysitting, I pick up two children from school and take care of them at home until their parents arrive. I used to be a 2nd grade English teacher.","sameAs":["https:\/\/www.instagram.com\/rashartphoto\/"],"url":"https:\/\/errr-magazine.com\/english\/author\/rashelwojcikiewicz\/"}]}},"jetpack_featured_media_url":"https:\/\/errr-magazine.com\/wp-content\/uploads\/2018\/02\/P1011267-Edit-4-L.jpg","jetpack-related-posts":[{"id":182987,"url":"https:\/\/errr-magazine.com\/english\/micaela\/","url_meta":{"origin":130340,"position":0},"title":"Micaela","author":"Nefta","date":"01\/26\/2023","format":false,"excerpt":"Mis piernas a\u00fan temblaban, cerr\u00e9 los ojos con las pocas fuerza que me quedaba, me imagin\u00e9 en cualquier otro sitio; en el campo de trigo una ma\u00f1ana de agosto, cuidando las flores de mi jard\u00edn, caminando sobre la carretera una tarde naranja, abrazando a mi madre, quise estar en cualquier\u2026","rel":"","context":"In &quot;Textos&quot;","block_context":{"text":"Textos","link":"https:\/\/errr-magazine.com\/english\/category\/textos\/"},"img":{"alt_text":"","src":"","width":0,"height":0},"classes":[]},{"id":128794,"url":"https:\/\/errr-magazine.com\/english\/la-noche-eterna\/","url_meta":{"origin":130340,"position":1},"title":"The eternal night","author":"Ivonne Toledo","date":"01\/29\/2018","format":false,"excerpt":"Eran las tres de la ma\u00f1ana y cualquier m\u00ednima intenci\u00f3n de seguir durmiendo se hab\u00eda\u00a0disipado; del otro lado de la cama se encontraba ella, sumergida en un profundo sue\u00f1o del\u00a0que yo ser\u00eda incapaz de despertarla. El clima en la habitaci\u00f3n era acogedor, las s\u00e1banas que nos envolv\u00edan no tanto. La\u2026","rel":"","context":"In &quot;Textos&quot;","block_context":{"text":"Textos","link":"https:\/\/errr-magazine.com\/english\/category\/textos\/"},"img":{"alt_text":"","src":"","width":0,"height":0},"classes":[]},{"id":156716,"url":"https:\/\/errr-magazine.com\/english\/la-vi-sonreir\/","url_meta":{"origin":130340,"position":2},"title":"la vi sonre\u00edr\u2026.","author":"Osvaldo Mojica Hernandez","date":"03\/23\/2020","format":false,"excerpt":"Y ella estaba ah\u00ed, nuevamente la vi sonre\u00edr\u2026. Angustiado todo el d\u00eda porque sab\u00eda que la volver\u00eda a ver con toda su energ\u00eda y su calor, pens\u00e9 mucho en que le dir\u00eda y pens\u00e9 mucho en que no deb\u00eda hacer, nervioso como la primera vez que la vi, sent\u00eda como\u2026","rel":"","context":"In &quot;Textos&quot;","block_context":{"text":"Textos","link":"https:\/\/errr-magazine.com\/english\/category\/textos\/"},"img":{"alt_text":"","src":"","width":0,"height":0},"classes":[]},{"id":167237,"url":"https:\/\/errr-magazine.com\/english\/la-playa-2\/","url_meta":{"origin":130340,"position":3},"title":"La playa","author":"Antonio P\u00e9rez","date":"03\/26\/2021","format":false,"excerpt":"Viajaron unas cinco horas sin parar, \u00c1ngel manej\u00f3 r\u00e1pido por la prisa que le ped\u00eda tener el cuerpo de Mar\u00eda s\u00f3lo para \u00e9l. Tomaron el \u00faltimo libramiento hacia la costa, que se hizo eterno por los camiones de carga y un accidente en el kil\u00f3metro 43. Mar\u00eda iba calmada, no\u2026","rel":"","context":"In &quot;Textos&quot;","block_context":{"text":"Textos","link":"https:\/\/errr-magazine.com\/english\/category\/textos\/"},"img":{"alt_text":"","src":"https:\/\/i0.wp.com\/errr-magazine.com\/wp-content\/uploads\/2021\/02\/29625355536_f8c4592464_o.jpg?resize=350%2C200&ssl=1","width":350,"height":200,"srcset":"https:\/\/i0.wp.com\/errr-magazine.com\/wp-content\/uploads\/2021\/02\/29625355536_f8c4592464_o.jpg?resize=350%2C200&ssl=1 1x, https:\/\/i0.wp.com\/errr-magazine.com\/wp-content\/uploads\/2021\/02\/29625355536_f8c4592464_o.jpg?resize=525%2C300&ssl=1 1.5x, https:\/\/i0.wp.com\/errr-magazine.com\/wp-content\/uploads\/2021\/02\/29625355536_f8c4592464_o.jpg?resize=700%2C400&ssl=1 2x, https:\/\/i0.wp.com\/errr-magazine.com\/wp-content\/uploads\/2021\/02\/29625355536_f8c4592464_o.jpg?resize=1050%2C600&ssl=1 3x, https:\/\/i0.wp.com\/errr-magazine.com\/wp-content\/uploads\/2021\/02\/29625355536_f8c4592464_o.jpg?resize=1400%2C800&ssl=1 4x"},"classes":[]},{"id":148435,"url":"https:\/\/errr-magazine.com\/english\/aquella-obsesion-por-el-mediterraneo\/","url_meta":{"origin":130340,"position":4},"title":"Aquella obsesi\u00f3n por el Mediterr\u00e1neo","author":"Paranoia B.","date":"10\/01\/2019","format":false,"excerpt":"Y \u00bfqu\u00e9 hab\u00eda sido de \u00e9l? \u00bfOtra aventura casual que lleg\u00f3 sin previo aviso? Sab\u00edas que acabar\u00eda en tu habitaci\u00f3n. Lo sab\u00edas desde los primeros minutos que cruzaron palabra. \u00c9l ten\u00eda lo que tanto te atra\u00eda: una de esas conversaciones que se convirti\u00f3 en otra y en otra y otra\u2026","rel":"","context":"In &quot;Textos&quot;","block_context":{"text":"Textos","link":"https:\/\/errr-magazine.com\/english\/category\/textos\/"},"img":{"alt_text":"","src":"","width":0,"height":0},"classes":[]},{"id":151860,"url":"https:\/\/errr-magazine.com\/english\/i-will-be-your-light\/","url_meta":{"origin":130340,"position":5},"title":"I will be your light","author":"\u00c1ngel Armenta L\u00f3pez","date":"11\/18\/2019","format":false,"excerpt":"Escuch\u00e9 por primera vez a Massy Star en casa de Hanna. En su cuarto, sobre su cama para ser exactos. Ella sac\u00f3 una caja de vinilo de su mueble de discos. Compart\u00eda la habitaci\u00f3n con su hermano mayor que nosotros, por 36 meses. Nosotros ten\u00edamos diecisiete a\u00f1os, nos gustaba pasar\u2026","rel":"","context":"In &quot;Textos&quot;","block_context":{"text":"Textos","link":"https:\/\/errr-magazine.com\/english\/category\/textos\/"},"img":{"alt_text":"","src":"","width":0,"height":0},"classes":[]}],"jetpack_sharing_enabled":true,"mfb_rest_fields":["title","yoast_head","yoast_head_json","jetpack_featured_media_url","jetpack-related-posts","jetpack_sharing_enabled"],"_links":{"self":[{"href":"https:\/\/errr-magazine.com\/english\/wp-json\/wp\/v2\/posts\/130340","targetHints":{"allow":["GET"]}}],"collection":[{"href":"https:\/\/errr-magazine.com\/english\/wp-json\/wp\/v2\/posts"}],"about":[{"href":"https:\/\/errr-magazine.com\/english\/wp-json\/wp\/v2\/types\/post"}],"author":[{"embeddable":true,"href":"https:\/\/errr-magazine.com\/english\/wp-json\/wp\/v2\/users\/4628"}],"replies":[{"embeddable":true,"href":"https:\/\/errr-magazine.com\/english\/wp-json\/wp\/v2\/comments?post=130340"}],"version-history":[{"count":3,"href":"https:\/\/errr-magazine.com\/english\/wp-json\/wp\/v2\/posts\/130340\/revisions"}],"predecessor-version":[{"id":132602,"href":"https:\/\/errr-magazine.com\/english\/wp-json\/wp\/v2\/posts\/130340\/revisions\/132602"}],"wp:featuredmedia":[{"embeddable":true,"href":"https:\/\/errr-magazine.com\/english\/wp-json\/wp\/v2\/media\/132598"}],"wp:attachment":[{"href":"https:\/\/errr-magazine.com\/english\/wp-json\/wp\/v2\/media?parent=130340"}],"wp:term":[{"taxonomy":"category","embeddable":true,"href":"https:\/\/errr-magazine.com\/english\/wp-json\/wp\/v2\/categories?post=130340"},{"taxonomy":"post_tag","embeddable":true,"href":"https:\/\/errr-magazine.com\/english\/wp-json\/wp\/v2\/tags?post=130340"}],"curies":[{"name":"wp","href":"https:\/\/api.w.org\/{rel}","templated":true}]}}