{"id":130100,"date":"2018-03-17T21:51:23","date_gmt":"2018-03-18T03:51:23","guid":{"rendered":"http:\/\/errr-magazine.com\/?p=130100"},"modified":"2022-08-31T02:01:55","modified_gmt":"2022-08-31T07:01:55","slug":"ya-ni-me-acuerdo","status":"publish","type":"post","link":"https:\/\/errr-magazine.com\/english\/ya-ni-me-acuerdo\/","title":{"rendered":"Ya ni me acuerdo"},"content":{"rendered":"<p style=\"text-align: left;\">Me resulta dif\u00edcil escribir de ti, recordarte, ya no recuerdo tus grandes ojos con unas pesta\u00f1as inmensas, no recuerdo tu linda y blanca sonrisa, no recuerdo que eres de mi estatura, ni siquiera recuerdo tus peque\u00f1as y fr\u00edas manos, lo \u00fanico que recuerdo es tu nombre tan com\u00fan y que ni rima, tambi\u00e9n recuerdo cuando iba a tus fiestas de cumplea\u00f1os, me acuerdo que me invitabas aunque ya no fu\u00e9ramos nada y que siempre asist\u00eda con mis amigos, si, mis amigos los viciosos, los drogadictos, los vagos, \u00bfte acuerdas? que as\u00ed los conoc\u00eda tu mam\u00e1, es m\u00e1s haciendo memoria tambi\u00e9n me acuerdo de cuando nos sent\u00e1bamos a perder el tiempo todas las tardes en las escaleras de tu departamento viendo el horizonte o eso creo por que ni ve\u00edamos nada, a veces ni platic\u00e1bamos solo nos abraz\u00e1bamos, que aburrido verdad. oye, te acuerdas que tu mam\u00e1 no me quer\u00eda y en cuanto ve\u00eda la oportunidad me corr\u00eda sutilmente, no me molestaba pues confiaba en lo que yo cre\u00eda que sent\u00edas por mi, hay tantas cosas que no me acuerdo y para que recordar si ya ni te quiero, ya casi ni pienso en ti, es m\u00e1s ya casi no paso por tu casa para ver si casualmente te encuentro, adem\u00e1s, ya casi no frecuento los lugares a donde sol\u00edamos ir para ver si est\u00e1s ah\u00ed con alguien m\u00e1s y \u00bfsabes qu\u00e9?, tambi\u00e9n cuando hago letras con tu nombre ya ni las guardo las tiro. Es mas no es que est\u00e9 pensando en ti ahora solo que record\u00e9 lo poco que ya me acuerdo de ti.<\/p>\n<p>Photography by <a href=\"http:\/\/punkroyaltiger.tumblr.com\/\">Isa Gelb<\/a><\/p>","protected":false},"excerpt":{"rendered":"<p>Me resulta dif\u00edcil escribir de ti, recordarte, ya no recuerdo tus grandes ojos con unas pesta\u00f1as inmensas, no recuerdo tu linda y blanca sonrisa, no recuerdo que eres de mi estatura, ni siquiera recuerdo tus peque\u00f1as y fr\u00edas manos, lo \u00fanico que recuerdo es tu nombre tan com\u00fan y que ni rima, tambi\u00e9n recuerdo cuando [&hellip;]<\/p>\n","protected":false},"author":5272,"featured_media":0,"comment_status":"closed","ping_status":"closed","sticky":false,"template":"","format":"standard","meta":{"_acf_changed":false,"cybocfi_hide_featured_image":"","_jetpack_memberships_contains_paid_content":false,"footnotes":""},"categories":[7997],"tags":[],"class_list":["post-130100","post","type-post","status-publish","format-standard","hentry","category-textos"],"acf":[],"mb":[],"yoast_head":"<!-- This site is optimized with the Yoast SEO plugin v27.2 - https:\/\/yoast.com\/product\/yoast-seo-wordpress\/ -->\n<title>Ya ni me acuerdo - ERRR MAGAZINE<\/title>\n<meta name=\"robots\" content=\"index, follow, max-snippet:-1, max-image-preview:large, max-video-preview:-1\" \/>\n<link rel=\"canonical\" href=\"https:\/\/errr-magazine.com\/english\/ya-ni-me-acuerdo\/\" \/>\n<meta property=\"og:locale\" content=\"en_US\" \/>\n<meta property=\"og:type\" content=\"article\" \/>\n<meta property=\"og:title\" content=\"Ya ni me acuerdo - ERRR MAGAZINE\" \/>\n<meta property=\"og:description\" content=\"Me resulta dif\u00edcil escribir de ti, recordarte, ya no recuerdo tus grandes ojos con unas pesta\u00f1as inmensas, no recuerdo tu linda y blanca sonrisa, no recuerdo que eres de mi estatura, ni siquiera recuerdo tus peque\u00f1as y fr\u00edas manos, lo \u00fanico que recuerdo es tu nombre tan com\u00fan y que ni rima, tambi\u00e9n recuerdo cuando [&hellip;]\" \/>\n<meta property=\"og:url\" content=\"https:\/\/errr-magazine.com\/english\/ya-ni-me-acuerdo\/\" \/>\n<meta property=\"og:site_name\" content=\"ERRR MAGAZINE\" \/>\n<meta property=\"article:published_time\" content=\"2018-03-18T03:51:23+00:00\" \/>\n<meta property=\"article:modified_time\" content=\"2022-08-31T07:01:55+00:00\" \/>\n<meta name=\"author\" content=\"mr.headache\" \/>\n<meta name=\"twitter:card\" content=\"summary_large_image\" \/>\n<meta name=\"twitter:label1\" content=\"Written by\" \/>\n\t<meta name=\"twitter:data1\" content=\"mr.headache\" \/>\n\t<meta name=\"twitter:label2\" content=\"Est. reading time\" \/>\n\t<meta name=\"twitter:data2\" content=\"1 minute\" \/>\n<script type=\"application\/ld+json\" class=\"yoast-schema-graph\">{\"@context\":\"https:\/\/schema.org\",\"@graph\":[{\"@type\":\"Article\",\"@id\":\"https:\/\/errr-magazine.com\/ya-ni-me-acuerdo\/#article\",\"isPartOf\":{\"@id\":\"https:\/\/errr-magazine.com\/ya-ni-me-acuerdo\/\"},\"author\":{\"name\":\"mr.headache\",\"@id\":\"https:\/\/errr-magazine.com\/#\/schema\/person\/67149e62858fd596369e8977bd45704f\"},\"headline\":\"Ya ni me acuerdo\",\"datePublished\":\"2018-03-18T03:51:23+00:00\",\"dateModified\":\"2022-08-31T07:01:55+00:00\",\"mainEntityOfPage\":{\"@id\":\"https:\/\/errr-magazine.com\/ya-ni-me-acuerdo\/\"},\"wordCount\":301,\"articleSection\":[\"Textos\"],\"inLanguage\":\"en-US\"},{\"@type\":\"WebPage\",\"@id\":\"https:\/\/errr-magazine.com\/ya-ni-me-acuerdo\/\",\"url\":\"https:\/\/errr-magazine.com\/ya-ni-me-acuerdo\/\",\"name\":\"Ya ni me acuerdo - ERRR MAGAZINE\",\"isPartOf\":{\"@id\":\"https:\/\/errr-magazine.com\/#website\"},\"datePublished\":\"2018-03-18T03:51:23+00:00\",\"dateModified\":\"2022-08-31T07:01:55+00:00\",\"author\":{\"@id\":\"https:\/\/errr-magazine.com\/#\/schema\/person\/67149e62858fd596369e8977bd45704f\"},\"breadcrumb\":{\"@id\":\"https:\/\/errr-magazine.com\/ya-ni-me-acuerdo\/#breadcrumb\"},\"inLanguage\":\"en-US\",\"potentialAction\":[{\"@type\":\"ReadAction\",\"target\":[\"https:\/\/errr-magazine.com\/ya-ni-me-acuerdo\/\"]}]},{\"@type\":\"BreadcrumbList\",\"@id\":\"https:\/\/errr-magazine.com\/ya-ni-me-acuerdo\/#breadcrumb\",\"itemListElement\":[{\"@type\":\"ListItem\",\"position\":1,\"name\":\"Portada\",\"item\":\"https:\/\/errr-magazine.com\/\"},{\"@type\":\"ListItem\",\"position\":2,\"name\":\"Ya ni me acuerdo\"}]},{\"@type\":\"WebSite\",\"@id\":\"https:\/\/errr-magazine.com\/#website\",\"url\":\"https:\/\/errr-magazine.com\/\",\"name\":\"ERRR MAGAZINE\",\"description\":\"\",\"potentialAction\":[{\"@type\":\"SearchAction\",\"target\":{\"@type\":\"EntryPoint\",\"urlTemplate\":\"https:\/\/errr-magazine.com\/?s={search_term_string}\"},\"query-input\":{\"@type\":\"PropertyValueSpecification\",\"valueRequired\":true,\"valueName\":\"search_term_string\"}}],\"inLanguage\":\"en-US\"},{\"@type\":\"Person\",\"@id\":\"https:\/\/errr-magazine.com\/#\/schema\/person\/67149e62858fd596369e8977bd45704f\",\"name\":\"mr.headache\",\"image\":{\"@type\":\"ImageObject\",\"inLanguage\":\"en-US\",\"@id\":\"https:\/\/secure.gravatar.com\/avatar\/7898154402c8ba642d6b41d3464033ed1d4fc2d6ae7af5613905ecf3895627bd?s=96&d=identicon&r=g\",\"url\":\"https:\/\/secure.gravatar.com\/avatar\/7898154402c8ba642d6b41d3464033ed1d4fc2d6ae7af5613905ecf3895627bd?s=96&d=identicon&r=g\",\"contentUrl\":\"https:\/\/secure.gravatar.com\/avatar\/7898154402c8ba642d6b41d3464033ed1d4fc2d6ae7af5613905ecf3895627bd?s=96&d=identicon&r=g\",\"caption\":\"mr.headache\"},\"description\":\"Me duele la cabeza, todo el tiempo.\",\"sameAs\":[\"http:\/\/www.mrheadache.com\"],\"url\":\"https:\/\/errr-magazine.com\/english\/author\/miguel-calleja\/\"}]}<\/script>\n<!-- \/ Yoast SEO plugin. -->","yoast_head_json":{"title":"Ya ni me acuerdo - ERRR MAGAZINE","robots":{"index":"index","follow":"follow","max-snippet":"max-snippet:-1","max-image-preview":"max-image-preview:large","max-video-preview":"max-video-preview:-1"},"canonical":"https:\/\/errr-magazine.com\/english\/ya-ni-me-acuerdo\/","og_locale":"en_US","og_type":"article","og_title":"Ya ni me acuerdo - ERRR MAGAZINE","og_description":"Me resulta dif\u00edcil escribir de ti, recordarte, ya no recuerdo tus grandes ojos con unas pesta\u00f1as inmensas, no recuerdo tu linda y blanca sonrisa, no recuerdo que eres de mi estatura, ni siquiera recuerdo tus peque\u00f1as y fr\u00edas manos, lo \u00fanico que recuerdo es tu nombre tan com\u00fan y que ni rima, tambi\u00e9n recuerdo cuando [&hellip;]","og_url":"https:\/\/errr-magazine.com\/english\/ya-ni-me-acuerdo\/","og_site_name":"ERRR MAGAZINE","article_published_time":"2018-03-18T03:51:23+00:00","article_modified_time":"2022-08-31T07:01:55+00:00","author":"mr.headache","twitter_card":"summary_large_image","twitter_misc":{"Written by":"mr.headache","Est. reading time":"1 minute"},"schema":{"@context":"https:\/\/schema.org","@graph":[{"@type":"Article","@id":"https:\/\/errr-magazine.com\/ya-ni-me-acuerdo\/#article","isPartOf":{"@id":"https:\/\/errr-magazine.com\/ya-ni-me-acuerdo\/"},"author":{"name":"mr.headache","@id":"https:\/\/errr-magazine.com\/#\/schema\/person\/67149e62858fd596369e8977bd45704f"},"headline":"Ya ni me acuerdo","datePublished":"2018-03-18T03:51:23+00:00","dateModified":"2022-08-31T07:01:55+00:00","mainEntityOfPage":{"@id":"https:\/\/errr-magazine.com\/ya-ni-me-acuerdo\/"},"wordCount":301,"articleSection":["Textos"],"inLanguage":"en-US"},{"@type":"WebPage","@id":"https:\/\/errr-magazine.com\/ya-ni-me-acuerdo\/","url":"https:\/\/errr-magazine.com\/ya-ni-me-acuerdo\/","name":"Ya ni me acuerdo - ERRR MAGAZINE","isPartOf":{"@id":"https:\/\/errr-magazine.com\/#website"},"datePublished":"2018-03-18T03:51:23+00:00","dateModified":"2022-08-31T07:01:55+00:00","author":{"@id":"https:\/\/errr-magazine.com\/#\/schema\/person\/67149e62858fd596369e8977bd45704f"},"breadcrumb":{"@id":"https:\/\/errr-magazine.com\/ya-ni-me-acuerdo\/#breadcrumb"},"inLanguage":"en-US","potentialAction":[{"@type":"ReadAction","target":["https:\/\/errr-magazine.com\/ya-ni-me-acuerdo\/"]}]},{"@type":"BreadcrumbList","@id":"https:\/\/errr-magazine.com\/ya-ni-me-acuerdo\/#breadcrumb","itemListElement":[{"@type":"ListItem","position":1,"name":"Portada","item":"https:\/\/errr-magazine.com\/"},{"@type":"ListItem","position":2,"name":"Ya ni me acuerdo"}]},{"@type":"WebSite","@id":"https:\/\/errr-magazine.com\/#website","url":"https:\/\/errr-magazine.com\/","name":"ERRR MAGAZINE","description":"","potentialAction":[{"@type":"SearchAction","target":{"@type":"EntryPoint","urlTemplate":"https:\/\/errr-magazine.com\/?s={search_term_string}"},"query-input":{"@type":"PropertyValueSpecification","valueRequired":true,"valueName":"search_term_string"}}],"inLanguage":"en-US"},{"@type":"Person","@id":"https:\/\/errr-magazine.com\/#\/schema\/person\/67149e62858fd596369e8977bd45704f","name":"mr.headache","image":{"@type":"ImageObject","inLanguage":"en-US","@id":"https:\/\/secure.gravatar.com\/avatar\/7898154402c8ba642d6b41d3464033ed1d4fc2d6ae7af5613905ecf3895627bd?s=96&d=identicon&r=g","url":"https:\/\/secure.gravatar.com\/avatar\/7898154402c8ba642d6b41d3464033ed1d4fc2d6ae7af5613905ecf3895627bd?s=96&d=identicon&r=g","contentUrl":"https:\/\/secure.gravatar.com\/avatar\/7898154402c8ba642d6b41d3464033ed1d4fc2d6ae7af5613905ecf3895627bd?s=96&d=identicon&r=g","caption":"mr.headache"},"description":"Me duele la cabeza, todo el tiempo.","sameAs":["http:\/\/www.mrheadache.com"],"url":"https:\/\/errr-magazine.com\/english\/author\/miguel-calleja\/"}]}},"jetpack_featured_media_url":"","jetpack-related-posts":[{"id":204380,"url":"https:\/\/errr-magazine.com\/english\/kati-horna-y-sus-amigos\/","url_meta":{"origin":130100,"position":0},"title":"Kati Horna and her friends","author":"Kati Horna","date":"04\/17\/2026","format":false,"excerpt":"Some artists seem to have been seen before they were experienced. In the case of Kati Horna, her granddaughter Kati Polgovsky Horna remembers her through the everyday: her home, her presence, her way of being. The exhibition \u201cKati Horna and Her Friends\u201d at the Georgina Pounds Gallery offers a shifted interpretation of life in images.","rel":"","context":"In &quot;Artes visuales&quot;","block_context":{"text":"Artes visuales","link":"https:\/\/errr-magazine.com\/english\/category\/interviews\/artes-visuales\/"},"img":{"alt_text":"","src":"https:\/\/i0.wp.com\/errr-magazine.com\/wp-content\/uploads\/2026\/04\/6-scaled.jpeg?resize=350%2C200&ssl=1","width":350,"height":200,"srcset":"https:\/\/i0.wp.com\/errr-magazine.com\/wp-content\/uploads\/2026\/04\/6-scaled.jpeg?resize=350%2C200&ssl=1 1x, https:\/\/i0.wp.com\/errr-magazine.com\/wp-content\/uploads\/2026\/04\/6-scaled.jpeg?resize=525%2C300&ssl=1 1.5x, https:\/\/i0.wp.com\/errr-magazine.com\/wp-content\/uploads\/2026\/04\/6-scaled.jpeg?resize=700%2C400&ssl=1 2x, https:\/\/i0.wp.com\/errr-magazine.com\/wp-content\/uploads\/2026\/04\/6-scaled.jpeg?resize=1050%2C600&ssl=1 3x, https:\/\/i0.wp.com\/errr-magazine.com\/wp-content\/uploads\/2026\/04\/6-scaled.jpeg?resize=1400%2C800&ssl=1 4x"},"classes":[]},{"id":200094,"url":"https:\/\/errr-magazine.com\/english\/algo-acerca-del-mar-el-tiempo-y-el-espacio\/","url_meta":{"origin":130100,"position":1},"title":"Something About the Sea, Time, and Space","author":"Jacob Elizarraraz","date":"02\/22\/2026","format":false,"excerpt":"El mar, entonces, para m\u00ed exist\u00eda solo en la imaginaci\u00f3n. En casa ten\u00edamos un librero negro que apenas se sosten\u00eda sobre unas patitas que estaban siempre a punto de vencerse y que deb\u00edamos calzar con dobladillos de papel de revista. Le llam\u00e1bamos \u201cel librerito\u201d. Sobre \u00e9l, como en muchas casas\u2026","rel":"","context":"In &quot;Narrativa&quot;","block_context":{"text":"Narrativa","link":"https:\/\/errr-magazine.com\/english\/category\/writing\/narrativa\/"},"img":{"alt_text":"","src":"https:\/\/i0.wp.com\/errr-magazine.com\/wp-content\/uploads\/2026\/02\/fotohercules1-scaled.jpg?resize=350%2C200&ssl=1","width":350,"height":200,"srcset":"https:\/\/i0.wp.com\/errr-magazine.com\/wp-content\/uploads\/2026\/02\/fotohercules1-scaled.jpg?resize=350%2C200&ssl=1 1x, https:\/\/i0.wp.com\/errr-magazine.com\/wp-content\/uploads\/2026\/02\/fotohercules1-scaled.jpg?resize=525%2C300&ssl=1 1.5x, https:\/\/i0.wp.com\/errr-magazine.com\/wp-content\/uploads\/2026\/02\/fotohercules1-scaled.jpg?resize=700%2C400&ssl=1 2x, https:\/\/i0.wp.com\/errr-magazine.com\/wp-content\/uploads\/2026\/02\/fotohercules1-scaled.jpg?resize=1050%2C600&ssl=1 3x, https:\/\/i0.wp.com\/errr-magazine.com\/wp-content\/uploads\/2026\/02\/fotohercules1-scaled.jpg?resize=1400%2C800&ssl=1 4x"},"classes":[]},{"id":202715,"url":"https:\/\/errr-magazine.com\/english\/nostalgia-de-la-ninez\/","url_meta":{"origin":130100,"position":2},"title":"Childhood Nostalgia","author":"Luna Lambert Ciriolo","date":"03\/21\/2026","format":false,"excerpt":"In this series of paintings, I recreate family photographs and experiences from my childhood. I represent memories as something subjective, idealized, and gradually losing clarity over time.","rel":"","context":"In &quot;Artes visuales&quot;","block_context":{"text":"Artes visuales","link":"https:\/\/errr-magazine.com\/english\/category\/interviews\/artes-visuales\/"},"img":{"alt_text":"","src":"https:\/\/i0.wp.com\/errr-magazine.com\/wp-content\/uploads\/2026\/03\/err6.jpg?resize=350%2C200&ssl=1","width":350,"height":200,"srcset":"https:\/\/i0.wp.com\/errr-magazine.com\/wp-content\/uploads\/2026\/03\/err6.jpg?resize=350%2C200&ssl=1 1x, https:\/\/i0.wp.com\/errr-magazine.com\/wp-content\/uploads\/2026\/03\/err6.jpg?resize=525%2C300&ssl=1 1.5x, https:\/\/i0.wp.com\/errr-magazine.com\/wp-content\/uploads\/2026\/03\/err6.jpg?resize=700%2C400&ssl=1 2x, https:\/\/i0.wp.com\/errr-magazine.com\/wp-content\/uploads\/2026\/03\/err6.jpg?resize=1050%2C600&ssl=1 3x, https:\/\/i0.wp.com\/errr-magazine.com\/wp-content\/uploads\/2026\/03\/err6.jpg?resize=1400%2C800&ssl=1 4x"},"classes":[]},{"id":160386,"url":"https:\/\/errr-magazine.com\/english\/obituario-para-una-mama-feliz\/","url_meta":{"origin":130100,"position":3},"title":"Obituario para una mam\u00e1 feliz","author":"Emanuel Pablo Ernesto Vivas","date":"05\/31\/2020","format":false,"excerpt":"Tu mam\u00e1 era una buena persona, le gustaba hablar sobre lo que sea, solo le gustaba hablar, amaba que la escucharan y que la hicieran re\u00edr en ocasiones. Es raro sabes? cuando la verdadera muerte entra en la casa, es real, cuando alguien esta ah\u00ed y luego ya no y\u2026","rel":"","context":"In &quot;Textos&quot;","block_context":{"text":"Textos","link":"https:\/\/errr-magazine.com\/english\/category\/textos\/"},"img":{"alt_text":"","src":"","width":0,"height":0},"classes":[]},{"id":158398,"url":"https:\/\/errr-magazine.com\/english\/fluye\/","url_meta":{"origin":130100,"position":4},"title":"Flow","author":"Panrmm__","date":"04\/24\/2020","format":false,"excerpt":"1. \u00bfCu\u00e1l es tu palabra favorita?: Fluye 2. \u00bfQu\u00e9 so\u00f1aste anoche? Si no te acuerdas, relata alg\u00fan sue\u00f1o reciente del que te acuerdes.: No es de ayer, porque no lo recuerdo; pero es muy reciente, muy creepy, gracioso y horribe a la vez. So\u00f1\u00e9 que estaba con mi mam\u00e1 en\u2026","rel":"","context":"In &quot;Textos&quot;","block_context":{"text":"Textos","link":"https:\/\/errr-magazine.com\/english\/category\/textos\/"},"img":{"alt_text":"","src":"https:\/\/i0.wp.com\/errr-magazine.com\/wp-content\/uploads\/2020\/04\/Captura-de-pantalla-2020-11-12-a-las-15.15.23.png?resize=350%2C200&ssl=1","width":350,"height":200,"srcset":"https:\/\/i0.wp.com\/errr-magazine.com\/wp-content\/uploads\/2020\/04\/Captura-de-pantalla-2020-11-12-a-las-15.15.23.png?resize=350%2C200&ssl=1 1x, https:\/\/i0.wp.com\/errr-magazine.com\/wp-content\/uploads\/2020\/04\/Captura-de-pantalla-2020-11-12-a-las-15.15.23.png?resize=525%2C300&ssl=1 1.5x, https:\/\/i0.wp.com\/errr-magazine.com\/wp-content\/uploads\/2020\/04\/Captura-de-pantalla-2020-11-12-a-las-15.15.23.png?resize=700%2C400&ssl=1 2x"},"classes":[]},{"id":161111,"url":"https:\/\/errr-magazine.com\/english\/recuerdos-compartidos\/","url_meta":{"origin":130100,"position":5},"title":"Recuerdos compartidos","author":"Ever.","date":"08\/07\/2020","format":false,"excerpt":"Nos conocimos en primero de secundaria. Te golpearon los culeros de tercero porque no les quer\u00edas dar los doscientos pesos que te hab\u00edan regalado por tu cumplea\u00f1os. No val\u00edas para un r\u00e1bano, un completo perdedor, no ten\u00edas ning\u00fan amigo por tu peque\u00f1a estatura y por lo fofo que te ve\u00edas\u2026","rel":"","context":"In &quot;Textos&quot;","block_context":{"text":"Textos","link":"https:\/\/errr-magazine.com\/english\/category\/textos\/"},"img":{"alt_text":"","src":"","width":0,"height":0},"classes":[]}],"jetpack_sharing_enabled":true,"mfb_rest_fields":["title","yoast_head","yoast_head_json","jetpack_featured_media_url","jetpack-related-posts","jetpack_sharing_enabled"],"_links":{"self":[{"href":"https:\/\/errr-magazine.com\/english\/wp-json\/wp\/v2\/posts\/130100","targetHints":{"allow":["GET"]}}],"collection":[{"href":"https:\/\/errr-magazine.com\/english\/wp-json\/wp\/v2\/posts"}],"about":[{"href":"https:\/\/errr-magazine.com\/english\/wp-json\/wp\/v2\/types\/post"}],"author":[{"embeddable":true,"href":"https:\/\/errr-magazine.com\/english\/wp-json\/wp\/v2\/users\/5272"}],"replies":[{"embeddable":true,"href":"https:\/\/errr-magazine.com\/english\/wp-json\/wp\/v2\/comments?post=130100"}],"version-history":[{"count":4,"href":"https:\/\/errr-magazine.com\/english\/wp-json\/wp\/v2\/posts\/130100\/revisions"}],"predecessor-version":[{"id":131439,"href":"https:\/\/errr-magazine.com\/english\/wp-json\/wp\/v2\/posts\/130100\/revisions\/131439"}],"wp:attachment":[{"href":"https:\/\/errr-magazine.com\/english\/wp-json\/wp\/v2\/media?parent=130100"}],"wp:term":[{"taxonomy":"category","embeddable":true,"href":"https:\/\/errr-magazine.com\/english\/wp-json\/wp\/v2\/categories?post=130100"},{"taxonomy":"post_tag","embeddable":true,"href":"https:\/\/errr-magazine.com\/english\/wp-json\/wp\/v2\/tags?post=130100"}],"curies":[{"name":"wp","href":"https:\/\/api.w.org\/{rel}","templated":true}]}}