{"id":128977,"date":"2018-01-29T01:29:30","date_gmt":"2018-01-29T07:29:30","guid":{"rendered":"http:\/\/errr-magazine.com\/?p=128977"},"modified":"2022-08-31T02:03:02","modified_gmt":"2022-08-31T07:03:02","slug":"el-color-de-tu-alma","status":"publish","type":"post","link":"https:\/\/errr-magazine.com\/english\/el-color-de-tu-alma\/","title":{"rendered":"El color de tu alma"},"content":{"rendered":"<p>Mi madre, cuando yo ten\u00eda 4 a\u00f1os, me contaba que todas las personas teniamos el alma pintada de un color diferente.<\/p>\n<p>A los 6 a\u00f1os cuando me descubri\u00f3 brincando en las piernas de mi padrastro me dijo que el color de mi alma era negro.<\/p>\n<p>A los 7 a\u00f1os descubr\u00ed que el negro era un color triste, que a nadie le gustaba el color negro, yo no quer\u00eda tener el alma negra<\/p>\n<p>Cuando cumpl\u00ed 13 a\u00f1os mi padrastro me dijo que \u00a0el color de su alma era azul, que si mezclaba su color y el m\u00edo tal vez podr\u00eda obtener un color de alma diferente y as\u00ed \u00a0dejar\u00eda de tener el alma negra. Le pregunt\u00e9 qu\u00e9 c\u00f3mo se mezclaban las almas, \u00e9l me dijo que una parte de \u00e9l ten\u00eda un entrar \u00a0por mi boca y as\u00ed \u00a0vertiria el color dentro de mi.<\/p>\n<p>Despu\u00e9s de que \u00e9l dejara mi habitaci\u00f3n corr\u00ed con mam\u00e1 y le pregunt\u00e9 el color de mi alma, ella respondi\u00f3 que segu\u00eda siendo negra.<\/p>\n<p>Photographers: <a href=\"https:\/\/www.flickr.com\/photos\/manbokey\" rel=\"noopener\" target=\"_blank\">ManboKey<\/a><\/p>","protected":false},"excerpt":{"rendered":"<p>Mi madre, cuando yo ten\u00eda 4 a\u00f1os, me contaba que todas las personas teniamos el alma pintada de un color diferente. A los 6 a\u00f1os cuando me descubri\u00f3 brincando en las piernas de mi padrastro me dijo que el color de mi alma era negro. A los 7 a\u00f1os descubr\u00ed que el negro era un [&hellip;]<\/p>\n","protected":false},"author":1970,"featured_media":0,"comment_status":"closed","ping_status":"closed","sticky":false,"template":"","format":"standard","meta":{"_acf_changed":false,"cybocfi_hide_featured_image":"","_jetpack_memberships_contains_paid_content":false,"footnotes":""},"categories":[7997],"tags":[],"class_list":["post-128977","post","type-post","status-publish","format-standard","hentry","category-textos"],"acf":[],"mb":[],"yoast_head":"<!-- This site is optimized with the Yoast SEO plugin v27.2 - https:\/\/yoast.com\/product\/yoast-seo-wordpress\/ -->\n<title>El color de tu alma - ERRR MAGAZINE<\/title>\n<meta name=\"robots\" content=\"index, follow, max-snippet:-1, max-image-preview:large, max-video-preview:-1\" \/>\n<link rel=\"canonical\" href=\"https:\/\/errr-magazine.com\/english\/el-color-de-tu-alma\/\" \/>\n<meta property=\"og:locale\" content=\"en_US\" \/>\n<meta property=\"og:type\" content=\"article\" \/>\n<meta property=\"og:title\" content=\"El color de tu alma - ERRR MAGAZINE\" \/>\n<meta property=\"og:description\" content=\"Mi madre, cuando yo ten\u00eda 4 a\u00f1os, me contaba que todas las personas teniamos el alma pintada de un color diferente. A los 6 a\u00f1os cuando me descubri\u00f3 brincando en las piernas de mi padrastro me dijo que el color de mi alma era negro. A los 7 a\u00f1os descubr\u00ed que el negro era un [&hellip;]\" \/>\n<meta property=\"og:url\" content=\"https:\/\/errr-magazine.com\/english\/el-color-de-tu-alma\/\" \/>\n<meta property=\"og:site_name\" content=\"ERRR MAGAZINE\" \/>\n<meta property=\"article:published_time\" content=\"2018-01-29T07:29:30+00:00\" \/>\n<meta property=\"article:modified_time\" content=\"2022-08-31T07:03:02+00:00\" \/>\n<meta name=\"author\" content=\"Nefta\" \/>\n<meta name=\"twitter:card\" content=\"summary_large_image\" \/>\n<meta name=\"twitter:label1\" content=\"Written by\" \/>\n\t<meta name=\"twitter:data1\" content=\"Nefta\" \/>\n\t<meta name=\"twitter:label2\" content=\"Est. reading time\" \/>\n\t<meta name=\"twitter:data2\" content=\"1 minute\" \/>\n<script type=\"application\/ld+json\" class=\"yoast-schema-graph\">{\"@context\":\"https:\/\/schema.org\",\"@graph\":[{\"@type\":\"Article\",\"@id\":\"https:\/\/errr-magazine.com\/el-color-de-tu-alma\/#article\",\"isPartOf\":{\"@id\":\"https:\/\/errr-magazine.com\/el-color-de-tu-alma\/\"},\"author\":{\"name\":\"Nefta\",\"@id\":\"https:\/\/errr-magazine.com\/#\/schema\/person\/a207609d44c286640b91641a3170eebf\"},\"headline\":\"El color de tu alma\",\"datePublished\":\"2018-01-29T07:29:30+00:00\",\"dateModified\":\"2022-08-31T07:03:02+00:00\",\"mainEntityOfPage\":{\"@id\":\"https:\/\/errr-magazine.com\/el-color-de-tu-alma\/\"},\"wordCount\":185,\"articleSection\":[\"Textos\"],\"inLanguage\":\"en-US\"},{\"@type\":\"WebPage\",\"@id\":\"https:\/\/errr-magazine.com\/el-color-de-tu-alma\/\",\"url\":\"https:\/\/errr-magazine.com\/el-color-de-tu-alma\/\",\"name\":\"El color de tu alma - ERRR MAGAZINE\",\"isPartOf\":{\"@id\":\"https:\/\/errr-magazine.com\/#website\"},\"datePublished\":\"2018-01-29T07:29:30+00:00\",\"dateModified\":\"2022-08-31T07:03:02+00:00\",\"author\":{\"@id\":\"https:\/\/errr-magazine.com\/#\/schema\/person\/a207609d44c286640b91641a3170eebf\"},\"breadcrumb\":{\"@id\":\"https:\/\/errr-magazine.com\/el-color-de-tu-alma\/#breadcrumb\"},\"inLanguage\":\"en-US\",\"potentialAction\":[{\"@type\":\"ReadAction\",\"target\":[\"https:\/\/errr-magazine.com\/el-color-de-tu-alma\/\"]}]},{\"@type\":\"BreadcrumbList\",\"@id\":\"https:\/\/errr-magazine.com\/el-color-de-tu-alma\/#breadcrumb\",\"itemListElement\":[{\"@type\":\"ListItem\",\"position\":1,\"name\":\"Portada\",\"item\":\"https:\/\/errr-magazine.com\/\"},{\"@type\":\"ListItem\",\"position\":2,\"name\":\"El color de tu alma\"}]},{\"@type\":\"WebSite\",\"@id\":\"https:\/\/errr-magazine.com\/#website\",\"url\":\"https:\/\/errr-magazine.com\/\",\"name\":\"ERRR MAGAZINE\",\"description\":\"\",\"potentialAction\":[{\"@type\":\"SearchAction\",\"target\":{\"@type\":\"EntryPoint\",\"urlTemplate\":\"https:\/\/errr-magazine.com\/?s={search_term_string}\"},\"query-input\":{\"@type\":\"PropertyValueSpecification\",\"valueRequired\":true,\"valueName\":\"search_term_string\"}}],\"inLanguage\":\"en-US\"},{\"@type\":\"Person\",\"@id\":\"https:\/\/errr-magazine.com\/#\/schema\/person\/a207609d44c286640b91641a3170eebf\",\"name\":\"Nefta\",\"image\":{\"@type\":\"ImageObject\",\"inLanguage\":\"en-US\",\"@id\":\"https:\/\/secure.gravatar.com\/avatar\/400e4945b0658e549d031cf5865b08f74bc7f934283a2e513e635b94e9a7abe4?s=96&d=identicon&r=g\",\"url\":\"https:\/\/secure.gravatar.com\/avatar\/400e4945b0658e549d031cf5865b08f74bc7f934283a2e513e635b94e9a7abe4?s=96&d=identicon&r=g\",\"contentUrl\":\"https:\/\/secure.gravatar.com\/avatar\/400e4945b0658e549d031cf5865b08f74bc7f934283a2e513e635b94e9a7abe4?s=96&d=identicon&r=g\",\"caption\":\"Nefta\"},\"description\":\"Amarilla\",\"sameAs\":[\"https:\/\/www.instagram.com\/nef_saurio\/\"],\"url\":\"https:\/\/errr-magazine.com\/english\/author\/n-sa\/\"}]}<\/script>\n<!-- \/ Yoast SEO plugin. -->","yoast_head_json":{"title":"El color de tu alma - ERRR MAGAZINE","robots":{"index":"index","follow":"follow","max-snippet":"max-snippet:-1","max-image-preview":"max-image-preview:large","max-video-preview":"max-video-preview:-1"},"canonical":"https:\/\/errr-magazine.com\/english\/el-color-de-tu-alma\/","og_locale":"en_US","og_type":"article","og_title":"El color de tu alma - ERRR MAGAZINE","og_description":"Mi madre, cuando yo ten\u00eda 4 a\u00f1os, me contaba que todas las personas teniamos el alma pintada de un color diferente. A los 6 a\u00f1os cuando me descubri\u00f3 brincando en las piernas de mi padrastro me dijo que el color de mi alma era negro. A los 7 a\u00f1os descubr\u00ed que el negro era un [&hellip;]","og_url":"https:\/\/errr-magazine.com\/english\/el-color-de-tu-alma\/","og_site_name":"ERRR MAGAZINE","article_published_time":"2018-01-29T07:29:30+00:00","article_modified_time":"2022-08-31T07:03:02+00:00","author":"Nefta","twitter_card":"summary_large_image","twitter_misc":{"Written by":"Nefta","Est. reading time":"1 minute"},"schema":{"@context":"https:\/\/schema.org","@graph":[{"@type":"Article","@id":"https:\/\/errr-magazine.com\/el-color-de-tu-alma\/#article","isPartOf":{"@id":"https:\/\/errr-magazine.com\/el-color-de-tu-alma\/"},"author":{"name":"Nefta","@id":"https:\/\/errr-magazine.com\/#\/schema\/person\/a207609d44c286640b91641a3170eebf"},"headline":"El color de tu alma","datePublished":"2018-01-29T07:29:30+00:00","dateModified":"2022-08-31T07:03:02+00:00","mainEntityOfPage":{"@id":"https:\/\/errr-magazine.com\/el-color-de-tu-alma\/"},"wordCount":185,"articleSection":["Textos"],"inLanguage":"en-US"},{"@type":"WebPage","@id":"https:\/\/errr-magazine.com\/el-color-de-tu-alma\/","url":"https:\/\/errr-magazine.com\/el-color-de-tu-alma\/","name":"El color de tu alma - ERRR MAGAZINE","isPartOf":{"@id":"https:\/\/errr-magazine.com\/#website"},"datePublished":"2018-01-29T07:29:30+00:00","dateModified":"2022-08-31T07:03:02+00:00","author":{"@id":"https:\/\/errr-magazine.com\/#\/schema\/person\/a207609d44c286640b91641a3170eebf"},"breadcrumb":{"@id":"https:\/\/errr-magazine.com\/el-color-de-tu-alma\/#breadcrumb"},"inLanguage":"en-US","potentialAction":[{"@type":"ReadAction","target":["https:\/\/errr-magazine.com\/el-color-de-tu-alma\/"]}]},{"@type":"BreadcrumbList","@id":"https:\/\/errr-magazine.com\/el-color-de-tu-alma\/#breadcrumb","itemListElement":[{"@type":"ListItem","position":1,"name":"Portada","item":"https:\/\/errr-magazine.com\/"},{"@type":"ListItem","position":2,"name":"El color de tu alma"}]},{"@type":"WebSite","@id":"https:\/\/errr-magazine.com\/#website","url":"https:\/\/errr-magazine.com\/","name":"ERRR MAGAZINE","description":"","potentialAction":[{"@type":"SearchAction","target":{"@type":"EntryPoint","urlTemplate":"https:\/\/errr-magazine.com\/?s={search_term_string}"},"query-input":{"@type":"PropertyValueSpecification","valueRequired":true,"valueName":"search_term_string"}}],"inLanguage":"en-US"},{"@type":"Person","@id":"https:\/\/errr-magazine.com\/#\/schema\/person\/a207609d44c286640b91641a3170eebf","name":"Nefta","image":{"@type":"ImageObject","inLanguage":"en-US","@id":"https:\/\/secure.gravatar.com\/avatar\/400e4945b0658e549d031cf5865b08f74bc7f934283a2e513e635b94e9a7abe4?s=96&d=identicon&r=g","url":"https:\/\/secure.gravatar.com\/avatar\/400e4945b0658e549d031cf5865b08f74bc7f934283a2e513e635b94e9a7abe4?s=96&d=identicon&r=g","contentUrl":"https:\/\/secure.gravatar.com\/avatar\/400e4945b0658e549d031cf5865b08f74bc7f934283a2e513e635b94e9a7abe4?s=96&d=identicon&r=g","caption":"Nefta"},"description":"Amarilla","sameAs":["https:\/\/www.instagram.com\/nef_saurio\/"],"url":"https:\/\/errr-magazine.com\/english\/author\/n-sa\/"}]}},"jetpack_featured_media_url":"","jetpack-related-posts":[{"id":135457,"url":"https:\/\/errr-magazine.com\/english\/alma-suicida\/","url_meta":{"origin":128977,"position":0},"title":"Alma suicida","author":"Maria Veaco","date":"06\/21\/2018","format":false,"excerpt":"En una tarde lluviosa me puse a pensar Que ser\u00e1 de los suicidas y en que pensar\u00e1n Que tan negro estar\u00e1 su coraz\u00f3n, o que tan gris estar\u00e1 su alma Que pensar\u00e1n cuando ven la lluvia, o el sol brillar Tal vez para ellos todo es lo mismo, sin color\u2026","rel":"","context":"In &quot;Textos&quot;","block_context":{"text":"Textos","link":"https:\/\/errr-magazine.com\/english\/category\/textos\/"},"img":{"alt_text":"","src":"https:\/\/i0.wp.com\/errr-magazine.com\/wp-content\/uploads\/2018\/06\/emptyroom.jpg?resize=350%2C200&ssl=1","width":350,"height":200,"srcset":"https:\/\/i0.wp.com\/errr-magazine.com\/wp-content\/uploads\/2018\/06\/emptyroom.jpg?resize=350%2C200&ssl=1 1x, https:\/\/i0.wp.com\/errr-magazine.com\/wp-content\/uploads\/2018\/06\/emptyroom.jpg?resize=525%2C300&ssl=1 1.5x, https:\/\/i0.wp.com\/errr-magazine.com\/wp-content\/uploads\/2018\/06\/emptyroom.jpg?resize=700%2C400&ssl=1 2x"},"classes":[]},{"id":138446,"url":"https:\/\/errr-magazine.com\/english\/entre-ella-un-girasol-y-un-sueno\/","url_meta":{"origin":128977,"position":1},"title":"Entre ella, un girasol y un sue\u00f1o","author":"Oscar D. Sandoval Flores","date":"09\/09\/2018","format":false,"excerpt":"Quiz\u00e1 pude d\u00e1rtelo como presente; quiz\u00e1 pude ver tu expresi\u00f3n al darte \u00e9sta flor, pero ahora no creo darte m\u00e1s que \u00e9ste escrito que lleg\u00f3 a ser una carta pero nunca te la di. La carta dec\u00eda as\u00ed... El presente es una de las flores m\u00e1s bellas que pude haber\u2026","rel":"","context":"In &quot;Textos&quot;","block_context":{"text":"Textos","link":"https:\/\/errr-magazine.com\/english\/category\/textos\/"},"img":{"alt_text":"","src":"https:\/\/i0.wp.com\/errr-magazine.com\/wp-content\/uploads\/2018\/09\/Captura-de-pantalla-2018-09-09-a-las-16.49.33.png?resize=350%2C200&ssl=1","width":350,"height":200,"srcset":"https:\/\/i0.wp.com\/errr-magazine.com\/wp-content\/uploads\/2018\/09\/Captura-de-pantalla-2018-09-09-a-las-16.49.33.png?resize=350%2C200&ssl=1 1x, https:\/\/i0.wp.com\/errr-magazine.com\/wp-content\/uploads\/2018\/09\/Captura-de-pantalla-2018-09-09-a-las-16.49.33.png?resize=525%2C300&ssl=1 1.5x"},"classes":[]},{"id":177502,"url":"https:\/\/errr-magazine.com\/english\/llega-luna-roja\/","url_meta":{"origin":128977,"position":2},"title":"Llega luna roja","author":"Gema Mateo","date":"05\/15\/2022","format":false,"excerpt":"Todav\u00eda tengo mucho que escribir(te) Las flores ya se pintan de otro color(es) Imposible que no te recuerde. Con tus ojos chinitos y sonrisa (s) Grandes, grandes (a)brazos. Que quieren volver al campo verde. A (re)correr con el sombrero alto. El cabello negro y la mente en calma. Intercambio estas\u2026","rel":"","context":"In &quot;Textos&quot;","block_context":{"text":"Textos","link":"https:\/\/errr-magazine.com\/english\/category\/textos\/"},"img":{"alt_text":"","src":"https:\/\/i0.wp.com\/errr-magazine.com\/wp-content\/uploads\/2022\/05\/IMG_0128.jpg?resize=350%2C200&ssl=1","width":350,"height":200,"srcset":"https:\/\/i0.wp.com\/errr-magazine.com\/wp-content\/uploads\/2022\/05\/IMG_0128.jpg?resize=350%2C200&ssl=1 1x, https:\/\/i0.wp.com\/errr-magazine.com\/wp-content\/uploads\/2022\/05\/IMG_0128.jpg?resize=525%2C300&ssl=1 1.5x, https:\/\/i0.wp.com\/errr-magazine.com\/wp-content\/uploads\/2022\/05\/IMG_0128.jpg?resize=700%2C400&ssl=1 2x, https:\/\/i0.wp.com\/errr-magazine.com\/wp-content\/uploads\/2022\/05\/IMG_0128.jpg?resize=1050%2C600&ssl=1 3x, https:\/\/i0.wp.com\/errr-magazine.com\/wp-content\/uploads\/2022\/05\/IMG_0128.jpg?resize=1400%2C800&ssl=1 4x"},"classes":[]},{"id":168148,"url":"https:\/\/errr-magazine.com\/english\/el-dolor-es-senal-de-vida\/","url_meta":{"origin":128977,"position":3},"title":"El dolor es se\u00f1al de vida","author":"Mariona Suinaga","date":"03\/21\/2021","format":false,"excerpt":"El forense entr\u00f3 por la puerta principal de la casa, era un tipo joven que no pasaba los treinta, ten\u00eda ojos obscuros,\u00a0una mirada poco expresiva y vac\u00eda, barba escasa y una delgadez que lo hac\u00eda ver demacrado. Vest\u00eda\u00a0 jeans negros y viejos,\u00a0con\u00a0una bata blanca que le cubr\u00eda un tatuaje que\u2026","rel":"","context":"In &quot;Textos&quot;","block_context":{"text":"Textos","link":"https:\/\/errr-magazine.com\/english\/category\/textos\/"},"img":{"alt_text":"","src":"https:\/\/i0.wp.com\/errr-magazine.com\/wp-content\/uploads\/2021\/03\/Captura-de-pantalla-2021-02-11-a-las-12.11.04.png?resize=350%2C200&ssl=1","width":350,"height":200,"srcset":"https:\/\/i0.wp.com\/errr-magazine.com\/wp-content\/uploads\/2021\/03\/Captura-de-pantalla-2021-02-11-a-las-12.11.04.png?resize=350%2C200&ssl=1 1x, https:\/\/i0.wp.com\/errr-magazine.com\/wp-content\/uploads\/2021\/03\/Captura-de-pantalla-2021-02-11-a-las-12.11.04.png?resize=525%2C300&ssl=1 1.5x, https:\/\/i0.wp.com\/errr-magazine.com\/wp-content\/uploads\/2021\/03\/Captura-de-pantalla-2021-02-11-a-las-12.11.04.png?resize=700%2C400&ssl=1 2x"},"classes":[]},{"id":204917,"url":"https:\/\/errr-magazine.com\/english\/las-peculiaridades-del-anhelo-mexicano-y-la-reflexion-japonesa\/","url_meta":{"origin":128977,"position":4},"title":"The Idiosyncrasies of Mexican Yearning and Japanese Reflection","author":"Ana Karen Moncayo","date":"04\/21\/2026","format":false,"excerpt":"It\u2019s soulful chaos versus soulless perfection. It\u2019s improvisation versus ritual. It\u2019s the belief that discomfort is the price we pay for community versus the belief that giving each other space is real community.","rel":"","context":"In &quot;Ensayo&quot;","block_context":{"text":"Ensayo","link":"https:\/\/errr-magazine.com\/english\/category\/writing\/ensayo\/"},"img":{"alt_text":"","src":"","width":0,"height":0},"classes":[]},{"id":201025,"url":"https:\/\/errr-magazine.com\/english\/alma-cafe\/","url_meta":{"origin":128977,"position":5},"title":"Alma Caf\u00e9","author":"Alma Caf\u00e9","date":"02\/23\/2026","format":false,"excerpt":"A project that\u2019s only four years old, maturing day by day. Our tempo tells us we\u2019ll be around for a long time. That said, we\u2019re enjoying the process every single day.","rel":"","context":"In &quot;Cafeterias y panader\u00edas&quot;","block_context":{"text":"Cafeterias y panader\u00edas","link":"https:\/\/errr-magazine.com\/english\/category\/places\/cafeterias-y-panaderias\/"},"img":{"alt_text":"","src":"https:\/\/i0.wp.com\/errr-magazine.com\/wp-content\/uploads\/2026\/02\/5.3_PortadaDSC_2146-copy-1.jpg?resize=350%2C200&ssl=1","width":350,"height":200,"srcset":"https:\/\/i0.wp.com\/errr-magazine.com\/wp-content\/uploads\/2026\/02\/5.3_PortadaDSC_2146-copy-1.jpg?resize=350%2C200&ssl=1 1x, https:\/\/i0.wp.com\/errr-magazine.com\/wp-content\/uploads\/2026\/02\/5.3_PortadaDSC_2146-copy-1.jpg?resize=525%2C300&ssl=1 1.5x, https:\/\/i0.wp.com\/errr-magazine.com\/wp-content\/uploads\/2026\/02\/5.3_PortadaDSC_2146-copy-1.jpg?resize=700%2C400&ssl=1 2x, https:\/\/i0.wp.com\/errr-magazine.com\/wp-content\/uploads\/2026\/02\/5.3_PortadaDSC_2146-copy-1.jpg?resize=1050%2C600&ssl=1 3x"},"classes":[]}],"jetpack_sharing_enabled":true,"mfb_rest_fields":["title","yoast_head","yoast_head_json","jetpack_featured_media_url","jetpack-related-posts","jetpack_sharing_enabled"],"_links":{"self":[{"href":"https:\/\/errr-magazine.com\/english\/wp-json\/wp\/v2\/posts\/128977","targetHints":{"allow":["GET"]}}],"collection":[{"href":"https:\/\/errr-magazine.com\/english\/wp-json\/wp\/v2\/posts"}],"about":[{"href":"https:\/\/errr-magazine.com\/english\/wp-json\/wp\/v2\/types\/post"}],"author":[{"embeddable":true,"href":"https:\/\/errr-magazine.com\/english\/wp-json\/wp\/v2\/users\/1970"}],"replies":[{"embeddable":true,"href":"https:\/\/errr-magazine.com\/english\/wp-json\/wp\/v2\/comments?post=128977"}],"version-history":[{"count":3,"href":"https:\/\/errr-magazine.com\/english\/wp-json\/wp\/v2\/posts\/128977\/revisions"}],"predecessor-version":[{"id":129243,"href":"https:\/\/errr-magazine.com\/english\/wp-json\/wp\/v2\/posts\/128977\/revisions\/129243"}],"wp:attachment":[{"href":"https:\/\/errr-magazine.com\/english\/wp-json\/wp\/v2\/media?parent=128977"}],"wp:term":[{"taxonomy":"category","embeddable":true,"href":"https:\/\/errr-magazine.com\/english\/wp-json\/wp\/v2\/categories?post=128977"},{"taxonomy":"post_tag","embeddable":true,"href":"https:\/\/errr-magazine.com\/english\/wp-json\/wp\/v2\/tags?post=128977"}],"curies":[{"name":"wp","href":"https:\/\/api.w.org\/{rel}","templated":true}]}}