{"id":128938,"date":"2018-01-29T01:22:24","date_gmt":"2018-01-29T07:22:24","guid":{"rendered":"http:\/\/errr-magazine.com\/?p=128938"},"modified":"2022-08-31T02:03:04","modified_gmt":"2022-08-31T07:03:04","slug":"180-dias-despues-fluye-el-recuento-de-mis-olvidos","status":"publish","type":"post","link":"https:\/\/errr-magazine.com\/english\/180-dias-despues-fluye-el-recuento-de-mis-olvidos\/","title":{"rendered":"180 d\u00edas despu\u00e9s fluye el recuento de mis olvidos"},"content":{"rendered":"<p>Hab\u00eda olvidado la sensaci\u00f3n de verte solo en sue\u00f1os. Siete noches continuas de refugiarme en el insomnio me lo han recordado.<\/p>\n<p>No voy a escribirte m\u00e1s, no quiero hacerlo, no puedo hacerlo. Espero confiada que la ansiedad no me acoja entre sus garras; que por lo menos ella respete este confuso hasti\u00f3 que representa tu ausencia en mi realidad.<\/p>\n<p>Que no quede registro de esto ni siquiera en los olvidos insignificantes.<\/p>\n<p>Porque al final \u00bfqu\u00e9 es un recuerdo? \u00bfAlgo que uno tiene o algo que uno perdi\u00f3?<\/p>\n<p>Photographers: <a href=\"https:\/\/www.flickr.com\/photos\/manbokey\" rel=\"noopener\" target=\"_blank\">ManboKey<\/a><\/p>","protected":false},"excerpt":{"rendered":"<p>Hab\u00eda olvidado la sensaci\u00f3n de verte solo en sue\u00f1os. Siete noches continuas de refugiarme en el insomnio me lo han recordado. No voy a escribirte m\u00e1s, no quiero hacerlo, no puedo hacerlo. Espero confiada que la ansiedad no me acoja entre sus garras; que por lo menos ella respete este confuso hasti\u00f3 que representa tu [&hellip;]<\/p>\n","protected":false},"author":1873,"featured_media":0,"comment_status":"closed","ping_status":"closed","sticky":false,"template":"","format":"standard","meta":{"_acf_changed":false,"cybocfi_hide_featured_image":"","_jetpack_memberships_contains_paid_content":false,"footnotes":""},"categories":[7997],"tags":[],"class_list":["post-128938","post","type-post","status-publish","format-standard","hentry","category-textos"],"acf":[],"mb":[],"yoast_head":"<!-- This site is optimized with the Yoast SEO plugin v27.2 - https:\/\/yoast.com\/product\/yoast-seo-wordpress\/ -->\n<title>180 d\u00edas despu\u00e9s fluye el recuento de mis olvidos - ERRR MAGAZINE<\/title>\n<meta name=\"robots\" content=\"index, follow, max-snippet:-1, max-image-preview:large, max-video-preview:-1\" \/>\n<link rel=\"canonical\" href=\"https:\/\/errr-magazine.com\/english\/180-dias-despues-fluye-el-recuento-de-mis-olvidos\/\" \/>\n<meta property=\"og:locale\" content=\"en_US\" \/>\n<meta property=\"og:type\" content=\"article\" \/>\n<meta property=\"og:title\" content=\"180 d\u00edas despu\u00e9s fluye el recuento de mis olvidos - ERRR MAGAZINE\" \/>\n<meta property=\"og:description\" content=\"Hab\u00eda olvidado la sensaci\u00f3n de verte solo en sue\u00f1os. Siete noches continuas de refugiarme en el insomnio me lo han recordado. No voy a escribirte m\u00e1s, no quiero hacerlo, no puedo hacerlo. Espero confiada que la ansiedad no me acoja entre sus garras; que por lo menos ella respete este confuso hasti\u00f3 que representa tu [&hellip;]\" \/>\n<meta property=\"og:url\" content=\"https:\/\/errr-magazine.com\/english\/180-dias-despues-fluye-el-recuento-de-mis-olvidos\/\" \/>\n<meta property=\"og:site_name\" content=\"ERRR MAGAZINE\" \/>\n<meta property=\"article:published_time\" content=\"2018-01-29T07:22:24+00:00\" \/>\n<meta property=\"article:modified_time\" content=\"2022-08-31T07:03:04+00:00\" \/>\n<meta name=\"author\" content=\"Rbk Dant\u00e9s\" \/>\n<meta name=\"twitter:card\" content=\"summary_large_image\" \/>\n<meta name=\"twitter:label1\" content=\"Written by\" \/>\n\t<meta name=\"twitter:data1\" content=\"Rbk Dant\u00e9s\" \/>\n<script type=\"application\/ld+json\" class=\"yoast-schema-graph\">{\"@context\":\"https:\/\/schema.org\",\"@graph\":[{\"@type\":\"Article\",\"@id\":\"https:\/\/errr-magazine.com\/180-dias-despues-fluye-el-recuento-de-mis-olvidos\/#article\",\"isPartOf\":{\"@id\":\"https:\/\/errr-magazine.com\/180-dias-despues-fluye-el-recuento-de-mis-olvidos\/\"},\"author\":{\"name\":\"Rbk Dant\u00e9s\",\"@id\":\"https:\/\/errr-magazine.com\/#\/schema\/person\/7b18fbd35028132cb8248cc16fc22a34\"},\"headline\":\"180 d\u00edas despu\u00e9s fluye el recuento de mis olvidos\",\"datePublished\":\"2018-01-29T07:22:24+00:00\",\"dateModified\":\"2022-08-31T07:03:04+00:00\",\"mainEntityOfPage\":{\"@id\":\"https:\/\/errr-magazine.com\/180-dias-despues-fluye-el-recuento-de-mis-olvidos\/\"},\"wordCount\":104,\"articleSection\":[\"Textos\"],\"inLanguage\":\"en-US\"},{\"@type\":\"WebPage\",\"@id\":\"https:\/\/errr-magazine.com\/180-dias-despues-fluye-el-recuento-de-mis-olvidos\/\",\"url\":\"https:\/\/errr-magazine.com\/180-dias-despues-fluye-el-recuento-de-mis-olvidos\/\",\"name\":\"180 d\u00edas despu\u00e9s fluye el recuento de mis olvidos - ERRR MAGAZINE\",\"isPartOf\":{\"@id\":\"https:\/\/errr-magazine.com\/#website\"},\"datePublished\":\"2018-01-29T07:22:24+00:00\",\"dateModified\":\"2022-08-31T07:03:04+00:00\",\"author\":{\"@id\":\"https:\/\/errr-magazine.com\/#\/schema\/person\/7b18fbd35028132cb8248cc16fc22a34\"},\"breadcrumb\":{\"@id\":\"https:\/\/errr-magazine.com\/180-dias-despues-fluye-el-recuento-de-mis-olvidos\/#breadcrumb\"},\"inLanguage\":\"en-US\",\"potentialAction\":[{\"@type\":\"ReadAction\",\"target\":[\"https:\/\/errr-magazine.com\/180-dias-despues-fluye-el-recuento-de-mis-olvidos\/\"]}]},{\"@type\":\"BreadcrumbList\",\"@id\":\"https:\/\/errr-magazine.com\/180-dias-despues-fluye-el-recuento-de-mis-olvidos\/#breadcrumb\",\"itemListElement\":[{\"@type\":\"ListItem\",\"position\":1,\"name\":\"Portada\",\"item\":\"https:\/\/errr-magazine.com\/\"},{\"@type\":\"ListItem\",\"position\":2,\"name\":\"180 d\u00edas despu\u00e9s fluye el recuento de mis olvidos\"}]},{\"@type\":\"WebSite\",\"@id\":\"https:\/\/errr-magazine.com\/#website\",\"url\":\"https:\/\/errr-magazine.com\/\",\"name\":\"ERRR MAGAZINE\",\"description\":\"\",\"potentialAction\":[{\"@type\":\"SearchAction\",\"target\":{\"@type\":\"EntryPoint\",\"urlTemplate\":\"https:\/\/errr-magazine.com\/?s={search_term_string}\"},\"query-input\":{\"@type\":\"PropertyValueSpecification\",\"valueRequired\":true,\"valueName\":\"search_term_string\"}}],\"inLanguage\":\"en-US\"},{\"@type\":\"Person\",\"@id\":\"https:\/\/errr-magazine.com\/#\/schema\/person\/7b18fbd35028132cb8248cc16fc22a34\",\"name\":\"Rbk Dant\u00e9s\",\"image\":{\"@type\":\"ImageObject\",\"inLanguage\":\"en-US\",\"@id\":\"https:\/\/secure.gravatar.com\/avatar\/5c36de314e15aa9ee75c052cf326d1cf548ce9ea1d6dbbc3e68c923032f51b86?s=96&d=identicon&r=g\",\"url\":\"https:\/\/secure.gravatar.com\/avatar\/5c36de314e15aa9ee75c052cf326d1cf548ce9ea1d6dbbc3e68c923032f51b86?s=96&d=identicon&r=g\",\"contentUrl\":\"https:\/\/secure.gravatar.com\/avatar\/5c36de314e15aa9ee75c052cf326d1cf548ce9ea1d6dbbc3e68c923032f51b86?s=96&d=identicon&r=g\",\"caption\":\"Rbk Dant\u00e9s\"},\"description\":\"Hola soy Rebeca y soy \\\"Mit\u00f3mana\\\", amante de la pseudolog\u00eda fant\u00e1stica, dotada de bastas habilidades patol\u00f3gicas para poder transgredir los l\u00edmites entre la vulgaridad de la manipulaci\u00f3n y el fino arte de la persuasi\u00f3n. Con el \u00fanico y exclusivo fin de lograr que las personas apuesten a mi favor, convencidas que es para su propio beneficio. Aunque en realidad yo le tengo alergia a las mentiras...\",\"url\":\"https:\/\/errr-magazine.com\/english\/author\/rbk-dantes\/\"}]}<\/script>\n<!-- \/ Yoast SEO plugin. -->","yoast_head_json":{"title":"180 d\u00edas despu\u00e9s fluye el recuento de mis olvidos - ERRR MAGAZINE","robots":{"index":"index","follow":"follow","max-snippet":"max-snippet:-1","max-image-preview":"max-image-preview:large","max-video-preview":"max-video-preview:-1"},"canonical":"https:\/\/errr-magazine.com\/english\/180-dias-despues-fluye-el-recuento-de-mis-olvidos\/","og_locale":"en_US","og_type":"article","og_title":"180 d\u00edas despu\u00e9s fluye el recuento de mis olvidos - ERRR MAGAZINE","og_description":"Hab\u00eda olvidado la sensaci\u00f3n de verte solo en sue\u00f1os. Siete noches continuas de refugiarme en el insomnio me lo han recordado. No voy a escribirte m\u00e1s, no quiero hacerlo, no puedo hacerlo. Espero confiada que la ansiedad no me acoja entre sus garras; que por lo menos ella respete este confuso hasti\u00f3 que representa tu [&hellip;]","og_url":"https:\/\/errr-magazine.com\/english\/180-dias-despues-fluye-el-recuento-de-mis-olvidos\/","og_site_name":"ERRR MAGAZINE","article_published_time":"2018-01-29T07:22:24+00:00","article_modified_time":"2022-08-31T07:03:04+00:00","author":"Rbk Dant\u00e9s","twitter_card":"summary_large_image","twitter_misc":{"Written by":"Rbk Dant\u00e9s"},"schema":{"@context":"https:\/\/schema.org","@graph":[{"@type":"Article","@id":"https:\/\/errr-magazine.com\/180-dias-despues-fluye-el-recuento-de-mis-olvidos\/#article","isPartOf":{"@id":"https:\/\/errr-magazine.com\/180-dias-despues-fluye-el-recuento-de-mis-olvidos\/"},"author":{"name":"Rbk Dant\u00e9s","@id":"https:\/\/errr-magazine.com\/#\/schema\/person\/7b18fbd35028132cb8248cc16fc22a34"},"headline":"180 d\u00edas despu\u00e9s fluye el recuento de mis olvidos","datePublished":"2018-01-29T07:22:24+00:00","dateModified":"2022-08-31T07:03:04+00:00","mainEntityOfPage":{"@id":"https:\/\/errr-magazine.com\/180-dias-despues-fluye-el-recuento-de-mis-olvidos\/"},"wordCount":104,"articleSection":["Textos"],"inLanguage":"en-US"},{"@type":"WebPage","@id":"https:\/\/errr-magazine.com\/180-dias-despues-fluye-el-recuento-de-mis-olvidos\/","url":"https:\/\/errr-magazine.com\/180-dias-despues-fluye-el-recuento-de-mis-olvidos\/","name":"180 d\u00edas despu\u00e9s fluye el recuento de mis olvidos - ERRR MAGAZINE","isPartOf":{"@id":"https:\/\/errr-magazine.com\/#website"},"datePublished":"2018-01-29T07:22:24+00:00","dateModified":"2022-08-31T07:03:04+00:00","author":{"@id":"https:\/\/errr-magazine.com\/#\/schema\/person\/7b18fbd35028132cb8248cc16fc22a34"},"breadcrumb":{"@id":"https:\/\/errr-magazine.com\/180-dias-despues-fluye-el-recuento-de-mis-olvidos\/#breadcrumb"},"inLanguage":"en-US","potentialAction":[{"@type":"ReadAction","target":["https:\/\/errr-magazine.com\/180-dias-despues-fluye-el-recuento-de-mis-olvidos\/"]}]},{"@type":"BreadcrumbList","@id":"https:\/\/errr-magazine.com\/180-dias-despues-fluye-el-recuento-de-mis-olvidos\/#breadcrumb","itemListElement":[{"@type":"ListItem","position":1,"name":"Portada","item":"https:\/\/errr-magazine.com\/"},{"@type":"ListItem","position":2,"name":"180 d\u00edas despu\u00e9s fluye el recuento de mis olvidos"}]},{"@type":"WebSite","@id":"https:\/\/errr-magazine.com\/#website","url":"https:\/\/errr-magazine.com\/","name":"ERRR MAGAZINE","description":"","potentialAction":[{"@type":"SearchAction","target":{"@type":"EntryPoint","urlTemplate":"https:\/\/errr-magazine.com\/?s={search_term_string}"},"query-input":{"@type":"PropertyValueSpecification","valueRequired":true,"valueName":"search_term_string"}}],"inLanguage":"en-US"},{"@type":"Person","@id":"https:\/\/errr-magazine.com\/#\/schema\/person\/7b18fbd35028132cb8248cc16fc22a34","name":"Rbk Dant\u00e9s","image":{"@type":"ImageObject","inLanguage":"en-US","@id":"https:\/\/secure.gravatar.com\/avatar\/5c36de314e15aa9ee75c052cf326d1cf548ce9ea1d6dbbc3e68c923032f51b86?s=96&d=identicon&r=g","url":"https:\/\/secure.gravatar.com\/avatar\/5c36de314e15aa9ee75c052cf326d1cf548ce9ea1d6dbbc3e68c923032f51b86?s=96&d=identicon&r=g","contentUrl":"https:\/\/secure.gravatar.com\/avatar\/5c36de314e15aa9ee75c052cf326d1cf548ce9ea1d6dbbc3e68c923032f51b86?s=96&d=identicon&r=g","caption":"Rbk Dant\u00e9s"},"description":"Hola soy Rebeca y soy \"Mit\u00f3mana\", amante de la pseudolog\u00eda fant\u00e1stica, dotada de bastas habilidades patol\u00f3gicas para poder transgredir los l\u00edmites entre la vulgaridad de la manipulaci\u00f3n y el fino arte de la persuasi\u00f3n. Con el \u00fanico y exclusivo fin de lograr que las personas apuesten a mi favor, convencidas que es para su propio beneficio. Aunque en realidad yo le tengo alergia a las mentiras...","url":"https:\/\/errr-magazine.com\/english\/author\/rbk-dantes\/"}]}},"jetpack_featured_media_url":"","jetpack-related-posts":[{"id":173224,"url":"https:\/\/errr-magazine.com\/english\/quiero-olvidar-te\/","url_meta":{"origin":128938,"position":0},"title":"I want to forget you","author":"Sierra Contreras","date":"07\/11\/2021","format":false,"excerpt":"Quiero olvidarte. Quiero olvidarte como se me olvidan las llaves Quiero olvidarte como cuando escondes algo para guardarlo y al final olvidas d\u00f3nde lo guardaste. Quiero olvidarte como lo hace un enfermo de Alzheimer olvidando su vida . Quiero olvidarte como olvid\u00f3 enviar un mensaje importante Quiero olvidarte como olvid\u00f3\u2026","rel":"","context":"In &quot;Textos&quot;","block_context":{"text":"Textos","link":"https:\/\/errr-magazine.com\/english\/category\/textos\/"},"img":{"alt_text":"","src":"","width":0,"height":0},"classes":[]},{"id":163550,"url":"https:\/\/errr-magazine.com\/english\/vendra-el-olvido\/","url_meta":{"origin":128938,"position":1},"title":"vendr\u00e1 el olvido","author":"Jess Flores","date":"11\/16\/2020","format":false,"excerpt":"Mirando en retrospectiva hacia s\u00ed, despu\u00e9s de un largo periodo de meditaci\u00f3n nocturna en el que me preguntaba: \u00bfc\u00f3mo puedo dejar de ser yo? proyectado a trav\u00e9s de los actos que son imposibles remediar, di cuenta de lo mucho que me hace falta olvidar. \u201cI miss you so bad\u201d dice\u2026","rel":"","context":"In &quot;Textos&quot;","block_context":{"text":"Textos","link":"https:\/\/errr-magazine.com\/english\/category\/textos\/"},"img":{"alt_text":"","src":"https:\/\/i0.wp.com\/errr-magazine.com\/wp-content\/uploads\/2020\/11\/14939926207_a853972bfc_k.jpg?resize=350%2C200&ssl=1","width":350,"height":200,"srcset":"https:\/\/i0.wp.com\/errr-magazine.com\/wp-content\/uploads\/2020\/11\/14939926207_a853972bfc_k.jpg?resize=350%2C200&ssl=1 1x, https:\/\/i0.wp.com\/errr-magazine.com\/wp-content\/uploads\/2020\/11\/14939926207_a853972bfc_k.jpg?resize=525%2C300&ssl=1 1.5x, https:\/\/i0.wp.com\/errr-magazine.com\/wp-content\/uploads\/2020\/11\/14939926207_a853972bfc_k.jpg?resize=700%2C400&ssl=1 2x, https:\/\/i0.wp.com\/errr-magazine.com\/wp-content\/uploads\/2020\/11\/14939926207_a853972bfc_k.jpg?resize=1050%2C600&ssl=1 3x, https:\/\/i0.wp.com\/errr-magazine.com\/wp-content\/uploads\/2020\/11\/14939926207_a853972bfc_k.jpg?resize=1400%2C800&ssl=1 4x"},"classes":[]},{"id":203279,"url":"https:\/\/errr-magazine.com\/english\/anhelo-2\/","url_meta":{"origin":128938,"position":2},"title":"Longing","author":"Lupita \u00c1lvarez","date":"03\/30\/2026","format":false,"excerpt":"I want you to know: I hold myself together through this nostalgia. Sometimes it feels uncomfortable and I ignore it, like a nightmare I want to forget; other times it becomes a refuge and I fantasize about it.","rel":"","context":"In &quot;Narrativa&quot;","block_context":{"text":"Narrativa","link":"https:\/\/errr-magazine.com\/english\/category\/writing\/narrativa\/"},"img":{"alt_text":"","src":"https:\/\/i0.wp.com\/errr-magazine.com\/wp-content\/uploads\/2026\/03\/Copia-de-1-001_25-scaled.jpg?resize=350%2C200&ssl=1","width":350,"height":200,"srcset":"https:\/\/i0.wp.com\/errr-magazine.com\/wp-content\/uploads\/2026\/03\/Copia-de-1-001_25-scaled.jpg?resize=350%2C200&ssl=1 1x, https:\/\/i0.wp.com\/errr-magazine.com\/wp-content\/uploads\/2026\/03\/Copia-de-1-001_25-scaled.jpg?resize=525%2C300&ssl=1 1.5x, https:\/\/i0.wp.com\/errr-magazine.com\/wp-content\/uploads\/2026\/03\/Copia-de-1-001_25-scaled.jpg?resize=700%2C400&ssl=1 2x, https:\/\/i0.wp.com\/errr-magazine.com\/wp-content\/uploads\/2026\/03\/Copia-de-1-001_25-scaled.jpg?resize=1050%2C600&ssl=1 3x, https:\/\/i0.wp.com\/errr-magazine.com\/wp-content\/uploads\/2026\/03\/Copia-de-1-001_25-scaled.jpg?resize=1400%2C800&ssl=1 4x"},"classes":[]},{"id":177004,"url":"https:\/\/errr-magazine.com\/english\/tal-vez-todas-me-olvidaron\/","url_meta":{"origin":128938,"position":3},"title":"Tal vez todas me olvidaron","author":"Edgar Gil","date":"05\/09\/2022","format":false,"excerpt":"Existieron muchas cosas que he olvidado. Algunas de pronto regresan a mi cabeza y gracias a la prudencia de mi memoria se van de volada. He caminado con varias personas por aqu\u00ed. Ahora puedo recordar a M, M, L, I, I, L, G, A, M, D, y a las que\u2026","rel":"","context":"In &quot;Textos&quot;","block_context":{"text":"Textos","link":"https:\/\/errr-magazine.com\/english\/category\/textos\/"},"img":{"alt_text":"","src":"https:\/\/i0.wp.com\/errr-magazine.com\/wp-content\/uploads\/2022\/03\/ct2f-2022-03-24-091129.957-scaled.jpg?resize=350%2C200&ssl=1","width":350,"height":200,"srcset":"https:\/\/i0.wp.com\/errr-magazine.com\/wp-content\/uploads\/2022\/03\/ct2f-2022-03-24-091129.957-scaled.jpg?resize=350%2C200&ssl=1 1x, https:\/\/i0.wp.com\/errr-magazine.com\/wp-content\/uploads\/2022\/03\/ct2f-2022-03-24-091129.957-scaled.jpg?resize=525%2C300&ssl=1 1.5x, https:\/\/i0.wp.com\/errr-magazine.com\/wp-content\/uploads\/2022\/03\/ct2f-2022-03-24-091129.957-scaled.jpg?resize=700%2C400&ssl=1 2x, https:\/\/i0.wp.com\/errr-magazine.com\/wp-content\/uploads\/2022\/03\/ct2f-2022-03-24-091129.957-scaled.jpg?resize=1050%2C600&ssl=1 3x, https:\/\/i0.wp.com\/errr-magazine.com\/wp-content\/uploads\/2022\/03\/ct2f-2022-03-24-091129.957-scaled.jpg?resize=1400%2C800&ssl=1 4x"},"classes":[]},{"id":159302,"url":"https:\/\/errr-magazine.com\/english\/posdata-no-me-olvides\/","url_meta":{"origin":128938,"position":4},"title":"Posdata, no me olvides","author":"Estrella Dejaneira G\u00f3mez Casas","date":"05\/20\/2020","format":false,"excerpt":"Te respiro en mi alegr\u00eda y en mi miseria. No quisiera que me olvides y que cada que suspires llegue yo a tu memoria. Que no existan vidas, ni siquiera la desnudez que habita en tu mente solo por querer desear a otra mujer. Que tal vez en otra vida\u2026","rel":"","context":"In &quot;Textos&quot;","block_context":{"text":"Textos","link":"https:\/\/errr-magazine.com\/english\/category\/textos\/"},"img":{"alt_text":"","src":"","width":0,"height":0},"classes":[]},{"id":133283,"url":"https:\/\/errr-magazine.com\/english\/fiera\/","url_meta":{"origin":128938,"position":5},"title":"Fiera","author":"Alejandra Canchola","date":"05\/25\/2018","format":false,"excerpt":"La fiereza de mi olvido cuida de no ensuciarse con tu boca, con los besos que diste, y la sonrisa ingenua que esconde maldad. Porque tendr\u00eda que volver a verte para saber qu\u00e9 es lo que debe olvidar. La poca fiereza que guarda mi olvido quiere correr y regresar a\u2026","rel":"","context":"In &quot;Textos&quot;","block_context":{"text":"Textos","link":"https:\/\/errr-magazine.com\/english\/category\/textos\/"},"img":{"alt_text":"","src":"https:\/\/i0.wp.com\/errr-magazine.com\/wp-content\/uploads\/2018\/04\/12static1.squarespace.com_-1.jpg?resize=350%2C200&ssl=1","width":350,"height":200,"srcset":"https:\/\/i0.wp.com\/errr-magazine.com\/wp-content\/uploads\/2018\/04\/12static1.squarespace.com_-1.jpg?resize=350%2C200&ssl=1 1x, https:\/\/i0.wp.com\/errr-magazine.com\/wp-content\/uploads\/2018\/04\/12static1.squarespace.com_-1.jpg?resize=525%2C300&ssl=1 1.5x, https:\/\/i0.wp.com\/errr-magazine.com\/wp-content\/uploads\/2018\/04\/12static1.squarespace.com_-1.jpg?resize=700%2C400&ssl=1 2x"},"classes":[]}],"jetpack_sharing_enabled":true,"mfb_rest_fields":["title","yoast_head","yoast_head_json","jetpack_featured_media_url","jetpack-related-posts","jetpack_sharing_enabled"],"_links":{"self":[{"href":"https:\/\/errr-magazine.com\/english\/wp-json\/wp\/v2\/posts\/128938","targetHints":{"allow":["GET"]}}],"collection":[{"href":"https:\/\/errr-magazine.com\/english\/wp-json\/wp\/v2\/posts"}],"about":[{"href":"https:\/\/errr-magazine.com\/english\/wp-json\/wp\/v2\/types\/post"}],"author":[{"embeddable":true,"href":"https:\/\/errr-magazine.com\/english\/wp-json\/wp\/v2\/users\/1873"}],"replies":[{"embeddable":true,"href":"https:\/\/errr-magazine.com\/english\/wp-json\/wp\/v2\/comments?post=128938"}],"version-history":[{"count":3,"href":"https:\/\/errr-magazine.com\/english\/wp-json\/wp\/v2\/posts\/128938\/revisions"}],"predecessor-version":[{"id":129234,"href":"https:\/\/errr-magazine.com\/english\/wp-json\/wp\/v2\/posts\/128938\/revisions\/129234"}],"wp:attachment":[{"href":"https:\/\/errr-magazine.com\/english\/wp-json\/wp\/v2\/media?parent=128938"}],"wp:term":[{"taxonomy":"category","embeddable":true,"href":"https:\/\/errr-magazine.com\/english\/wp-json\/wp\/v2\/categories?post=128938"},{"taxonomy":"post_tag","embeddable":true,"href":"https:\/\/errr-magazine.com\/english\/wp-json\/wp\/v2\/tags?post=128938"}],"curies":[{"name":"wp","href":"https:\/\/api.w.org\/{rel}","templated":true}]}}