{"id":127492,"date":"2018-03-17T01:37:44","date_gmt":"2018-03-17T07:37:44","guid":{"rendered":"http:\/\/errr-magazine.com\/?p=127492"},"modified":"2022-08-31T02:02:21","modified_gmt":"2022-08-31T07:02:21","slug":"abril-es-el-mes-mas-cruel","status":"publish","type":"post","link":"https:\/\/errr-magazine.com\/english\/abril-es-el-mes-mas-cruel\/","title":{"rendered":"Abril es el mes m\u00e1s cruel"},"content":{"rendered":"<p>Acarici\u00e1bamos un b\u00fafalo, la pas\u00e1bamos bien. Me sub\u00eda a un escenario y me sentaba frente a ella en una mesita con su mantel esmeralda: \u201cTengamos una discusi\u00f3n\u201d.<\/p>\n<p>Ella argumentaba sobre algo, sobre un avestruz. Rebat\u00eda su argumento pero no ced\u00eda. \u201cAlgo no est\u00e1 muy bien\u201d, me dije, y sin que lo descubriera me quitaba un zapato. Su r\u00e9plica, claro, un escote largo aunque angosto. <em>Abril es el mes m\u00e1s cruel<\/em>. Le acercaba el pie, que me lam\u00eda. Se levantaba y el b\u00fafalo ven\u00eda hasta nosotros, manso y grueso, a sacarnos la lengua.<\/p>\n<p>-Mi Amor, necesita agua, me dec\u00eda.<\/p>\n<p>Y yo corr\u00eda hasta el lago de Chacagua y montado en una panga rodeado de patos y garzas, hund\u00eda una cubeta de madera para sacar un poco de agua.<\/p>\n<p>Ella estaba ah\u00ed, mir\u00e1ndome, con una trenza que le ca\u00eda de un lado, algunos rizos en el cuello, sonriente, sonrojada, al otro lado de la panga, con un hilo de sangre escurriendo desde su sexo hinchado. Le pregunt\u00e9 -me acuerdo- si su vello estaba recortado. Su respuesta fue sencilla, contundente: \u201cVes, se trata de eso, he ah\u00ed, el argumento, moda Matta-Clark.\u201d<\/p>","protected":false},"excerpt":{"rendered":"<p>Acarici\u00e1bamos un b\u00fafalo, la pas\u00e1bamos bien. Me sub\u00eda a un escenario y me sentaba frente a ella en una mesita con su mantel esmeralda: \u201cTengamos una discusi\u00f3n\u201d. Ella argumentaba sobre algo, sobre un avestruz. Rebat\u00eda su argumento pero no ced\u00eda. \u201cAlgo no est\u00e1 muy bien\u201d, me dije, y sin que lo descubriera me quitaba un [&hellip;]<\/p>\n","protected":false},"author":2774,"featured_media":180727,"comment_status":"closed","ping_status":"closed","sticky":false,"template":"","format":"standard","meta":{"_acf_changed":false,"cybocfi_hide_featured_image":"","_jetpack_memberships_contains_paid_content":false,"footnotes":""},"categories":[17385],"tags":[],"class_list":["post-127492","post","type-post","status-publish","format-standard","has-post-thumbnail","hentry","category-writing"],"acf":[],"mb":[],"yoast_head":"<!-- This site is optimized with the Yoast SEO plugin v27.2 - https:\/\/yoast.com\/product\/yoast-seo-wordpress\/ -->\n<title>Abril es el mes m\u00e1s cruel - ERRR MAGAZINE<\/title>\n<meta name=\"robots\" content=\"index, follow, max-snippet:-1, max-image-preview:large, max-video-preview:-1\" \/>\n<link rel=\"canonical\" href=\"https:\/\/errr-magazine.com\/english\/abril-es-el-mes-mas-cruel\/\" \/>\n<meta property=\"og:locale\" content=\"en_US\" \/>\n<meta property=\"og:type\" content=\"article\" \/>\n<meta property=\"og:title\" content=\"Abril es el mes m\u00e1s cruel - ERRR MAGAZINE\" \/>\n<meta property=\"og:description\" content=\"Acarici\u00e1bamos un b\u00fafalo, la pas\u00e1bamos bien. Me sub\u00eda a un escenario y me sentaba frente a ella en una mesita con su mantel esmeralda: \u201cTengamos una discusi\u00f3n\u201d. Ella argumentaba sobre algo, sobre un avestruz. Rebat\u00eda su argumento pero no ced\u00eda. \u201cAlgo no est\u00e1 muy bien\u201d, me dije, y sin que lo descubriera me quitaba un [&hellip;]\" \/>\n<meta property=\"og:url\" content=\"https:\/\/errr-magazine.com\/english\/abril-es-el-mes-mas-cruel\/\" \/>\n<meta property=\"og:site_name\" content=\"ERRR MAGAZINE\" \/>\n<meta property=\"article:published_time\" content=\"2018-03-17T07:37:44+00:00\" \/>\n<meta property=\"article:modified_time\" content=\"2022-08-31T07:02:21+00:00\" \/>\n<meta property=\"og:image\" content=\"https:\/\/errr-magazine.com\/wp-content\/uploads\/2018\/03\/27793343624_5f635930ae_k.jpg\" \/>\n\t<meta property=\"og:image:width\" content=\"2048\" \/>\n\t<meta property=\"og:image:height\" content=\"1364\" \/>\n\t<meta property=\"og:image:type\" content=\"image\/jpeg\" \/>\n<meta name=\"author\" content=\"Jos\u00e9 Luis Bobadilla\" \/>\n<meta name=\"twitter:card\" content=\"summary_large_image\" \/>\n<meta name=\"twitter:label1\" content=\"Written by\" \/>\n\t<meta name=\"twitter:data1\" content=\"Jos\u00e9 Luis Bobadilla\" \/>\n\t<meta name=\"twitter:label2\" content=\"Est. reading time\" \/>\n\t<meta name=\"twitter:data2\" content=\"1 minute\" \/>\n<script type=\"application\/ld+json\" class=\"yoast-schema-graph\">{\"@context\":\"https:\/\/schema.org\",\"@graph\":[{\"@type\":\"Article\",\"@id\":\"https:\/\/errr-magazine.com\/abril-es-el-mes-mas-cruel\/#article\",\"isPartOf\":{\"@id\":\"https:\/\/errr-magazine.com\/abril-es-el-mes-mas-cruel\/\"},\"author\":{\"name\":\"Jos\u00e9 Luis Bobadilla\",\"@id\":\"https:\/\/errr-magazine.com\/#\/schema\/person\/6ee1792cc6110b62e6e1141b8942949b\"},\"headline\":\"Abril es el mes m\u00e1s cruel\",\"datePublished\":\"2018-03-17T07:37:44+00:00\",\"dateModified\":\"2022-08-31T07:02:21+00:00\",\"mainEntityOfPage\":{\"@id\":\"https:\/\/errr-magazine.com\/abril-es-el-mes-mas-cruel\/\"},\"wordCount\":212,\"image\":{\"@id\":\"https:\/\/errr-magazine.com\/abril-es-el-mes-mas-cruel\/#primaryimage\"},\"thumbnailUrl\":\"https:\/\/errr-magazine.com\/wp-content\/uploads\/2018\/03\/27793343624_5f635930ae_k.jpg\",\"articleSection\":[\"Writing\"],\"inLanguage\":\"en-US\"},{\"@type\":\"WebPage\",\"@id\":\"https:\/\/errr-magazine.com\/abril-es-el-mes-mas-cruel\/\",\"url\":\"https:\/\/errr-magazine.com\/abril-es-el-mes-mas-cruel\/\",\"name\":\"Abril es el mes m\u00e1s cruel - ERRR MAGAZINE\",\"isPartOf\":{\"@id\":\"https:\/\/errr-magazine.com\/#website\"},\"primaryImageOfPage\":{\"@id\":\"https:\/\/errr-magazine.com\/abril-es-el-mes-mas-cruel\/#primaryimage\"},\"image\":{\"@id\":\"https:\/\/errr-magazine.com\/abril-es-el-mes-mas-cruel\/#primaryimage\"},\"thumbnailUrl\":\"https:\/\/errr-magazine.com\/wp-content\/uploads\/2018\/03\/27793343624_5f635930ae_k.jpg\",\"datePublished\":\"2018-03-17T07:37:44+00:00\",\"dateModified\":\"2022-08-31T07:02:21+00:00\",\"author\":{\"@id\":\"https:\/\/errr-magazine.com\/#\/schema\/person\/6ee1792cc6110b62e6e1141b8942949b\"},\"breadcrumb\":{\"@id\":\"https:\/\/errr-magazine.com\/abril-es-el-mes-mas-cruel\/#breadcrumb\"},\"inLanguage\":\"en-US\",\"potentialAction\":[{\"@type\":\"ReadAction\",\"target\":[\"https:\/\/errr-magazine.com\/abril-es-el-mes-mas-cruel\/\"]}]},{\"@type\":\"ImageObject\",\"inLanguage\":\"en-US\",\"@id\":\"https:\/\/errr-magazine.com\/abril-es-el-mes-mas-cruel\/#primaryimage\",\"url\":\"https:\/\/errr-magazine.com\/wp-content\/uploads\/2018\/03\/27793343624_5f635930ae_k.jpg\",\"contentUrl\":\"https:\/\/errr-magazine.com\/wp-content\/uploads\/2018\/03\/27793343624_5f635930ae_k.jpg\",\"width\":2048,\"height\":1364,\"caption\":\"Fotograf\u00eda por Maximilian Barthel\"},{\"@type\":\"BreadcrumbList\",\"@id\":\"https:\/\/errr-magazine.com\/abril-es-el-mes-mas-cruel\/#breadcrumb\",\"itemListElement\":[{\"@type\":\"ListItem\",\"position\":1,\"name\":\"Portada\",\"item\":\"https:\/\/errr-magazine.com\/\"},{\"@type\":\"ListItem\",\"position\":2,\"name\":\"Abril es el mes m\u00e1s cruel\"}]},{\"@type\":\"WebSite\",\"@id\":\"https:\/\/errr-magazine.com\/#website\",\"url\":\"https:\/\/errr-magazine.com\/\",\"name\":\"ERRR MAGAZINE\",\"description\":\"\",\"potentialAction\":[{\"@type\":\"SearchAction\",\"target\":{\"@type\":\"EntryPoint\",\"urlTemplate\":\"https:\/\/errr-magazine.com\/?s={search_term_string}\"},\"query-input\":{\"@type\":\"PropertyValueSpecification\",\"valueRequired\":true,\"valueName\":\"search_term_string\"}}],\"inLanguage\":\"en-US\"},{\"@type\":\"Person\",\"@id\":\"https:\/\/errr-magazine.com\/#\/schema\/person\/6ee1792cc6110b62e6e1141b8942949b\",\"name\":\"Jos\u00e9 Luis Bobadilla\",\"image\":{\"@type\":\"ImageObject\",\"inLanguage\":\"en-US\",\"@id\":\"https:\/\/secure.gravatar.com\/avatar\/74010ecc3ad5a33d08312b4ab844d85f3d65e2cf7eae8acd3d5ea103ceed25ce?s=96&d=identicon&r=g\",\"url\":\"https:\/\/secure.gravatar.com\/avatar\/74010ecc3ad5a33d08312b4ab844d85f3d65e2cf7eae8acd3d5ea103ceed25ce?s=96&d=identicon&r=g\",\"contentUrl\":\"https:\/\/secure.gravatar.com\/avatar\/74010ecc3ad5a33d08312b4ab844d85f3d65e2cf7eae8acd3d5ea103ceed25ce?s=96&d=identicon&r=g\",\"caption\":\"Jos\u00e9 Luis Bobadilla\"},\"description\":\"Licenciado en Literatura Latinoamericana (UIA) y pasante de Maestr\u00eda en Etnomusicolog\u00eda (UNAM). Form\u00f3 parte del consejo de la revista \\\"El poeta y su trabajo\\\" dirigida por el poeta argentino Hugo Gola. Fund\u00f3 y dirigi\u00f3 la revista \\\"Mula Blanca\\\".\",\"sameAs\":[\"https:\/\/www.instagram.com\/jlbobadillaa\/\"],\"url\":\"https:\/\/errr-magazine.com\/english\/author\/jlbobadilla\/\"}]}<\/script>\n<!-- \/ Yoast SEO plugin. -->","yoast_head_json":{"title":"Abril es el mes m\u00e1s cruel - ERRR MAGAZINE","robots":{"index":"index","follow":"follow","max-snippet":"max-snippet:-1","max-image-preview":"max-image-preview:large","max-video-preview":"max-video-preview:-1"},"canonical":"https:\/\/errr-magazine.com\/english\/abril-es-el-mes-mas-cruel\/","og_locale":"en_US","og_type":"article","og_title":"Abril es el mes m\u00e1s cruel - ERRR MAGAZINE","og_description":"Acarici\u00e1bamos un b\u00fafalo, la pas\u00e1bamos bien. Me sub\u00eda a un escenario y me sentaba frente a ella en una mesita con su mantel esmeralda: \u201cTengamos una discusi\u00f3n\u201d. Ella argumentaba sobre algo, sobre un avestruz. Rebat\u00eda su argumento pero no ced\u00eda. \u201cAlgo no est\u00e1 muy bien\u201d, me dije, y sin que lo descubriera me quitaba un [&hellip;]","og_url":"https:\/\/errr-magazine.com\/english\/abril-es-el-mes-mas-cruel\/","og_site_name":"ERRR MAGAZINE","article_published_time":"2018-03-17T07:37:44+00:00","article_modified_time":"2022-08-31T07:02:21+00:00","og_image":[{"width":2048,"height":1364,"url":"https:\/\/errr-magazine.com\/wp-content\/uploads\/2018\/03\/27793343624_5f635930ae_k.jpg","type":"image\/jpeg"}],"author":"Jos\u00e9 Luis Bobadilla","twitter_card":"summary_large_image","twitter_misc":{"Written by":"Jos\u00e9 Luis Bobadilla","Est. reading time":"1 minute"},"schema":{"@context":"https:\/\/schema.org","@graph":[{"@type":"Article","@id":"https:\/\/errr-magazine.com\/abril-es-el-mes-mas-cruel\/#article","isPartOf":{"@id":"https:\/\/errr-magazine.com\/abril-es-el-mes-mas-cruel\/"},"author":{"name":"Jos\u00e9 Luis Bobadilla","@id":"https:\/\/errr-magazine.com\/#\/schema\/person\/6ee1792cc6110b62e6e1141b8942949b"},"headline":"Abril es el mes m\u00e1s cruel","datePublished":"2018-03-17T07:37:44+00:00","dateModified":"2022-08-31T07:02:21+00:00","mainEntityOfPage":{"@id":"https:\/\/errr-magazine.com\/abril-es-el-mes-mas-cruel\/"},"wordCount":212,"image":{"@id":"https:\/\/errr-magazine.com\/abril-es-el-mes-mas-cruel\/#primaryimage"},"thumbnailUrl":"https:\/\/errr-magazine.com\/wp-content\/uploads\/2018\/03\/27793343624_5f635930ae_k.jpg","articleSection":["Writing"],"inLanguage":"en-US"},{"@type":"WebPage","@id":"https:\/\/errr-magazine.com\/abril-es-el-mes-mas-cruel\/","url":"https:\/\/errr-magazine.com\/abril-es-el-mes-mas-cruel\/","name":"Abril es el mes m\u00e1s cruel - ERRR MAGAZINE","isPartOf":{"@id":"https:\/\/errr-magazine.com\/#website"},"primaryImageOfPage":{"@id":"https:\/\/errr-magazine.com\/abril-es-el-mes-mas-cruel\/#primaryimage"},"image":{"@id":"https:\/\/errr-magazine.com\/abril-es-el-mes-mas-cruel\/#primaryimage"},"thumbnailUrl":"https:\/\/errr-magazine.com\/wp-content\/uploads\/2018\/03\/27793343624_5f635930ae_k.jpg","datePublished":"2018-03-17T07:37:44+00:00","dateModified":"2022-08-31T07:02:21+00:00","author":{"@id":"https:\/\/errr-magazine.com\/#\/schema\/person\/6ee1792cc6110b62e6e1141b8942949b"},"breadcrumb":{"@id":"https:\/\/errr-magazine.com\/abril-es-el-mes-mas-cruel\/#breadcrumb"},"inLanguage":"en-US","potentialAction":[{"@type":"ReadAction","target":["https:\/\/errr-magazine.com\/abril-es-el-mes-mas-cruel\/"]}]},{"@type":"ImageObject","inLanguage":"en-US","@id":"https:\/\/errr-magazine.com\/abril-es-el-mes-mas-cruel\/#primaryimage","url":"https:\/\/errr-magazine.com\/wp-content\/uploads\/2018\/03\/27793343624_5f635930ae_k.jpg","contentUrl":"https:\/\/errr-magazine.com\/wp-content\/uploads\/2018\/03\/27793343624_5f635930ae_k.jpg","width":2048,"height":1364,"caption":"Fotograf\u00eda por Maximilian Barthel"},{"@type":"BreadcrumbList","@id":"https:\/\/errr-magazine.com\/abril-es-el-mes-mas-cruel\/#breadcrumb","itemListElement":[{"@type":"ListItem","position":1,"name":"Portada","item":"https:\/\/errr-magazine.com\/"},{"@type":"ListItem","position":2,"name":"Abril es el mes m\u00e1s cruel"}]},{"@type":"WebSite","@id":"https:\/\/errr-magazine.com\/#website","url":"https:\/\/errr-magazine.com\/","name":"ERRR MAGAZINE","description":"","potentialAction":[{"@type":"SearchAction","target":{"@type":"EntryPoint","urlTemplate":"https:\/\/errr-magazine.com\/?s={search_term_string}"},"query-input":{"@type":"PropertyValueSpecification","valueRequired":true,"valueName":"search_term_string"}}],"inLanguage":"en-US"},{"@type":"Person","@id":"https:\/\/errr-magazine.com\/#\/schema\/person\/6ee1792cc6110b62e6e1141b8942949b","name":"Jos\u00e9 Luis Bobadilla","image":{"@type":"ImageObject","inLanguage":"en-US","@id":"https:\/\/secure.gravatar.com\/avatar\/74010ecc3ad5a33d08312b4ab844d85f3d65e2cf7eae8acd3d5ea103ceed25ce?s=96&d=identicon&r=g","url":"https:\/\/secure.gravatar.com\/avatar\/74010ecc3ad5a33d08312b4ab844d85f3d65e2cf7eae8acd3d5ea103ceed25ce?s=96&d=identicon&r=g","contentUrl":"https:\/\/secure.gravatar.com\/avatar\/74010ecc3ad5a33d08312b4ab844d85f3d65e2cf7eae8acd3d5ea103ceed25ce?s=96&d=identicon&r=g","caption":"Jos\u00e9 Luis Bobadilla"},"description":"He has a degree in Latin American Literature (UIA) and a Master's degree in Ethnomusicology (UNAM). He was part of the board of the magazine \"El poeta y su trabajo\" directed by the Argentine poet Hugo Gola. He founded and directed the magazine \"Mula Blanca\".","sameAs":["https:\/\/www.instagram.com\/jlbobadillaa\/"],"url":"https:\/\/errr-magazine.com\/english\/author\/jlbobadilla\/"}]}},"jetpack_featured_media_url":"https:\/\/errr-magazine.com\/wp-content\/uploads\/2018\/03\/27793343624_5f635930ae_k.jpg","jetpack-related-posts":[{"id":157501,"url":"https:\/\/errr-magazine.com\/english\/navel-gazing\/","url_meta":{"origin":127492,"position":0},"title":"Navel gazing","author":"Dani Southcombe","date":"04\/11\/2020","format":false,"excerpt":"1. \u00bfCu\u00e1l es tu palabra favorita? 'no' and 'icecream' and 'pancakes' 2. \u00bfQu\u00e9 so\u00f1aste anoche? The most recent dream I have a clear memory of is of my friend visiting my backyard and meeting with me and my dogs before doing a tarot reading for me. 3. \u00bfCu\u00e1l es la\u2026","rel":"","context":"In &quot;Textos&quot;","block_context":{"text":"Textos","link":"https:\/\/errr-magazine.com\/english\/category\/textos\/"},"img":{"alt_text":"","src":"","width":0,"height":0},"classes":[]},{"id":166092,"url":"https:\/\/errr-magazine.com\/english\/nada-nunca-se-va-a-sentir-como-un-error\/","url_meta":{"origin":127492,"position":1},"title":"Nothing will ever feel like a mistake","author":"Melissa Fuentes","date":"06\/07\/2022","format":false,"excerpt":"Mientras seas honesto y coherente con lo que piensas y haces, nada nunca se va a sentir como un error...","rel":"","context":"In &quot;Interview&quot;","block_context":{"text":"Interview","link":"https:\/\/errr-magazine.com\/english\/category\/interviews\/"},"img":{"alt_text":"","src":"https:\/\/i0.wp.com\/errr-magazine.com\/wp-content\/uploads\/2021\/01\/5.jpg?resize=350%2C200&ssl=1","width":350,"height":200,"srcset":"https:\/\/i0.wp.com\/errr-magazine.com\/wp-content\/uploads\/2021\/01\/5.jpg?resize=350%2C200&ssl=1 1x, https:\/\/i0.wp.com\/errr-magazine.com\/wp-content\/uploads\/2021\/01\/5.jpg?resize=525%2C300&ssl=1 1.5x, https:\/\/i0.wp.com\/errr-magazine.com\/wp-content\/uploads\/2021\/01\/5.jpg?resize=700%2C400&ssl=1 2x, https:\/\/i0.wp.com\/errr-magazine.com\/wp-content\/uploads\/2021\/01\/5.jpg?resize=1050%2C600&ssl=1 3x"},"classes":[]},{"id":131709,"url":"https:\/\/errr-magazine.com\/english\/escrito-en-el-silencio-de-una-biblioteca\/","url_meta":{"origin":127492,"position":2},"title":"Escrito en el silencio de una biblioteca","author":"Mart\u00edn Avechuco","date":"04\/20\/2018","format":false,"excerpt":"Take it slow remind yourself of the wind hear its voice thoughts go back to source Stay low where is the music of the gods? if not in us unspoken wisdom of a spirit that is not rely on small divine luck Below Be true in darkness Be true to\u2026","rel":"","context":"In &quot;Textos&quot;","block_context":{"text":"Textos","link":"https:\/\/errr-magazine.com\/english\/category\/textos\/"},"img":{"alt_text":"","src":"https:\/\/i0.wp.com\/errr-magazine.com\/wp-content\/uploads\/2018\/03\/26785185125_97e318bcf5_o.jpg?resize=350%2C200&ssl=1","width":350,"height":200,"srcset":"https:\/\/i0.wp.com\/errr-magazine.com\/wp-content\/uploads\/2018\/03\/26785185125_97e318bcf5_o.jpg?resize=350%2C200&ssl=1 1x, https:\/\/i0.wp.com\/errr-magazine.com\/wp-content\/uploads\/2018\/03\/26785185125_97e318bcf5_o.jpg?resize=525%2C300&ssl=1 1.5x, https:\/\/i0.wp.com\/errr-magazine.com\/wp-content\/uploads\/2018\/03\/26785185125_97e318bcf5_o.jpg?resize=700%2C400&ssl=1 2x, https:\/\/i0.wp.com\/errr-magazine.com\/wp-content\/uploads\/2018\/03\/26785185125_97e318bcf5_o.jpg?resize=1050%2C600&ssl=1 3x, https:\/\/i0.wp.com\/errr-magazine.com\/wp-content\/uploads\/2018\/03\/26785185125_97e318bcf5_o.jpg?resize=1400%2C800&ssl=1 4x"},"classes":[]},{"id":203132,"url":"https:\/\/errr-magazine.com\/english\/la-provost-baila-para-demostrar-algo-que-ni-siquiera-ella-sabe\/","url_meta":{"origin":127492,"position":3},"title":"The Provost Dances to Prove Something Even She Doesn\u2019t Know","author":"Carlos Jos\u00e9 P\u00e9rez S\u00e1mano","date":"03\/26\/2026","format":false,"excerpt":"May those who lack the courage to remain silent transcend in their own way. May we find the way to share what is necessary. May my best poems be lost among lost pages.","rel":"","context":"In &quot;Poes\u00eda&quot;","block_context":{"text":"Poes\u00eda","link":"https:\/\/errr-magazine.com\/english\/category\/writing\/poesia\/"},"img":{"alt_text":"","src":"https:\/\/i0.wp.com\/errr-magazine.com\/wp-content\/uploads\/2026\/03\/Foto-3.jpg?resize=350%2C200&ssl=1","width":350,"height":200,"srcset":"https:\/\/i0.wp.com\/errr-magazine.com\/wp-content\/uploads\/2026\/03\/Foto-3.jpg?resize=350%2C200&ssl=1 1x, https:\/\/i0.wp.com\/errr-magazine.com\/wp-content\/uploads\/2026\/03\/Foto-3.jpg?resize=525%2C300&ssl=1 1.5x, https:\/\/i0.wp.com\/errr-magazine.com\/wp-content\/uploads\/2026\/03\/Foto-3.jpg?resize=700%2C400&ssl=1 2x, https:\/\/i0.wp.com\/errr-magazine.com\/wp-content\/uploads\/2026\/03\/Foto-3.jpg?resize=1050%2C600&ssl=1 3x, https:\/\/i0.wp.com\/errr-magazine.com\/wp-content\/uploads\/2026\/03\/Foto-3.jpg?resize=1400%2C800&ssl=1 4x"},"classes":[]},{"id":203150,"url":"https:\/\/errr-magazine.com\/english\/un-lugar-en-el-mundo\/","url_meta":{"origin":127492,"position":4},"title":"A Place in the World","author":"Rodol Pizano","date":"03\/27\/2026","format":false,"excerpt":"It has been a very interesting process because along the way I discovered that there are many ways to create narratives\u2014not only those we might call conventional\u2014which also encourages continuous experimentation.","rel":"","context":"In &quot;Artes visuales&quot;","block_context":{"text":"Artes visuales","link":"https:\/\/errr-magazine.com\/english\/category\/interviews\/artes-visuales\/"},"img":{"alt_text":"","src":"https:\/\/i0.wp.com\/errr-magazine.com\/wp-content\/uploads\/2026\/03\/globos_4-scaled.jpg?resize=350%2C200&ssl=1","width":350,"height":200,"srcset":"https:\/\/i0.wp.com\/errr-magazine.com\/wp-content\/uploads\/2026\/03\/globos_4-scaled.jpg?resize=350%2C200&ssl=1 1x, https:\/\/i0.wp.com\/errr-magazine.com\/wp-content\/uploads\/2026\/03\/globos_4-scaled.jpg?resize=525%2C300&ssl=1 1.5x, https:\/\/i0.wp.com\/errr-magazine.com\/wp-content\/uploads\/2026\/03\/globos_4-scaled.jpg?resize=700%2C400&ssl=1 2x, https:\/\/i0.wp.com\/errr-magazine.com\/wp-content\/uploads\/2026\/03\/globos_4-scaled.jpg?resize=1050%2C600&ssl=1 3x, https:\/\/i0.wp.com\/errr-magazine.com\/wp-content\/uploads\/2026\/03\/globos_4-scaled.jpg?resize=1400%2C800&ssl=1 4x"},"classes":[]},{"id":203135,"url":"https:\/\/errr-magazine.com\/english\/la-vida-es-un-teatro\/","url_meta":{"origin":127492,"position":5},"title":"Life Is a Theater","author":"Jes\u00fas Eduardo Bernal Loeza","date":"03\/26\/2026","format":false,"excerpt":"On the other hand, the phrase that reality surpasses fiction reveals a fundamental aspect of human nature: our unsurpassable inclination to interpret and to construct fictions around chaos and randomness.","rel":"","context":"In &quot;Ensayo&quot;","block_context":{"text":"Ensayo","link":"https:\/\/errr-magazine.com\/english\/category\/writing\/ensayo\/"},"img":{"alt_text":"","src":"https:\/\/i0.wp.com\/errr-magazine.com\/wp-content\/uploads\/2026\/03\/image1-1.jpeg?resize=350%2C200&ssl=1","width":350,"height":200,"srcset":"https:\/\/i0.wp.com\/errr-magazine.com\/wp-content\/uploads\/2026\/03\/image1-1.jpeg?resize=350%2C200&ssl=1 1x, https:\/\/i0.wp.com\/errr-magazine.com\/wp-content\/uploads\/2026\/03\/image1-1.jpeg?resize=525%2C300&ssl=1 1.5x, https:\/\/i0.wp.com\/errr-magazine.com\/wp-content\/uploads\/2026\/03\/image1-1.jpeg?resize=700%2C400&ssl=1 2x, https:\/\/i0.wp.com\/errr-magazine.com\/wp-content\/uploads\/2026\/03\/image1-1.jpeg?resize=1050%2C600&ssl=1 3x, https:\/\/i0.wp.com\/errr-magazine.com\/wp-content\/uploads\/2026\/03\/image1-1.jpeg?resize=1400%2C800&ssl=1 4x"},"classes":[]}],"jetpack_sharing_enabled":true,"mfb_rest_fields":["title","yoast_head","yoast_head_json","jetpack_featured_media_url","jetpack-related-posts","jetpack_sharing_enabled"],"_links":{"self":[{"href":"https:\/\/errr-magazine.com\/english\/wp-json\/wp\/v2\/posts\/127492","targetHints":{"allow":["GET"]}}],"collection":[{"href":"https:\/\/errr-magazine.com\/english\/wp-json\/wp\/v2\/posts"}],"about":[{"href":"https:\/\/errr-magazine.com\/english\/wp-json\/wp\/v2\/types\/post"}],"author":[{"embeddable":true,"href":"https:\/\/errr-magazine.com\/english\/wp-json\/wp\/v2\/users\/2774"}],"replies":[{"embeddable":true,"href":"https:\/\/errr-magazine.com\/english\/wp-json\/wp\/v2\/comments?post=127492"}],"version-history":[{"count":5,"href":"https:\/\/errr-magazine.com\/english\/wp-json\/wp\/v2\/posts\/127492\/revisions"}],"predecessor-version":[{"id":180728,"href":"https:\/\/errr-magazine.com\/english\/wp-json\/wp\/v2\/posts\/127492\/revisions\/180728"}],"wp:featuredmedia":[{"embeddable":true,"href":"https:\/\/errr-magazine.com\/english\/wp-json\/wp\/v2\/media\/180727"}],"wp:attachment":[{"href":"https:\/\/errr-magazine.com\/english\/wp-json\/wp\/v2\/media?parent=127492"}],"wp:term":[{"taxonomy":"category","embeddable":true,"href":"https:\/\/errr-magazine.com\/english\/wp-json\/wp\/v2\/categories?post=127492"},{"taxonomy":"post_tag","embeddable":true,"href":"https:\/\/errr-magazine.com\/english\/wp-json\/wp\/v2\/tags?post=127492"}],"curies":[{"name":"wp","href":"https:\/\/api.w.org\/{rel}","templated":true}]}}